{"id":38910,"date":"2023-11-04T13:23:52","date_gmt":"2023-11-04T16:23:52","guid":{"rendered":"https:\/\/verdadeon.com.br\/portal\/?p=38910"},"modified":"2023-11-04T13:23:52","modified_gmt":"2023-11-04T16:23:52","slug":"maioria-dos-homens-reconhece-que-precisa-tratar-melhor-da-saude","status":"publish","type":"post","link":"https:\/\/verdadeon.com.br\/portal\/2023\/11\/04\/maioria-dos-homens-reconhece-que-precisa-tratar-melhor-da-saude\/","title":{"rendered":"Maioria dos homens reconhece que precisa tratar melhor da sa\u00fade"},"content":{"rendered":"<div class=\"row\">\n<h2 class=\"col-10 offset-1 animated fadeInDown dealy-900 display-8 display-md-8 alt-font font-italic my-1 text-center\">Dado \u00e9 da pesquisa A Sa\u00fade do Brasileiro<\/h2>\n<p>De cada dez homens, oito (83%) reconhecem que precisam cuidar mais da pr\u00f3pria sa\u00fade, mas parcelas significativas ainda identificam, no dia a dia, empecilhos. De acordo com a pesquisa A Sa\u00fade do Brasileiro, do Instituto Lado a Lado pela Vida, em parceria com o QualiBest, 51% deles apontam a rotina estressante como o principal obst\u00e1culo e 32%, o acesso \u00e0 sa\u00fade. Ao todo, 63% disseram que se preocupam muito com a pr\u00f3pria sa\u00fade.<img data-recalc-dims=\"1\" decoding=\"async\" src=\"https:\/\/i0.wp.com\/agenciabrasil.ebc.com.br\/ebc.png?w=1220&#038;ssl=1\" \/><img data-recalc-dims=\"1\" decoding=\"async\" src=\"https:\/\/i0.wp.com\/agenciabrasil.ebc.com.br\/ebc.gif?w=1220&#038;ssl=1\" \/><\/p>\n<p>Para conhecer a percep\u00e7\u00e3o do grupo, a entidade entrevistou 815 pessoas, dos quais mais da metade (52%) \u00e9 usu\u00e1ria do Sistema \u00danico de Sa\u00fade (SUS), pouco mais de um quarto (27%) utiliza o sistema suplementar (planos e seguros de sa\u00fade) e cerca de um quinto (21%) usa ambos os sistemas de sa\u00fade.<\/p>\n<p>A equipe de sondagem apurou, ainda, que a propor\u00e7\u00e3o de homens que dizem ir ao m\u00e9dico ao menos uma vez ao ano \u00e9 significativa, de 88%. Um ponto que se destaca \u00e9 o fato de que 84% dos entrevistados disseram que quem agenda as pr\u00f3prias consultas m\u00e9dicas s\u00e3o eles mesmos, restando 10% que ainda dependem das companheiras para realizar essa tarefa em seu lugar.<\/p>\n<p>Embora haja os que permanecem delegando a responsabilidade, a presidente do Instituto Lado a Lado pela Vida, Marlene Oliveira, avalia que o que se viu, ao longo dos anos, foi progresso em rela\u00e7\u00e3o a isso. &#8220;\u00c9 que a gente fala do Brasil, que tem dimens\u00e3o continental. Tem regi\u00f5es em que o homem ainda tem preconceito muito forte e ele n\u00e3o se cuida. Mas a campanha Novembro Azul tem cumprido seu papel, que \u00e9 de orienta\u00e7\u00e3o&#8221;, explicou.<\/p>\n<p>Muitas vezes, como ressalta Marlene, os homens acabam agravando quadros de sa\u00fade que poderiam ter sido diagnosticados precocemente, o que, inclusive, onera as redes de sa\u00fade, j\u00e1 que os tratamentos acabam custando mais em fases mais avan\u00e7adas.<\/p>\n<p>&#8220;N\u00f3s temos um dado do ano passado, de uma pesquisa que fizemos, que \u00e9 o de que 62% dos homens s\u00f3 procuram o sistema de sa\u00fade se est\u00e3o sentindo algo insuport\u00e1vel&#8221;, revelou.<\/p>\n<p>Dos homens que participaram da pesquisa e demonstraram preocupa\u00e7\u00e3o com o corpo, 42% deles assumiram estar acima do peso indicado. Desse total, 31% t\u00eam sobrepeso de 6 quilos a 10 quilos, enquanto um quarto dos entrevistados (25%) pesa, atualmente, 15 quilos a mais do que o ideal.<\/p>\n<p>A pesquisa identificou ainda alguns tipos de tratamento que os homens t\u00eam feito. No total, 16% dos respondentes informaram tratamento de doen\u00e7as do cora\u00e7\u00e3o realizado nos \u00faltimos 5 anos; 15% trataram a obesidade e 14% as doen\u00e7as respirat\u00f3rias. Uma porcentagem bastante inferior, de apenas 3%, tratou algum tipo de c\u00e2ncer.<\/p>\n<p>Marlene Oliveira defende que, por conta dos problemas relacionados ao modelo de virilidade que a sociedade alimenta, que refor\u00e7a a ideia de que homens n\u00e3o podem ter fragilidades, as fam\u00edlias fomentem discuss\u00f5es sobre a sa\u00fade do homem desde cedo com os meninos, da mesma forma como fazem a educa\u00e7\u00e3o das meninas nesse \u00e2mbito, al\u00e9m de campanhas promovidas pelo poder p\u00fablico.<\/p>\n<p>&#8220;As meninas, a partir de 12, 13 anos, a gente j\u00e1 educa que vai ter que acompanhar sua sa\u00fade ginecol\u00f3gica e outras coisas. E a gente, mulher, se toca e acende um alerta quando percebe alguma coisa diferente. O homem, n\u00e3o, vai convivendo com aquilo, porque acha que \u00e9 normal&#8221;.<\/p>\n<p>Fonte: Ag\u00eancia Brasil<\/p>\n<\/div>\n","protected":false},"excerpt":{"rendered":"<p>Dado \u00e9 da pesquisa A Sa\u00fade do Brasileiro De cada dez homens, oito (83%) reconhecem que precisam cuidar mais da pr\u00f3pria sa\u00fade, mas parcelas significativas ainda<span class=\"excerpt-hellip\"> [\u2026]<\/span><\/p>\n","protected":false},"author":10,"featured_media":38911,"comment_status":"open","ping_status":"open","sticky":false,"template":"","format":"standard","meta":{"_jetpack_memberships_contains_paid_content":false,"footnotes":"","jetpack_publicize_message":"","jetpack_publicize_feature_enabled":true,"jetpack_social_post_already_shared":false,"jetpack_social_options":{"image_generator_settings":{"template":"highway","default_image_id":0,"enabled":false},"version":2}},"categories":[28,44],"tags":[],"class_list":["post-38910","post","type-post","status-publish","format-standard","has-post-thumbnail","hentry","category-cotidiano","category-noticias"],"yoast_head":"<!-- This site is optimized with the Yoast SEO plugin v25.6 - https:\/\/yoast.com\/wordpress\/plugins\/seo\/ -->\n<title>Maioria dos homens reconhece que precisa tratar melhor da sa\u00fade - VerdadeOn<\/title>\n<meta name=\"robots\" content=\"index, follow, max-snippet:-1, max-image-preview:large, max-video-preview:-1\" \/>\n<link rel=\"canonical\" href=\"https:\/\/verdadeon.com.br\/portal\/2023\/11\/04\/maioria-dos-homens-reconhece-que-precisa-tratar-melhor-da-saude\/\" \/>\n<meta property=\"og:locale\" content=\"pt_BR\" \/>\n<meta property=\"og:type\" content=\"article\" \/>\n<meta property=\"og:title\" content=\"Maioria dos homens reconhece que precisa tratar melhor da sa\u00fade - VerdadeOn\" \/>\n<meta property=\"og:description\" content=\"Dado \u00e9 da pesquisa A Sa\u00fade do Brasileiro De cada dez homens, oito (83%) reconhecem que precisam cuidar mais da pr\u00f3pria sa\u00fade, mas parcelas significativas ainda [\u2026]\" \/>\n<meta property=\"og:url\" content=\"https:\/\/verdadeon.com.br\/portal\/2023\/11\/04\/maioria-dos-homens-reconhece-que-precisa-tratar-melhor-da-saude\/\" \/>\n<meta property=\"og:site_name\" content=\"VerdadeOn\" \/>\n<meta property=\"article:published_time\" content=\"2023-11-04T16:23:52+00:00\" \/>\n<meta property=\"og:image\" content=\"https:\/\/verdadeon.com.br\/portal\/wp-content\/uploads\/2023\/11\/1048076-df_vac_2622.jpg\" \/>\n\t<meta property=\"og:image:width\" content=\"1044\" \/>\n\t<meta property=\"og:image:height\" content=\"700\" \/>\n\t<meta property=\"og:image:type\" content=\"image\/jpeg\" \/>\n<meta name=\"author\" content=\"Redacao VerdadeOn\" \/>\n<meta name=\"twitter:card\" content=\"summary_large_image\" \/>\n<meta name=\"twitter:label1\" content=\"Escrito por\" \/>\n\t<meta name=\"twitter:data1\" content=\"Redacao VerdadeOn\" \/>\n\t<meta name=\"twitter:label2\" content=\"Est. tempo de leitura\" \/>\n\t<meta name=\"twitter:data2\" content=\"4 minutos\" \/>\n<script type=\"application\/ld+json\" class=\"yoast-schema-graph\">{\"@context\":\"https:\/\/schema.org\",\"@graph\":[{\"@type\":\"WebPage\",\"@id\":\"https:\/\/verdadeon.com.br\/portal\/2023\/11\/04\/maioria-dos-homens-reconhece-que-precisa-tratar-melhor-da-saude\/\",\"url\":\"https:\/\/verdadeon.com.br\/portal\/2023\/11\/04\/maioria-dos-homens-reconhece-que-precisa-tratar-melhor-da-saude\/\",\"name\":\"Maioria dos homens reconhece que precisa tratar melhor da sa\u00fade - VerdadeOn\",\"isPartOf\":{\"@id\":\"https:\/\/verdadeon.com.br\/portal\/#website\"},\"primaryImageOfPage\":{\"@id\":\"https:\/\/verdadeon.com.br\/portal\/2023\/11\/04\/maioria-dos-homens-reconhece-que-precisa-tratar-melhor-da-saude\/#primaryimage\"},\"image\":{\"@id\":\"https:\/\/verdadeon.com.br\/portal\/2023\/11\/04\/maioria-dos-homens-reconhece-que-precisa-tratar-melhor-da-saude\/#primaryimage\"},\"thumbnailUrl\":\"https:\/\/i0.wp.com\/verdadeon.com.br\/portal\/wp-content\/uploads\/2023\/11\/1048076-df_vac_2622.jpg?fit=1044%2C700&ssl=1\",\"datePublished\":\"2023-11-04T16:23:52+00:00\",\"author\":{\"@id\":\"https:\/\/verdadeon.com.br\/portal\/#\/schema\/person\/a5060ad1e9ea3df545188fc93ce43d2f\"},\"breadcrumb\":{\"@id\":\"https:\/\/verdadeon.com.br\/portal\/2023\/11\/04\/maioria-dos-homens-reconhece-que-precisa-tratar-melhor-da-saude\/#breadcrumb\"},\"inLanguage\":\"pt-BR\",\"potentialAction\":[{\"@type\":\"ReadAction\",\"target\":[\"https:\/\/verdadeon.com.br\/portal\/2023\/11\/04\/maioria-dos-homens-reconhece-que-precisa-tratar-melhor-da-saude\/\"]}]},{\"@type\":\"ImageObject\",\"inLanguage\":\"pt-BR\",\"@id\":\"https:\/\/verdadeon.com.br\/portal\/2023\/11\/04\/maioria-dos-homens-reconhece-que-precisa-tratar-melhor-da-saude\/#primaryimage\",\"url\":\"https:\/\/i0.wp.com\/verdadeon.com.br\/portal\/wp-content\/uploads\/2023\/11\/1048076-df_vac_2622.jpg?fit=1044%2C700&ssl=1\",\"contentUrl\":\"https:\/\/i0.wp.com\/verdadeon.com.br\/portal\/wp-content\/uploads\/2023\/11\/1048076-df_vac_2622.jpg?fit=1044%2C700&ssl=1\",\"width\":1044,\"height\":700,\"caption\":\"De cada dez homens, oito (83%) reconhecem que precisam cuidar mais da pr\u00f3pria sa\u00fade, afirma pesquisa A Sa\u00fade do Brasileiro (\u00a9Valter Campanato\/Ag\u00eancia Brasil)\"},{\"@type\":\"BreadcrumbList\",\"@id\":\"https:\/\/verdadeon.com.br\/portal\/2023\/11\/04\/maioria-dos-homens-reconhece-que-precisa-tratar-melhor-da-saude\/#breadcrumb\",\"itemListElement\":[{\"@type\":\"ListItem\",\"position\":1,\"name\":\"In\u00edcio\",\"item\":\"https:\/\/verdadeon.com.br\/portal\/\"},{\"@type\":\"ListItem\",\"position\":2,\"name\":\"Maioria dos homens reconhece que precisa tratar melhor da sa\u00fade\"}]},{\"@type\":\"WebSite\",\"@id\":\"https:\/\/verdadeon.com.br\/portal\/#website\",\"url\":\"https:\/\/verdadeon.com.br\/portal\/\",\"name\":\"VerdadeOn\",\"description\":\"Not\u00edcias di\u00e1rias sobre Franca, Regi\u00e3o, Esporte, Cultura, Cotidiano, Colunas. Cobertura nos principais eventos da cidade \u00e9 aqui - Verdadeon Franca\",\"potentialAction\":[{\"@type\":\"SearchAction\",\"target\":{\"@type\":\"EntryPoint\",\"urlTemplate\":\"https:\/\/verdadeon.com.br\/portal\/?s={search_term_string}\"},\"query-input\":{\"@type\":\"PropertyValueSpecification\",\"valueRequired\":true,\"valueName\":\"search_term_string\"}}],\"inLanguage\":\"pt-BR\"},{\"@type\":\"Person\",\"@id\":\"https:\/\/verdadeon.com.br\/portal\/#\/schema\/person\/a5060ad1e9ea3df545188fc93ce43d2f\",\"name\":\"Redacao VerdadeOn\",\"image\":{\"@type\":\"ImageObject\",\"inLanguage\":\"pt-BR\",\"@id\":\"https:\/\/verdadeon.com.br\/portal\/#\/schema\/person\/image\/\",\"url\":\"https:\/\/secure.gravatar.com\/avatar\/459a9613caaaf07f582c3d0841eea68bdd66f533e465e6ba8b9cb45619572cf4?s=96&d=mm&r=g\",\"contentUrl\":\"https:\/\/secure.gravatar.com\/avatar\/459a9613caaaf07f582c3d0841eea68bdd66f533e465e6ba8b9cb45619572cf4?s=96&d=mm&r=g\",\"caption\":\"Redacao VerdadeOn\"},\"url\":\"https:\/\/verdadeon.com.br\/portal\/author\/redacao\/\"}]}<\/script>\n<!-- \/ Yoast SEO plugin. -->","yoast_head_json":{"title":"Maioria dos homens reconhece que precisa tratar melhor da sa\u00fade - VerdadeOn","robots":{"index":"index","follow":"follow","max-snippet":"max-snippet:-1","max-image-preview":"max-image-preview:large","max-video-preview":"max-video-preview:-1"},"canonical":"https:\/\/verdadeon.com.br\/portal\/2023\/11\/04\/maioria-dos-homens-reconhece-que-precisa-tratar-melhor-da-saude\/","og_locale":"pt_BR","og_type":"article","og_title":"Maioria dos homens reconhece que precisa tratar melhor da sa\u00fade - VerdadeOn","og_description":"Dado \u00e9 da pesquisa A Sa\u00fade do Brasileiro De cada dez homens, oito (83%) reconhecem que precisam cuidar mais da pr\u00f3pria sa\u00fade, mas parcelas significativas ainda [\u2026]","og_url":"https:\/\/verdadeon.com.br\/portal\/2023\/11\/04\/maioria-dos-homens-reconhece-que-precisa-tratar-melhor-da-saude\/","og_site_name":"VerdadeOn","article_published_time":"2023-11-04T16:23:52+00:00","og_image":[{"width":1044,"height":700,"url":"https:\/\/verdadeon.com.br\/portal\/wp-content\/uploads\/2023\/11\/1048076-df_vac_2622.jpg","type":"image\/jpeg"}],"author":"Redacao VerdadeOn","twitter_card":"summary_large_image","twitter_misc":{"Escrito por":"Redacao VerdadeOn","Est. tempo de leitura":"4 minutos"},"schema":{"@context":"https:\/\/schema.org","@graph":[{"@type":"WebPage","@id":"https:\/\/verdadeon.com.br\/portal\/2023\/11\/04\/maioria-dos-homens-reconhece-que-precisa-tratar-melhor-da-saude\/","url":"https:\/\/verdadeon.com.br\/portal\/2023\/11\/04\/maioria-dos-homens-reconhece-que-precisa-tratar-melhor-da-saude\/","name":"Maioria dos homens reconhece que precisa tratar melhor da sa\u00fade - VerdadeOn","isPartOf":{"@id":"https:\/\/verdadeon.com.br\/portal\/#website"},"primaryImageOfPage":{"@id":"https:\/\/verdadeon.com.br\/portal\/2023\/11\/04\/maioria-dos-homens-reconhece-que-precisa-tratar-melhor-da-saude\/#primaryimage"},"image":{"@id":"https:\/\/verdadeon.com.br\/portal\/2023\/11\/04\/maioria-dos-homens-reconhece-que-precisa-tratar-melhor-da-saude\/#primaryimage"},"thumbnailUrl":"https:\/\/i0.wp.com\/verdadeon.com.br\/portal\/wp-content\/uploads\/2023\/11\/1048076-df_vac_2622.jpg?fit=1044%2C700&ssl=1","datePublished":"2023-11-04T16:23:52+00:00","author":{"@id":"https:\/\/verdadeon.com.br\/portal\/#\/schema\/person\/a5060ad1e9ea3df545188fc93ce43d2f"},"breadcrumb":{"@id":"https:\/\/verdadeon.com.br\/portal\/2023\/11\/04\/maioria-dos-homens-reconhece-que-precisa-tratar-melhor-da-saude\/#breadcrumb"},"inLanguage":"pt-BR","potentialAction":[{"@type":"ReadAction","target":["https:\/\/verdadeon.com.br\/portal\/2023\/11\/04\/maioria-dos-homens-reconhece-que-precisa-tratar-melhor-da-saude\/"]}]},{"@type":"ImageObject","inLanguage":"pt-BR","@id":"https:\/\/verdadeon.com.br\/portal\/2023\/11\/04\/maioria-dos-homens-reconhece-que-precisa-tratar-melhor-da-saude\/#primaryimage","url":"https:\/\/i0.wp.com\/verdadeon.com.br\/portal\/wp-content\/uploads\/2023\/11\/1048076-df_vac_2622.jpg?fit=1044%2C700&ssl=1","contentUrl":"https:\/\/i0.wp.com\/verdadeon.com.br\/portal\/wp-content\/uploads\/2023\/11\/1048076-df_vac_2622.jpg?fit=1044%2C700&ssl=1","width":1044,"height":700,"caption":"De cada dez homens, oito (83%) reconhecem que precisam cuidar mais da pr\u00f3pria sa\u00fade, afirma pesquisa A Sa\u00fade do Brasileiro (\u00a9Valter Campanato\/Ag\u00eancia Brasil)"},{"@type":"BreadcrumbList","@id":"https:\/\/verdadeon.com.br\/portal\/2023\/11\/04\/maioria-dos-homens-reconhece-que-precisa-tratar-melhor-da-saude\/#breadcrumb","itemListElement":[{"@type":"ListItem","position":1,"name":"In\u00edcio","item":"https:\/\/verdadeon.com.br\/portal\/"},{"@type":"ListItem","position":2,"name":"Maioria dos homens reconhece que precisa tratar melhor da sa\u00fade"}]},{"@type":"WebSite","@id":"https:\/\/verdadeon.com.br\/portal\/#website","url":"https:\/\/verdadeon.com.br\/portal\/","name":"VerdadeOn","description":"Not\u00edcias di\u00e1rias sobre Franca, Regi\u00e3o, Esporte, Cultura, Cotidiano, Colunas. Cobertura nos principais eventos da cidade \u00e9 aqui - Verdadeon Franca","potentialAction":[{"@type":"SearchAction","target":{"@type":"EntryPoint","urlTemplate":"https:\/\/verdadeon.com.br\/portal\/?s={search_term_string}"},"query-input":{"@type":"PropertyValueSpecification","valueRequired":true,"valueName":"search_term_string"}}],"inLanguage":"pt-BR"},{"@type":"Person","@id":"https:\/\/verdadeon.com.br\/portal\/#\/schema\/person\/a5060ad1e9ea3df545188fc93ce43d2f","name":"Redacao VerdadeOn","image":{"@type":"ImageObject","inLanguage":"pt-BR","@id":"https:\/\/verdadeon.com.br\/portal\/#\/schema\/person\/image\/","url":"https:\/\/secure.gravatar.com\/avatar\/459a9613caaaf07f582c3d0841eea68bdd66f533e465e6ba8b9cb45619572cf4?s=96&d=mm&r=g","contentUrl":"https:\/\/secure.gravatar.com\/avatar\/459a9613caaaf07f582c3d0841eea68bdd66f533e465e6ba8b9cb45619572cf4?s=96&d=mm&r=g","caption":"Redacao VerdadeOn"},"url":"https:\/\/verdadeon.com.br\/portal\/author\/redacao\/"}]}},"jetpack_publicize_connections":[],"jetpack_featured_media_url":"https:\/\/i0.wp.com\/verdadeon.com.br\/portal\/wp-content\/uploads\/2023\/11\/1048076-df_vac_2622.jpg?fit=1044%2C700&ssl=1","jetpack_sharing_enabled":true,"_links":{"self":[{"href":"https:\/\/verdadeon.com.br\/portal\/wp-json\/wp\/v2\/posts\/38910","targetHints":{"allow":["GET"]}}],"collection":[{"href":"https:\/\/verdadeon.com.br\/portal\/wp-json\/wp\/v2\/posts"}],"about":[{"href":"https:\/\/verdadeon.com.br\/portal\/wp-json\/wp\/v2\/types\/post"}],"author":[{"embeddable":true,"href":"https:\/\/verdadeon.com.br\/portal\/wp-json\/wp\/v2\/users\/10"}],"replies":[{"embeddable":true,"href":"https:\/\/verdadeon.com.br\/portal\/wp-json\/wp\/v2\/comments?post=38910"}],"version-history":[{"count":1,"href":"https:\/\/verdadeon.com.br\/portal\/wp-json\/wp\/v2\/posts\/38910\/revisions"}],"predecessor-version":[{"id":38912,"href":"https:\/\/verdadeon.com.br\/portal\/wp-json\/wp\/v2\/posts\/38910\/revisions\/38912"}],"wp:featuredmedia":[{"embeddable":true,"href":"https:\/\/verdadeon.com.br\/portal\/wp-json\/wp\/v2\/media\/38911"}],"wp:attachment":[{"href":"https:\/\/verdadeon.com.br\/portal\/wp-json\/wp\/v2\/media?parent=38910"}],"wp:term":[{"taxonomy":"category","embeddable":true,"href":"https:\/\/verdadeon.com.br\/portal\/wp-json\/wp\/v2\/categories?post=38910"},{"taxonomy":"post_tag","embeddable":true,"href":"https:\/\/verdadeon.com.br\/portal\/wp-json\/wp\/v2\/tags?post=38910"}],"curies":[{"name":"wp","href":"https:\/\/api.w.org\/{rel}","templated":true}]}}