{"id":38907,"date":"2023-11-04T13:20:01","date_gmt":"2023-11-04T16:20:01","guid":{"rendered":"https:\/\/verdadeon.com.br\/portal\/?p=38907"},"modified":"2023-11-04T13:20:01","modified_gmt":"2023-11-04T16:20:01","slug":"atriz-elizangela-e-velada-hoje-no-rio-em-cerimonia-aberta-ao-publico","status":"publish","type":"post","link":"https:\/\/verdadeon.com.br\/portal\/2023\/11\/04\/atriz-elizangela-e-velada-hoje-no-rio-em-cerimonia-aberta-ao-publico\/","title":{"rendered":"Atriz Eliz\u00e2ngela \u00e9 velada hoje no Rio em cerim\u00f4nia aberta ao p\u00fablico"},"content":{"rendered":"<div class=\"row\">\n<h2 class=\"col-10 offset-1 animated fadeInDown dealy-900 display-8 display-md-8 alt-font font-italic my-1 text-center\">Amigos e f\u00e3s poder\u00e3o se despedir da artista entre 13h e 15h<\/h2>\n<p>O vel\u00f3rio da atriz Eliz\u00e2ngela acontece neste s\u00e1bado (4) no Cemit\u00e9rio da Penit\u00eancia, no bairro do Caju, na zona portu\u00e1ria do Rio de Janeiro. O adeus \u00e0 artista ser\u00e1 aberto ao p\u00fablico. Amigos e f\u00e3s poder\u00e3o se despedir dela entre 13h e 15h.<img data-recalc-dims=\"1\" decoding=\"async\" src=\"https:\/\/i0.wp.com\/agenciabrasil.ebc.com.br\/ebc.png?w=1220&#038;ssl=1\" \/><img data-recalc-dims=\"1\" decoding=\"async\" src=\"https:\/\/i0.wp.com\/agenciabrasil.ebc.com.br\/ebc.gif?w=1220&#038;ssl=1\" \/><\/p>\n<p>Eliz\u00e2ngela morreu em Guapimirim (RJ) nesta sexta-feira (3), aos 68 anos de idade. Segundo informou a prefeitura da cidade onde ela vivia, a atriz foi socorrida pelo Servi\u00e7o de Atendimento M\u00f3vel de Urg\u00eancia (Samu) e deu entrada no Hospital Municipal Jos\u00e9 Rabello de Mello com parada cardiorrespirat\u00f3ria. Apesar da tentativa de reanima\u00e7\u00e3o tanto no translado quanto na unidade, ela n\u00e3o resistiu.<\/p>\n<p>&#8220;A Prefeitura Municipal de Guapimirim lamenta a morte da consagrada atriz. Esta \u00e9 a segunda vez que o sistema de sa\u00fade do munic\u00edpio atendeu Elizangela. Na primeira, Elizangela deu entrada na unidade com graves problemas respirat\u00f3rios, e depois de algumas semanas, teve alta da unidade&#8221;, registra nota divulgada pelo munic\u00edpio.<\/p>\n<p>A outra interna\u00e7\u00e3o da atriz havia ocorrido em 2022, em decorr\u00eancia de sequelas respirat\u00f3rias causadas pela covid-19. Eliz\u00e2ngela manifestava publicamente sua posi\u00e7\u00e3o contr\u00e1ria a vacina\u00e7\u00e3o, cujos benef\u00edcios s\u00e3o cientificamente comprovados.<\/p>\n<p>A atriz iniciou sua carreira aos 7 anos de idade na\u00a0<em>TV Excelsior<\/em>, e 3 anos depois passou a apresentar o programa de audit\u00f3rio\u00a0<em>Essa Gente Inocente<\/em>, que abria espa\u00e7o para crian\u00e7as apresentarem seus talentos.<\/p>\n<p>A atriz participou de novelas de grande audi\u00eancia produzidas pela Rede Globo, que a contratou em meados da d\u00e9cada de 1960. Atuou, por exemplo, em\u00a0<em>Pecado Capital<\/em>\u00a0(1975),\u00a0<em>Jogo da Vida\u00a0<\/em>(1981),\u00a0<em>Roque Santeiro<\/em>\u00a0(1985),\u00a0<em>Pedra sobre Pedra<\/em>\u00a0(1992), O Clone (2002) e mais recentemente\u00a0<em>For\u00e7a do Querer\u00a0<\/em>(2017) e\u00a0<em>A Dona do Peda\u00e7o<\/em>\u00a0(2019).<\/p>\n<p>Em 1978, ela gravou um disco intitulado Eliz\u00e2ngela. Na \u00e9poca, a m\u00fasica\u00a0<em>Pertinho de Voc\u00ea<\/em>, uma das faixas, passou a figurar entre as mais tocadas do Brasil. Eliz\u00e2ngela teve ainda passagens pela\u00a0<em>TV Manchete e pela Rede Record<\/em>. Atuou tamb\u00e9m em diversas pe\u00e7as teatrais e em alguns filmes. Sua estreia no cinema, o filme\u00a0<em>Quel\u00e9 do Paje\u00fa<\/em>\u00a0(1969), lhe rendeu o pr\u00eamio de Melhor Atriz Revela\u00e7\u00e3o no Festival de Cinema de Santos.<\/p>\n<p>Nas redes sociais, f\u00e3s e amigos prestaram homenagens. &#8220;Amiga, inteligente, divertida, aquela atriz visceral, sonho de qualquer autor: vestia sem medo nem pudor a pele das personagens. Estou sem palavras&#8221;, escreveu Gl\u00f3ria Perez.<\/p>\n<p>O usu\u00e1rio da\u00a0<em>rede social X<\/em>, Felipe Duarte, afirmou que Eliz\u00e2ngela era uma das suas atrizes preferidas. &#8220;N\u00e3o tem um personagem mediano dela. Todos foram marcantes. Enorme e irrecuper\u00e1vel perda da nossa teledramaturgia&#8221;.<\/p>\n<p>Fonte: Ag\u00eancia Brasil<\/p>\n<\/div>\n","protected":false},"excerpt":{"rendered":"<p>Amigos e f\u00e3s poder\u00e3o se despedir da artista entre 13h e 15h O vel\u00f3rio da atriz Eliz\u00e2ngela acontece neste s\u00e1bado (4) no Cemit\u00e9rio da Penit\u00eancia, no<span class=\"excerpt-hellip\"> [\u2026]<\/span><\/p>\n","protected":false},"author":10,"featured_media":38908,"comment_status":"open","ping_status":"open","sticky":false,"template":"","format":"standard","meta":{"_jetpack_memberships_contains_paid_content":false,"footnotes":"","jetpack_publicize_message":"","jetpack_publicize_feature_enabled":true,"jetpack_social_post_already_shared":false,"jetpack_social_options":{"image_generator_settings":{"template":"highway","default_image_id":0,"enabled":false},"version":2}},"categories":[28,81],"tags":[],"class_list":["post-38907","post","type-post","status-publish","format-standard","has-post-thumbnail","hentry","category-cotidiano","category-manchete"],"yoast_head":"<!-- This site is optimized with the Yoast SEO plugin v25.6 - https:\/\/yoast.com\/wordpress\/plugins\/seo\/ -->\n<title>Atriz Eliz\u00e2ngela \u00e9 velada hoje no Rio em cerim\u00f4nia aberta ao p\u00fablico - VerdadeOn<\/title>\n<meta name=\"robots\" content=\"index, follow, max-snippet:-1, max-image-preview:large, max-video-preview:-1\" \/>\n<link rel=\"canonical\" href=\"https:\/\/verdadeon.com.br\/portal\/2023\/11\/04\/atriz-elizangela-e-velada-hoje-no-rio-em-cerimonia-aberta-ao-publico\/\" \/>\n<meta property=\"og:locale\" content=\"pt_BR\" \/>\n<meta property=\"og:type\" content=\"article\" \/>\n<meta property=\"og:title\" content=\"Atriz Eliz\u00e2ngela \u00e9 velada hoje no Rio em cerim\u00f4nia aberta ao p\u00fablico - VerdadeOn\" \/>\n<meta property=\"og:description\" content=\"Amigos e f\u00e3s poder\u00e3o se despedir da artista entre 13h e 15h O vel\u00f3rio da atriz Eliz\u00e2ngela acontece neste s\u00e1bado (4) no Cemit\u00e9rio da Penit\u00eancia, no [\u2026]\" \/>\n<meta property=\"og:url\" content=\"https:\/\/verdadeon.com.br\/portal\/2023\/11\/04\/atriz-elizangela-e-velada-hoje-no-rio-em-cerimonia-aberta-ao-publico\/\" \/>\n<meta property=\"og:site_name\" content=\"VerdadeOn\" \/>\n<meta property=\"article:published_time\" content=\"2023-11-04T16:20:01+00:00\" \/>\n<meta property=\"og:image\" content=\"https:\/\/verdadeon.com.br\/portal\/wp-content\/uploads\/2023\/11\/AnyConv.com__elizangela_do_amaral_vergueiro.jpeg\" \/>\n\t<meta property=\"og:image:width\" content=\"1044\" \/>\n\t<meta property=\"og:image:height\" content=\"700\" \/>\n\t<meta property=\"og:image:type\" content=\"image\/jpeg\" \/>\n<meta name=\"author\" content=\"Redacao VerdadeOn\" \/>\n<meta name=\"twitter:card\" content=\"summary_large_image\" \/>\n<meta name=\"twitter:label1\" content=\"Escrito por\" \/>\n\t<meta name=\"twitter:data1\" content=\"Redacao VerdadeOn\" \/>\n\t<meta name=\"twitter:label2\" content=\"Est. tempo de leitura\" \/>\n\t<meta name=\"twitter:data2\" content=\"3 minutos\" \/>\n<script type=\"application\/ld+json\" class=\"yoast-schema-graph\">{\"@context\":\"https:\/\/schema.org\",\"@graph\":[{\"@type\":\"WebPage\",\"@id\":\"https:\/\/verdadeon.com.br\/portal\/2023\/11\/04\/atriz-elizangela-e-velada-hoje-no-rio-em-cerimonia-aberta-ao-publico\/\",\"url\":\"https:\/\/verdadeon.com.br\/portal\/2023\/11\/04\/atriz-elizangela-e-velada-hoje-no-rio-em-cerimonia-aberta-ao-publico\/\",\"name\":\"Atriz Eliz\u00e2ngela \u00e9 velada hoje no Rio em cerim\u00f4nia aberta ao p\u00fablico - VerdadeOn\",\"isPartOf\":{\"@id\":\"https:\/\/verdadeon.com.br\/portal\/#website\"},\"primaryImageOfPage\":{\"@id\":\"https:\/\/verdadeon.com.br\/portal\/2023\/11\/04\/atriz-elizangela-e-velada-hoje-no-rio-em-cerimonia-aberta-ao-publico\/#primaryimage\"},\"image\":{\"@id\":\"https:\/\/verdadeon.com.br\/portal\/2023\/11\/04\/atriz-elizangela-e-velada-hoje-no-rio-em-cerimonia-aberta-ao-publico\/#primaryimage\"},\"thumbnailUrl\":\"https:\/\/i0.wp.com\/verdadeon.com.br\/portal\/wp-content\/uploads\/2023\/11\/AnyConv.com__elizangela_do_amaral_vergueiro.jpeg?fit=1044%2C700&ssl=1\",\"datePublished\":\"2023-11-04T16:20:01+00:00\",\"author\":{\"@id\":\"https:\/\/verdadeon.com.br\/portal\/#\/schema\/person\/a5060ad1e9ea3df545188fc93ce43d2f\"},\"breadcrumb\":{\"@id\":\"https:\/\/verdadeon.com.br\/portal\/2023\/11\/04\/atriz-elizangela-e-velada-hoje-no-rio-em-cerimonia-aberta-ao-publico\/#breadcrumb\"},\"inLanguage\":\"pt-BR\",\"potentialAction\":[{\"@type\":\"ReadAction\",\"target\":[\"https:\/\/verdadeon.com.br\/portal\/2023\/11\/04\/atriz-elizangela-e-velada-hoje-no-rio-em-cerimonia-aberta-ao-publico\/\"]}]},{\"@type\":\"ImageObject\",\"inLanguage\":\"pt-BR\",\"@id\":\"https:\/\/verdadeon.com.br\/portal\/2023\/11\/04\/atriz-elizangela-e-velada-hoje-no-rio-em-cerimonia-aberta-ao-publico\/#primaryimage\",\"url\":\"https:\/\/i0.wp.com\/verdadeon.com.br\/portal\/wp-content\/uploads\/2023\/11\/AnyConv.com__elizangela_do_amaral_vergueiro.jpeg?fit=1044%2C700&ssl=1\",\"contentUrl\":\"https:\/\/i0.wp.com\/verdadeon.com.br\/portal\/wp-content\/uploads\/2023\/11\/AnyConv.com__elizangela_do_amaral_vergueiro.jpeg?fit=1044%2C700&ssl=1\",\"width\":1044,\"height\":700,\"caption\":\"Eliz\u00e2ngela morreu aos 68 anos de idade (\u00a9Eliz\u00e2ngela do Amaral Vergueiro)\"},{\"@type\":\"BreadcrumbList\",\"@id\":\"https:\/\/verdadeon.com.br\/portal\/2023\/11\/04\/atriz-elizangela-e-velada-hoje-no-rio-em-cerimonia-aberta-ao-publico\/#breadcrumb\",\"itemListElement\":[{\"@type\":\"ListItem\",\"position\":1,\"name\":\"In\u00edcio\",\"item\":\"https:\/\/verdadeon.com.br\/portal\/\"},{\"@type\":\"ListItem\",\"position\":2,\"name\":\"Atriz Eliz\u00e2ngela \u00e9 velada hoje no Rio em cerim\u00f4nia aberta ao p\u00fablico\"}]},{\"@type\":\"WebSite\",\"@id\":\"https:\/\/verdadeon.com.br\/portal\/#website\",\"url\":\"https:\/\/verdadeon.com.br\/portal\/\",\"name\":\"VerdadeOn\",\"description\":\"Not\u00edcias di\u00e1rias sobre Franca, Regi\u00e3o, Esporte, Cultura, Cotidiano, Colunas. Cobertura nos principais eventos da cidade \u00e9 aqui - Verdadeon Franca\",\"potentialAction\":[{\"@type\":\"SearchAction\",\"target\":{\"@type\":\"EntryPoint\",\"urlTemplate\":\"https:\/\/verdadeon.com.br\/portal\/?s={search_term_string}\"},\"query-input\":{\"@type\":\"PropertyValueSpecification\",\"valueRequired\":true,\"valueName\":\"search_term_string\"}}],\"inLanguage\":\"pt-BR\"},{\"@type\":\"Person\",\"@id\":\"https:\/\/verdadeon.com.br\/portal\/#\/schema\/person\/a5060ad1e9ea3df545188fc93ce43d2f\",\"name\":\"Redacao VerdadeOn\",\"image\":{\"@type\":\"ImageObject\",\"inLanguage\":\"pt-BR\",\"@id\":\"https:\/\/verdadeon.com.br\/portal\/#\/schema\/person\/image\/\",\"url\":\"https:\/\/secure.gravatar.com\/avatar\/459a9613caaaf07f582c3d0841eea68bdd66f533e465e6ba8b9cb45619572cf4?s=96&d=mm&r=g\",\"contentUrl\":\"https:\/\/secure.gravatar.com\/avatar\/459a9613caaaf07f582c3d0841eea68bdd66f533e465e6ba8b9cb45619572cf4?s=96&d=mm&r=g\",\"caption\":\"Redacao VerdadeOn\"},\"url\":\"https:\/\/verdadeon.com.br\/portal\/author\/redacao\/\"}]}<\/script>\n<!-- \/ Yoast SEO plugin. -->","yoast_head_json":{"title":"Atriz Eliz\u00e2ngela \u00e9 velada hoje no Rio em cerim\u00f4nia aberta ao p\u00fablico - VerdadeOn","robots":{"index":"index","follow":"follow","max-snippet":"max-snippet:-1","max-image-preview":"max-image-preview:large","max-video-preview":"max-video-preview:-1"},"canonical":"https:\/\/verdadeon.com.br\/portal\/2023\/11\/04\/atriz-elizangela-e-velada-hoje-no-rio-em-cerimonia-aberta-ao-publico\/","og_locale":"pt_BR","og_type":"article","og_title":"Atriz Eliz\u00e2ngela \u00e9 velada hoje no Rio em cerim\u00f4nia aberta ao p\u00fablico - VerdadeOn","og_description":"Amigos e f\u00e3s poder\u00e3o se despedir da artista entre 13h e 15h O vel\u00f3rio da atriz Eliz\u00e2ngela acontece neste s\u00e1bado (4) no Cemit\u00e9rio da Penit\u00eancia, no [\u2026]","og_url":"https:\/\/verdadeon.com.br\/portal\/2023\/11\/04\/atriz-elizangela-e-velada-hoje-no-rio-em-cerimonia-aberta-ao-publico\/","og_site_name":"VerdadeOn","article_published_time":"2023-11-04T16:20:01+00:00","og_image":[{"width":1044,"height":700,"url":"https:\/\/verdadeon.com.br\/portal\/wp-content\/uploads\/2023\/11\/AnyConv.com__elizangela_do_amaral_vergueiro.jpeg","type":"image\/jpeg"}],"author":"Redacao VerdadeOn","twitter_card":"summary_large_image","twitter_misc":{"Escrito por":"Redacao VerdadeOn","Est. tempo de leitura":"3 minutos"},"schema":{"@context":"https:\/\/schema.org","@graph":[{"@type":"WebPage","@id":"https:\/\/verdadeon.com.br\/portal\/2023\/11\/04\/atriz-elizangela-e-velada-hoje-no-rio-em-cerimonia-aberta-ao-publico\/","url":"https:\/\/verdadeon.com.br\/portal\/2023\/11\/04\/atriz-elizangela-e-velada-hoje-no-rio-em-cerimonia-aberta-ao-publico\/","name":"Atriz Eliz\u00e2ngela \u00e9 velada hoje no Rio em cerim\u00f4nia aberta ao p\u00fablico - VerdadeOn","isPartOf":{"@id":"https:\/\/verdadeon.com.br\/portal\/#website"},"primaryImageOfPage":{"@id":"https:\/\/verdadeon.com.br\/portal\/2023\/11\/04\/atriz-elizangela-e-velada-hoje-no-rio-em-cerimonia-aberta-ao-publico\/#primaryimage"},"image":{"@id":"https:\/\/verdadeon.com.br\/portal\/2023\/11\/04\/atriz-elizangela-e-velada-hoje-no-rio-em-cerimonia-aberta-ao-publico\/#primaryimage"},"thumbnailUrl":"https:\/\/i0.wp.com\/verdadeon.com.br\/portal\/wp-content\/uploads\/2023\/11\/AnyConv.com__elizangela_do_amaral_vergueiro.jpeg?fit=1044%2C700&ssl=1","datePublished":"2023-11-04T16:20:01+00:00","author":{"@id":"https:\/\/verdadeon.com.br\/portal\/#\/schema\/person\/a5060ad1e9ea3df545188fc93ce43d2f"},"breadcrumb":{"@id":"https:\/\/verdadeon.com.br\/portal\/2023\/11\/04\/atriz-elizangela-e-velada-hoje-no-rio-em-cerimonia-aberta-ao-publico\/#breadcrumb"},"inLanguage":"pt-BR","potentialAction":[{"@type":"ReadAction","target":["https:\/\/verdadeon.com.br\/portal\/2023\/11\/04\/atriz-elizangela-e-velada-hoje-no-rio-em-cerimonia-aberta-ao-publico\/"]}]},{"@type":"ImageObject","inLanguage":"pt-BR","@id":"https:\/\/verdadeon.com.br\/portal\/2023\/11\/04\/atriz-elizangela-e-velada-hoje-no-rio-em-cerimonia-aberta-ao-publico\/#primaryimage","url":"https:\/\/i0.wp.com\/verdadeon.com.br\/portal\/wp-content\/uploads\/2023\/11\/AnyConv.com__elizangela_do_amaral_vergueiro.jpeg?fit=1044%2C700&ssl=1","contentUrl":"https:\/\/i0.wp.com\/verdadeon.com.br\/portal\/wp-content\/uploads\/2023\/11\/AnyConv.com__elizangela_do_amaral_vergueiro.jpeg?fit=1044%2C700&ssl=1","width":1044,"height":700,"caption":"Eliz\u00e2ngela morreu aos 68 anos de idade (\u00a9Eliz\u00e2ngela do Amaral Vergueiro)"},{"@type":"BreadcrumbList","@id":"https:\/\/verdadeon.com.br\/portal\/2023\/11\/04\/atriz-elizangela-e-velada-hoje-no-rio-em-cerimonia-aberta-ao-publico\/#breadcrumb","itemListElement":[{"@type":"ListItem","position":1,"name":"In\u00edcio","item":"https:\/\/verdadeon.com.br\/portal\/"},{"@type":"ListItem","position":2,"name":"Atriz Eliz\u00e2ngela \u00e9 velada hoje no Rio em cerim\u00f4nia aberta ao p\u00fablico"}]},{"@type":"WebSite","@id":"https:\/\/verdadeon.com.br\/portal\/#website","url":"https:\/\/verdadeon.com.br\/portal\/","name":"VerdadeOn","description":"Not\u00edcias di\u00e1rias sobre Franca, Regi\u00e3o, Esporte, Cultura, Cotidiano, Colunas. Cobertura nos principais eventos da cidade \u00e9 aqui - Verdadeon Franca","potentialAction":[{"@type":"SearchAction","target":{"@type":"EntryPoint","urlTemplate":"https:\/\/verdadeon.com.br\/portal\/?s={search_term_string}"},"query-input":{"@type":"PropertyValueSpecification","valueRequired":true,"valueName":"search_term_string"}}],"inLanguage":"pt-BR"},{"@type":"Person","@id":"https:\/\/verdadeon.com.br\/portal\/#\/schema\/person\/a5060ad1e9ea3df545188fc93ce43d2f","name":"Redacao VerdadeOn","image":{"@type":"ImageObject","inLanguage":"pt-BR","@id":"https:\/\/verdadeon.com.br\/portal\/#\/schema\/person\/image\/","url":"https:\/\/secure.gravatar.com\/avatar\/459a9613caaaf07f582c3d0841eea68bdd66f533e465e6ba8b9cb45619572cf4?s=96&d=mm&r=g","contentUrl":"https:\/\/secure.gravatar.com\/avatar\/459a9613caaaf07f582c3d0841eea68bdd66f533e465e6ba8b9cb45619572cf4?s=96&d=mm&r=g","caption":"Redacao VerdadeOn"},"url":"https:\/\/verdadeon.com.br\/portal\/author\/redacao\/"}]}},"jetpack_publicize_connections":[],"jetpack_featured_media_url":"https:\/\/i0.wp.com\/verdadeon.com.br\/portal\/wp-content\/uploads\/2023\/11\/AnyConv.com__elizangela_do_amaral_vergueiro.jpeg?fit=1044%2C700&ssl=1","jetpack_sharing_enabled":true,"_links":{"self":[{"href":"https:\/\/verdadeon.com.br\/portal\/wp-json\/wp\/v2\/posts\/38907","targetHints":{"allow":["GET"]}}],"collection":[{"href":"https:\/\/verdadeon.com.br\/portal\/wp-json\/wp\/v2\/posts"}],"about":[{"href":"https:\/\/verdadeon.com.br\/portal\/wp-json\/wp\/v2\/types\/post"}],"author":[{"embeddable":true,"href":"https:\/\/verdadeon.com.br\/portal\/wp-json\/wp\/v2\/users\/10"}],"replies":[{"embeddable":true,"href":"https:\/\/verdadeon.com.br\/portal\/wp-json\/wp\/v2\/comments?post=38907"}],"version-history":[{"count":1,"href":"https:\/\/verdadeon.com.br\/portal\/wp-json\/wp\/v2\/posts\/38907\/revisions"}],"predecessor-version":[{"id":38909,"href":"https:\/\/verdadeon.com.br\/portal\/wp-json\/wp\/v2\/posts\/38907\/revisions\/38909"}],"wp:featuredmedia":[{"embeddable":true,"href":"https:\/\/verdadeon.com.br\/portal\/wp-json\/wp\/v2\/media\/38908"}],"wp:attachment":[{"href":"https:\/\/verdadeon.com.br\/portal\/wp-json\/wp\/v2\/media?parent=38907"}],"wp:term":[{"taxonomy":"category","embeddable":true,"href":"https:\/\/verdadeon.com.br\/portal\/wp-json\/wp\/v2\/categories?post=38907"},{"taxonomy":"post_tag","embeddable":true,"href":"https:\/\/verdadeon.com.br\/portal\/wp-json\/wp\/v2\/tags?post=38907"}],"curies":[{"name":"wp","href":"https:\/\/api.w.org\/{rel}","templated":true}]}}