{"id":38699,"date":"2023-10-26T09:53:17","date_gmt":"2023-10-26T12:53:17","guid":{"rendered":"https:\/\/verdadeon.com.br\/portal\/?p=38699"},"modified":"2023-10-26T15:56:24","modified_gmt":"2023-10-26T18:56:24","slug":"ultimos-dias-campanha-de-multivacinacao-termina-dia-31-deste-mes","status":"publish","type":"post","link":"https:\/\/verdadeon.com.br\/portal\/2023\/10\/26\/ultimos-dias-campanha-de-multivacinacao-termina-dia-31-deste-mes\/","title":{"rendered":"\u00daltimos dias: Campanha de Multivacina\u00e7\u00e3o termina dia 31 deste m\u00eas"},"content":{"rendered":"<h2 class=\"excerpt\">Quase 500 mil crian\u00e7as e adolescentes at\u00e9 15 anos de idade j\u00e1 se vacinaram<\/h2>\n<p>O Governo de SP, por meio da\u00a0<a href=\"http:\/\/www.saude.sp.gov.br\/\" target=\"_blank\" rel=\"noopener noreferrer\">Secretaria de Estado da Sa\u00fade<\/a>, alerta para o prazo final da Campanha de Multivacina\u00e7\u00e3o, que termina no pr\u00f3ximo na pr\u00f3xima ter\u00e7a-feira, dia 31 de outubro. Desde o lan\u00e7amento da campanha no final de setembro, mais de 491,9 mil crian\u00e7as entre 0 e 14 anos foram imunizadas. A iniciativa tamb\u00e9m verificou a carteira de vacina\u00e7\u00e3o de mais de 851,5 mil crian\u00e7as e adolescentes menores de 15 anos de idade em todos os 645 munic\u00edpios paulistas.<\/p>\n<p>\u201cO objetivo da campanha \u00e9 aumentar as coberturas vacinais de todas as vacinas do calend\u00e1rio b\u00e1sico, atualizando as doses faltantes nas carteiras de vacina\u00e7\u00e3o. S\u00e3o disponibilizadas todas as vacinas e cada munic\u00edpio realiza sua pr\u00f3pria estrat\u00e9gia. Se voc\u00ea ou alguma crian\u00e7a da sua fam\u00edlia ainda n\u00e3o verificaram se est\u00e3o com as vacinas em dia, procure um posto de vacina\u00e7\u00e3o ou algum dos locais que fazem parte da campanha no seu munic\u00edpio at\u00e9 o dia 31 e participe\u201d, afirma a diretora da Centro de Vigil\u00e2ncia Epidemiol\u00f3gica da SES-SP, Tatiana Lang.<\/p>\n<p>S\u00e3o disponibilizadas vacinas para Poliomielite, Meningoc\u00f3ccica C Conjugada, Tr\u00edplice Viral (Sarampo, Caxumba e Rub\u00e9ola), Febre amarela, Pentavalente (difteria, t\u00e9tano, coqueluche, hepatite B e doen\u00e7as invasivas causadas pelo Haemophilus influenzae b), HPV (entre 9 e 14 anos de idade), BCG (tuberculose) e Covid-19.<\/p>\n<p>A campanha checou a carteira de 171,5 mil beb\u00eas com menos de um ano e vacinou 113,8 mil deles. Entre crian\u00e7as de 1 a 4 anos de idade, 244,5 mil compareceram aos postos de vacina\u00e7\u00e3o e 131,9 mil foram imunizadas. 181,7 mil crian\u00e7as entre 5 e 8 anos tiveram suas carteiras verificadas e 67,2 mil delas receberam doses das diversas vacinas oferecidas. Na faixa et\u00e1ria entre 9 e 14 anos, 253,6 mil jovens foram aos postos e 158,9 mil receberam as vacinas. Entre as vacinas ministradas exclusivamente a crian\u00e7as entre 9 e 14 anos, que incluem a vacina para HPV e Meningo ACWY, mais de 273 mil doses foram aplicadas.<\/p>\n<p>Como parte da campanha, os munic\u00edpios recebem todo o apoio para oferecer as vacinas e fazer a checagem das carteiras de vacina\u00e7\u00e3o em escolas e outros locais de alta circula\u00e7\u00e3o ou em \u00e1reas rurais, al\u00e9m dos 5 mil pontos de vacina\u00e7\u00e3o j\u00e1 existentes no estado. A pasta de sa\u00fade estadual esclarece que cada munic\u00edpio tem a sua pr\u00f3pria estrat\u00e9gia e \u00e9 respons\u00e1vel pela vacina\u00e7\u00e3o.<\/p>\n<p><strong>Vacina 100 D\u00favidas<\/strong><\/p>\n<p>O site\u00a0<a href=\"https:\/\/www.vacina100duvidas.sp.gov.br\/\" target=\"_blank\" rel=\"noopener noreferrer\">Vacina 100 D\u00favidas<\/a>, do Governo de S\u00e3o Paulo, re\u00fane as 100 d\u00favidas mais frequentes sobre as vacinas nos buscadores da internet. Este \u00e9 um espa\u00e7o com informa\u00e7\u00f5es claras para desmistificar fake news com rela\u00e7\u00e3o \u00e0 imuniza\u00e7\u00e3o, garantindo assim a prote\u00e7\u00e3o de toda a popula\u00e7\u00e3o.<\/p>\n<p>Fonte: SP Not\u00edcias<\/p>\n","protected":false},"excerpt":{"rendered":"<p>Quase 500 mil crian\u00e7as e adolescentes at\u00e9 15 anos de idade j\u00e1 se vacinaram O Governo de SP, por meio da\u00a0Secretaria de Estado da Sa\u00fade, alerta<span class=\"excerpt-hellip\"> [\u2026]<\/span><\/p>\n","protected":false},"author":10,"featured_media":11229,"comment_status":"open","ping_status":"open","sticky":false,"template":"","format":"standard","meta":{"_jetpack_memberships_contains_paid_content":false,"footnotes":"","jetpack_publicize_message":"","jetpack_publicize_feature_enabled":true,"jetpack_social_post_already_shared":false,"jetpack_social_options":{"image_generator_settings":{"template":"highway","default_image_id":0,"enabled":false},"version":2}},"categories":[28,44],"tags":[],"class_list":["post-38699","post","type-post","status-publish","format-standard","has-post-thumbnail","hentry","category-cotidiano","category-noticias"],"yoast_head":"<!-- This site is optimized with the Yoast SEO plugin v25.6 - https:\/\/yoast.com\/wordpress\/plugins\/seo\/ -->\n<title>\u00daltimos dias: Campanha de Multivacina\u00e7\u00e3o termina dia 31 deste m\u00eas - VerdadeOn<\/title>\n<meta name=\"robots\" content=\"index, follow, max-snippet:-1, max-image-preview:large, max-video-preview:-1\" \/>\n<link rel=\"canonical\" href=\"https:\/\/verdadeon.com.br\/portal\/2023\/10\/26\/ultimos-dias-campanha-de-multivacinacao-termina-dia-31-deste-mes\/\" \/>\n<meta property=\"og:locale\" content=\"pt_BR\" \/>\n<meta property=\"og:type\" content=\"article\" \/>\n<meta property=\"og:title\" content=\"\u00daltimos dias: Campanha de Multivacina\u00e7\u00e3o termina dia 31 deste m\u00eas - VerdadeOn\" \/>\n<meta property=\"og:description\" content=\"Quase 500 mil crian\u00e7as e adolescentes at\u00e9 15 anos de idade j\u00e1 se vacinaram O Governo de SP, por meio da\u00a0Secretaria de Estado da Sa\u00fade, alerta [\u2026]\" \/>\n<meta property=\"og:url\" content=\"https:\/\/verdadeon.com.br\/portal\/2023\/10\/26\/ultimos-dias-campanha-de-multivacinacao-termina-dia-31-deste-mes\/\" \/>\n<meta property=\"og:site_name\" content=\"VerdadeOn\" \/>\n<meta property=\"article:published_time\" content=\"2023-10-26T12:53:17+00:00\" \/>\n<meta property=\"article:modified_time\" content=\"2023-10-26T18:56:24+00:00\" \/>\n<meta property=\"og:image\" content=\"https:\/\/verdadeon.com.br\/portal\/wp-content\/uploads\/2020\/10\/edit_mcmgo_abr20180818_1358.jpg\" \/>\n\t<meta property=\"og:image:width\" content=\"1000\" \/>\n\t<meta property=\"og:image:height\" content=\"670\" \/>\n\t<meta property=\"og:image:type\" content=\"image\/jpeg\" \/>\n<meta name=\"author\" content=\"Redacao VerdadeOn\" \/>\n<meta name=\"twitter:card\" content=\"summary_large_image\" \/>\n<meta name=\"twitter:label1\" content=\"Escrito por\" \/>\n\t<meta name=\"twitter:data1\" content=\"Redacao VerdadeOn\" \/>\n\t<meta name=\"twitter:label2\" content=\"Est. tempo de leitura\" \/>\n\t<meta name=\"twitter:data2\" content=\"3 minutos\" \/>\n<script type=\"application\/ld+json\" class=\"yoast-schema-graph\">{\"@context\":\"https:\/\/schema.org\",\"@graph\":[{\"@type\":\"WebPage\",\"@id\":\"https:\/\/verdadeon.com.br\/portal\/2023\/10\/26\/ultimos-dias-campanha-de-multivacinacao-termina-dia-31-deste-mes\/\",\"url\":\"https:\/\/verdadeon.com.br\/portal\/2023\/10\/26\/ultimos-dias-campanha-de-multivacinacao-termina-dia-31-deste-mes\/\",\"name\":\"\u00daltimos dias: Campanha de Multivacina\u00e7\u00e3o termina dia 31 deste m\u00eas - VerdadeOn\",\"isPartOf\":{\"@id\":\"https:\/\/verdadeon.com.br\/portal\/#website\"},\"primaryImageOfPage\":{\"@id\":\"https:\/\/verdadeon.com.br\/portal\/2023\/10\/26\/ultimos-dias-campanha-de-multivacinacao-termina-dia-31-deste-mes\/#primaryimage\"},\"image\":{\"@id\":\"https:\/\/verdadeon.com.br\/portal\/2023\/10\/26\/ultimos-dias-campanha-de-multivacinacao-termina-dia-31-deste-mes\/#primaryimage\"},\"thumbnailUrl\":\"https:\/\/i0.wp.com\/verdadeon.com.br\/portal\/wp-content\/uploads\/2020\/10\/edit_mcmgo_abr20180818_1358.jpg?fit=1000%2C670&ssl=1\",\"datePublished\":\"2023-10-26T12:53:17+00:00\",\"dateModified\":\"2023-10-26T18:56:24+00:00\",\"author\":{\"@id\":\"https:\/\/verdadeon.com.br\/portal\/#\/schema\/person\/a5060ad1e9ea3df545188fc93ce43d2f\"},\"breadcrumb\":{\"@id\":\"https:\/\/verdadeon.com.br\/portal\/2023\/10\/26\/ultimos-dias-campanha-de-multivacinacao-termina-dia-31-deste-mes\/#breadcrumb\"},\"inLanguage\":\"pt-BR\",\"potentialAction\":[{\"@type\":\"ReadAction\",\"target\":[\"https:\/\/verdadeon.com.br\/portal\/2023\/10\/26\/ultimos-dias-campanha-de-multivacinacao-termina-dia-31-deste-mes\/\"]}]},{\"@type\":\"ImageObject\",\"inLanguage\":\"pt-BR\",\"@id\":\"https:\/\/verdadeon.com.br\/portal\/2023\/10\/26\/ultimos-dias-campanha-de-multivacinacao-termina-dia-31-deste-mes\/#primaryimage\",\"url\":\"https:\/\/i0.wp.com\/verdadeon.com.br\/portal\/wp-content\/uploads\/2020\/10\/edit_mcmgo_abr20180818_1358.jpg?fit=1000%2C670&ssl=1\",\"contentUrl\":\"https:\/\/i0.wp.com\/verdadeon.com.br\/portal\/wp-content\/uploads\/2020\/10\/edit_mcmgo_abr20180818_1358.jpg?fit=1000%2C670&ssl=1\",\"width\":1000,\"height\":670,\"caption\":\"O objetivo da prorroga\u00e7\u00e3o \u00e9 aumentar as coberturas vacinais de todas as vacinas do calend\u00e1rio b\u00e1sico\"},{\"@type\":\"BreadcrumbList\",\"@id\":\"https:\/\/verdadeon.com.br\/portal\/2023\/10\/26\/ultimos-dias-campanha-de-multivacinacao-termina-dia-31-deste-mes\/#breadcrumb\",\"itemListElement\":[{\"@type\":\"ListItem\",\"position\":1,\"name\":\"In\u00edcio\",\"item\":\"https:\/\/verdadeon.com.br\/portal\/\"},{\"@type\":\"ListItem\",\"position\":2,\"name\":\"\u00daltimos dias: Campanha de Multivacina\u00e7\u00e3o termina dia 31 deste m\u00eas\"}]},{\"@type\":\"WebSite\",\"@id\":\"https:\/\/verdadeon.com.br\/portal\/#website\",\"url\":\"https:\/\/verdadeon.com.br\/portal\/\",\"name\":\"VerdadeOn\",\"description\":\"Not\u00edcias di\u00e1rias sobre Franca, Regi\u00e3o, Esporte, Cultura, Cotidiano, Colunas. Cobertura nos principais eventos da cidade \u00e9 aqui - Verdadeon Franca\",\"potentialAction\":[{\"@type\":\"SearchAction\",\"target\":{\"@type\":\"EntryPoint\",\"urlTemplate\":\"https:\/\/verdadeon.com.br\/portal\/?s={search_term_string}\"},\"query-input\":{\"@type\":\"PropertyValueSpecification\",\"valueRequired\":true,\"valueName\":\"search_term_string\"}}],\"inLanguage\":\"pt-BR\"},{\"@type\":\"Person\",\"@id\":\"https:\/\/verdadeon.com.br\/portal\/#\/schema\/person\/a5060ad1e9ea3df545188fc93ce43d2f\",\"name\":\"Redacao VerdadeOn\",\"image\":{\"@type\":\"ImageObject\",\"inLanguage\":\"pt-BR\",\"@id\":\"https:\/\/verdadeon.com.br\/portal\/#\/schema\/person\/image\/\",\"url\":\"https:\/\/secure.gravatar.com\/avatar\/459a9613caaaf07f582c3d0841eea68bdd66f533e465e6ba8b9cb45619572cf4?s=96&d=mm&r=g\",\"contentUrl\":\"https:\/\/secure.gravatar.com\/avatar\/459a9613caaaf07f582c3d0841eea68bdd66f533e465e6ba8b9cb45619572cf4?s=96&d=mm&r=g\",\"caption\":\"Redacao VerdadeOn\"},\"url\":\"https:\/\/verdadeon.com.br\/portal\/author\/redacao\/\"}]}<\/script>\n<!-- \/ Yoast SEO plugin. -->","yoast_head_json":{"title":"\u00daltimos dias: Campanha de Multivacina\u00e7\u00e3o termina dia 31 deste m\u00eas - VerdadeOn","robots":{"index":"index","follow":"follow","max-snippet":"max-snippet:-1","max-image-preview":"max-image-preview:large","max-video-preview":"max-video-preview:-1"},"canonical":"https:\/\/verdadeon.com.br\/portal\/2023\/10\/26\/ultimos-dias-campanha-de-multivacinacao-termina-dia-31-deste-mes\/","og_locale":"pt_BR","og_type":"article","og_title":"\u00daltimos dias: Campanha de Multivacina\u00e7\u00e3o termina dia 31 deste m\u00eas - VerdadeOn","og_description":"Quase 500 mil crian\u00e7as e adolescentes at\u00e9 15 anos de idade j\u00e1 se vacinaram O Governo de SP, por meio da\u00a0Secretaria de Estado da Sa\u00fade, alerta [\u2026]","og_url":"https:\/\/verdadeon.com.br\/portal\/2023\/10\/26\/ultimos-dias-campanha-de-multivacinacao-termina-dia-31-deste-mes\/","og_site_name":"VerdadeOn","article_published_time":"2023-10-26T12:53:17+00:00","article_modified_time":"2023-10-26T18:56:24+00:00","og_image":[{"width":1000,"height":670,"url":"https:\/\/verdadeon.com.br\/portal\/wp-content\/uploads\/2020\/10\/edit_mcmgo_abr20180818_1358.jpg","type":"image\/jpeg"}],"author":"Redacao VerdadeOn","twitter_card":"summary_large_image","twitter_misc":{"Escrito por":"Redacao VerdadeOn","Est. tempo de leitura":"3 minutos"},"schema":{"@context":"https:\/\/schema.org","@graph":[{"@type":"WebPage","@id":"https:\/\/verdadeon.com.br\/portal\/2023\/10\/26\/ultimos-dias-campanha-de-multivacinacao-termina-dia-31-deste-mes\/","url":"https:\/\/verdadeon.com.br\/portal\/2023\/10\/26\/ultimos-dias-campanha-de-multivacinacao-termina-dia-31-deste-mes\/","name":"\u00daltimos dias: Campanha de Multivacina\u00e7\u00e3o termina dia 31 deste m\u00eas - VerdadeOn","isPartOf":{"@id":"https:\/\/verdadeon.com.br\/portal\/#website"},"primaryImageOfPage":{"@id":"https:\/\/verdadeon.com.br\/portal\/2023\/10\/26\/ultimos-dias-campanha-de-multivacinacao-termina-dia-31-deste-mes\/#primaryimage"},"image":{"@id":"https:\/\/verdadeon.com.br\/portal\/2023\/10\/26\/ultimos-dias-campanha-de-multivacinacao-termina-dia-31-deste-mes\/#primaryimage"},"thumbnailUrl":"https:\/\/i0.wp.com\/verdadeon.com.br\/portal\/wp-content\/uploads\/2020\/10\/edit_mcmgo_abr20180818_1358.jpg?fit=1000%2C670&ssl=1","datePublished":"2023-10-26T12:53:17+00:00","dateModified":"2023-10-26T18:56:24+00:00","author":{"@id":"https:\/\/verdadeon.com.br\/portal\/#\/schema\/person\/a5060ad1e9ea3df545188fc93ce43d2f"},"breadcrumb":{"@id":"https:\/\/verdadeon.com.br\/portal\/2023\/10\/26\/ultimos-dias-campanha-de-multivacinacao-termina-dia-31-deste-mes\/#breadcrumb"},"inLanguage":"pt-BR","potentialAction":[{"@type":"ReadAction","target":["https:\/\/verdadeon.com.br\/portal\/2023\/10\/26\/ultimos-dias-campanha-de-multivacinacao-termina-dia-31-deste-mes\/"]}]},{"@type":"ImageObject","inLanguage":"pt-BR","@id":"https:\/\/verdadeon.com.br\/portal\/2023\/10\/26\/ultimos-dias-campanha-de-multivacinacao-termina-dia-31-deste-mes\/#primaryimage","url":"https:\/\/i0.wp.com\/verdadeon.com.br\/portal\/wp-content\/uploads\/2020\/10\/edit_mcmgo_abr20180818_1358.jpg?fit=1000%2C670&ssl=1","contentUrl":"https:\/\/i0.wp.com\/verdadeon.com.br\/portal\/wp-content\/uploads\/2020\/10\/edit_mcmgo_abr20180818_1358.jpg?fit=1000%2C670&ssl=1","width":1000,"height":670,"caption":"O objetivo da prorroga\u00e7\u00e3o \u00e9 aumentar as coberturas vacinais de todas as vacinas do calend\u00e1rio b\u00e1sico"},{"@type":"BreadcrumbList","@id":"https:\/\/verdadeon.com.br\/portal\/2023\/10\/26\/ultimos-dias-campanha-de-multivacinacao-termina-dia-31-deste-mes\/#breadcrumb","itemListElement":[{"@type":"ListItem","position":1,"name":"In\u00edcio","item":"https:\/\/verdadeon.com.br\/portal\/"},{"@type":"ListItem","position":2,"name":"\u00daltimos dias: Campanha de Multivacina\u00e7\u00e3o termina dia 31 deste m\u00eas"}]},{"@type":"WebSite","@id":"https:\/\/verdadeon.com.br\/portal\/#website","url":"https:\/\/verdadeon.com.br\/portal\/","name":"VerdadeOn","description":"Not\u00edcias di\u00e1rias sobre Franca, Regi\u00e3o, Esporte, Cultura, Cotidiano, Colunas. Cobertura nos principais eventos da cidade \u00e9 aqui - Verdadeon Franca","potentialAction":[{"@type":"SearchAction","target":{"@type":"EntryPoint","urlTemplate":"https:\/\/verdadeon.com.br\/portal\/?s={search_term_string}"},"query-input":{"@type":"PropertyValueSpecification","valueRequired":true,"valueName":"search_term_string"}}],"inLanguage":"pt-BR"},{"@type":"Person","@id":"https:\/\/verdadeon.com.br\/portal\/#\/schema\/person\/a5060ad1e9ea3df545188fc93ce43d2f","name":"Redacao VerdadeOn","image":{"@type":"ImageObject","inLanguage":"pt-BR","@id":"https:\/\/verdadeon.com.br\/portal\/#\/schema\/person\/image\/","url":"https:\/\/secure.gravatar.com\/avatar\/459a9613caaaf07f582c3d0841eea68bdd66f533e465e6ba8b9cb45619572cf4?s=96&d=mm&r=g","contentUrl":"https:\/\/secure.gravatar.com\/avatar\/459a9613caaaf07f582c3d0841eea68bdd66f533e465e6ba8b9cb45619572cf4?s=96&d=mm&r=g","caption":"Redacao VerdadeOn"},"url":"https:\/\/verdadeon.com.br\/portal\/author\/redacao\/"}]}},"jetpack_publicize_connections":[],"jetpack_featured_media_url":"https:\/\/i0.wp.com\/verdadeon.com.br\/portal\/wp-content\/uploads\/2020\/10\/edit_mcmgo_abr20180818_1358.jpg?fit=1000%2C670&ssl=1","jetpack_sharing_enabled":true,"_links":{"self":[{"href":"https:\/\/verdadeon.com.br\/portal\/wp-json\/wp\/v2\/posts\/38699","targetHints":{"allow":["GET"]}}],"collection":[{"href":"https:\/\/verdadeon.com.br\/portal\/wp-json\/wp\/v2\/posts"}],"about":[{"href":"https:\/\/verdadeon.com.br\/portal\/wp-json\/wp\/v2\/types\/post"}],"author":[{"embeddable":true,"href":"https:\/\/verdadeon.com.br\/portal\/wp-json\/wp\/v2\/users\/10"}],"replies":[{"embeddable":true,"href":"https:\/\/verdadeon.com.br\/portal\/wp-json\/wp\/v2\/comments?post=38699"}],"version-history":[{"count":1,"href":"https:\/\/verdadeon.com.br\/portal\/wp-json\/wp\/v2\/posts\/38699\/revisions"}],"predecessor-version":[{"id":38700,"href":"https:\/\/verdadeon.com.br\/portal\/wp-json\/wp\/v2\/posts\/38699\/revisions\/38700"}],"wp:featuredmedia":[{"embeddable":true,"href":"https:\/\/verdadeon.com.br\/portal\/wp-json\/wp\/v2\/media\/11229"}],"wp:attachment":[{"href":"https:\/\/verdadeon.com.br\/portal\/wp-json\/wp\/v2\/media?parent=38699"}],"wp:term":[{"taxonomy":"category","embeddable":true,"href":"https:\/\/verdadeon.com.br\/portal\/wp-json\/wp\/v2\/categories?post=38699"},{"taxonomy":"post_tag","embeddable":true,"href":"https:\/\/verdadeon.com.br\/portal\/wp-json\/wp\/v2\/tags?post=38699"}],"curies":[{"name":"wp","href":"https:\/\/api.w.org\/{rel}","templated":true}]}}