{"id":38666,"date":"2023-10-25T16:52:37","date_gmt":"2023-10-25T19:52:37","guid":{"rendered":"https:\/\/verdadeon.com.br\/portal\/?p=38666"},"modified":"2023-10-25T16:52:37","modified_gmt":"2023-10-25T19:52:37","slug":"nucleo-de-cervejeiros-acif-promovera-3-dias-de-oktoberfest-no-fim-de-semana","status":"publish","type":"post","link":"https:\/\/verdadeon.com.br\/portal\/2023\/10\/25\/nucleo-de-cervejeiros-acif-promovera-3-dias-de-oktoberfest-no-fim-de-semana\/","title":{"rendered":"N\u00facleo de Cervejeiros ACIF promover\u00e1 3 dias de Oktoberfest, no fim de semana"},"content":{"rendered":"<h2 style=\"font-weight: 400;\">Samba, rock e sertanejo far\u00e3o parte da programa\u00e7\u00e3o, que come\u00e7a nesta sexta<\/h2>\n<p style=\"font-weight: 400;\">Seis cervejarias, 24 estilos de artesanais, seis bandas, tr\u00eas dias e milhares de pessoas: esses s\u00e3o os n\u00fameros esperados para a 3\u00aa Oktoberfest do N\u00facleo de Cervejeiros Artesanais do Programa Empreender ACIF (Associa\u00e7\u00e3o do Com\u00e9rcio e Ind\u00fastria de Franca). O evento vai acontecer neste fim de semana, entre sexta e domingo, dias 27, 28 e 29, no Complexo Hidromar. A entrada ser\u00e1 a doa\u00e7\u00e3o de 1 kg de alimento ou produto de limpeza, que ser\u00e3o destinados a entidades assistenciais da cidade.<\/p>\n<p style=\"font-weight: 400;\">\u201cO N\u00facleo de Cervejeiros Artesanais do Empreender ACIF \u00e9 um grande incentivador do segmento na cidade. Seus eventos t\u00eam o objetivo de engajar a comunidade na cultura cervejeira e movimentar a economia do setor\u201d, afirma o gestor do Empreender ACIF Jaider Silva. \u201cCom base nos eventos anteriores, esperamos que milhares de pessoas prestigiem a Oktoberfest durante seus tr\u00eas dias de atividade\u201d, completa.<\/p>\n<p style=\"font-weight: 400;\">O festival ser\u00e1 marcado por uma programa\u00e7\u00e3o musical ecl\u00e9tica, que ir\u00e1 contemplar o samba, o sertanejo e o rock \u2018n\u2019 roll. Est\u00e3o escaladas para o palco as bandas Black Hanna, Pindureta \u2013 Sambas e Afins, The Stocks, Willy Caolho, Banda Teed e Vitor &amp; Eduardo. A mesma diversidade ser\u00e1 encontrada na pra\u00e7a de alimenta\u00e7\u00e3o, que ir\u00e1 oferecer iguarias como joelho de porco, porco \u00e0 paraguaia, churrasco de ch\u00e3o, parrilla, al\u00e9m de pizza, hamb\u00farguer, batata frita e fogazza.<\/p>\n<p style=\"font-weight: 400;\">Nas torneiras, ser\u00e3o servidos 24 estilos de cervejas artesanais produzidas pelas cervejarias \u00c1tomos, Barbosa, Duzapa, JT, Rinaldi e Rural. Estar\u00e3o dispon\u00edveis para consumo estilos como Ipa, Pilsen, Vienna, Cream Ale, Weiss, Session, American Wheat, Festbier, Cookie Avel\u00e3, Dunkel Weis, American Lager e Lemon Hadler.<\/p>\n<p style=\"font-weight: 400;\">V\u00e1lido lembrar que, em raz\u00e3o da tempestade ocorrida no \u00faltimo dia 19, a data da Oktoberfest foi transferida para este fim de semana, com um dia a mais de evento.<\/p>\n<p style=\"font-weight: 400;\"><strong>Confira a Programa\u00e7\u00e3o<\/strong><\/p>\n<p style=\"font-weight: 400;\"><strong>Data: 27\/10, sexta-feira<\/strong><\/p>\n<p style=\"font-weight: 400;\">Hor\u00e1rio: das 18h \u00e0s 23h.<\/p>\n<p style=\"font-weight: 400;\">Banda: Black Hanna, \u00e0s 20h.<\/p>\n<p style=\"font-weight: 400;\"><strong>Data: 28\/10, s\u00e1bado<\/strong><\/p>\n<p style=\"font-weight: 400;\">Hor\u00e1rio: das 12h \u00e0s 23h.<\/p>\n<p style=\"font-weight: 400;\">Bandas: Pindureta \u2013 Sambas e Afins, \u00e0s 14h \/ Pindureta, \u00e0s 17h \/ The Stocks, \u00e0s 19h30.<\/p>\n<p style=\"font-weight: 400;\"><strong>Data: 29\/10, domingo<\/strong><\/p>\n<p style=\"font-weight: 400;\">Hor\u00e1rio: das 12h \u00e0s 23h.<\/p>\n<p style=\"font-weight: 400;\">Banda: Vitor &amp; Eduardo, \u00e0s 13h \/ Willy Caolho, \u00e0s 16h \/ Banda Teed, \u00e0s 19h.<\/p>\n<p style=\"font-weight: 400;\">\n<p style=\"font-weight: 400;\"><strong>Local:<\/strong>\u00a0Complexo Hidromar &#8211; Avenida Alonso Y Alonso, 2901 \u2013 Bairro S\u00e3o Jos\u00e9.<\/p>\n<p style=\"font-weight: 400;\"><strong>Entrada:<\/strong>\u00a01 kg de alimento ou 1 produto de limpeza.<\/p>\n","protected":false},"excerpt":{"rendered":"<p>Samba, rock e sertanejo far\u00e3o parte da programa\u00e7\u00e3o, que come\u00e7a nesta sexta Seis cervejarias, 24 estilos de artesanais, seis bandas, tr\u00eas dias e milhares de pessoas:<span class=\"excerpt-hellip\"> [\u2026]<\/span><\/p>\n","protected":false},"author":4,"featured_media":38669,"comment_status":"open","ping_status":"open","sticky":false,"template":"","format":"standard","meta":{"_jetpack_memberships_contains_paid_content":false,"footnotes":"","jetpack_publicize_message":"","jetpack_publicize_feature_enabled":true,"jetpack_social_post_already_shared":false,"jetpack_social_options":{"image_generator_settings":{"template":"highway","default_image_id":0,"enabled":false},"version":2}},"categories":[28,44],"tags":[],"class_list":["post-38666","post","type-post","status-publish","format-standard","has-post-thumbnail","hentry","category-cotidiano","category-noticias"],"yoast_head":"<!-- This site is optimized with the Yoast SEO plugin v25.6 - https:\/\/yoast.com\/wordpress\/plugins\/seo\/ -->\n<title>N\u00facleo de Cervejeiros ACIF promover\u00e1 3 dias de Oktoberfest, no fim de semana - VerdadeOn<\/title>\n<meta name=\"robots\" content=\"index, follow, max-snippet:-1, max-image-preview:large, max-video-preview:-1\" \/>\n<link rel=\"canonical\" href=\"https:\/\/verdadeon.com.br\/portal\/2023\/10\/25\/nucleo-de-cervejeiros-acif-promovera-3-dias-de-oktoberfest-no-fim-de-semana\/\" \/>\n<meta property=\"og:locale\" content=\"pt_BR\" \/>\n<meta property=\"og:type\" content=\"article\" \/>\n<meta property=\"og:title\" content=\"N\u00facleo de Cervejeiros ACIF promover\u00e1 3 dias de Oktoberfest, no fim de semana - VerdadeOn\" \/>\n<meta property=\"og:description\" content=\"Samba, rock e sertanejo far\u00e3o parte da programa\u00e7\u00e3o, que come\u00e7a nesta sexta Seis cervejarias, 24 estilos de artesanais, seis bandas, tr\u00eas dias e milhares de pessoas: [\u2026]\" \/>\n<meta property=\"og:url\" content=\"https:\/\/verdadeon.com.br\/portal\/2023\/10\/25\/nucleo-de-cervejeiros-acif-promovera-3-dias-de-oktoberfest-no-fim-de-semana\/\" \/>\n<meta property=\"og:site_name\" content=\"VerdadeOn\" \/>\n<meta property=\"article:published_time\" content=\"2023-10-25T19:52:37+00:00\" \/>\n<meta property=\"og:image\" content=\"https:\/\/verdadeon.com.br\/portal\/wp-content\/uploads\/2023\/10\/Wilker-Maia-ACIF-18.jpg\" \/>\n\t<meta property=\"og:image:width\" content=\"1000\" \/>\n\t<meta property=\"og:image:height\" content=\"670\" \/>\n\t<meta property=\"og:image:type\" content=\"image\/jpeg\" \/>\n<meta name=\"author\" content=\"Fernando Calixto\" \/>\n<meta name=\"twitter:card\" content=\"summary_large_image\" \/>\n<meta name=\"twitter:label1\" content=\"Escrito por\" \/>\n\t<meta name=\"twitter:data1\" content=\"Fernando Calixto\" \/>\n\t<meta name=\"twitter:label2\" content=\"Est. tempo de leitura\" \/>\n\t<meta name=\"twitter:data2\" content=\"3 minutos\" \/>\n<script type=\"application\/ld+json\" class=\"yoast-schema-graph\">{\"@context\":\"https:\/\/schema.org\",\"@graph\":[{\"@type\":\"WebPage\",\"@id\":\"https:\/\/verdadeon.com.br\/portal\/2023\/10\/25\/nucleo-de-cervejeiros-acif-promovera-3-dias-de-oktoberfest-no-fim-de-semana\/\",\"url\":\"https:\/\/verdadeon.com.br\/portal\/2023\/10\/25\/nucleo-de-cervejeiros-acif-promovera-3-dias-de-oktoberfest-no-fim-de-semana\/\",\"name\":\"N\u00facleo de Cervejeiros ACIF promover\u00e1 3 dias de Oktoberfest, no fim de semana - VerdadeOn\",\"isPartOf\":{\"@id\":\"https:\/\/verdadeon.com.br\/portal\/#website\"},\"primaryImageOfPage\":{\"@id\":\"https:\/\/verdadeon.com.br\/portal\/2023\/10\/25\/nucleo-de-cervejeiros-acif-promovera-3-dias-de-oktoberfest-no-fim-de-semana\/#primaryimage\"},\"image\":{\"@id\":\"https:\/\/verdadeon.com.br\/portal\/2023\/10\/25\/nucleo-de-cervejeiros-acif-promovera-3-dias-de-oktoberfest-no-fim-de-semana\/#primaryimage\"},\"thumbnailUrl\":\"https:\/\/i0.wp.com\/verdadeon.com.br\/portal\/wp-content\/uploads\/2023\/10\/Wilker-Maia-ACIF-18.jpg?fit=1000%2C670&ssl=1\",\"datePublished\":\"2023-10-25T19:52:37+00:00\",\"author\":{\"@id\":\"https:\/\/verdadeon.com.br\/portal\/#\/schema\/person\/8994718f49ee62ba5610471e29ca1f62\"},\"breadcrumb\":{\"@id\":\"https:\/\/verdadeon.com.br\/portal\/2023\/10\/25\/nucleo-de-cervejeiros-acif-promovera-3-dias-de-oktoberfest-no-fim-de-semana\/#breadcrumb\"},\"inLanguage\":\"pt-BR\",\"potentialAction\":[{\"@type\":\"ReadAction\",\"target\":[\"https:\/\/verdadeon.com.br\/portal\/2023\/10\/25\/nucleo-de-cervejeiros-acif-promovera-3-dias-de-oktoberfest-no-fim-de-semana\/\"]}]},{\"@type\":\"ImageObject\",\"inLanguage\":\"pt-BR\",\"@id\":\"https:\/\/verdadeon.com.br\/portal\/2023\/10\/25\/nucleo-de-cervejeiros-acif-promovera-3-dias-de-oktoberfest-no-fim-de-semana\/#primaryimage\",\"url\":\"https:\/\/i0.wp.com\/verdadeon.com.br\/portal\/wp-content\/uploads\/2023\/10\/Wilker-Maia-ACIF-18.jpg?fit=1000%2C670&ssl=1\",\"contentUrl\":\"https:\/\/i0.wp.com\/verdadeon.com.br\/portal\/wp-content\/uploads\/2023\/10\/Wilker-Maia-ACIF-18.jpg?fit=1000%2C670&ssl=1\",\"width\":1000,\"height\":670,\"caption\":\"O festival ser\u00e1 marcado por uma programa\u00e7\u00e3o musical ecl\u00e9tica, que ir\u00e1 contemplar o samba, o sertanejo e o rock \u2018n\u2019 roll | Foto: Wilker Maia\/ACIF\"},{\"@type\":\"BreadcrumbList\",\"@id\":\"https:\/\/verdadeon.com.br\/portal\/2023\/10\/25\/nucleo-de-cervejeiros-acif-promovera-3-dias-de-oktoberfest-no-fim-de-semana\/#breadcrumb\",\"itemListElement\":[{\"@type\":\"ListItem\",\"position\":1,\"name\":\"In\u00edcio\",\"item\":\"https:\/\/verdadeon.com.br\/portal\/\"},{\"@type\":\"ListItem\",\"position\":2,\"name\":\"N\u00facleo de Cervejeiros ACIF promover\u00e1 3 dias de Oktoberfest, no fim de semana\"}]},{\"@type\":\"WebSite\",\"@id\":\"https:\/\/verdadeon.com.br\/portal\/#website\",\"url\":\"https:\/\/verdadeon.com.br\/portal\/\",\"name\":\"VerdadeOn\",\"description\":\"Not\u00edcias di\u00e1rias sobre Franca, Regi\u00e3o, Esporte, Cultura, Cotidiano, Colunas. Cobertura nos principais eventos da cidade \u00e9 aqui - Verdadeon Franca\",\"potentialAction\":[{\"@type\":\"SearchAction\",\"target\":{\"@type\":\"EntryPoint\",\"urlTemplate\":\"https:\/\/verdadeon.com.br\/portal\/?s={search_term_string}\"},\"query-input\":{\"@type\":\"PropertyValueSpecification\",\"valueRequired\":true,\"valueName\":\"search_term_string\"}}],\"inLanguage\":\"pt-BR\"},{\"@type\":\"Person\",\"@id\":\"https:\/\/verdadeon.com.br\/portal\/#\/schema\/person\/8994718f49ee62ba5610471e29ca1f62\",\"name\":\"Fernando Calixto\",\"image\":{\"@type\":\"ImageObject\",\"inLanguage\":\"pt-BR\",\"@id\":\"https:\/\/verdadeon.com.br\/portal\/#\/schema\/person\/image\/\",\"url\":\"https:\/\/secure.gravatar.com\/avatar\/7578910c24966c0316c340f9dbd601e93ee9f9212e1033968b367af9306bd9fb?s=96&d=mm&r=g\",\"contentUrl\":\"https:\/\/secure.gravatar.com\/avatar\/7578910c24966c0316c340f9dbd601e93ee9f9212e1033968b367af9306bd9fb?s=96&d=mm&r=g\",\"caption\":\"Fernando Calixto\"},\"url\":\"https:\/\/verdadeon.com.br\/portal\/author\/fernando-calixto\/\"}]}<\/script>\n<!-- \/ Yoast SEO plugin. -->","yoast_head_json":{"title":"N\u00facleo de Cervejeiros ACIF promover\u00e1 3 dias de Oktoberfest, no fim de semana - VerdadeOn","robots":{"index":"index","follow":"follow","max-snippet":"max-snippet:-1","max-image-preview":"max-image-preview:large","max-video-preview":"max-video-preview:-1"},"canonical":"https:\/\/verdadeon.com.br\/portal\/2023\/10\/25\/nucleo-de-cervejeiros-acif-promovera-3-dias-de-oktoberfest-no-fim-de-semana\/","og_locale":"pt_BR","og_type":"article","og_title":"N\u00facleo de Cervejeiros ACIF promover\u00e1 3 dias de Oktoberfest, no fim de semana - VerdadeOn","og_description":"Samba, rock e sertanejo far\u00e3o parte da programa\u00e7\u00e3o, que come\u00e7a nesta sexta Seis cervejarias, 24 estilos de artesanais, seis bandas, tr\u00eas dias e milhares de pessoas: [\u2026]","og_url":"https:\/\/verdadeon.com.br\/portal\/2023\/10\/25\/nucleo-de-cervejeiros-acif-promovera-3-dias-de-oktoberfest-no-fim-de-semana\/","og_site_name":"VerdadeOn","article_published_time":"2023-10-25T19:52:37+00:00","og_image":[{"width":1000,"height":670,"url":"https:\/\/verdadeon.com.br\/portal\/wp-content\/uploads\/2023\/10\/Wilker-Maia-ACIF-18.jpg","type":"image\/jpeg"}],"author":"Fernando Calixto","twitter_card":"summary_large_image","twitter_misc":{"Escrito por":"Fernando Calixto","Est. tempo de leitura":"3 minutos"},"schema":{"@context":"https:\/\/schema.org","@graph":[{"@type":"WebPage","@id":"https:\/\/verdadeon.com.br\/portal\/2023\/10\/25\/nucleo-de-cervejeiros-acif-promovera-3-dias-de-oktoberfest-no-fim-de-semana\/","url":"https:\/\/verdadeon.com.br\/portal\/2023\/10\/25\/nucleo-de-cervejeiros-acif-promovera-3-dias-de-oktoberfest-no-fim-de-semana\/","name":"N\u00facleo de Cervejeiros ACIF promover\u00e1 3 dias de Oktoberfest, no fim de semana - VerdadeOn","isPartOf":{"@id":"https:\/\/verdadeon.com.br\/portal\/#website"},"primaryImageOfPage":{"@id":"https:\/\/verdadeon.com.br\/portal\/2023\/10\/25\/nucleo-de-cervejeiros-acif-promovera-3-dias-de-oktoberfest-no-fim-de-semana\/#primaryimage"},"image":{"@id":"https:\/\/verdadeon.com.br\/portal\/2023\/10\/25\/nucleo-de-cervejeiros-acif-promovera-3-dias-de-oktoberfest-no-fim-de-semana\/#primaryimage"},"thumbnailUrl":"https:\/\/i0.wp.com\/verdadeon.com.br\/portal\/wp-content\/uploads\/2023\/10\/Wilker-Maia-ACIF-18.jpg?fit=1000%2C670&ssl=1","datePublished":"2023-10-25T19:52:37+00:00","author":{"@id":"https:\/\/verdadeon.com.br\/portal\/#\/schema\/person\/8994718f49ee62ba5610471e29ca1f62"},"breadcrumb":{"@id":"https:\/\/verdadeon.com.br\/portal\/2023\/10\/25\/nucleo-de-cervejeiros-acif-promovera-3-dias-de-oktoberfest-no-fim-de-semana\/#breadcrumb"},"inLanguage":"pt-BR","potentialAction":[{"@type":"ReadAction","target":["https:\/\/verdadeon.com.br\/portal\/2023\/10\/25\/nucleo-de-cervejeiros-acif-promovera-3-dias-de-oktoberfest-no-fim-de-semana\/"]}]},{"@type":"ImageObject","inLanguage":"pt-BR","@id":"https:\/\/verdadeon.com.br\/portal\/2023\/10\/25\/nucleo-de-cervejeiros-acif-promovera-3-dias-de-oktoberfest-no-fim-de-semana\/#primaryimage","url":"https:\/\/i0.wp.com\/verdadeon.com.br\/portal\/wp-content\/uploads\/2023\/10\/Wilker-Maia-ACIF-18.jpg?fit=1000%2C670&ssl=1","contentUrl":"https:\/\/i0.wp.com\/verdadeon.com.br\/portal\/wp-content\/uploads\/2023\/10\/Wilker-Maia-ACIF-18.jpg?fit=1000%2C670&ssl=1","width":1000,"height":670,"caption":"O festival ser\u00e1 marcado por uma programa\u00e7\u00e3o musical ecl\u00e9tica, que ir\u00e1 contemplar o samba, o sertanejo e o rock \u2018n\u2019 roll | Foto: Wilker Maia\/ACIF"},{"@type":"BreadcrumbList","@id":"https:\/\/verdadeon.com.br\/portal\/2023\/10\/25\/nucleo-de-cervejeiros-acif-promovera-3-dias-de-oktoberfest-no-fim-de-semana\/#breadcrumb","itemListElement":[{"@type":"ListItem","position":1,"name":"In\u00edcio","item":"https:\/\/verdadeon.com.br\/portal\/"},{"@type":"ListItem","position":2,"name":"N\u00facleo de Cervejeiros ACIF promover\u00e1 3 dias de Oktoberfest, no fim de semana"}]},{"@type":"WebSite","@id":"https:\/\/verdadeon.com.br\/portal\/#website","url":"https:\/\/verdadeon.com.br\/portal\/","name":"VerdadeOn","description":"Not\u00edcias di\u00e1rias sobre Franca, Regi\u00e3o, Esporte, Cultura, Cotidiano, Colunas. Cobertura nos principais eventos da cidade \u00e9 aqui - Verdadeon Franca","potentialAction":[{"@type":"SearchAction","target":{"@type":"EntryPoint","urlTemplate":"https:\/\/verdadeon.com.br\/portal\/?s={search_term_string}"},"query-input":{"@type":"PropertyValueSpecification","valueRequired":true,"valueName":"search_term_string"}}],"inLanguage":"pt-BR"},{"@type":"Person","@id":"https:\/\/verdadeon.com.br\/portal\/#\/schema\/person\/8994718f49ee62ba5610471e29ca1f62","name":"Fernando Calixto","image":{"@type":"ImageObject","inLanguage":"pt-BR","@id":"https:\/\/verdadeon.com.br\/portal\/#\/schema\/person\/image\/","url":"https:\/\/secure.gravatar.com\/avatar\/7578910c24966c0316c340f9dbd601e93ee9f9212e1033968b367af9306bd9fb?s=96&d=mm&r=g","contentUrl":"https:\/\/secure.gravatar.com\/avatar\/7578910c24966c0316c340f9dbd601e93ee9f9212e1033968b367af9306bd9fb?s=96&d=mm&r=g","caption":"Fernando Calixto"},"url":"https:\/\/verdadeon.com.br\/portal\/author\/fernando-calixto\/"}]}},"jetpack_publicize_connections":[],"jetpack_featured_media_url":"https:\/\/i0.wp.com\/verdadeon.com.br\/portal\/wp-content\/uploads\/2023\/10\/Wilker-Maia-ACIF-18.jpg?fit=1000%2C670&ssl=1","jetpack_sharing_enabled":true,"_links":{"self":[{"href":"https:\/\/verdadeon.com.br\/portal\/wp-json\/wp\/v2\/posts\/38666","targetHints":{"allow":["GET"]}}],"collection":[{"href":"https:\/\/verdadeon.com.br\/portal\/wp-json\/wp\/v2\/posts"}],"about":[{"href":"https:\/\/verdadeon.com.br\/portal\/wp-json\/wp\/v2\/types\/post"}],"author":[{"embeddable":true,"href":"https:\/\/verdadeon.com.br\/portal\/wp-json\/wp\/v2\/users\/4"}],"replies":[{"embeddable":true,"href":"https:\/\/verdadeon.com.br\/portal\/wp-json\/wp\/v2\/comments?post=38666"}],"version-history":[{"count":1,"href":"https:\/\/verdadeon.com.br\/portal\/wp-json\/wp\/v2\/posts\/38666\/revisions"}],"predecessor-version":[{"id":38670,"href":"https:\/\/verdadeon.com.br\/portal\/wp-json\/wp\/v2\/posts\/38666\/revisions\/38670"}],"wp:featuredmedia":[{"embeddable":true,"href":"https:\/\/verdadeon.com.br\/portal\/wp-json\/wp\/v2\/media\/38669"}],"wp:attachment":[{"href":"https:\/\/verdadeon.com.br\/portal\/wp-json\/wp\/v2\/media?parent=38666"}],"wp:term":[{"taxonomy":"category","embeddable":true,"href":"https:\/\/verdadeon.com.br\/portal\/wp-json\/wp\/v2\/categories?post=38666"},{"taxonomy":"post_tag","embeddable":true,"href":"https:\/\/verdadeon.com.br\/portal\/wp-json\/wp\/v2\/tags?post=38666"}],"curies":[{"name":"wp","href":"https:\/\/api.w.org\/{rel}","templated":true}]}}