{"id":38660,"date":"2023-10-25T15:43:41","date_gmt":"2023-10-25T18:43:41","guid":{"rendered":"https:\/\/verdadeon.com.br\/portal\/?p=38660"},"modified":"2023-10-25T15:43:41","modified_gmt":"2023-10-25T18:43:41","slug":"aprovadas-urgencias-para-garantir-piso-aos-enfermeiros-da-hemodialise-e-parceria-com-a-cooperfran","status":"publish","type":"post","link":"https:\/\/verdadeon.com.br\/portal\/2023\/10\/25\/aprovadas-urgencias-para-garantir-piso-aos-enfermeiros-da-hemodialise-e-parceria-com-a-cooperfran\/","title":{"rendered":"Aprovadas urg\u00eancias para garantir piso aos enfermeiros da hemodi\u00e1lise e parceria com a Cooperfran"},"content":{"rendered":"<h2>Reuni\u00e3o aconteceu nessa ter\u00e7a-feira, 24, na C\u00e2mara Municipal<\/h2>\n<p>Os vereadores se reuniram nesta ter\u00e7a-feira, 24 de outubro, para discuss\u00e3o e vota\u00e7\u00f5es de projetos na 38\u00aa Sess\u00e3o Ordin\u00e1ria<\/p>\n<p>No per\u00edodo da manh\u00e3 aconteceu o Expediente com as leituras dos documentos e of\u00edcios, al\u00e9m de uso da Tribuna. \u00c0 tarde,\u00a0a partir das 14h, foram debatidos e votados os temas que passaram por an\u00e1lise das comiss\u00f5es da Casa de Leis e ou propostas inclu\u00eddas em regime de urg\u00eancia.<\/p>\n<p><strong>Piso da enfermagem<\/strong><\/p>\n<p>Aprovado em regime de urg\u00eancia o Projeto de Lei Ordin\u00e1ria 129\/2023 de autoria do prefeito Alexandre Ferreira (MDB) que altera inciso II do art. 5\u00ba da Lei Complementar Municipal n\u00ba 413, de 26 de julho de 2023, observado o art. 1\u00ba da Lei Municipal n\u00ba 9.409, de 30 de agosto de 2023, e d\u00e1 outras disposi\u00e7\u00f5es.<\/p>\n<p>Segundo a proposta: &#8220;Trata de altera\u00e7\u00e3o da Lei Complementar Municipal n\u00ba 413, de 26 de julho de 2023, que criou a Gratifica\u00e7\u00e3o ADI 7.222\/STF &#8211; Enfermagem e a Gratifica\u00e7\u00e3o ADI 7.222\/STF &#8211; Enfermagem (Suplementar) para os Profissionais de Enfermagem, observada a Lei n\u00ba 9.409, de 30 de agosto de 2023, para incluir a transfer\u00eancia destinada aos servi\u00e7os de nefrologia, visto que, o Minist\u00e9rio da Sa\u00fade (atrav\u00e9s do Sistema InvestSUS) garantiu a implementa\u00e7\u00e3o do piso para os profissionais da enfermagem que atuam em estabelecimentos que atendem pelo menos 60% dos(as) seus(suas) pacientes pelo SUS&#8221;.<\/p>\n<p>O prefeito acrescentou: &#8220;Os recursos s\u00e3o vinculados a transfer\u00eancias da Uni\u00e3o, atrav\u00e9s do Minist\u00e9rio da Sa\u00fade, de compet\u00eancias de maio a dezembro deste ano, em complemento \u00e0 mat\u00e9ria financeira constante da Lei Complementar n\u00ba 413, de 26 de julho de 2023, possibilitar\u00e1 a realiza\u00e7\u00e3o dos pagamentos aos trabalhadores beneficiados (da referida empresa), conforme Processo Administrativo n\u00ba 2023046074&#8221;.<\/p>\n<p>Ainda segundo o projeto, o valor da despesa para 2023 \u00e9 de R$ 550 mil.<\/p>\n<p>O vereador Gilson Pelizaro (PT) comentou: &#8220;Esse projeto foi motivo de questionamento que fiz pela manh\u00e3 e vem para regularizar a situa\u00e7\u00e3o do pessoal que trabalha na hemodi\u00e1lise, enfermeiros e t\u00e9cnicos de enfermagem&#8221;. Ele continua: &#8220;Trata-se de uma empresa que presta o servi\u00e7o para Franca e mais de 60% dos servi\u00e7os s\u00e3o voltado ao SUS. E isso significa que est\u00e1 adequada para receber esse aux\u00edlio do Piso Nacional da Enfermagem&#8221;, acrescentou.<\/p>\n<p><strong>Cooperfran<\/strong><\/p>\n<p>Aprovado em regime de urg\u00eancia o Projeto de Lei Ordin\u00e1ria 128\/2023 de autoria do prefeito Alexandre Ferreira (MDB) que altera a Lei n\u00ba 9.393, de 29 de junho de 2023, que autorizou celebrar Termo de Colabora\u00e7\u00e3o com a COOPERFRAN, e d\u00e1 outras disposi\u00e7\u00f5es. (MSG 052\/2023).<\/p>\n<p>De acordo com documento, &#8220;Fica o Poder Executivo autorizado, atrav\u00e9s da Secretaria Municipal de Finan\u00e7as, observadas as disposi\u00e7\u00f5es das Leis Federais n\u00ba. 4.320\/1964 e Lei Complementar n\u00ba 101\/2000, a proceder a altera\u00e7\u00f5es no Or\u00e7amento de 2023, aprovado atrav\u00e9s da Lei n\u00ba. 9.290, de 07 de dezembro de 2022, mediante abertura de cr\u00e9dito adicional suplementar no valor de at\u00e9 R$ 130.520,00 (cento e trinta mil, quinhentos e vinte reais)&#8221;.<\/p>\n<p>E ainda acrescenta: &#8220;O MUNIC\u00cdPIO transferir\u00e1 \u00e0 ORGANIZA\u00c7\u00c3O DA SOCIEDADE CIVIL o valor total de at\u00e9 R$ 163,15 (cento e sessenta e tr\u00eas reais e quinze centavos) por tonelada, e a ceder\u00e1 o uso de uma retroescavadeira para apoiar a opera\u00e7\u00e3o de triagem de acordo com o plano de aplica\u00e7\u00e3o previstos no Plano de Trabalho aprovado&#8221;.<\/p>\n<p><strong>Leil\u00e3o de animais<\/strong><\/p>\n<p>Foram aprovados o Projeto de Lei Complementar n\u00ba 7\/2023 e o Projeto de Lei Complementar n\u00ba 9\/2023.<\/p>\n<p>De autoria da vereadora Lindsay Cardoso o Projeto de Lei Complementar n\u00ba 7\/2023 modifica o cap\u00edtulo IV da Lei Complementar n\u00ba 229, de 25 de novembro de 2013, que institui o C\u00f3digo de Defesa dos Animais do Munic\u00edpio de Franca.<\/p>\n<p>Trata-se da proibi\u00e7\u00e3o de circula\u00e7\u00e3o de animais de grande porte no munic\u00edpio. A autora argumenta: &#8220;O objetivo \u00e9 providenciar mais qualidade de vida para animais de grande porte, garantindo que ter\u00e3o o conforto e seguran\u00e7a necess\u00e1rias depois de serem devolvidos aos seus antigos donos ou vendidos em leil\u00e3o p\u00fablico&#8221;.<\/p>\n<p>A parlamentar acrescenta: &#8220;In\u00fameros casos de animais de grande porte s\u00e3o encontrados transitando irregularmente em vias p\u00fablicas, recolhidos ao Canil Municipal, devolvidos aos donos ou vendidos em leil\u00e3o, s\u00f3 para em seguida serem encontrados vagando nas ruas novamente. Nesses casos, os propriet\u00e1rios do animal s\u00e3o multados, mas a regularidade de tais ocorr\u00eancias demonstra que somente a aplica\u00e7\u00e3o da multa n\u00e3o \u00e9 suficiente para impedir o abandono dos animais de grande porte. Urge, ent\u00e3o, o endurecimento da legisla\u00e7\u00e3o existente&#8221;, defende a vereadora.<\/p>\n<p>Pela proposta, fica proibida a perman\u00eancia de bovinos, equ\u00eddeos e demais animais de grande porte nos logradouros p\u00fablicos.<\/p>\n<p>O texto ainda prev\u00ea: &#8220;Excetua-se do disposto neste artigo os animais usados para tra\u00e7\u00e3o animal que estejam devidamente cadastrados na Prefeitura Municipal de Franca e o propriet\u00e1rio do animal apreendido s\u00f3 poder\u00e1 retir\u00e1-lo do Canil Municipal ap\u00f3s provar a sua propriedade e posse, tempor\u00e1ria ou definitiva, de \u00e1rea verde com espa\u00e7o adequado para a pastagem do animal e local coberto para proteg\u00ea-lo do sol e da chuva; e ap\u00f3s pagar a multa devida, as despesas de transportes e manuten\u00e7\u00e3o e despesas com edital, cabendo-lhe ainda a responsabilidade por quaisquer danos causados pelo animal&#8221;.<\/p>\n<p>Entre as regras est\u00e3o, a apresenta\u00e7\u00e3o junto ao setor de Vigil\u00e2ncia Ambiental fotoc\u00f3pia da identidade, fotoc\u00f3pia do CPF, declara\u00e7\u00e3o pessoal confirmando ser leg\u00edtimo condutor do animal e ve\u00edculo de tra\u00e7\u00e3o, comprovante de endere\u00e7o, dever\u00e1 comprovar a exist\u00eancia de \u00e1rea verde ou espa\u00e7o adequado para pastagem do animal, local coberto para protege-lo do sol e da chuva, \u00e9 proibida utiliza\u00e7\u00e3o de \u00e1reas p\u00fablicas e de preserva\u00e7\u00e3o permanente para pastagem dos animais, inspe\u00e7\u00e3o e an\u00e1lise cl\u00ednica do animal, identifica\u00e7\u00e3o com microchip, emiss\u00e3o de certificado de vistoria e sanidade do animal, vistoria das carro\u00e7as com exig\u00eancia de faixas refletivas, condi\u00e7\u00f5es de pneus, placa de identifica\u00e7\u00e3o e outras regras.<\/p>\n<p><strong>Retirada de animais<\/strong><\/p>\n<p>Tamb\u00e9m aprovado o Projeto de Lei Complementar n\u00ba 9\/2023, de autoria do Prefeito Municipal, que altera a Lei Municipal 2.047, de 07 de janeiro de 1972, para exigir cadastro de im\u00f3vel rural no GEDAVE \u2013 Gest\u00e3o de Defesa Animal da Secretaria de Agricultura e Abastecimento do Estado de S\u00e3o Paulo para a retirada de animais de grande porte apreendidos.<\/p>\n<p>A proposta prev\u00ea regras para retirada de animais e incluiu o par\u00e1grafo 2\u00ba-A ao artigo 316 da Lei Municipal 2.047, de 07 de janeiro de 1972 que diz: &#8220;Em se tratando de equinos, bovinos, caprinos, ovinos, su\u00ednos, muares e bufalinos, para retir\u00e1-los, al\u00e9m da prova da propriedade do animal, o requerente dever\u00e1 comprovar: I &#8211; que possui cadastro de Im\u00f3vel Rural no GEDAVE \u2013 Gest\u00e3o de Defesa Animal da Secretaria de Agricultura e Abastecimento do Estado de S\u00e3o Paulo, para onde o animal ser\u00e1 encaminhado. Em se tratando de possuidor, o propriet\u00e1rio do im\u00f3vel rural dever\u00e1 anuir com a retirada do animal; II &#8211; transporte adequado, mediante o Recolhimento da Guia de Tr\u00e2nsito Animal para im\u00f3vel rural indicado no inciso anterior; III &#8211; a inexist\u00eancia de d\u00e9bitos relacionados \u00e0s despesas de transporte, manuten\u00e7\u00e3o e do edital, a que se refere o \u00a7 2\u00ba deste artigo; IV &#8211; a inexist\u00eancia de d\u00e9bitos por infra\u00e7\u00f5es administrativas de compet\u00eancia do Munic\u00edpio relacionadas a animais&#8221;.<\/p>\n<p>E ainda, altera-se a reda\u00e7\u00e3o do artigo 318, caput, como tamb\u00e9m fica acrescentado os par\u00e1grafos primeiro em segundo, todos da Lei Municipal 2.047, de 07 de janeiro de 1972, os quais passar\u00e3o a vigorar com a seguinte reda\u00e7\u00e3o: &#8220;\u00e0 exce\u00e7\u00e3o dos c\u00e3es de ra\u00e7a, somente poder\u00e3o se habilitar para participar do leil\u00e3o os interessados que possu\u00edrem pr\u00e9vio cadastro de Im\u00f3vel Rural no GEDAVE \u2013 Gest\u00e3o de Defesa Animal da Secretaria de Agricultura e Abastecimento do Estado de S\u00e3o Paulo, para onde o animal ser\u00e1 encaminhado&#8221;.<\/p>\n<p>Durante Audi\u00eancia P\u00fablica sobre o tema, o Secret\u00e1rio Municipal de Meio Ambiente Rui Engracia Garcia Caluz comentou: &#8220;Ao meu ver os dois projetos t\u00eam o mesmo objetivo, o PLC 9\/2023 vindo do prefeito complementa outra situa\u00e7\u00e3o. Hoje temos no Canil os animais que ficam abrigados quando s\u00e3o recolhidos das ruas e a pessoa tem cinco dias para retirar esses animais. Ela vai l\u00e1, paga a estadia e tira esse animal. Na terceira vez que o mesmo animal \u00e9 apreendido n\u00e3o pode ser mais entregue aos seus propriet\u00e1rios e vai para leil\u00e3o&#8221;.<\/p>\n<p>&#8220;Muitas vezes o propriet\u00e1rio dos animais t\u00eam d\u00e9bitos com a Prefeitura decorrente dessas multas e mesmo sem pagar essas multas consegue adquirir o animal novamente e n\u00e3o ter o destino correto. Inclusive infringindo uma Lei Estadual que fala que tem que ter o Guia de Transporte Animal (GTA) para retirar o animal de l\u00e1. \u00c9 uma falha nossa e que estamos tentando corrigir dentro desse projeto de lei&#8221;, explicou.<\/p>\n<p>&#8220;Quando se fala em ter cadastro de im\u00f3vel no GEDAVE \u00e9 justamente para que se tenha a prova de uma \u00e1rea adequada para levar esse animal&#8221;, concluiu.<\/p>\n<p>A vereadora Lindsay Cardoso ressaltou: &#8220;Vamos fazer emenda supressiva para os projetos, n\u00e3o ser\u00e1 preciso comprovar um im\u00f3vel rural para abrigar animais de grande porte, o dono ter\u00e1 que comprovar que tem um im\u00f3vel, mas pode ser uma ch\u00e1cara ou um s\u00edtio. E a outra mudan\u00e7a, estamos retirando da Lei de 1972 que autoriza leil\u00e3o de animais de ra\u00e7a, n\u00e3o h\u00e1 necessidade, vamos retirar esse trecho&#8221;.<\/p>\n<p><strong>Programa Parada Segura<\/strong><\/p>\n<p>Foram debatidos e aprovados o Requerimento N\u00ba 613\/2023 de autoria do vereador Della Motta (Podemos) questionando a Prefeitura informa\u00e7\u00f5es sobre o motivo pelo qual ainda n\u00e3o foi disponibilizado e compartilhado o link de monitoramento das c\u00e2meras de seguran\u00e7a, instaladas pela Prefeitura Municipal, com a Pol\u00edcia Militar, bem como quando ser\u00e1 feita esta disponibiliza\u00e7\u00e3o.<\/p>\n<p>O vereador Della Motta (Podemos) comentou: &#8220;Fiquei sabendo mais cedo que v\u00e3o providenciar, o quanto mais r\u00e1pido acontecer, melhor! Na realidade esse monitoramento est\u00e1 sendo realizado pela Guarda Municipal e se tiver o link na Pol\u00edcia Militar mais viaturas ter\u00e3o o atendimento da ocorr\u00eancia. Porque talvez a Guarda Municipal esteja empenhada, e at\u00e9 entrar contato com 190 cai l\u00e1 em Ribeir\u00e3o Preto! E se a PM j\u00e1 tem o link o tempo resposta \u00e9 menor, concluiu.<\/p>\n<p>O vereador Marcelo Tidy (Podemos) disse: &#8220;Essas c\u00e2meras j\u00e1 tem uma repercuss\u00e3o muito grande, mas trabalhando em conjunto com a Pol\u00edcia Militar vai ajudar e muito a nossa popula\u00e7\u00e3o na quest\u00e3o da seguran\u00e7a&#8221;.<\/p>\n<p><strong>Atletismo Paral\u00edmpico do Munic\u00edpio<\/strong><\/p>\n<p>Gilson Pelizaro questionou: &#8220;O esporte paraol\u00edmpico n\u00e3o tem recebido a devida aten\u00e7\u00e3o da FEAC, e s\u00e3o, atletas de qualidade que recentemente nos Jogos Abertos conquistaram medalhas. E a gente pega o contraponto que a FEAC as vezes gasta com atletas de outras localidades para correr por Franca e n\u00e3o atende as necessidades daqui&#8221;.<\/p>\n<p>&#8220;Uma bolsa pequena que n\u00e3o incentiva! Estou pedindo uma aten\u00e7\u00e3o da Administra\u00e7\u00e3o P\u00fablica para o reconhecimento dessas atletas&#8221;, concluiu.<\/p>\n<p>Tidy (Uni\u00e3o) comentou: &#8220;S\u00e3o campe\u00f5es da vida! Superam as dificuldades tanto f\u00edsicas e mentais e s\u00e3o campe\u00f5es. Reitero o apoio n\u00e3o s\u00f3 da Prefeitura, mas a C\u00e2mara atrav\u00e9s de Audi\u00eancias e dos Podcasts pode tamb\u00e9m convidar esses atletas para virem aqui e a popula\u00e7\u00e3o os conhece-los porque merecem nosso respeito e equipamentos de primeira&#8221;.<\/p>\n<p>E de autoria do vereador Marcelo Tidy (Uni\u00e3o), foi aprovado o Requerimento 619\/2023. &#8220;Requeiro a solicitando que seja oficiado ao Sr. Prefeito, para notificar os propriet\u00e1rios de carros sem condi\u00e7\u00f5es de transitar na Avenida Magistrado Renato Sales Abreu&#8221;.<\/p>\n<p>O autor comentou: &#8220;Muitos ve\u00edculos que n\u00e3o t\u00eam condi\u00e7\u00f5es de uso e est\u00e3o abandonados. Esses dias, passei por um ve\u00edculo l\u00e1, e ao olhar no interior estava cheio de larvas e muitos estacionados em cima da cal\u00e7ada. Duas infra\u00e7\u00f5es, ve\u00edculos em p\u00e9ssimo estado e nas cal\u00e7adas que \u00e9 lugar de pedestres&#8221;.<\/p>\n<p>O vereador Ilton Ferreira (PL) lembrou: &#8220;Isso est\u00e1 na cidade inteira! Estou inclusive procurando leis para gente atacar isso de forma mais direta, mas a gente n\u00e3o v\u00ea fiscaliza\u00e7\u00e3o para isso para tomar provid\u00eancias. Que tenha multas elevadas e fiscaliza\u00e7\u00e3o mais firme&#8221;.<\/p>\n<p>Aprovado tamb\u00e9m o Requerimento 620\/2023 para que sejam feitos estudos para implementar o Programa Parada Segura em Franca, nos moldes do que est\u00e1 sendo feito em Porto Alegre.<\/p>\n<p>O autor ressaltou: &#8220;Se tem uma regula\u00e7\u00e3o que pode autorizar a parada de \u00f4nibus em hor\u00e1rios diferentes do comercial vai ajudar at\u00e9 dar seguran\u00e7a! As vezes t\u00eam estudantes que saem a noite das escolas e ponto fica longe, ent\u00e3o, pe\u00e7o que a EMDEF pense nessa sugest\u00e3o&#8221;.<\/p>\n","protected":false},"excerpt":{"rendered":"<p>Reuni\u00e3o aconteceu nessa ter\u00e7a-feira, 24, na C\u00e2mara Municipal Os vereadores se reuniram nesta ter\u00e7a-feira, 24 de outubro, para discuss\u00e3o e vota\u00e7\u00f5es de projetos na 38\u00aa Sess\u00e3o<span class=\"excerpt-hellip\"> [\u2026]<\/span><\/p>\n","protected":false},"author":10,"featured_media":36512,"comment_status":"open","ping_status":"open","sticky":false,"template":"","format":"standard","meta":{"_jetpack_memberships_contains_paid_content":false,"footnotes":"","jetpack_publicize_message":"","jetpack_publicize_feature_enabled":true,"jetpack_social_post_already_shared":false,"jetpack_social_options":{"image_generator_settings":{"template":"highway","default_image_id":0,"enabled":false},"version":2}},"categories":[28,44],"tags":[],"class_list":["post-38660","post","type-post","status-publish","format-standard","has-post-thumbnail","hentry","category-cotidiano","category-noticias"],"yoast_head":"<!-- This site is optimized with the Yoast SEO plugin v25.6 - https:\/\/yoast.com\/wordpress\/plugins\/seo\/ -->\n<title>Aprovadas urg\u00eancias para garantir piso aos enfermeiros da hemodi\u00e1lise e parceria com a Cooperfran - VerdadeOn<\/title>\n<meta name=\"robots\" content=\"index, follow, max-snippet:-1, max-image-preview:large, max-video-preview:-1\" \/>\n<link rel=\"canonical\" href=\"https:\/\/verdadeon.com.br\/portal\/2023\/10\/25\/aprovadas-urgencias-para-garantir-piso-aos-enfermeiros-da-hemodialise-e-parceria-com-a-cooperfran\/\" \/>\n<meta property=\"og:locale\" content=\"pt_BR\" \/>\n<meta property=\"og:type\" content=\"article\" \/>\n<meta property=\"og:title\" content=\"Aprovadas urg\u00eancias para garantir piso aos enfermeiros da hemodi\u00e1lise e parceria com a Cooperfran - VerdadeOn\" \/>\n<meta property=\"og:description\" content=\"Reuni\u00e3o aconteceu nessa ter\u00e7a-feira, 24, na C\u00e2mara Municipal Os vereadores se reuniram nesta ter\u00e7a-feira, 24 de outubro, para discuss\u00e3o e vota\u00e7\u00f5es de projetos na 38\u00aa Sess\u00e3o [\u2026]\" \/>\n<meta property=\"og:url\" content=\"https:\/\/verdadeon.com.br\/portal\/2023\/10\/25\/aprovadas-urgencias-para-garantir-piso-aos-enfermeiros-da-hemodialise-e-parceria-com-a-cooperfran\/\" \/>\n<meta property=\"og:site_name\" content=\"VerdadeOn\" \/>\n<meta property=\"article:published_time\" content=\"2023-10-25T18:43:41+00:00\" \/>\n<meta property=\"og:image\" content=\"https:\/\/verdadeon.com.br\/portal\/wp-content\/uploads\/2023\/08\/neutras2022-7.jpeg\" \/>\n\t<meta property=\"og:image:width\" content=\"832\" \/>\n\t<meta property=\"og:image:height\" content=\"557\" \/>\n\t<meta property=\"og:image:type\" content=\"image\/jpeg\" \/>\n<meta name=\"author\" content=\"Redacao VerdadeOn\" \/>\n<meta name=\"twitter:card\" content=\"summary_large_image\" \/>\n<meta name=\"twitter:label1\" content=\"Escrito por\" \/>\n\t<meta name=\"twitter:data1\" content=\"Redacao VerdadeOn\" \/>\n\t<meta name=\"twitter:label2\" content=\"Est. tempo de leitura\" \/>\n\t<meta name=\"twitter:data2\" content=\"11 minutos\" \/>\n<script type=\"application\/ld+json\" class=\"yoast-schema-graph\">{\"@context\":\"https:\/\/schema.org\",\"@graph\":[{\"@type\":\"WebPage\",\"@id\":\"https:\/\/verdadeon.com.br\/portal\/2023\/10\/25\/aprovadas-urgencias-para-garantir-piso-aos-enfermeiros-da-hemodialise-e-parceria-com-a-cooperfran\/\",\"url\":\"https:\/\/verdadeon.com.br\/portal\/2023\/10\/25\/aprovadas-urgencias-para-garantir-piso-aos-enfermeiros-da-hemodialise-e-parceria-com-a-cooperfran\/\",\"name\":\"Aprovadas urg\u00eancias para garantir piso aos enfermeiros da hemodi\u00e1lise e parceria com a Cooperfran - VerdadeOn\",\"isPartOf\":{\"@id\":\"https:\/\/verdadeon.com.br\/portal\/#website\"},\"primaryImageOfPage\":{\"@id\":\"https:\/\/verdadeon.com.br\/portal\/2023\/10\/25\/aprovadas-urgencias-para-garantir-piso-aos-enfermeiros-da-hemodialise-e-parceria-com-a-cooperfran\/#primaryimage\"},\"image\":{\"@id\":\"https:\/\/verdadeon.com.br\/portal\/2023\/10\/25\/aprovadas-urgencias-para-garantir-piso-aos-enfermeiros-da-hemodialise-e-parceria-com-a-cooperfran\/#primaryimage\"},\"thumbnailUrl\":\"https:\/\/i0.wp.com\/verdadeon.com.br\/portal\/wp-content\/uploads\/2023\/08\/neutras2022-7.jpeg?fit=832%2C557&ssl=1\",\"datePublished\":\"2023-10-25T18:43:41+00:00\",\"author\":{\"@id\":\"https:\/\/verdadeon.com.br\/portal\/#\/schema\/person\/a5060ad1e9ea3df545188fc93ce43d2f\"},\"breadcrumb\":{\"@id\":\"https:\/\/verdadeon.com.br\/portal\/2023\/10\/25\/aprovadas-urgencias-para-garantir-piso-aos-enfermeiros-da-hemodialise-e-parceria-com-a-cooperfran\/#breadcrumb\"},\"inLanguage\":\"pt-BR\",\"potentialAction\":[{\"@type\":\"ReadAction\",\"target\":[\"https:\/\/verdadeon.com.br\/portal\/2023\/10\/25\/aprovadas-urgencias-para-garantir-piso-aos-enfermeiros-da-hemodialise-e-parceria-com-a-cooperfran\/\"]}]},{\"@type\":\"ImageObject\",\"inLanguage\":\"pt-BR\",\"@id\":\"https:\/\/verdadeon.com.br\/portal\/2023\/10\/25\/aprovadas-urgencias-para-garantir-piso-aos-enfermeiros-da-hemodialise-e-parceria-com-a-cooperfran\/#primaryimage\",\"url\":\"https:\/\/i0.wp.com\/verdadeon.com.br\/portal\/wp-content\/uploads\/2023\/08\/neutras2022-7.jpeg?fit=832%2C557&ssl=1\",\"contentUrl\":\"https:\/\/i0.wp.com\/verdadeon.com.br\/portal\/wp-content\/uploads\/2023\/08\/neutras2022-7.jpeg?fit=832%2C557&ssl=1\",\"width\":832,\"height\":557,\"caption\":\"Popula\u00e7\u00e3o pode acompanhar reuni\u00e3o no Plen\u00e1rio, na TV e tamb\u00e9m nas redes sociais (\u00a9C\u00e2mara Municipal de Franca)\"},{\"@type\":\"BreadcrumbList\",\"@id\":\"https:\/\/verdadeon.com.br\/portal\/2023\/10\/25\/aprovadas-urgencias-para-garantir-piso-aos-enfermeiros-da-hemodialise-e-parceria-com-a-cooperfran\/#breadcrumb\",\"itemListElement\":[{\"@type\":\"ListItem\",\"position\":1,\"name\":\"In\u00edcio\",\"item\":\"https:\/\/verdadeon.com.br\/portal\/\"},{\"@type\":\"ListItem\",\"position\":2,\"name\":\"Aprovadas urg\u00eancias para garantir piso aos enfermeiros da hemodi\u00e1lise e parceria com a Cooperfran\"}]},{\"@type\":\"WebSite\",\"@id\":\"https:\/\/verdadeon.com.br\/portal\/#website\",\"url\":\"https:\/\/verdadeon.com.br\/portal\/\",\"name\":\"VerdadeOn\",\"description\":\"Not\u00edcias di\u00e1rias sobre Franca, Regi\u00e3o, Esporte, Cultura, Cotidiano, Colunas. Cobertura nos principais eventos da cidade \u00e9 aqui - Verdadeon Franca\",\"potentialAction\":[{\"@type\":\"SearchAction\",\"target\":{\"@type\":\"EntryPoint\",\"urlTemplate\":\"https:\/\/verdadeon.com.br\/portal\/?s={search_term_string}\"},\"query-input\":{\"@type\":\"PropertyValueSpecification\",\"valueRequired\":true,\"valueName\":\"search_term_string\"}}],\"inLanguage\":\"pt-BR\"},{\"@type\":\"Person\",\"@id\":\"https:\/\/verdadeon.com.br\/portal\/#\/schema\/person\/a5060ad1e9ea3df545188fc93ce43d2f\",\"name\":\"Redacao VerdadeOn\",\"image\":{\"@type\":\"ImageObject\",\"inLanguage\":\"pt-BR\",\"@id\":\"https:\/\/verdadeon.com.br\/portal\/#\/schema\/person\/image\/\",\"url\":\"https:\/\/secure.gravatar.com\/avatar\/459a9613caaaf07f582c3d0841eea68bdd66f533e465e6ba8b9cb45619572cf4?s=96&d=mm&r=g\",\"contentUrl\":\"https:\/\/secure.gravatar.com\/avatar\/459a9613caaaf07f582c3d0841eea68bdd66f533e465e6ba8b9cb45619572cf4?s=96&d=mm&r=g\",\"caption\":\"Redacao VerdadeOn\"},\"url\":\"https:\/\/verdadeon.com.br\/portal\/author\/redacao\/\"}]}<\/script>\n<!-- \/ Yoast SEO plugin. -->","yoast_head_json":{"title":"Aprovadas urg\u00eancias para garantir piso aos enfermeiros da hemodi\u00e1lise e parceria com a Cooperfran - VerdadeOn","robots":{"index":"index","follow":"follow","max-snippet":"max-snippet:-1","max-image-preview":"max-image-preview:large","max-video-preview":"max-video-preview:-1"},"canonical":"https:\/\/verdadeon.com.br\/portal\/2023\/10\/25\/aprovadas-urgencias-para-garantir-piso-aos-enfermeiros-da-hemodialise-e-parceria-com-a-cooperfran\/","og_locale":"pt_BR","og_type":"article","og_title":"Aprovadas urg\u00eancias para garantir piso aos enfermeiros da hemodi\u00e1lise e parceria com a Cooperfran - VerdadeOn","og_description":"Reuni\u00e3o aconteceu nessa ter\u00e7a-feira, 24, na C\u00e2mara Municipal Os vereadores se reuniram nesta ter\u00e7a-feira, 24 de outubro, para discuss\u00e3o e vota\u00e7\u00f5es de projetos na 38\u00aa Sess\u00e3o [\u2026]","og_url":"https:\/\/verdadeon.com.br\/portal\/2023\/10\/25\/aprovadas-urgencias-para-garantir-piso-aos-enfermeiros-da-hemodialise-e-parceria-com-a-cooperfran\/","og_site_name":"VerdadeOn","article_published_time":"2023-10-25T18:43:41+00:00","og_image":[{"width":832,"height":557,"url":"https:\/\/verdadeon.com.br\/portal\/wp-content\/uploads\/2023\/08\/neutras2022-7.jpeg","type":"image\/jpeg"}],"author":"Redacao VerdadeOn","twitter_card":"summary_large_image","twitter_misc":{"Escrito por":"Redacao VerdadeOn","Est. tempo de leitura":"11 minutos"},"schema":{"@context":"https:\/\/schema.org","@graph":[{"@type":"WebPage","@id":"https:\/\/verdadeon.com.br\/portal\/2023\/10\/25\/aprovadas-urgencias-para-garantir-piso-aos-enfermeiros-da-hemodialise-e-parceria-com-a-cooperfran\/","url":"https:\/\/verdadeon.com.br\/portal\/2023\/10\/25\/aprovadas-urgencias-para-garantir-piso-aos-enfermeiros-da-hemodialise-e-parceria-com-a-cooperfran\/","name":"Aprovadas urg\u00eancias para garantir piso aos enfermeiros da hemodi\u00e1lise e parceria com a Cooperfran - VerdadeOn","isPartOf":{"@id":"https:\/\/verdadeon.com.br\/portal\/#website"},"primaryImageOfPage":{"@id":"https:\/\/verdadeon.com.br\/portal\/2023\/10\/25\/aprovadas-urgencias-para-garantir-piso-aos-enfermeiros-da-hemodialise-e-parceria-com-a-cooperfran\/#primaryimage"},"image":{"@id":"https:\/\/verdadeon.com.br\/portal\/2023\/10\/25\/aprovadas-urgencias-para-garantir-piso-aos-enfermeiros-da-hemodialise-e-parceria-com-a-cooperfran\/#primaryimage"},"thumbnailUrl":"https:\/\/i0.wp.com\/verdadeon.com.br\/portal\/wp-content\/uploads\/2023\/08\/neutras2022-7.jpeg?fit=832%2C557&ssl=1","datePublished":"2023-10-25T18:43:41+00:00","author":{"@id":"https:\/\/verdadeon.com.br\/portal\/#\/schema\/person\/a5060ad1e9ea3df545188fc93ce43d2f"},"breadcrumb":{"@id":"https:\/\/verdadeon.com.br\/portal\/2023\/10\/25\/aprovadas-urgencias-para-garantir-piso-aos-enfermeiros-da-hemodialise-e-parceria-com-a-cooperfran\/#breadcrumb"},"inLanguage":"pt-BR","potentialAction":[{"@type":"ReadAction","target":["https:\/\/verdadeon.com.br\/portal\/2023\/10\/25\/aprovadas-urgencias-para-garantir-piso-aos-enfermeiros-da-hemodialise-e-parceria-com-a-cooperfran\/"]}]},{"@type":"ImageObject","inLanguage":"pt-BR","@id":"https:\/\/verdadeon.com.br\/portal\/2023\/10\/25\/aprovadas-urgencias-para-garantir-piso-aos-enfermeiros-da-hemodialise-e-parceria-com-a-cooperfran\/#primaryimage","url":"https:\/\/i0.wp.com\/verdadeon.com.br\/portal\/wp-content\/uploads\/2023\/08\/neutras2022-7.jpeg?fit=832%2C557&ssl=1","contentUrl":"https:\/\/i0.wp.com\/verdadeon.com.br\/portal\/wp-content\/uploads\/2023\/08\/neutras2022-7.jpeg?fit=832%2C557&ssl=1","width":832,"height":557,"caption":"Popula\u00e7\u00e3o pode acompanhar reuni\u00e3o no Plen\u00e1rio, na TV e tamb\u00e9m nas redes sociais (\u00a9C\u00e2mara Municipal de Franca)"},{"@type":"BreadcrumbList","@id":"https:\/\/verdadeon.com.br\/portal\/2023\/10\/25\/aprovadas-urgencias-para-garantir-piso-aos-enfermeiros-da-hemodialise-e-parceria-com-a-cooperfran\/#breadcrumb","itemListElement":[{"@type":"ListItem","position":1,"name":"In\u00edcio","item":"https:\/\/verdadeon.com.br\/portal\/"},{"@type":"ListItem","position":2,"name":"Aprovadas urg\u00eancias para garantir piso aos enfermeiros da hemodi\u00e1lise e parceria com a Cooperfran"}]},{"@type":"WebSite","@id":"https:\/\/verdadeon.com.br\/portal\/#website","url":"https:\/\/verdadeon.com.br\/portal\/","name":"VerdadeOn","description":"Not\u00edcias di\u00e1rias sobre Franca, Regi\u00e3o, Esporte, Cultura, Cotidiano, Colunas. Cobertura nos principais eventos da cidade \u00e9 aqui - Verdadeon Franca","potentialAction":[{"@type":"SearchAction","target":{"@type":"EntryPoint","urlTemplate":"https:\/\/verdadeon.com.br\/portal\/?s={search_term_string}"},"query-input":{"@type":"PropertyValueSpecification","valueRequired":true,"valueName":"search_term_string"}}],"inLanguage":"pt-BR"},{"@type":"Person","@id":"https:\/\/verdadeon.com.br\/portal\/#\/schema\/person\/a5060ad1e9ea3df545188fc93ce43d2f","name":"Redacao VerdadeOn","image":{"@type":"ImageObject","inLanguage":"pt-BR","@id":"https:\/\/verdadeon.com.br\/portal\/#\/schema\/person\/image\/","url":"https:\/\/secure.gravatar.com\/avatar\/459a9613caaaf07f582c3d0841eea68bdd66f533e465e6ba8b9cb45619572cf4?s=96&d=mm&r=g","contentUrl":"https:\/\/secure.gravatar.com\/avatar\/459a9613caaaf07f582c3d0841eea68bdd66f533e465e6ba8b9cb45619572cf4?s=96&d=mm&r=g","caption":"Redacao VerdadeOn"},"url":"https:\/\/verdadeon.com.br\/portal\/author\/redacao\/"}]}},"jetpack_publicize_connections":[],"jetpack_featured_media_url":"https:\/\/i0.wp.com\/verdadeon.com.br\/portal\/wp-content\/uploads\/2023\/08\/neutras2022-7.jpeg?fit=832%2C557&ssl=1","jetpack_sharing_enabled":true,"_links":{"self":[{"href":"https:\/\/verdadeon.com.br\/portal\/wp-json\/wp\/v2\/posts\/38660","targetHints":{"allow":["GET"]}}],"collection":[{"href":"https:\/\/verdadeon.com.br\/portal\/wp-json\/wp\/v2\/posts"}],"about":[{"href":"https:\/\/verdadeon.com.br\/portal\/wp-json\/wp\/v2\/types\/post"}],"author":[{"embeddable":true,"href":"https:\/\/verdadeon.com.br\/portal\/wp-json\/wp\/v2\/users\/10"}],"replies":[{"embeddable":true,"href":"https:\/\/verdadeon.com.br\/portal\/wp-json\/wp\/v2\/comments?post=38660"}],"version-history":[{"count":1,"href":"https:\/\/verdadeon.com.br\/portal\/wp-json\/wp\/v2\/posts\/38660\/revisions"}],"predecessor-version":[{"id":38661,"href":"https:\/\/verdadeon.com.br\/portal\/wp-json\/wp\/v2\/posts\/38660\/revisions\/38661"}],"wp:featuredmedia":[{"embeddable":true,"href":"https:\/\/verdadeon.com.br\/portal\/wp-json\/wp\/v2\/media\/36512"}],"wp:attachment":[{"href":"https:\/\/verdadeon.com.br\/portal\/wp-json\/wp\/v2\/media?parent=38660"}],"wp:term":[{"taxonomy":"category","embeddable":true,"href":"https:\/\/verdadeon.com.br\/portal\/wp-json\/wp\/v2\/categories?post=38660"},{"taxonomy":"post_tag","embeddable":true,"href":"https:\/\/verdadeon.com.br\/portal\/wp-json\/wp\/v2\/tags?post=38660"}],"curies":[{"name":"wp","href":"https:\/\/api.w.org\/{rel}","templated":true}]}}