{"id":38650,"date":"2023-10-25T10:08:53","date_gmt":"2023-10-25T13:08:53","guid":{"rendered":"https:\/\/verdadeon.com.br\/portal\/?p=38650"},"modified":"2023-10-25T15:14:09","modified_gmt":"2023-10-25T18:14:09","slug":"sindrome-de-burnout-a-prevencao-passa-pelo-autocuidado","status":"publish","type":"post","link":"https:\/\/verdadeon.com.br\/portal\/2023\/10\/25\/sindrome-de-burnout-a-prevencao-passa-pelo-autocuidado\/","title":{"rendered":"S\u00edndrome de burnout: a preven\u00e7\u00e3o passa pelo autocuidado"},"content":{"rendered":"<h2>Tamb\u00e9m chamada de S\u00edndrome do Esgotamento Profissional \u00e9 um dist\u00farbio emocionaln caracterizado por sintomas f\u00edsicos, emocionais e cognitivos, tendo como origem o ambiente laboral<\/h2>\n<p>Em um mundo cada vez mais acelerado e competitivo, \u00e9 comum que as pessoas enfrentem desafios relacionados \u00e0 sa\u00fade mental. Mais do que apenas o cansa\u00e7o causado pela rotina de trabalho, a S\u00edndrome de Burnout ou S\u00edndrome do Esgotamento Profissional \u00e9 um dist\u00farbio emocional, caracterizado por sintomas f\u00edsicos, emocionais e cognitivos, tendo como origem o ambiente laboral.<\/p>\n<p>Alguns comportamentos individuais podem ajudar a prevenir o desenvolvimento do burnout. A psic\u00f3loga Sabrina Tardin Abreu, do time de atendimento psicol\u00f3gico da Amparo Sa\u00fade, empresa de aten\u00e7\u00e3o prim\u00e1ria \u00e0 sa\u00fade do Grupo Sabin, recomenda a ado\u00e7\u00e3o de um estilo de vida com h\u00e1bitos mais saud\u00e1veis que favorecem a sa\u00fade mental e f\u00edsica.<\/p>\n<p>\u201cPodemos citar, por exemplo, atividades de relaxamento, qualidade do sono, exerc\u00edcios f\u00edsicos, hobbies, pr\u00e1tica da f\u00e9, independente da religi\u00e3o que ela pratique, conex\u00f5es sociais, com vizinhan\u00e7a, familiares e amigos, alimenta\u00e7\u00e3o moderada, como tamb\u00e9m o pr\u00f3prio equil\u00edbrio entre a vida profissional e pessoal. Isso tudo passa por uma boa gest\u00e3o do tempo, defini\u00e7\u00e3o de metas realistas, divis\u00e3o de tarefas, sempre que poss\u00edvel, e o apoio de colegas, amigos ou profissionais de sa\u00fade mental para compartilhar preocupa\u00e7\u00f5es e receber suporte\u201d, conclui.<\/p>\n<p>Essa \u00e9 uma realidade que afeta a sa\u00fade e bem-estar de muitos profissionais em todo o mundo. \u201cExistem pessoas que v\u00e3o resistindo e arrastando o quadro por muito tempo. E a\u00ed surgem manifesta\u00e7\u00f5es extremas at\u00e9 que essas pessoas conseguem buscar ajuda, seja por iniciativa pr\u00f3pria, encaminhamento da empresa ou conselhos de pessoas pr\u00f3ximas. Algumas vezes, ser\u00e1 necess\u00e1rio o afastamento do trabalho\u201d, destaca.<\/p>\n<p>A especialista explica que algumas caracter\u00edsticas e sintomas s\u00e3o semelhantes a outros quadros cl\u00ednicos, por isso, somente um profissional de sa\u00fade mental poder\u00e1 distinguir um quadro t\u00edpico de Burnout. \u201cToda vez que o indiv\u00edduo come\u00e7a a apresentar ansiedade, depress\u00e3o, tristeza profunda, irritabilidade, a pessoa deve alertar que algo n\u00e3o vai bem. S\u00e3o sinais para buscar ajuda. Todo sintoma, por pior que ele seja, \u00e9 um pedido de realinhamento do indiv\u00edduo\u201d, reflete.<\/p>\n<p>A psic\u00f3loga ainda esclarece que o corpo pode apresentar desde sinais f\u00edsicos a emocionais. \u201cA S\u00edndrome de Burnout pode gerar dor de cabe\u00e7a frequente, altera\u00e7\u00f5es no apetite, ins\u00f4nia, press\u00e3o alta, dores musculares, problemas gastrointestinais, altera\u00e7\u00e3o nos batimentos card\u00edacos, sentimentos de fracasso e inseguran\u00e7a, negatividade constante, sentimentos de derrota e desesperan\u00e7a, sentimentos de incompet\u00eancia, altera\u00e7\u00f5es repentinas de humor, isolamento, fadiga, dificuldades de concentra\u00e7\u00e3o, entre outros\u201d.<\/p>\n<p>Por isso, reconhecer os sinais precoces e buscar tratamento adequado s\u00e3o passos essenciais para superar esse desafio. \u201cComo todo processo de adoecimento, quanto antes diagnosticada a s\u00edndrome, mais f\u00e1cil de ser tratada. Com o acompanhamento adequado, a pessoa que sofre com burnout tem a chance de ressignificar a vida e, inclusive, viver melhor do que antes desse quadro\u201d, completa.<\/p>\n<p>As abordagens de tratamento podem incluir psicoterapia, mudan\u00e7as no ambiente de trabalho para modificar fatores que contribuem para o esgotamento, medidas de autocuidado, com foco em estrat\u00e9gias de relaxamento, como mindfulness, medita\u00e7\u00e3o e t\u00e9cnicas de respira\u00e7\u00e3o. Em alguns casos, medicamentos podem ser recomendados para tratar sintomas espec\u00edficos, como ansiedade ou ins\u00f4nia.<\/p>\n","protected":false},"excerpt":{"rendered":"<p>Tamb\u00e9m chamada de S\u00edndrome do Esgotamento Profissional \u00e9 um dist\u00farbio emocionaln caracterizado por sintomas f\u00edsicos, emocionais e cognitivos, tendo como origem o ambiente laboral Em um<span class=\"excerpt-hellip\"> [\u2026]<\/span><\/p>\n","protected":false},"author":10,"featured_media":38651,"comment_status":"open","ping_status":"open","sticky":false,"template":"","format":"standard","meta":{"_jetpack_memberships_contains_paid_content":false,"footnotes":"","jetpack_publicize_message":"","jetpack_publicize_feature_enabled":true,"jetpack_social_post_already_shared":false,"jetpack_social_options":{"image_generator_settings":{"template":"highway","default_image_id":0,"enabled":false},"version":2}},"categories":[28,44],"tags":[],"class_list":["post-38650","post","type-post","status-publish","format-standard","has-post-thumbnail","hentry","category-cotidiano","category-noticias"],"yoast_head":"<!-- This site is optimized with the Yoast SEO plugin v25.6 - https:\/\/yoast.com\/wordpress\/plugins\/seo\/ -->\n<title>S\u00edndrome de burnout: a preven\u00e7\u00e3o passa pelo autocuidado - VerdadeOn<\/title>\n<meta name=\"robots\" content=\"index, follow, max-snippet:-1, max-image-preview:large, max-video-preview:-1\" \/>\n<link rel=\"canonical\" href=\"https:\/\/verdadeon.com.br\/portal\/2023\/10\/25\/sindrome-de-burnout-a-prevencao-passa-pelo-autocuidado\/\" \/>\n<meta property=\"og:locale\" content=\"pt_BR\" \/>\n<meta property=\"og:type\" content=\"article\" \/>\n<meta property=\"og:title\" content=\"S\u00edndrome de burnout: a preven\u00e7\u00e3o passa pelo autocuidado - VerdadeOn\" \/>\n<meta property=\"og:description\" content=\"Tamb\u00e9m chamada de S\u00edndrome do Esgotamento Profissional \u00e9 um dist\u00farbio emocionaln caracterizado por sintomas f\u00edsicos, emocionais e cognitivos, tendo como origem o ambiente laboral Em um [\u2026]\" \/>\n<meta property=\"og:url\" content=\"https:\/\/verdadeon.com.br\/portal\/2023\/10\/25\/sindrome-de-burnout-a-prevencao-passa-pelo-autocuidado\/\" \/>\n<meta property=\"og:site_name\" content=\"VerdadeOn\" \/>\n<meta property=\"article:published_time\" content=\"2023-10-25T13:08:53+00:00\" \/>\n<meta property=\"article:modified_time\" content=\"2023-10-25T18:14:09+00:00\" \/>\n<meta property=\"og:image\" content=\"https:\/\/verdadeon.com.br\/portal\/wp-content\/uploads\/2023\/10\/unnamed-28.jpg\" \/>\n\t<meta property=\"og:image:width\" content=\"720\" \/>\n\t<meta property=\"og:image:height\" content=\"483\" \/>\n\t<meta property=\"og:image:type\" content=\"image\/jpeg\" \/>\n<meta name=\"author\" content=\"Redacao VerdadeOn\" \/>\n<meta name=\"twitter:card\" content=\"summary_large_image\" \/>\n<meta name=\"twitter:label1\" content=\"Escrito por\" \/>\n\t<meta name=\"twitter:data1\" content=\"Redacao VerdadeOn\" \/>\n\t<meta name=\"twitter:label2\" content=\"Est. tempo de leitura\" \/>\n\t<meta name=\"twitter:data2\" content=\"3 minutos\" \/>\n<script type=\"application\/ld+json\" class=\"yoast-schema-graph\">{\"@context\":\"https:\/\/schema.org\",\"@graph\":[{\"@type\":\"WebPage\",\"@id\":\"https:\/\/verdadeon.com.br\/portal\/2023\/10\/25\/sindrome-de-burnout-a-prevencao-passa-pelo-autocuidado\/\",\"url\":\"https:\/\/verdadeon.com.br\/portal\/2023\/10\/25\/sindrome-de-burnout-a-prevencao-passa-pelo-autocuidado\/\",\"name\":\"S\u00edndrome de burnout: a preven\u00e7\u00e3o passa pelo autocuidado - VerdadeOn\",\"isPartOf\":{\"@id\":\"https:\/\/verdadeon.com.br\/portal\/#website\"},\"primaryImageOfPage\":{\"@id\":\"https:\/\/verdadeon.com.br\/portal\/2023\/10\/25\/sindrome-de-burnout-a-prevencao-passa-pelo-autocuidado\/#primaryimage\"},\"image\":{\"@id\":\"https:\/\/verdadeon.com.br\/portal\/2023\/10\/25\/sindrome-de-burnout-a-prevencao-passa-pelo-autocuidado\/#primaryimage\"},\"thumbnailUrl\":\"https:\/\/i0.wp.com\/verdadeon.com.br\/portal\/wp-content\/uploads\/2023\/10\/unnamed-28.jpg?fit=720%2C483&ssl=1\",\"datePublished\":\"2023-10-25T13:08:53+00:00\",\"dateModified\":\"2023-10-25T18:14:09+00:00\",\"author\":{\"@id\":\"https:\/\/verdadeon.com.br\/portal\/#\/schema\/person\/a5060ad1e9ea3df545188fc93ce43d2f\"},\"breadcrumb\":{\"@id\":\"https:\/\/verdadeon.com.br\/portal\/2023\/10\/25\/sindrome-de-burnout-a-prevencao-passa-pelo-autocuidado\/#breadcrumb\"},\"inLanguage\":\"pt-BR\",\"potentialAction\":[{\"@type\":\"ReadAction\",\"target\":[\"https:\/\/verdadeon.com.br\/portal\/2023\/10\/25\/sindrome-de-burnout-a-prevencao-passa-pelo-autocuidado\/\"]}]},{\"@type\":\"ImageObject\",\"inLanguage\":\"pt-BR\",\"@id\":\"https:\/\/verdadeon.com.br\/portal\/2023\/10\/25\/sindrome-de-burnout-a-prevencao-passa-pelo-autocuidado\/#primaryimage\",\"url\":\"https:\/\/i0.wp.com\/verdadeon.com.br\/portal\/wp-content\/uploads\/2023\/10\/unnamed-28.jpg?fit=720%2C483&ssl=1\",\"contentUrl\":\"https:\/\/i0.wp.com\/verdadeon.com.br\/portal\/wp-content\/uploads\/2023\/10\/unnamed-28.jpg?fit=720%2C483&ssl=1\",\"width\":720,\"height\":483,\"caption\":\"comportamentos individuais podem ajudar a prevenir o desenvolvimento do burnout (\u00a9Divulga\u00e7\u00e3o)\"},{\"@type\":\"BreadcrumbList\",\"@id\":\"https:\/\/verdadeon.com.br\/portal\/2023\/10\/25\/sindrome-de-burnout-a-prevencao-passa-pelo-autocuidado\/#breadcrumb\",\"itemListElement\":[{\"@type\":\"ListItem\",\"position\":1,\"name\":\"In\u00edcio\",\"item\":\"https:\/\/verdadeon.com.br\/portal\/\"},{\"@type\":\"ListItem\",\"position\":2,\"name\":\"S\u00edndrome de burnout: a preven\u00e7\u00e3o passa pelo autocuidado\"}]},{\"@type\":\"WebSite\",\"@id\":\"https:\/\/verdadeon.com.br\/portal\/#website\",\"url\":\"https:\/\/verdadeon.com.br\/portal\/\",\"name\":\"VerdadeOn\",\"description\":\"Not\u00edcias di\u00e1rias sobre Franca, Regi\u00e3o, Esporte, Cultura, Cotidiano, Colunas. Cobertura nos principais eventos da cidade \u00e9 aqui - Verdadeon Franca\",\"potentialAction\":[{\"@type\":\"SearchAction\",\"target\":{\"@type\":\"EntryPoint\",\"urlTemplate\":\"https:\/\/verdadeon.com.br\/portal\/?s={search_term_string}\"},\"query-input\":{\"@type\":\"PropertyValueSpecification\",\"valueRequired\":true,\"valueName\":\"search_term_string\"}}],\"inLanguage\":\"pt-BR\"},{\"@type\":\"Person\",\"@id\":\"https:\/\/verdadeon.com.br\/portal\/#\/schema\/person\/a5060ad1e9ea3df545188fc93ce43d2f\",\"name\":\"Redacao VerdadeOn\",\"image\":{\"@type\":\"ImageObject\",\"inLanguage\":\"pt-BR\",\"@id\":\"https:\/\/verdadeon.com.br\/portal\/#\/schema\/person\/image\/\",\"url\":\"https:\/\/secure.gravatar.com\/avatar\/459a9613caaaf07f582c3d0841eea68bdd66f533e465e6ba8b9cb45619572cf4?s=96&d=mm&r=g\",\"contentUrl\":\"https:\/\/secure.gravatar.com\/avatar\/459a9613caaaf07f582c3d0841eea68bdd66f533e465e6ba8b9cb45619572cf4?s=96&d=mm&r=g\",\"caption\":\"Redacao VerdadeOn\"},\"url\":\"https:\/\/verdadeon.com.br\/portal\/author\/redacao\/\"}]}<\/script>\n<!-- \/ Yoast SEO plugin. -->","yoast_head_json":{"title":"S\u00edndrome de burnout: a preven\u00e7\u00e3o passa pelo autocuidado - VerdadeOn","robots":{"index":"index","follow":"follow","max-snippet":"max-snippet:-1","max-image-preview":"max-image-preview:large","max-video-preview":"max-video-preview:-1"},"canonical":"https:\/\/verdadeon.com.br\/portal\/2023\/10\/25\/sindrome-de-burnout-a-prevencao-passa-pelo-autocuidado\/","og_locale":"pt_BR","og_type":"article","og_title":"S\u00edndrome de burnout: a preven\u00e7\u00e3o passa pelo autocuidado - VerdadeOn","og_description":"Tamb\u00e9m chamada de S\u00edndrome do Esgotamento Profissional \u00e9 um dist\u00farbio emocionaln caracterizado por sintomas f\u00edsicos, emocionais e cognitivos, tendo como origem o ambiente laboral Em um [\u2026]","og_url":"https:\/\/verdadeon.com.br\/portal\/2023\/10\/25\/sindrome-de-burnout-a-prevencao-passa-pelo-autocuidado\/","og_site_name":"VerdadeOn","article_published_time":"2023-10-25T13:08:53+00:00","article_modified_time":"2023-10-25T18:14:09+00:00","og_image":[{"width":720,"height":483,"url":"https:\/\/verdadeon.com.br\/portal\/wp-content\/uploads\/2023\/10\/unnamed-28.jpg","type":"image\/jpeg"}],"author":"Redacao VerdadeOn","twitter_card":"summary_large_image","twitter_misc":{"Escrito por":"Redacao VerdadeOn","Est. tempo de leitura":"3 minutos"},"schema":{"@context":"https:\/\/schema.org","@graph":[{"@type":"WebPage","@id":"https:\/\/verdadeon.com.br\/portal\/2023\/10\/25\/sindrome-de-burnout-a-prevencao-passa-pelo-autocuidado\/","url":"https:\/\/verdadeon.com.br\/portal\/2023\/10\/25\/sindrome-de-burnout-a-prevencao-passa-pelo-autocuidado\/","name":"S\u00edndrome de burnout: a preven\u00e7\u00e3o passa pelo autocuidado - VerdadeOn","isPartOf":{"@id":"https:\/\/verdadeon.com.br\/portal\/#website"},"primaryImageOfPage":{"@id":"https:\/\/verdadeon.com.br\/portal\/2023\/10\/25\/sindrome-de-burnout-a-prevencao-passa-pelo-autocuidado\/#primaryimage"},"image":{"@id":"https:\/\/verdadeon.com.br\/portal\/2023\/10\/25\/sindrome-de-burnout-a-prevencao-passa-pelo-autocuidado\/#primaryimage"},"thumbnailUrl":"https:\/\/i0.wp.com\/verdadeon.com.br\/portal\/wp-content\/uploads\/2023\/10\/unnamed-28.jpg?fit=720%2C483&ssl=1","datePublished":"2023-10-25T13:08:53+00:00","dateModified":"2023-10-25T18:14:09+00:00","author":{"@id":"https:\/\/verdadeon.com.br\/portal\/#\/schema\/person\/a5060ad1e9ea3df545188fc93ce43d2f"},"breadcrumb":{"@id":"https:\/\/verdadeon.com.br\/portal\/2023\/10\/25\/sindrome-de-burnout-a-prevencao-passa-pelo-autocuidado\/#breadcrumb"},"inLanguage":"pt-BR","potentialAction":[{"@type":"ReadAction","target":["https:\/\/verdadeon.com.br\/portal\/2023\/10\/25\/sindrome-de-burnout-a-prevencao-passa-pelo-autocuidado\/"]}]},{"@type":"ImageObject","inLanguage":"pt-BR","@id":"https:\/\/verdadeon.com.br\/portal\/2023\/10\/25\/sindrome-de-burnout-a-prevencao-passa-pelo-autocuidado\/#primaryimage","url":"https:\/\/i0.wp.com\/verdadeon.com.br\/portal\/wp-content\/uploads\/2023\/10\/unnamed-28.jpg?fit=720%2C483&ssl=1","contentUrl":"https:\/\/i0.wp.com\/verdadeon.com.br\/portal\/wp-content\/uploads\/2023\/10\/unnamed-28.jpg?fit=720%2C483&ssl=1","width":720,"height":483,"caption":"comportamentos individuais podem ajudar a prevenir o desenvolvimento do burnout (\u00a9Divulga\u00e7\u00e3o)"},{"@type":"BreadcrumbList","@id":"https:\/\/verdadeon.com.br\/portal\/2023\/10\/25\/sindrome-de-burnout-a-prevencao-passa-pelo-autocuidado\/#breadcrumb","itemListElement":[{"@type":"ListItem","position":1,"name":"In\u00edcio","item":"https:\/\/verdadeon.com.br\/portal\/"},{"@type":"ListItem","position":2,"name":"S\u00edndrome de burnout: a preven\u00e7\u00e3o passa pelo autocuidado"}]},{"@type":"WebSite","@id":"https:\/\/verdadeon.com.br\/portal\/#website","url":"https:\/\/verdadeon.com.br\/portal\/","name":"VerdadeOn","description":"Not\u00edcias di\u00e1rias sobre Franca, Regi\u00e3o, Esporte, Cultura, Cotidiano, Colunas. Cobertura nos principais eventos da cidade \u00e9 aqui - Verdadeon Franca","potentialAction":[{"@type":"SearchAction","target":{"@type":"EntryPoint","urlTemplate":"https:\/\/verdadeon.com.br\/portal\/?s={search_term_string}"},"query-input":{"@type":"PropertyValueSpecification","valueRequired":true,"valueName":"search_term_string"}}],"inLanguage":"pt-BR"},{"@type":"Person","@id":"https:\/\/verdadeon.com.br\/portal\/#\/schema\/person\/a5060ad1e9ea3df545188fc93ce43d2f","name":"Redacao VerdadeOn","image":{"@type":"ImageObject","inLanguage":"pt-BR","@id":"https:\/\/verdadeon.com.br\/portal\/#\/schema\/person\/image\/","url":"https:\/\/secure.gravatar.com\/avatar\/459a9613caaaf07f582c3d0841eea68bdd66f533e465e6ba8b9cb45619572cf4?s=96&d=mm&r=g","contentUrl":"https:\/\/secure.gravatar.com\/avatar\/459a9613caaaf07f582c3d0841eea68bdd66f533e465e6ba8b9cb45619572cf4?s=96&d=mm&r=g","caption":"Redacao VerdadeOn"},"url":"https:\/\/verdadeon.com.br\/portal\/author\/redacao\/"}]}},"jetpack_publicize_connections":[],"jetpack_featured_media_url":"https:\/\/i0.wp.com\/verdadeon.com.br\/portal\/wp-content\/uploads\/2023\/10\/unnamed-28.jpg?fit=720%2C483&ssl=1","jetpack_sharing_enabled":true,"_links":{"self":[{"href":"https:\/\/verdadeon.com.br\/portal\/wp-json\/wp\/v2\/posts\/38650","targetHints":{"allow":["GET"]}}],"collection":[{"href":"https:\/\/verdadeon.com.br\/portal\/wp-json\/wp\/v2\/posts"}],"about":[{"href":"https:\/\/verdadeon.com.br\/portal\/wp-json\/wp\/v2\/types\/post"}],"author":[{"embeddable":true,"href":"https:\/\/verdadeon.com.br\/portal\/wp-json\/wp\/v2\/users\/10"}],"replies":[{"embeddable":true,"href":"https:\/\/verdadeon.com.br\/portal\/wp-json\/wp\/v2\/comments?post=38650"}],"version-history":[{"count":2,"href":"https:\/\/verdadeon.com.br\/portal\/wp-json\/wp\/v2\/posts\/38650\/revisions"}],"predecessor-version":[{"id":38653,"href":"https:\/\/verdadeon.com.br\/portal\/wp-json\/wp\/v2\/posts\/38650\/revisions\/38653"}],"wp:featuredmedia":[{"embeddable":true,"href":"https:\/\/verdadeon.com.br\/portal\/wp-json\/wp\/v2\/media\/38651"}],"wp:attachment":[{"href":"https:\/\/verdadeon.com.br\/portal\/wp-json\/wp\/v2\/media?parent=38650"}],"wp:term":[{"taxonomy":"category","embeddable":true,"href":"https:\/\/verdadeon.com.br\/portal\/wp-json\/wp\/v2\/categories?post=38650"},{"taxonomy":"post_tag","embeddable":true,"href":"https:\/\/verdadeon.com.br\/portal\/wp-json\/wp\/v2\/tags?post=38650"}],"curies":[{"name":"wp","href":"https:\/\/api.w.org\/{rel}","templated":true}]}}