{"id":38599,"date":"2023-10-24T11:42:46","date_gmt":"2023-10-24T14:42:46","guid":{"rendered":"https:\/\/verdadeon.com.br\/portal\/?p=38599"},"modified":"2023-10-24T11:42:46","modified_gmt":"2023-10-24T14:42:46","slug":"prefeitura-prepara-cemiterios-para-visitas-no-dia-de-finados","status":"publish","type":"post","link":"https:\/\/verdadeon.com.br\/portal\/2023\/10\/24\/prefeitura-prepara-cemiterios-para-visitas-no-dia-de-finados\/","title":{"rendered":"Prefeitura prepara Cemit\u00e9rios para visitas no Dia de Finados"},"content":{"rendered":"<h2>Nos cemit\u00e9rios da Saudade e Santo Agostinho, expediente de funcionamento ser\u00e1 das 7h \u00e0s 17h, nos dias 1\u00ba e 2 de novembro<\/h2>\n<p>Os dois cemit\u00e9rios municipais, da Saudade e Santo Agostinho, j\u00e1 est\u00e3o recebendo os servi\u00e7os de limpeza e manuten\u00e7\u00e3o para a visita\u00e7\u00e3o na v\u00e9spera e no Dia de Finados.<\/p>\n<p>A Secretaria de Meio Ambiente iniciou a pintura externa dos muros do Cemit\u00e9rio Santo Agostinho nesta segunda-feira, al\u00e9m de uma limpeza geral nas \u00e1reas internas de circula\u00e7\u00e3o de pessoas. Tamb\u00e9m ser\u00e3o feitos reparos nas instala\u00e7\u00f5es hidr\u00e1ulica, buscando garantir uma estrutura receptiva que atenda as necessidades do p\u00fablico para esse per\u00edodo. Para o Cemit\u00e9rio de Santo Agostinho, a administra\u00e7\u00e3o do local confirmou para o dia 2, uma celebra\u00e7\u00e3o religiosa que ser\u00e1 conduzida pela Par\u00f3quia de Santa M\u00f4nica, \u00e0s 8h.<\/p>\n<p>No Cemit\u00e9rio da Saudade tamb\u00e9m seguem sendo realizadas melhorias internas, especialmente, nas manuten\u00e7\u00f5es dos corredores de circula\u00e7\u00e3o dos visitantes, al\u00e9m da pintura da fachada e muros.<\/p>\n<p>Nos dois locais, o expediente de funcionamento ser\u00e1 das 7 \u00e0s 17h, nos dias 1\u00ba e 2 de novembro.<\/p>\n<p><b>Identifica\u00e7\u00e3o de sepulturas e venda de flores<\/b><\/p>\n<p>Para estes dois dias, em que a expectativa \u00e9 receber em torno de 40 mil pessoas, a Secretaria de Meio Ambiente estar\u00e1 com equipes de apoio, orientadas a auxiliar o p\u00fablico sobre a localiza\u00e7\u00e3o das sepulturas. Nas entradas dos dois cemit\u00e9rios, haver\u00e1 um QR Code, atrav\u00e9s do qual as pessoas poder\u00e3o fazer a consulta. Outra op\u00e7\u00e3o \u00e9 acessar o site da Prefeitura, no link <a href=\"https:\/\/www.franca.sp.gov.br\/pmf-cemiterio\/\" target=\"_blank\" rel=\"noopener\" data-saferedirecturl=\"https:\/\/www.google.com\/url?q=https:\/\/www.franca.sp.gov.br\/pmf-cemiterio\/&amp;source=gmail&amp;ust=1698243922908000&amp;usg=AOvVaw0CxWjNOTDwGTRsaf78YvOi\">https:\/\/www.franca.sp.gov.br\/<wbr \/>pmf-cemiterio\/<\/a>.<\/p>\n<p>Na v\u00e9spera e Dia de Finados, poder\u00e3o ser comercializadas velas, flores e produtos pertinentes a data, nas entradas dos cemit\u00e9rios municipais, por pessoas credenciadas, atrav\u00e9s do leil\u00e3o dos espa\u00e7os. N\u00e3o \u00e9 permitida a substitui\u00e7\u00e3o do cession\u00e1rio e nem a transfer\u00eancia para terceiros. N\u00e3o ser\u00e1 permitida a comercializa\u00e7\u00e3o de produtos aliment\u00edcios e outros alheios a data.<\/p>\n","protected":false},"excerpt":{"rendered":"<p>Nos cemit\u00e9rios da Saudade e Santo Agostinho, expediente de funcionamento ser\u00e1 das 7h \u00e0s 17h, nos dias 1\u00ba e 2 de novembro Os dois cemit\u00e9rios municipais,<span class=\"excerpt-hellip\"> [\u2026]<\/span><\/p>\n","protected":false},"author":10,"featured_media":38600,"comment_status":"open","ping_status":"open","sticky":false,"template":"","format":"standard","meta":{"_jetpack_memberships_contains_paid_content":false,"footnotes":"","jetpack_publicize_message":"","jetpack_publicize_feature_enabled":true,"jetpack_social_post_already_shared":false,"jetpack_social_options":{"image_generator_settings":{"template":"highway","default_image_id":0,"enabled":false},"version":2}},"categories":[28,44],"tags":[],"class_list":["post-38599","post","type-post","status-publish","format-standard","has-post-thumbnail","hentry","category-cotidiano","category-noticias"],"yoast_head":"<!-- This site is optimized with the Yoast SEO plugin v25.6 - https:\/\/yoast.com\/wordpress\/plugins\/seo\/ -->\n<title>Prefeitura prepara Cemit\u00e9rios para visitas no Dia de Finados - VerdadeOn<\/title>\n<meta name=\"robots\" content=\"index, follow, max-snippet:-1, max-image-preview:large, max-video-preview:-1\" \/>\n<link rel=\"canonical\" href=\"https:\/\/verdadeon.com.br\/portal\/2023\/10\/24\/prefeitura-prepara-cemiterios-para-visitas-no-dia-de-finados\/\" \/>\n<meta property=\"og:locale\" content=\"pt_BR\" \/>\n<meta property=\"og:type\" content=\"article\" \/>\n<meta property=\"og:title\" content=\"Prefeitura prepara Cemit\u00e9rios para visitas no Dia de Finados - VerdadeOn\" \/>\n<meta property=\"og:description\" content=\"Nos cemit\u00e9rios da Saudade e Santo Agostinho, expediente de funcionamento ser\u00e1 das 7h \u00e0s 17h, nos dias 1\u00ba e 2 de novembro Os dois cemit\u00e9rios municipais, [\u2026]\" \/>\n<meta property=\"og:url\" content=\"https:\/\/verdadeon.com.br\/portal\/2023\/10\/24\/prefeitura-prepara-cemiterios-para-visitas-no-dia-de-finados\/\" \/>\n<meta property=\"og:site_name\" content=\"VerdadeOn\" \/>\n<meta property=\"article:published_time\" content=\"2023-10-24T14:42:46+00:00\" \/>\n<meta property=\"og:image\" content=\"https:\/\/verdadeon.com.br\/portal\/wp-content\/uploads\/2023\/10\/DSC_5709-scaled.jpg\" \/>\n\t<meta property=\"og:image:width\" content=\"2560\" \/>\n\t<meta property=\"og:image:height\" content=\"1715\" \/>\n\t<meta property=\"og:image:type\" content=\"image\/jpeg\" \/>\n<meta name=\"author\" content=\"Redacao VerdadeOn\" \/>\n<meta name=\"twitter:card\" content=\"summary_large_image\" \/>\n<meta name=\"twitter:label1\" content=\"Escrito por\" \/>\n\t<meta name=\"twitter:data1\" content=\"Redacao VerdadeOn\" \/>\n\t<meta name=\"twitter:label2\" content=\"Est. tempo de leitura\" \/>\n\t<meta name=\"twitter:data2\" content=\"2 minutos\" \/>\n<script type=\"application\/ld+json\" class=\"yoast-schema-graph\">{\"@context\":\"https:\/\/schema.org\",\"@graph\":[{\"@type\":\"WebPage\",\"@id\":\"https:\/\/verdadeon.com.br\/portal\/2023\/10\/24\/prefeitura-prepara-cemiterios-para-visitas-no-dia-de-finados\/\",\"url\":\"https:\/\/verdadeon.com.br\/portal\/2023\/10\/24\/prefeitura-prepara-cemiterios-para-visitas-no-dia-de-finados\/\",\"name\":\"Prefeitura prepara Cemit\u00e9rios para visitas no Dia de Finados - VerdadeOn\",\"isPartOf\":{\"@id\":\"https:\/\/verdadeon.com.br\/portal\/#website\"},\"primaryImageOfPage\":{\"@id\":\"https:\/\/verdadeon.com.br\/portal\/2023\/10\/24\/prefeitura-prepara-cemiterios-para-visitas-no-dia-de-finados\/#primaryimage\"},\"image\":{\"@id\":\"https:\/\/verdadeon.com.br\/portal\/2023\/10\/24\/prefeitura-prepara-cemiterios-para-visitas-no-dia-de-finados\/#primaryimage\"},\"thumbnailUrl\":\"https:\/\/i0.wp.com\/verdadeon.com.br\/portal\/wp-content\/uploads\/2023\/10\/DSC_5709-scaled.jpg?fit=2560%2C1715&ssl=1\",\"datePublished\":\"2023-10-24T14:42:46+00:00\",\"author\":{\"@id\":\"https:\/\/verdadeon.com.br\/portal\/#\/schema\/person\/a5060ad1e9ea3df545188fc93ce43d2f\"},\"breadcrumb\":{\"@id\":\"https:\/\/verdadeon.com.br\/portal\/2023\/10\/24\/prefeitura-prepara-cemiterios-para-visitas-no-dia-de-finados\/#breadcrumb\"},\"inLanguage\":\"pt-BR\",\"potentialAction\":[{\"@type\":\"ReadAction\",\"target\":[\"https:\/\/verdadeon.com.br\/portal\/2023\/10\/24\/prefeitura-prepara-cemiterios-para-visitas-no-dia-de-finados\/\"]}]},{\"@type\":\"ImageObject\",\"inLanguage\":\"pt-BR\",\"@id\":\"https:\/\/verdadeon.com.br\/portal\/2023\/10\/24\/prefeitura-prepara-cemiterios-para-visitas-no-dia-de-finados\/#primaryimage\",\"url\":\"https:\/\/i0.wp.com\/verdadeon.com.br\/portal\/wp-content\/uploads\/2023\/10\/DSC_5709-scaled.jpg?fit=2560%2C1715&ssl=1\",\"contentUrl\":\"https:\/\/i0.wp.com\/verdadeon.com.br\/portal\/wp-content\/uploads\/2023\/10\/DSC_5709-scaled.jpg?fit=2560%2C1715&ssl=1\",\"width\":2560,\"height\":1715,\"caption\":\"Nestes dois dias, expectativa \u00e9 de que cemit\u00e9rios recebam cerca de 40 mil pessoas (\u00a9Divulga\u00e7\u00e3o)\"},{\"@type\":\"BreadcrumbList\",\"@id\":\"https:\/\/verdadeon.com.br\/portal\/2023\/10\/24\/prefeitura-prepara-cemiterios-para-visitas-no-dia-de-finados\/#breadcrumb\",\"itemListElement\":[{\"@type\":\"ListItem\",\"position\":1,\"name\":\"In\u00edcio\",\"item\":\"https:\/\/verdadeon.com.br\/portal\/\"},{\"@type\":\"ListItem\",\"position\":2,\"name\":\"Prefeitura prepara Cemit\u00e9rios para visitas no Dia de Finados\"}]},{\"@type\":\"WebSite\",\"@id\":\"https:\/\/verdadeon.com.br\/portal\/#website\",\"url\":\"https:\/\/verdadeon.com.br\/portal\/\",\"name\":\"VerdadeOn\",\"description\":\"Not\u00edcias di\u00e1rias sobre Franca, Regi\u00e3o, Esporte, Cultura, Cotidiano, Colunas. Cobertura nos principais eventos da cidade \u00e9 aqui - Verdadeon Franca\",\"potentialAction\":[{\"@type\":\"SearchAction\",\"target\":{\"@type\":\"EntryPoint\",\"urlTemplate\":\"https:\/\/verdadeon.com.br\/portal\/?s={search_term_string}\"},\"query-input\":{\"@type\":\"PropertyValueSpecification\",\"valueRequired\":true,\"valueName\":\"search_term_string\"}}],\"inLanguage\":\"pt-BR\"},{\"@type\":\"Person\",\"@id\":\"https:\/\/verdadeon.com.br\/portal\/#\/schema\/person\/a5060ad1e9ea3df545188fc93ce43d2f\",\"name\":\"Redacao VerdadeOn\",\"image\":{\"@type\":\"ImageObject\",\"inLanguage\":\"pt-BR\",\"@id\":\"https:\/\/verdadeon.com.br\/portal\/#\/schema\/person\/image\/\",\"url\":\"https:\/\/secure.gravatar.com\/avatar\/459a9613caaaf07f582c3d0841eea68bdd66f533e465e6ba8b9cb45619572cf4?s=96&d=mm&r=g\",\"contentUrl\":\"https:\/\/secure.gravatar.com\/avatar\/459a9613caaaf07f582c3d0841eea68bdd66f533e465e6ba8b9cb45619572cf4?s=96&d=mm&r=g\",\"caption\":\"Redacao VerdadeOn\"},\"url\":\"https:\/\/verdadeon.com.br\/portal\/author\/redacao\/\"}]}<\/script>\n<!-- \/ Yoast SEO plugin. -->","yoast_head_json":{"title":"Prefeitura prepara Cemit\u00e9rios para visitas no Dia de Finados - VerdadeOn","robots":{"index":"index","follow":"follow","max-snippet":"max-snippet:-1","max-image-preview":"max-image-preview:large","max-video-preview":"max-video-preview:-1"},"canonical":"https:\/\/verdadeon.com.br\/portal\/2023\/10\/24\/prefeitura-prepara-cemiterios-para-visitas-no-dia-de-finados\/","og_locale":"pt_BR","og_type":"article","og_title":"Prefeitura prepara Cemit\u00e9rios para visitas no Dia de Finados - VerdadeOn","og_description":"Nos cemit\u00e9rios da Saudade e Santo Agostinho, expediente de funcionamento ser\u00e1 das 7h \u00e0s 17h, nos dias 1\u00ba e 2 de novembro Os dois cemit\u00e9rios municipais, [\u2026]","og_url":"https:\/\/verdadeon.com.br\/portal\/2023\/10\/24\/prefeitura-prepara-cemiterios-para-visitas-no-dia-de-finados\/","og_site_name":"VerdadeOn","article_published_time":"2023-10-24T14:42:46+00:00","og_image":[{"width":2560,"height":1715,"url":"https:\/\/verdadeon.com.br\/portal\/wp-content\/uploads\/2023\/10\/DSC_5709-scaled.jpg","type":"image\/jpeg"}],"author":"Redacao VerdadeOn","twitter_card":"summary_large_image","twitter_misc":{"Escrito por":"Redacao VerdadeOn","Est. tempo de leitura":"2 minutos"},"schema":{"@context":"https:\/\/schema.org","@graph":[{"@type":"WebPage","@id":"https:\/\/verdadeon.com.br\/portal\/2023\/10\/24\/prefeitura-prepara-cemiterios-para-visitas-no-dia-de-finados\/","url":"https:\/\/verdadeon.com.br\/portal\/2023\/10\/24\/prefeitura-prepara-cemiterios-para-visitas-no-dia-de-finados\/","name":"Prefeitura prepara Cemit\u00e9rios para visitas no Dia de Finados - VerdadeOn","isPartOf":{"@id":"https:\/\/verdadeon.com.br\/portal\/#website"},"primaryImageOfPage":{"@id":"https:\/\/verdadeon.com.br\/portal\/2023\/10\/24\/prefeitura-prepara-cemiterios-para-visitas-no-dia-de-finados\/#primaryimage"},"image":{"@id":"https:\/\/verdadeon.com.br\/portal\/2023\/10\/24\/prefeitura-prepara-cemiterios-para-visitas-no-dia-de-finados\/#primaryimage"},"thumbnailUrl":"https:\/\/i0.wp.com\/verdadeon.com.br\/portal\/wp-content\/uploads\/2023\/10\/DSC_5709-scaled.jpg?fit=2560%2C1715&ssl=1","datePublished":"2023-10-24T14:42:46+00:00","author":{"@id":"https:\/\/verdadeon.com.br\/portal\/#\/schema\/person\/a5060ad1e9ea3df545188fc93ce43d2f"},"breadcrumb":{"@id":"https:\/\/verdadeon.com.br\/portal\/2023\/10\/24\/prefeitura-prepara-cemiterios-para-visitas-no-dia-de-finados\/#breadcrumb"},"inLanguage":"pt-BR","potentialAction":[{"@type":"ReadAction","target":["https:\/\/verdadeon.com.br\/portal\/2023\/10\/24\/prefeitura-prepara-cemiterios-para-visitas-no-dia-de-finados\/"]}]},{"@type":"ImageObject","inLanguage":"pt-BR","@id":"https:\/\/verdadeon.com.br\/portal\/2023\/10\/24\/prefeitura-prepara-cemiterios-para-visitas-no-dia-de-finados\/#primaryimage","url":"https:\/\/i0.wp.com\/verdadeon.com.br\/portal\/wp-content\/uploads\/2023\/10\/DSC_5709-scaled.jpg?fit=2560%2C1715&ssl=1","contentUrl":"https:\/\/i0.wp.com\/verdadeon.com.br\/portal\/wp-content\/uploads\/2023\/10\/DSC_5709-scaled.jpg?fit=2560%2C1715&ssl=1","width":2560,"height":1715,"caption":"Nestes dois dias, expectativa \u00e9 de que cemit\u00e9rios recebam cerca de 40 mil pessoas (\u00a9Divulga\u00e7\u00e3o)"},{"@type":"BreadcrumbList","@id":"https:\/\/verdadeon.com.br\/portal\/2023\/10\/24\/prefeitura-prepara-cemiterios-para-visitas-no-dia-de-finados\/#breadcrumb","itemListElement":[{"@type":"ListItem","position":1,"name":"In\u00edcio","item":"https:\/\/verdadeon.com.br\/portal\/"},{"@type":"ListItem","position":2,"name":"Prefeitura prepara Cemit\u00e9rios para visitas no Dia de Finados"}]},{"@type":"WebSite","@id":"https:\/\/verdadeon.com.br\/portal\/#website","url":"https:\/\/verdadeon.com.br\/portal\/","name":"VerdadeOn","description":"Not\u00edcias di\u00e1rias sobre Franca, Regi\u00e3o, Esporte, Cultura, Cotidiano, Colunas. Cobertura nos principais eventos da cidade \u00e9 aqui - Verdadeon Franca","potentialAction":[{"@type":"SearchAction","target":{"@type":"EntryPoint","urlTemplate":"https:\/\/verdadeon.com.br\/portal\/?s={search_term_string}"},"query-input":{"@type":"PropertyValueSpecification","valueRequired":true,"valueName":"search_term_string"}}],"inLanguage":"pt-BR"},{"@type":"Person","@id":"https:\/\/verdadeon.com.br\/portal\/#\/schema\/person\/a5060ad1e9ea3df545188fc93ce43d2f","name":"Redacao VerdadeOn","image":{"@type":"ImageObject","inLanguage":"pt-BR","@id":"https:\/\/verdadeon.com.br\/portal\/#\/schema\/person\/image\/","url":"https:\/\/secure.gravatar.com\/avatar\/459a9613caaaf07f582c3d0841eea68bdd66f533e465e6ba8b9cb45619572cf4?s=96&d=mm&r=g","contentUrl":"https:\/\/secure.gravatar.com\/avatar\/459a9613caaaf07f582c3d0841eea68bdd66f533e465e6ba8b9cb45619572cf4?s=96&d=mm&r=g","caption":"Redacao VerdadeOn"},"url":"https:\/\/verdadeon.com.br\/portal\/author\/redacao\/"}]}},"jetpack_publicize_connections":[],"jetpack_featured_media_url":"https:\/\/i0.wp.com\/verdadeon.com.br\/portal\/wp-content\/uploads\/2023\/10\/DSC_5709-scaled.jpg?fit=2560%2C1715&ssl=1","jetpack_sharing_enabled":true,"_links":{"self":[{"href":"https:\/\/verdadeon.com.br\/portal\/wp-json\/wp\/v2\/posts\/38599","targetHints":{"allow":["GET"]}}],"collection":[{"href":"https:\/\/verdadeon.com.br\/portal\/wp-json\/wp\/v2\/posts"}],"about":[{"href":"https:\/\/verdadeon.com.br\/portal\/wp-json\/wp\/v2\/types\/post"}],"author":[{"embeddable":true,"href":"https:\/\/verdadeon.com.br\/portal\/wp-json\/wp\/v2\/users\/10"}],"replies":[{"embeddable":true,"href":"https:\/\/verdadeon.com.br\/portal\/wp-json\/wp\/v2\/comments?post=38599"}],"version-history":[{"count":1,"href":"https:\/\/verdadeon.com.br\/portal\/wp-json\/wp\/v2\/posts\/38599\/revisions"}],"predecessor-version":[{"id":38601,"href":"https:\/\/verdadeon.com.br\/portal\/wp-json\/wp\/v2\/posts\/38599\/revisions\/38601"}],"wp:featuredmedia":[{"embeddable":true,"href":"https:\/\/verdadeon.com.br\/portal\/wp-json\/wp\/v2\/media\/38600"}],"wp:attachment":[{"href":"https:\/\/verdadeon.com.br\/portal\/wp-json\/wp\/v2\/media?parent=38599"}],"wp:term":[{"taxonomy":"category","embeddable":true,"href":"https:\/\/verdadeon.com.br\/portal\/wp-json\/wp\/v2\/categories?post=38599"},{"taxonomy":"post_tag","embeddable":true,"href":"https:\/\/verdadeon.com.br\/portal\/wp-json\/wp\/v2\/tags?post=38599"}],"curies":[{"name":"wp","href":"https:\/\/api.w.org\/{rel}","templated":true}]}}