{"id":38379,"date":"2023-10-16T10:53:28","date_gmt":"2023-10-16T13:53:28","guid":{"rendered":"https:\/\/verdadeon.com.br\/portal\/?p=38379"},"modified":"2023-10-16T15:12:17","modified_gmt":"2023-10-16T18:12:17","slug":"deputada-graciela-pede-ao-governo-que-torne-ddms-unidades-de-1a-classe","status":"publish","type":"post","link":"https:\/\/verdadeon.com.br\/portal\/2023\/10\/16\/deputada-graciela-pede-ao-governo-que-torne-ddms-unidades-de-1a-classe\/","title":{"rendered":"Deputada Graciela pede ao governo que torne DDMs unidades de 1\u00aa Classe"},"content":{"rendered":"<h2>Reclassifica\u00e7\u00e3o deve permitir aumento do n\u00famero de policiais nas Delegacias da Mulher<\/h2>\n<p>Coordenadora da Frente Parlamentar que tem o objetivo de fortalecer as DDMs (Delegacias de Defesa da Mulher), a deputada estadual Delegada Graciela (PL) solicitou ao secret\u00e1rio estadual de Seguran\u00e7a P\u00fablica, Guilherme Derrite, que todas as DDMs do Estado sejam classificadas como unidade policial de 1\u00aa Classe. A medida dar\u00e1 mais estrutura a essas delegacias, permitindo, inclusive, que essas unidades contem com mais policiais.<\/p>\n<p>As DDMs respondem por cerca de 50% das ocorr\u00eancias policiais registradas no Estado de S\u00e3o Paulo. Embora o Decreto N\u00ba 65.127\/20, baseado na Lei Maria da Penha, exija uma atua\u00e7\u00e3o especializada de todos os policiais civis que nelas trabalhem, essas delegacias n\u00e3o recebem, como contrapartida, o devido tratamento especial e muitas delas est\u00e3o classificadas como unidade policial de 3\u00aa Classe.<\/p>\n<p>\u201cEssa diferencia\u00e7\u00e3o causa s\u00e9rias implica\u00e7\u00f5es no funcionamento das DDMs, pois elas n\u00e3o recebem os mesmos benef\u00edcios estruturais e funcionais das demais unidades especializadas\u201d, afirmou a deputada Graciela. \u201cA reclassifica\u00e7\u00e3o atinge n\u00e3o s\u00f3 o n\u00famero de policiais civis que podem ser empregados em uma Delegacia de 1\u00aa classe, como os atrativos para policiais civis trabalharem na Delegacia da Mulher\u201d, completou.<\/p>\n<p>Enquete realizada pela deputada Graciela durante o lan\u00e7amento da Frente Parlamentar em prol das DDMs, no \u00faltimo m\u00eas, constatou que os principais problemas dessas unidades t\u00eam rela\u00e7\u00e3o com recursos humanos.<\/p>\n<p>O resultado do levantamento foi entregue pessoalmente ao secret\u00e1rio Guilherme Derrite. \u201cReforcei ao secret\u00e1rio que muitas Delegacias de Defesa da Mulher correm o risco de entrar em colapso, pois o baixo n\u00famero de policiais \u00e9 incompat\u00edvel para atender ao crescente volume de ocorr\u00eancias. O aumento do efetivo \u00e9 uma necessidade urgente. A reclassifica\u00e7\u00e3o vai auxiliar para que isso ocorra, al\u00e9m de permitir a valoriza\u00e7\u00e3o daqueles que atuam nas DDMs\u201d, disse a deputada Graciela.<\/p>\n<p>A Frente Parlamentar para Fortalecimento, Valoriza\u00e7\u00e3o e Aprimoramento da Legisla\u00e7\u00e3o em prol das DDMs foi lan\u00e7ada pela deputada Delegada Graciela, no \u00faltimo dia 19 de setembro, na Assembleia Legislativa de S\u00e3o Paulo. Desde ent\u00e3o, j\u00e1 foram identificadas v\u00e1rias melhorias que permitir\u00e3o o refor\u00e7o do trabalho dessas delegacias.<\/p>\n<p>\u201cEstamos buscando o di\u00e1logo nas duas frentes, ouvindo os policiais e discutindo com o secret\u00e1rio Guilherme Derrite e o Poder Executivo de forma ampla, para que tenhamos avan\u00e7os pr\u00e1ticos a partir do trabalho da nossa Frente Parlamentar. Tenho certeza de que, em breve, boas realiza\u00e7\u00f5es vir\u00e3o\u201d, revelou a deputada estadual Delegada Graciela.<\/p>\n","protected":false},"excerpt":{"rendered":"<p>Reclassifica\u00e7\u00e3o deve permitir aumento do n\u00famero de policiais nas Delegacias da Mulher Coordenadora da Frente Parlamentar que tem o objetivo de fortalecer as DDMs (Delegacias de<span class=\"excerpt-hellip\"> [\u2026]<\/span><\/p>\n","protected":false},"author":10,"featured_media":38380,"comment_status":"open","ping_status":"open","sticky":false,"template":"","format":"standard","meta":{"_jetpack_memberships_contains_paid_content":false,"footnotes":"","jetpack_publicize_message":"","jetpack_publicize_feature_enabled":true,"jetpack_social_post_already_shared":false,"jetpack_social_options":{"image_generator_settings":{"template":"highway","default_image_id":0,"enabled":false},"version":2}},"categories":[28,81],"tags":[],"class_list":["post-38379","post","type-post","status-publish","format-standard","has-post-thumbnail","hentry","category-cotidiano","category-manchete"],"yoast_head":"<!-- This site is optimized with the Yoast SEO plugin v25.6 - https:\/\/yoast.com\/wordpress\/plugins\/seo\/ -->\n<title>Deputada Graciela pede ao governo que torne DDMs unidades de 1\u00aa Classe - VerdadeOn<\/title>\n<meta name=\"robots\" content=\"index, follow, max-snippet:-1, max-image-preview:large, max-video-preview:-1\" \/>\n<link rel=\"canonical\" href=\"https:\/\/verdadeon.com.br\/portal\/2023\/10\/16\/deputada-graciela-pede-ao-governo-que-torne-ddms-unidades-de-1a-classe\/\" \/>\n<meta property=\"og:locale\" content=\"pt_BR\" \/>\n<meta property=\"og:type\" content=\"article\" \/>\n<meta property=\"og:title\" content=\"Deputada Graciela pede ao governo que torne DDMs unidades de 1\u00aa Classe - VerdadeOn\" \/>\n<meta property=\"og:description\" content=\"Reclassifica\u00e7\u00e3o deve permitir aumento do n\u00famero de policiais nas Delegacias da Mulher Coordenadora da Frente Parlamentar que tem o objetivo de fortalecer as DDMs (Delegacias de [\u2026]\" \/>\n<meta property=\"og:url\" content=\"https:\/\/verdadeon.com.br\/portal\/2023\/10\/16\/deputada-graciela-pede-ao-governo-que-torne-ddms-unidades-de-1a-classe\/\" \/>\n<meta property=\"og:site_name\" content=\"VerdadeOn\" \/>\n<meta property=\"article:published_time\" content=\"2023-10-16T13:53:28+00:00\" \/>\n<meta property=\"article:modified_time\" content=\"2023-10-16T18:12:17+00:00\" \/>\n<meta property=\"og:image\" content=\"https:\/\/verdadeon.com.br\/portal\/wp-content\/uploads\/2023\/10\/WhatsApp-Image-2023-10-16-at-13.57.27-1.jpeg\" \/>\n\t<meta property=\"og:image:width\" content=\"1592\" \/>\n\t<meta property=\"og:image:height\" content=\"1066\" \/>\n\t<meta property=\"og:image:type\" content=\"image\/jpeg\" \/>\n<meta name=\"author\" content=\"Redacao VerdadeOn\" \/>\n<meta name=\"twitter:card\" content=\"summary_large_image\" \/>\n<meta name=\"twitter:label1\" content=\"Escrito por\" \/>\n\t<meta name=\"twitter:data1\" content=\"Redacao VerdadeOn\" \/>\n\t<meta name=\"twitter:label2\" content=\"Est. tempo de leitura\" \/>\n\t<meta name=\"twitter:data2\" content=\"3 minutos\" \/>\n<script type=\"application\/ld+json\" class=\"yoast-schema-graph\">{\"@context\":\"https:\/\/schema.org\",\"@graph\":[{\"@type\":\"WebPage\",\"@id\":\"https:\/\/verdadeon.com.br\/portal\/2023\/10\/16\/deputada-graciela-pede-ao-governo-que-torne-ddms-unidades-de-1a-classe\/\",\"url\":\"https:\/\/verdadeon.com.br\/portal\/2023\/10\/16\/deputada-graciela-pede-ao-governo-que-torne-ddms-unidades-de-1a-classe\/\",\"name\":\"Deputada Graciela pede ao governo que torne DDMs unidades de 1\u00aa Classe - VerdadeOn\",\"isPartOf\":{\"@id\":\"https:\/\/verdadeon.com.br\/portal\/#website\"},\"primaryImageOfPage\":{\"@id\":\"https:\/\/verdadeon.com.br\/portal\/2023\/10\/16\/deputada-graciela-pede-ao-governo-que-torne-ddms-unidades-de-1a-classe\/#primaryimage\"},\"image\":{\"@id\":\"https:\/\/verdadeon.com.br\/portal\/2023\/10\/16\/deputada-graciela-pede-ao-governo-que-torne-ddms-unidades-de-1a-classe\/#primaryimage\"},\"thumbnailUrl\":\"https:\/\/i0.wp.com\/verdadeon.com.br\/portal\/wp-content\/uploads\/2023\/10\/WhatsApp-Image-2023-10-16-at-13.57.27-1.jpeg?fit=1592%2C1066&ssl=1\",\"datePublished\":\"2023-10-16T13:53:28+00:00\",\"dateModified\":\"2023-10-16T18:12:17+00:00\",\"author\":{\"@id\":\"https:\/\/verdadeon.com.br\/portal\/#\/schema\/person\/a5060ad1e9ea3df545188fc93ce43d2f\"},\"breadcrumb\":{\"@id\":\"https:\/\/verdadeon.com.br\/portal\/2023\/10\/16\/deputada-graciela-pede-ao-governo-que-torne-ddms-unidades-de-1a-classe\/#breadcrumb\"},\"inLanguage\":\"pt-BR\",\"potentialAction\":[{\"@type\":\"ReadAction\",\"target\":[\"https:\/\/verdadeon.com.br\/portal\/2023\/10\/16\/deputada-graciela-pede-ao-governo-que-torne-ddms-unidades-de-1a-classe\/\"]}]},{\"@type\":\"ImageObject\",\"inLanguage\":\"pt-BR\",\"@id\":\"https:\/\/verdadeon.com.br\/portal\/2023\/10\/16\/deputada-graciela-pede-ao-governo-que-torne-ddms-unidades-de-1a-classe\/#primaryimage\",\"url\":\"https:\/\/i0.wp.com\/verdadeon.com.br\/portal\/wp-content\/uploads\/2023\/10\/WhatsApp-Image-2023-10-16-at-13.57.27-1.jpeg?fit=1592%2C1066&ssl=1\",\"contentUrl\":\"https:\/\/i0.wp.com\/verdadeon.com.br\/portal\/wp-content\/uploads\/2023\/10\/WhatsApp-Image-2023-10-16-at-13.57.27-1.jpeg?fit=1592%2C1066&ssl=1\",\"width\":1592,\"height\":1066,\"caption\":\"A deputada estadual Delegada Graciela e o secret\u00e1rio de Seguran\u00e7a P\u00fablica Guilherme Derrite (\u00a9Divulga\u00e7\u00e3o)\"},{\"@type\":\"BreadcrumbList\",\"@id\":\"https:\/\/verdadeon.com.br\/portal\/2023\/10\/16\/deputada-graciela-pede-ao-governo-que-torne-ddms-unidades-de-1a-classe\/#breadcrumb\",\"itemListElement\":[{\"@type\":\"ListItem\",\"position\":1,\"name\":\"In\u00edcio\",\"item\":\"https:\/\/verdadeon.com.br\/portal\/\"},{\"@type\":\"ListItem\",\"position\":2,\"name\":\"Deputada Graciela pede ao governo que torne DDMs unidades de 1\u00aa Classe\"}]},{\"@type\":\"WebSite\",\"@id\":\"https:\/\/verdadeon.com.br\/portal\/#website\",\"url\":\"https:\/\/verdadeon.com.br\/portal\/\",\"name\":\"VerdadeOn\",\"description\":\"Not\u00edcias di\u00e1rias sobre Franca, Regi\u00e3o, Esporte, Cultura, Cotidiano, Colunas. Cobertura nos principais eventos da cidade \u00e9 aqui - Verdadeon Franca\",\"potentialAction\":[{\"@type\":\"SearchAction\",\"target\":{\"@type\":\"EntryPoint\",\"urlTemplate\":\"https:\/\/verdadeon.com.br\/portal\/?s={search_term_string}\"},\"query-input\":{\"@type\":\"PropertyValueSpecification\",\"valueRequired\":true,\"valueName\":\"search_term_string\"}}],\"inLanguage\":\"pt-BR\"},{\"@type\":\"Person\",\"@id\":\"https:\/\/verdadeon.com.br\/portal\/#\/schema\/person\/a5060ad1e9ea3df545188fc93ce43d2f\",\"name\":\"Redacao VerdadeOn\",\"image\":{\"@type\":\"ImageObject\",\"inLanguage\":\"pt-BR\",\"@id\":\"https:\/\/verdadeon.com.br\/portal\/#\/schema\/person\/image\/\",\"url\":\"https:\/\/secure.gravatar.com\/avatar\/459a9613caaaf07f582c3d0841eea68bdd66f533e465e6ba8b9cb45619572cf4?s=96&d=mm&r=g\",\"contentUrl\":\"https:\/\/secure.gravatar.com\/avatar\/459a9613caaaf07f582c3d0841eea68bdd66f533e465e6ba8b9cb45619572cf4?s=96&d=mm&r=g\",\"caption\":\"Redacao VerdadeOn\"},\"url\":\"https:\/\/verdadeon.com.br\/portal\/author\/redacao\/\"}]}<\/script>\n<!-- \/ Yoast SEO plugin. -->","yoast_head_json":{"title":"Deputada Graciela pede ao governo que torne DDMs unidades de 1\u00aa Classe - VerdadeOn","robots":{"index":"index","follow":"follow","max-snippet":"max-snippet:-1","max-image-preview":"max-image-preview:large","max-video-preview":"max-video-preview:-1"},"canonical":"https:\/\/verdadeon.com.br\/portal\/2023\/10\/16\/deputada-graciela-pede-ao-governo-que-torne-ddms-unidades-de-1a-classe\/","og_locale":"pt_BR","og_type":"article","og_title":"Deputada Graciela pede ao governo que torne DDMs unidades de 1\u00aa Classe - VerdadeOn","og_description":"Reclassifica\u00e7\u00e3o deve permitir aumento do n\u00famero de policiais nas Delegacias da Mulher Coordenadora da Frente Parlamentar que tem o objetivo de fortalecer as DDMs (Delegacias de [\u2026]","og_url":"https:\/\/verdadeon.com.br\/portal\/2023\/10\/16\/deputada-graciela-pede-ao-governo-que-torne-ddms-unidades-de-1a-classe\/","og_site_name":"VerdadeOn","article_published_time":"2023-10-16T13:53:28+00:00","article_modified_time":"2023-10-16T18:12:17+00:00","og_image":[{"width":1592,"height":1066,"url":"https:\/\/verdadeon.com.br\/portal\/wp-content\/uploads\/2023\/10\/WhatsApp-Image-2023-10-16-at-13.57.27-1.jpeg","type":"image\/jpeg"}],"author":"Redacao VerdadeOn","twitter_card":"summary_large_image","twitter_misc":{"Escrito por":"Redacao VerdadeOn","Est. tempo de leitura":"3 minutos"},"schema":{"@context":"https:\/\/schema.org","@graph":[{"@type":"WebPage","@id":"https:\/\/verdadeon.com.br\/portal\/2023\/10\/16\/deputada-graciela-pede-ao-governo-que-torne-ddms-unidades-de-1a-classe\/","url":"https:\/\/verdadeon.com.br\/portal\/2023\/10\/16\/deputada-graciela-pede-ao-governo-que-torne-ddms-unidades-de-1a-classe\/","name":"Deputada Graciela pede ao governo que torne DDMs unidades de 1\u00aa Classe - VerdadeOn","isPartOf":{"@id":"https:\/\/verdadeon.com.br\/portal\/#website"},"primaryImageOfPage":{"@id":"https:\/\/verdadeon.com.br\/portal\/2023\/10\/16\/deputada-graciela-pede-ao-governo-que-torne-ddms-unidades-de-1a-classe\/#primaryimage"},"image":{"@id":"https:\/\/verdadeon.com.br\/portal\/2023\/10\/16\/deputada-graciela-pede-ao-governo-que-torne-ddms-unidades-de-1a-classe\/#primaryimage"},"thumbnailUrl":"https:\/\/i0.wp.com\/verdadeon.com.br\/portal\/wp-content\/uploads\/2023\/10\/WhatsApp-Image-2023-10-16-at-13.57.27-1.jpeg?fit=1592%2C1066&ssl=1","datePublished":"2023-10-16T13:53:28+00:00","dateModified":"2023-10-16T18:12:17+00:00","author":{"@id":"https:\/\/verdadeon.com.br\/portal\/#\/schema\/person\/a5060ad1e9ea3df545188fc93ce43d2f"},"breadcrumb":{"@id":"https:\/\/verdadeon.com.br\/portal\/2023\/10\/16\/deputada-graciela-pede-ao-governo-que-torne-ddms-unidades-de-1a-classe\/#breadcrumb"},"inLanguage":"pt-BR","potentialAction":[{"@type":"ReadAction","target":["https:\/\/verdadeon.com.br\/portal\/2023\/10\/16\/deputada-graciela-pede-ao-governo-que-torne-ddms-unidades-de-1a-classe\/"]}]},{"@type":"ImageObject","inLanguage":"pt-BR","@id":"https:\/\/verdadeon.com.br\/portal\/2023\/10\/16\/deputada-graciela-pede-ao-governo-que-torne-ddms-unidades-de-1a-classe\/#primaryimage","url":"https:\/\/i0.wp.com\/verdadeon.com.br\/portal\/wp-content\/uploads\/2023\/10\/WhatsApp-Image-2023-10-16-at-13.57.27-1.jpeg?fit=1592%2C1066&ssl=1","contentUrl":"https:\/\/i0.wp.com\/verdadeon.com.br\/portal\/wp-content\/uploads\/2023\/10\/WhatsApp-Image-2023-10-16-at-13.57.27-1.jpeg?fit=1592%2C1066&ssl=1","width":1592,"height":1066,"caption":"A deputada estadual Delegada Graciela e o secret\u00e1rio de Seguran\u00e7a P\u00fablica Guilherme Derrite (\u00a9Divulga\u00e7\u00e3o)"},{"@type":"BreadcrumbList","@id":"https:\/\/verdadeon.com.br\/portal\/2023\/10\/16\/deputada-graciela-pede-ao-governo-que-torne-ddms-unidades-de-1a-classe\/#breadcrumb","itemListElement":[{"@type":"ListItem","position":1,"name":"In\u00edcio","item":"https:\/\/verdadeon.com.br\/portal\/"},{"@type":"ListItem","position":2,"name":"Deputada Graciela pede ao governo que torne DDMs unidades de 1\u00aa Classe"}]},{"@type":"WebSite","@id":"https:\/\/verdadeon.com.br\/portal\/#website","url":"https:\/\/verdadeon.com.br\/portal\/","name":"VerdadeOn","description":"Not\u00edcias di\u00e1rias sobre Franca, Regi\u00e3o, Esporte, Cultura, Cotidiano, Colunas. Cobertura nos principais eventos da cidade \u00e9 aqui - Verdadeon Franca","potentialAction":[{"@type":"SearchAction","target":{"@type":"EntryPoint","urlTemplate":"https:\/\/verdadeon.com.br\/portal\/?s={search_term_string}"},"query-input":{"@type":"PropertyValueSpecification","valueRequired":true,"valueName":"search_term_string"}}],"inLanguage":"pt-BR"},{"@type":"Person","@id":"https:\/\/verdadeon.com.br\/portal\/#\/schema\/person\/a5060ad1e9ea3df545188fc93ce43d2f","name":"Redacao VerdadeOn","image":{"@type":"ImageObject","inLanguage":"pt-BR","@id":"https:\/\/verdadeon.com.br\/portal\/#\/schema\/person\/image\/","url":"https:\/\/secure.gravatar.com\/avatar\/459a9613caaaf07f582c3d0841eea68bdd66f533e465e6ba8b9cb45619572cf4?s=96&d=mm&r=g","contentUrl":"https:\/\/secure.gravatar.com\/avatar\/459a9613caaaf07f582c3d0841eea68bdd66f533e465e6ba8b9cb45619572cf4?s=96&d=mm&r=g","caption":"Redacao VerdadeOn"},"url":"https:\/\/verdadeon.com.br\/portal\/author\/redacao\/"}]}},"jetpack_publicize_connections":[],"jetpack_featured_media_url":"https:\/\/i0.wp.com\/verdadeon.com.br\/portal\/wp-content\/uploads\/2023\/10\/WhatsApp-Image-2023-10-16-at-13.57.27-1.jpeg?fit=1592%2C1066&ssl=1","jetpack_sharing_enabled":true,"_links":{"self":[{"href":"https:\/\/verdadeon.com.br\/portal\/wp-json\/wp\/v2\/posts\/38379","targetHints":{"allow":["GET"]}}],"collection":[{"href":"https:\/\/verdadeon.com.br\/portal\/wp-json\/wp\/v2\/posts"}],"about":[{"href":"https:\/\/verdadeon.com.br\/portal\/wp-json\/wp\/v2\/types\/post"}],"author":[{"embeddable":true,"href":"https:\/\/verdadeon.com.br\/portal\/wp-json\/wp\/v2\/users\/10"}],"replies":[{"embeddable":true,"href":"https:\/\/verdadeon.com.br\/portal\/wp-json\/wp\/v2\/comments?post=38379"}],"version-history":[{"count":1,"href":"https:\/\/verdadeon.com.br\/portal\/wp-json\/wp\/v2\/posts\/38379\/revisions"}],"predecessor-version":[{"id":38381,"href":"https:\/\/verdadeon.com.br\/portal\/wp-json\/wp\/v2\/posts\/38379\/revisions\/38381"}],"wp:featuredmedia":[{"embeddable":true,"href":"https:\/\/verdadeon.com.br\/portal\/wp-json\/wp\/v2\/media\/38380"}],"wp:attachment":[{"href":"https:\/\/verdadeon.com.br\/portal\/wp-json\/wp\/v2\/media?parent=38379"}],"wp:term":[{"taxonomy":"category","embeddable":true,"href":"https:\/\/verdadeon.com.br\/portal\/wp-json\/wp\/v2\/categories?post=38379"},{"taxonomy":"post_tag","embeddable":true,"href":"https:\/\/verdadeon.com.br\/portal\/wp-json\/wp\/v2\/tags?post=38379"}],"curies":[{"name":"wp","href":"https:\/\/api.w.org\/{rel}","templated":true}]}}