{"id":38375,"date":"2023-10-16T14:43:07","date_gmt":"2023-10-16T17:43:07","guid":{"rendered":"https:\/\/verdadeon.com.br\/portal\/?p=38375"},"modified":"2023-10-16T14:43:07","modified_gmt":"2023-10-16T17:43:07","slug":"criancas-do-noemia-ganham-festa-de-igreja-evangelica","status":"publish","type":"post","link":"https:\/\/verdadeon.com.br\/portal\/2023\/10\/16\/criancas-do-noemia-ganham-festa-de-igreja-evangelica\/","title":{"rendered":"Crian\u00e7as do No\u00eamia ganham festa de Igreja Evang\u00e9lica"},"content":{"rendered":"<h2>Esse ano, o tema da festa da Igreja Quadrangular foi &#8220;Revestindo-se das armaduras de Deus&#8221;<\/h2>\n<p>As crian\u00e7as do Jardim No\u00eamia tiveram um final de semana diferente com muita divers\u00e3o, lanches e presentes. A festa em comemora\u00e7\u00e3o ao Dia das Crian\u00e7as foi realizada no s\u00e1bado, 14, pela Igreja do Evangelho Quadrangular do bairro.<\/p>\n<p>Organizada pelos pastores Paulo e Mary Maciel e sua lideran\u00e7a, a 5\u00aa edi\u00e7\u00e3o da Festa das Crian\u00e7as contou com o apoio da iniciativa privada e de v\u00e1rios volunt\u00e1rios que se uniram para proporcionar momentos de alegria, confraterniza\u00e7\u00e3o e entretenimento para cerca de cem crian\u00e7as da comunidade local.<\/p>\n<p><img data-recalc-dims=\"1\" loading=\"lazy\" decoding=\"async\" class=\"alignnone size-full wp-image-38377\" src=\"https:\/\/i0.wp.com\/verdadeon.com.br\/portal\/wp-content\/uploads\/2023\/10\/WhatsApp-Image-2023-10-16-at-13.55.23-1.jpeg?resize=1220%2C817&#038;ssl=1\" alt=\"\" width=\"1220\" height=\"817\" srcset=\"https:\/\/i0.wp.com\/verdadeon.com.br\/portal\/wp-content\/uploads\/2023\/10\/WhatsApp-Image-2023-10-16-at-13.55.23-1.jpeg?w=1600&amp;ssl=1 1600w, https:\/\/i0.wp.com\/verdadeon.com.br\/portal\/wp-content\/uploads\/2023\/10\/WhatsApp-Image-2023-10-16-at-13.55.23-1.jpeg?resize=300%2C201&amp;ssl=1 300w, https:\/\/i0.wp.com\/verdadeon.com.br\/portal\/wp-content\/uploads\/2023\/10\/WhatsApp-Image-2023-10-16-at-13.55.23-1.jpeg?resize=1024%2C686&amp;ssl=1 1024w, https:\/\/i0.wp.com\/verdadeon.com.br\/portal\/wp-content\/uploads\/2023\/10\/WhatsApp-Image-2023-10-16-at-13.55.23-1.jpeg?resize=768%2C515&amp;ssl=1 768w, https:\/\/i0.wp.com\/verdadeon.com.br\/portal\/wp-content\/uploads\/2023\/10\/WhatsApp-Image-2023-10-16-at-13.55.23-1.jpeg?resize=1536%2C1029&amp;ssl=1 1536w, https:\/\/i0.wp.com\/verdadeon.com.br\/portal\/wp-content\/uploads\/2023\/10\/WhatsApp-Image-2023-10-16-at-13.55.23-1.jpeg?resize=218%2C146&amp;ssl=1 218w, https:\/\/i0.wp.com\/verdadeon.com.br\/portal\/wp-content\/uploads\/2023\/10\/WhatsApp-Image-2023-10-16-at-13.55.23-1.jpeg?resize=50%2C34&amp;ssl=1 50w, https:\/\/i0.wp.com\/verdadeon.com.br\/portal\/wp-content\/uploads\/2023\/10\/WhatsApp-Image-2023-10-16-at-13.55.23-1.jpeg?resize=112%2C75&amp;ssl=1 112w, https:\/\/i0.wp.com\/verdadeon.com.br\/portal\/wp-content\/uploads\/2023\/10\/WhatsApp-Image-2023-10-16-at-13.55.23-1.jpeg?resize=1000%2C670&amp;ssl=1 1000w\" sizes=\"auto, (max-width: 1220px) 100vw, 1220px\" \/><\/p>\n<p>Foram distribu\u00eddos brinquedos, balas, pipocas, bolos, refrigerantes, cachorro quente, picol\u00e9, sacol\u00e9 e salgados. A crian\u00e7ada tamb\u00e9m se divertiu no pula-pula, tobog\u00e3, tombo legal, pebolim e os palha\u00e7os pipoca e bolinha, nas gincanas e apresenta\u00e7\u00f5es de teatro e ministra\u00e7\u00e3o da palavra.\u201c<\/p>\n<p>Esse ano, o tema da festa da Igreja Quadrangular foi &#8220;Revestindo-se das armaduras de Deus&#8221;. \u201cEscolhemos este tema para mostrar \u00e0s crian\u00e7as a import\u00e2ncia de confiar que Deus sempre est\u00e1 nos protegendo com as armaduras celestiais. Foi uma festa simples, por\u00e9m, muito divertida. As crian\u00e7as adoraram. Muito obrigado a todos que possibilitaram estes momentos de alegria e divers\u00e3o para os nossos pequenos\u201d, disse o pastor Paulo Maciel.<\/p>\n","protected":false},"excerpt":{"rendered":"<p>Esse ano, o tema da festa da Igreja Quadrangular foi &#8220;Revestindo-se das armaduras de Deus&#8221; As crian\u00e7as do Jardim No\u00eamia tiveram um final de semana diferente<span class=\"excerpt-hellip\"> [\u2026]<\/span><\/p>\n","protected":false},"author":10,"featured_media":38376,"comment_status":"open","ping_status":"open","sticky":false,"template":"","format":"standard","meta":{"_jetpack_memberships_contains_paid_content":false,"footnotes":"","jetpack_publicize_message":"","jetpack_publicize_feature_enabled":true,"jetpack_social_post_already_shared":false,"jetpack_social_options":{"image_generator_settings":{"template":"highway","default_image_id":0,"enabled":false},"version":2}},"categories":[28,44],"tags":[],"class_list":["post-38375","post","type-post","status-publish","format-standard","has-post-thumbnail","hentry","category-cotidiano","category-noticias"],"yoast_head":"<!-- This site is optimized with the Yoast SEO plugin v25.6 - https:\/\/yoast.com\/wordpress\/plugins\/seo\/ -->\n<title>Crian\u00e7as do No\u00eamia ganham festa de Igreja Evang\u00e9lica - VerdadeOn<\/title>\n<meta name=\"robots\" content=\"index, follow, max-snippet:-1, max-image-preview:large, max-video-preview:-1\" \/>\n<link rel=\"canonical\" href=\"https:\/\/verdadeon.com.br\/portal\/2023\/10\/16\/criancas-do-noemia-ganham-festa-de-igreja-evangelica\/\" \/>\n<meta property=\"og:locale\" content=\"pt_BR\" \/>\n<meta property=\"og:type\" content=\"article\" \/>\n<meta property=\"og:title\" content=\"Crian\u00e7as do No\u00eamia ganham festa de Igreja Evang\u00e9lica - VerdadeOn\" \/>\n<meta property=\"og:description\" content=\"Esse ano, o tema da festa da Igreja Quadrangular foi &#8220;Revestindo-se das armaduras de Deus&#8221; As crian\u00e7as do Jardim No\u00eamia tiveram um final de semana diferente [\u2026]\" \/>\n<meta property=\"og:url\" content=\"https:\/\/verdadeon.com.br\/portal\/2023\/10\/16\/criancas-do-noemia-ganham-festa-de-igreja-evangelica\/\" \/>\n<meta property=\"og:site_name\" content=\"VerdadeOn\" \/>\n<meta property=\"article:published_time\" content=\"2023-10-16T17:43:07+00:00\" \/>\n<meta property=\"og:image\" content=\"https:\/\/verdadeon.com.br\/portal\/wp-content\/uploads\/2023\/10\/WhatsApp-Image-2023-10-16-at-13.55.23.jpeg\" \/>\n\t<meta property=\"og:image:width\" content=\"1600\" \/>\n\t<meta property=\"og:image:height\" content=\"1072\" \/>\n\t<meta property=\"og:image:type\" content=\"image\/jpeg\" \/>\n<meta name=\"author\" content=\"Redacao VerdadeOn\" \/>\n<meta name=\"twitter:card\" content=\"summary_large_image\" \/>\n<meta name=\"twitter:label1\" content=\"Escrito por\" \/>\n\t<meta name=\"twitter:data1\" content=\"Redacao VerdadeOn\" \/>\n\t<meta name=\"twitter:label2\" content=\"Est. tempo de leitura\" \/>\n\t<meta name=\"twitter:data2\" content=\"2 minutos\" \/>\n<script type=\"application\/ld+json\" class=\"yoast-schema-graph\">{\"@context\":\"https:\/\/schema.org\",\"@graph\":[{\"@type\":\"WebPage\",\"@id\":\"https:\/\/verdadeon.com.br\/portal\/2023\/10\/16\/criancas-do-noemia-ganham-festa-de-igreja-evangelica\/\",\"url\":\"https:\/\/verdadeon.com.br\/portal\/2023\/10\/16\/criancas-do-noemia-ganham-festa-de-igreja-evangelica\/\",\"name\":\"Crian\u00e7as do No\u00eamia ganham festa de Igreja Evang\u00e9lica - VerdadeOn\",\"isPartOf\":{\"@id\":\"https:\/\/verdadeon.com.br\/portal\/#website\"},\"primaryImageOfPage\":{\"@id\":\"https:\/\/verdadeon.com.br\/portal\/2023\/10\/16\/criancas-do-noemia-ganham-festa-de-igreja-evangelica\/#primaryimage\"},\"image\":{\"@id\":\"https:\/\/verdadeon.com.br\/portal\/2023\/10\/16\/criancas-do-noemia-ganham-festa-de-igreja-evangelica\/#primaryimage\"},\"thumbnailUrl\":\"https:\/\/i0.wp.com\/verdadeon.com.br\/portal\/wp-content\/uploads\/2023\/10\/WhatsApp-Image-2023-10-16-at-13.55.23.jpeg?fit=1600%2C1072&ssl=1\",\"datePublished\":\"2023-10-16T17:43:07+00:00\",\"author\":{\"@id\":\"https:\/\/verdadeon.com.br\/portal\/#\/schema\/person\/a5060ad1e9ea3df545188fc93ce43d2f\"},\"breadcrumb\":{\"@id\":\"https:\/\/verdadeon.com.br\/portal\/2023\/10\/16\/criancas-do-noemia-ganham-festa-de-igreja-evangelica\/#breadcrumb\"},\"inLanguage\":\"pt-BR\",\"potentialAction\":[{\"@type\":\"ReadAction\",\"target\":[\"https:\/\/verdadeon.com.br\/portal\/2023\/10\/16\/criancas-do-noemia-ganham-festa-de-igreja-evangelica\/\"]}]},{\"@type\":\"ImageObject\",\"inLanguage\":\"pt-BR\",\"@id\":\"https:\/\/verdadeon.com.br\/portal\/2023\/10\/16\/criancas-do-noemia-ganham-festa-de-igreja-evangelica\/#primaryimage\",\"url\":\"https:\/\/i0.wp.com\/verdadeon.com.br\/portal\/wp-content\/uploads\/2023\/10\/WhatsApp-Image-2023-10-16-at-13.55.23.jpeg?fit=1600%2C1072&ssl=1\",\"contentUrl\":\"https:\/\/i0.wp.com\/verdadeon.com.br\/portal\/wp-content\/uploads\/2023\/10\/WhatsApp-Image-2023-10-16-at-13.55.23.jpeg?fit=1600%2C1072&ssl=1\",\"width\":1600,\"height\":1072,\"caption\":\"Igreja do Evangelho Quadrangular do bairro Jardim No\u00eamia realiza festa em comemora\u00e7\u00e3o do Dia das Crian\u00e7as (\u00a9Divulga\u00e7\u00e3o)\"},{\"@type\":\"BreadcrumbList\",\"@id\":\"https:\/\/verdadeon.com.br\/portal\/2023\/10\/16\/criancas-do-noemia-ganham-festa-de-igreja-evangelica\/#breadcrumb\",\"itemListElement\":[{\"@type\":\"ListItem\",\"position\":1,\"name\":\"In\u00edcio\",\"item\":\"https:\/\/verdadeon.com.br\/portal\/\"},{\"@type\":\"ListItem\",\"position\":2,\"name\":\"Crian\u00e7as do No\u00eamia ganham festa de Igreja Evang\u00e9lica\"}]},{\"@type\":\"WebSite\",\"@id\":\"https:\/\/verdadeon.com.br\/portal\/#website\",\"url\":\"https:\/\/verdadeon.com.br\/portal\/\",\"name\":\"VerdadeOn\",\"description\":\"Not\u00edcias di\u00e1rias sobre Franca, Regi\u00e3o, Esporte, Cultura, Cotidiano, Colunas. Cobertura nos principais eventos da cidade \u00e9 aqui - Verdadeon Franca\",\"potentialAction\":[{\"@type\":\"SearchAction\",\"target\":{\"@type\":\"EntryPoint\",\"urlTemplate\":\"https:\/\/verdadeon.com.br\/portal\/?s={search_term_string}\"},\"query-input\":{\"@type\":\"PropertyValueSpecification\",\"valueRequired\":true,\"valueName\":\"search_term_string\"}}],\"inLanguage\":\"pt-BR\"},{\"@type\":\"Person\",\"@id\":\"https:\/\/verdadeon.com.br\/portal\/#\/schema\/person\/a5060ad1e9ea3df545188fc93ce43d2f\",\"name\":\"Redacao VerdadeOn\",\"image\":{\"@type\":\"ImageObject\",\"inLanguage\":\"pt-BR\",\"@id\":\"https:\/\/verdadeon.com.br\/portal\/#\/schema\/person\/image\/\",\"url\":\"https:\/\/secure.gravatar.com\/avatar\/459a9613caaaf07f582c3d0841eea68bdd66f533e465e6ba8b9cb45619572cf4?s=96&d=mm&r=g\",\"contentUrl\":\"https:\/\/secure.gravatar.com\/avatar\/459a9613caaaf07f582c3d0841eea68bdd66f533e465e6ba8b9cb45619572cf4?s=96&d=mm&r=g\",\"caption\":\"Redacao VerdadeOn\"},\"url\":\"https:\/\/verdadeon.com.br\/portal\/author\/redacao\/\"}]}<\/script>\n<!-- \/ Yoast SEO plugin. -->","yoast_head_json":{"title":"Crian\u00e7as do No\u00eamia ganham festa de Igreja Evang\u00e9lica - VerdadeOn","robots":{"index":"index","follow":"follow","max-snippet":"max-snippet:-1","max-image-preview":"max-image-preview:large","max-video-preview":"max-video-preview:-1"},"canonical":"https:\/\/verdadeon.com.br\/portal\/2023\/10\/16\/criancas-do-noemia-ganham-festa-de-igreja-evangelica\/","og_locale":"pt_BR","og_type":"article","og_title":"Crian\u00e7as do No\u00eamia ganham festa de Igreja Evang\u00e9lica - VerdadeOn","og_description":"Esse ano, o tema da festa da Igreja Quadrangular foi &#8220;Revestindo-se das armaduras de Deus&#8221; As crian\u00e7as do Jardim No\u00eamia tiveram um final de semana diferente [\u2026]","og_url":"https:\/\/verdadeon.com.br\/portal\/2023\/10\/16\/criancas-do-noemia-ganham-festa-de-igreja-evangelica\/","og_site_name":"VerdadeOn","article_published_time":"2023-10-16T17:43:07+00:00","og_image":[{"width":1600,"height":1072,"url":"https:\/\/verdadeon.com.br\/portal\/wp-content\/uploads\/2023\/10\/WhatsApp-Image-2023-10-16-at-13.55.23.jpeg","type":"image\/jpeg"}],"author":"Redacao VerdadeOn","twitter_card":"summary_large_image","twitter_misc":{"Escrito por":"Redacao VerdadeOn","Est. tempo de leitura":"2 minutos"},"schema":{"@context":"https:\/\/schema.org","@graph":[{"@type":"WebPage","@id":"https:\/\/verdadeon.com.br\/portal\/2023\/10\/16\/criancas-do-noemia-ganham-festa-de-igreja-evangelica\/","url":"https:\/\/verdadeon.com.br\/portal\/2023\/10\/16\/criancas-do-noemia-ganham-festa-de-igreja-evangelica\/","name":"Crian\u00e7as do No\u00eamia ganham festa de Igreja Evang\u00e9lica - VerdadeOn","isPartOf":{"@id":"https:\/\/verdadeon.com.br\/portal\/#website"},"primaryImageOfPage":{"@id":"https:\/\/verdadeon.com.br\/portal\/2023\/10\/16\/criancas-do-noemia-ganham-festa-de-igreja-evangelica\/#primaryimage"},"image":{"@id":"https:\/\/verdadeon.com.br\/portal\/2023\/10\/16\/criancas-do-noemia-ganham-festa-de-igreja-evangelica\/#primaryimage"},"thumbnailUrl":"https:\/\/i0.wp.com\/verdadeon.com.br\/portal\/wp-content\/uploads\/2023\/10\/WhatsApp-Image-2023-10-16-at-13.55.23.jpeg?fit=1600%2C1072&ssl=1","datePublished":"2023-10-16T17:43:07+00:00","author":{"@id":"https:\/\/verdadeon.com.br\/portal\/#\/schema\/person\/a5060ad1e9ea3df545188fc93ce43d2f"},"breadcrumb":{"@id":"https:\/\/verdadeon.com.br\/portal\/2023\/10\/16\/criancas-do-noemia-ganham-festa-de-igreja-evangelica\/#breadcrumb"},"inLanguage":"pt-BR","potentialAction":[{"@type":"ReadAction","target":["https:\/\/verdadeon.com.br\/portal\/2023\/10\/16\/criancas-do-noemia-ganham-festa-de-igreja-evangelica\/"]}]},{"@type":"ImageObject","inLanguage":"pt-BR","@id":"https:\/\/verdadeon.com.br\/portal\/2023\/10\/16\/criancas-do-noemia-ganham-festa-de-igreja-evangelica\/#primaryimage","url":"https:\/\/i0.wp.com\/verdadeon.com.br\/portal\/wp-content\/uploads\/2023\/10\/WhatsApp-Image-2023-10-16-at-13.55.23.jpeg?fit=1600%2C1072&ssl=1","contentUrl":"https:\/\/i0.wp.com\/verdadeon.com.br\/portal\/wp-content\/uploads\/2023\/10\/WhatsApp-Image-2023-10-16-at-13.55.23.jpeg?fit=1600%2C1072&ssl=1","width":1600,"height":1072,"caption":"Igreja do Evangelho Quadrangular do bairro Jardim No\u00eamia realiza festa em comemora\u00e7\u00e3o do Dia das Crian\u00e7as (\u00a9Divulga\u00e7\u00e3o)"},{"@type":"BreadcrumbList","@id":"https:\/\/verdadeon.com.br\/portal\/2023\/10\/16\/criancas-do-noemia-ganham-festa-de-igreja-evangelica\/#breadcrumb","itemListElement":[{"@type":"ListItem","position":1,"name":"In\u00edcio","item":"https:\/\/verdadeon.com.br\/portal\/"},{"@type":"ListItem","position":2,"name":"Crian\u00e7as do No\u00eamia ganham festa de Igreja Evang\u00e9lica"}]},{"@type":"WebSite","@id":"https:\/\/verdadeon.com.br\/portal\/#website","url":"https:\/\/verdadeon.com.br\/portal\/","name":"VerdadeOn","description":"Not\u00edcias di\u00e1rias sobre Franca, Regi\u00e3o, Esporte, Cultura, Cotidiano, Colunas. Cobertura nos principais eventos da cidade \u00e9 aqui - Verdadeon Franca","potentialAction":[{"@type":"SearchAction","target":{"@type":"EntryPoint","urlTemplate":"https:\/\/verdadeon.com.br\/portal\/?s={search_term_string}"},"query-input":{"@type":"PropertyValueSpecification","valueRequired":true,"valueName":"search_term_string"}}],"inLanguage":"pt-BR"},{"@type":"Person","@id":"https:\/\/verdadeon.com.br\/portal\/#\/schema\/person\/a5060ad1e9ea3df545188fc93ce43d2f","name":"Redacao VerdadeOn","image":{"@type":"ImageObject","inLanguage":"pt-BR","@id":"https:\/\/verdadeon.com.br\/portal\/#\/schema\/person\/image\/","url":"https:\/\/secure.gravatar.com\/avatar\/459a9613caaaf07f582c3d0841eea68bdd66f533e465e6ba8b9cb45619572cf4?s=96&d=mm&r=g","contentUrl":"https:\/\/secure.gravatar.com\/avatar\/459a9613caaaf07f582c3d0841eea68bdd66f533e465e6ba8b9cb45619572cf4?s=96&d=mm&r=g","caption":"Redacao VerdadeOn"},"url":"https:\/\/verdadeon.com.br\/portal\/author\/redacao\/"}]}},"jetpack_publicize_connections":[],"jetpack_featured_media_url":"https:\/\/i0.wp.com\/verdadeon.com.br\/portal\/wp-content\/uploads\/2023\/10\/WhatsApp-Image-2023-10-16-at-13.55.23.jpeg?fit=1600%2C1072&ssl=1","jetpack_sharing_enabled":true,"_links":{"self":[{"href":"https:\/\/verdadeon.com.br\/portal\/wp-json\/wp\/v2\/posts\/38375","targetHints":{"allow":["GET"]}}],"collection":[{"href":"https:\/\/verdadeon.com.br\/portal\/wp-json\/wp\/v2\/posts"}],"about":[{"href":"https:\/\/verdadeon.com.br\/portal\/wp-json\/wp\/v2\/types\/post"}],"author":[{"embeddable":true,"href":"https:\/\/verdadeon.com.br\/portal\/wp-json\/wp\/v2\/users\/10"}],"replies":[{"embeddable":true,"href":"https:\/\/verdadeon.com.br\/portal\/wp-json\/wp\/v2\/comments?post=38375"}],"version-history":[{"count":1,"href":"https:\/\/verdadeon.com.br\/portal\/wp-json\/wp\/v2\/posts\/38375\/revisions"}],"predecessor-version":[{"id":38378,"href":"https:\/\/verdadeon.com.br\/portal\/wp-json\/wp\/v2\/posts\/38375\/revisions\/38378"}],"wp:featuredmedia":[{"embeddable":true,"href":"https:\/\/verdadeon.com.br\/portal\/wp-json\/wp\/v2\/media\/38376"}],"wp:attachment":[{"href":"https:\/\/verdadeon.com.br\/portal\/wp-json\/wp\/v2\/media?parent=38375"}],"wp:term":[{"taxonomy":"category","embeddable":true,"href":"https:\/\/verdadeon.com.br\/portal\/wp-json\/wp\/v2\/categories?post=38375"},{"taxonomy":"post_tag","embeddable":true,"href":"https:\/\/verdadeon.com.br\/portal\/wp-json\/wp\/v2\/tags?post=38375"}],"curies":[{"name":"wp","href":"https:\/\/api.w.org\/{rel}","templated":true}]}}