{"id":38363,"date":"2023-10-16T11:36:51","date_gmt":"2023-10-16T14:36:51","guid":{"rendered":"https:\/\/verdadeon.com.br\/portal\/?p=38363"},"modified":"2023-10-16T11:36:51","modified_gmt":"2023-10-16T14:36:51","slug":"sao-jose-da-bela-vista-recebe-emenda-para-castracao-gratuita-de-animais","status":"publish","type":"post","link":"https:\/\/verdadeon.com.br\/portal\/2023\/10\/16\/sao-jose-da-bela-vista-recebe-emenda-para-castracao-gratuita-de-animais\/","title":{"rendered":"S\u00e3o Jos\u00e9 da Bela Vista recebe emenda para castra\u00e7\u00e3o gratuita de animais"},"content":{"rendered":"<h2>Animais de rua ser\u00e3o prioridade no programa<\/h2>\n<p>Neste domingo, 16, o vereador Denis Covas (AVANTE), de S\u00e3o Jos\u00e9 da Bela Vista, anunciou por meio de suas redes sociais o in\u00edcio do projeto de castra\u00e7\u00e3o de animais na cidade.<\/p>\n<p>Os deputados Rafael Silva (PSD) e Ricardo Silva (PSD), atendendo a um pedido do vereador e tamb\u00e9m das vereadoras Maria Luiza Rinc\u00f3n (AVANTE) e Fernanda Limonti (PTB), enviaram ao munic\u00edpio uma emenda de R$ 100 mil. De acordo com Denis, foi realizado um processo de licita\u00e7\u00e3o para que a castra\u00e7\u00e3o aconte\u00e7a da melhor forma poss\u00edvel. \u201cAs castra\u00e7\u00f5es s\u00e3o mais uma a\u00e7\u00e3o do plano de governo do Walter C\u00e1ssio (prefeito), que est\u00e1 se concretizando. A meta \u00e9 castrar o m\u00e1ximo poss\u00edvel de animais de rua e tamb\u00e9m atender os animais da popula\u00e7\u00e3o&#8221;.<\/p>\n<p>Ser\u00e3o castrados 400 animais, distribu\u00eddos em grupos de 30 por vez, a cada quinze dias. O programa come\u00e7ar\u00e1 no dia 24 de outubro. A quem interessar, o cadastro deve ser realizado atrav\u00e9s na Secretaria de Meio Ambiente, de segunda a sexta, das 8h \u00e0s 12h e das 13h \u00e0s 17h.<\/p>\n<p><strong>Import\u00e2ncia da castra\u00e7\u00e3o<\/strong><\/p>\n<p>&#8220;O maior problema que n\u00f3s protetores enfrentamos \u00e9 a grande quantidade de animais que s\u00e3o abandonados nas ruas de nossa cidade, especialmente filhotes. Por isso, a castra\u00e7\u00e3o \u00e9 a melhor forma de pol\u00edtica p\u00fablica efetiva para prote\u00e7\u00e3o animal&#8221;, salienta o vereador.<\/p>\n<p>Denis afirma que, em m\u00e9dia, cada animal &#8211; cachorro ou gato &#8211; tem 10 filhotes por ano, e que, no pr\u00f3ximo ano, cada um desses 10 filhotes ter\u00e1 tamb\u00e9m 10 filhotes cada um, somando 100 filhotes no segundo ano. &#8220;Assim, quando se castra 1 animal, estamos impedindo que nas\u00e7a mais 10 em um ano, e 100 filhotes no ano seguinte&#8221;, elucida o protetor da causa animal. &#8220;Com a castra\u00e7\u00e3o dos 400 animais que come\u00e7ar\u00e1 dia 24\/10, e perdurar\u00e1 pelo pr\u00f3ximo ano, estaremos impedindo o nascimento de mais de 4000 filhotes diretamente, e 40.000 filhotes em dois anos, e assim a conta vai aumentando&#8221;, complementa.<\/p>\n<p>&#8220;A castra\u00e7\u00e3o \u00e9 uma bandeira que n\u00f3s protetores, eu, a Maria Luiza, Fatinha Dinardi, Rita Dinardi e outros nomes que trabalham muito pela causa animal, estamos levantando h\u00e1 tempo. Agora, a prefeitura ir\u00e1 realizar o maior investimento em castra\u00e7\u00e3o da hist\u00f3ria de S\u00e3o Jos\u00e9. Sentiremos os efeitos dessa castra\u00e7\u00e3o no pr\u00f3ximo ano, com a diminui\u00e7\u00e3o de filhotes abandonados pela cidade&#8221;, finaliza Denis.<\/p>\n","protected":false},"excerpt":{"rendered":"<p>Animais de rua ser\u00e3o prioridade no programa Neste domingo, 16, o vereador Denis Covas (AVANTE), de S\u00e3o Jos\u00e9 da Bela Vista, anunciou por meio de suas<span class=\"excerpt-hellip\"> [\u2026]<\/span><\/p>\n","protected":false},"author":10,"featured_media":38007,"comment_status":"open","ping_status":"open","sticky":false,"template":"","format":"standard","meta":{"_jetpack_memberships_contains_paid_content":false,"footnotes":"","jetpack_publicize_message":"","jetpack_publicize_feature_enabled":true,"jetpack_social_post_already_shared":false,"jetpack_social_options":{"image_generator_settings":{"template":"highway","default_image_id":0,"enabled":false},"version":2}},"categories":[28,81],"tags":[],"class_list":["post-38363","post","type-post","status-publish","format-standard","has-post-thumbnail","hentry","category-cotidiano","category-manchete"],"yoast_head":"<!-- This site is optimized with the Yoast SEO plugin v25.6 - https:\/\/yoast.com\/wordpress\/plugins\/seo\/ -->\n<title>S\u00e3o Jos\u00e9 da Bela Vista recebe emenda para castra\u00e7\u00e3o gratuita de animais - VerdadeOn<\/title>\n<meta name=\"robots\" content=\"index, follow, max-snippet:-1, max-image-preview:large, max-video-preview:-1\" \/>\n<link rel=\"canonical\" href=\"https:\/\/verdadeon.com.br\/portal\/2023\/10\/16\/sao-jose-da-bela-vista-recebe-emenda-para-castracao-gratuita-de-animais\/\" \/>\n<meta property=\"og:locale\" content=\"pt_BR\" \/>\n<meta property=\"og:type\" content=\"article\" \/>\n<meta property=\"og:title\" content=\"S\u00e3o Jos\u00e9 da Bela Vista recebe emenda para castra\u00e7\u00e3o gratuita de animais - VerdadeOn\" \/>\n<meta property=\"og:description\" content=\"Animais de rua ser\u00e3o prioridade no programa Neste domingo, 16, o vereador Denis Covas (AVANTE), de S\u00e3o Jos\u00e9 da Bela Vista, anunciou por meio de suas [\u2026]\" \/>\n<meta property=\"og:url\" content=\"https:\/\/verdadeon.com.br\/portal\/2023\/10\/16\/sao-jose-da-bela-vista-recebe-emenda-para-castracao-gratuita-de-animais\/\" \/>\n<meta property=\"og:site_name\" content=\"VerdadeOn\" \/>\n<meta property=\"article:published_time\" content=\"2023-10-16T14:36:51+00:00\" \/>\n<meta property=\"og:image\" content=\"https:\/\/verdadeon.com.br\/portal\/wp-content\/uploads\/2023\/09\/feche-o-medico-verificando-a-barriga-do-gato-scaled.jpg\" \/>\n\t<meta property=\"og:image:width\" content=\"2560\" \/>\n\t<meta property=\"og:image:height\" content=\"1715\" \/>\n\t<meta property=\"og:image:type\" content=\"image\/jpeg\" \/>\n<meta name=\"author\" content=\"Redacao VerdadeOn\" \/>\n<meta name=\"twitter:card\" content=\"summary_large_image\" \/>\n<meta name=\"twitter:label1\" content=\"Escrito por\" \/>\n\t<meta name=\"twitter:data1\" content=\"Redacao VerdadeOn\" \/>\n\t<meta name=\"twitter:label2\" content=\"Est. tempo de leitura\" \/>\n\t<meta name=\"twitter:data2\" content=\"2 minutos\" \/>\n<script type=\"application\/ld+json\" class=\"yoast-schema-graph\">{\"@context\":\"https:\/\/schema.org\",\"@graph\":[{\"@type\":\"WebPage\",\"@id\":\"https:\/\/verdadeon.com.br\/portal\/2023\/10\/16\/sao-jose-da-bela-vista-recebe-emenda-para-castracao-gratuita-de-animais\/\",\"url\":\"https:\/\/verdadeon.com.br\/portal\/2023\/10\/16\/sao-jose-da-bela-vista-recebe-emenda-para-castracao-gratuita-de-animais\/\",\"name\":\"S\u00e3o Jos\u00e9 da Bela Vista recebe emenda para castra\u00e7\u00e3o gratuita de animais - VerdadeOn\",\"isPartOf\":{\"@id\":\"https:\/\/verdadeon.com.br\/portal\/#website\"},\"primaryImageOfPage\":{\"@id\":\"https:\/\/verdadeon.com.br\/portal\/2023\/10\/16\/sao-jose-da-bela-vista-recebe-emenda-para-castracao-gratuita-de-animais\/#primaryimage\"},\"image\":{\"@id\":\"https:\/\/verdadeon.com.br\/portal\/2023\/10\/16\/sao-jose-da-bela-vista-recebe-emenda-para-castracao-gratuita-de-animais\/#primaryimage\"},\"thumbnailUrl\":\"https:\/\/i0.wp.com\/verdadeon.com.br\/portal\/wp-content\/uploads\/2023\/09\/feche-o-medico-verificando-a-barriga-do-gato-scaled.jpg?fit=2560%2C1715&ssl=1\",\"datePublished\":\"2023-10-16T14:36:51+00:00\",\"author\":{\"@id\":\"https:\/\/verdadeon.com.br\/portal\/#\/schema\/person\/a5060ad1e9ea3df545188fc93ce43d2f\"},\"breadcrumb\":{\"@id\":\"https:\/\/verdadeon.com.br\/portal\/2023\/10\/16\/sao-jose-da-bela-vista-recebe-emenda-para-castracao-gratuita-de-animais\/#breadcrumb\"},\"inLanguage\":\"pt-BR\",\"potentialAction\":[{\"@type\":\"ReadAction\",\"target\":[\"https:\/\/verdadeon.com.br\/portal\/2023\/10\/16\/sao-jose-da-bela-vista-recebe-emenda-para-castracao-gratuita-de-animais\/\"]}]},{\"@type\":\"ImageObject\",\"inLanguage\":\"pt-BR\",\"@id\":\"https:\/\/verdadeon.com.br\/portal\/2023\/10\/16\/sao-jose-da-bela-vista-recebe-emenda-para-castracao-gratuita-de-animais\/#primaryimage\",\"url\":\"https:\/\/i0.wp.com\/verdadeon.com.br\/portal\/wp-content\/uploads\/2023\/09\/feche-o-medico-verificando-a-barriga-do-gato-scaled.jpg?fit=2560%2C1715&ssl=1\",\"contentUrl\":\"https:\/\/i0.wp.com\/verdadeon.com.br\/portal\/wp-content\/uploads\/2023\/09\/feche-o-medico-verificando-a-barriga-do-gato-scaled.jpg?fit=2560%2C1715&ssl=1\",\"width\":2560,\"height\":1715,\"caption\":\"Programa de castra\u00e7\u00e3o em S\u00e3o Jos\u00e9 da Bela Vista ter\u00e1 in\u00edcio no dia 24 deste m\u00eas (\u00a9Freepik)\"},{\"@type\":\"BreadcrumbList\",\"@id\":\"https:\/\/verdadeon.com.br\/portal\/2023\/10\/16\/sao-jose-da-bela-vista-recebe-emenda-para-castracao-gratuita-de-animais\/#breadcrumb\",\"itemListElement\":[{\"@type\":\"ListItem\",\"position\":1,\"name\":\"In\u00edcio\",\"item\":\"https:\/\/verdadeon.com.br\/portal\/\"},{\"@type\":\"ListItem\",\"position\":2,\"name\":\"S\u00e3o Jos\u00e9 da Bela Vista recebe emenda para castra\u00e7\u00e3o gratuita de animais\"}]},{\"@type\":\"WebSite\",\"@id\":\"https:\/\/verdadeon.com.br\/portal\/#website\",\"url\":\"https:\/\/verdadeon.com.br\/portal\/\",\"name\":\"VerdadeOn\",\"description\":\"Not\u00edcias di\u00e1rias sobre Franca, Regi\u00e3o, Esporte, Cultura, Cotidiano, Colunas. Cobertura nos principais eventos da cidade \u00e9 aqui - Verdadeon Franca\",\"potentialAction\":[{\"@type\":\"SearchAction\",\"target\":{\"@type\":\"EntryPoint\",\"urlTemplate\":\"https:\/\/verdadeon.com.br\/portal\/?s={search_term_string}\"},\"query-input\":{\"@type\":\"PropertyValueSpecification\",\"valueRequired\":true,\"valueName\":\"search_term_string\"}}],\"inLanguage\":\"pt-BR\"},{\"@type\":\"Person\",\"@id\":\"https:\/\/verdadeon.com.br\/portal\/#\/schema\/person\/a5060ad1e9ea3df545188fc93ce43d2f\",\"name\":\"Redacao VerdadeOn\",\"image\":{\"@type\":\"ImageObject\",\"inLanguage\":\"pt-BR\",\"@id\":\"https:\/\/verdadeon.com.br\/portal\/#\/schema\/person\/image\/\",\"url\":\"https:\/\/secure.gravatar.com\/avatar\/459a9613caaaf07f582c3d0841eea68bdd66f533e465e6ba8b9cb45619572cf4?s=96&d=mm&r=g\",\"contentUrl\":\"https:\/\/secure.gravatar.com\/avatar\/459a9613caaaf07f582c3d0841eea68bdd66f533e465e6ba8b9cb45619572cf4?s=96&d=mm&r=g\",\"caption\":\"Redacao VerdadeOn\"},\"url\":\"https:\/\/verdadeon.com.br\/portal\/author\/redacao\/\"}]}<\/script>\n<!-- \/ Yoast SEO plugin. -->","yoast_head_json":{"title":"S\u00e3o Jos\u00e9 da Bela Vista recebe emenda para castra\u00e7\u00e3o gratuita de animais - VerdadeOn","robots":{"index":"index","follow":"follow","max-snippet":"max-snippet:-1","max-image-preview":"max-image-preview:large","max-video-preview":"max-video-preview:-1"},"canonical":"https:\/\/verdadeon.com.br\/portal\/2023\/10\/16\/sao-jose-da-bela-vista-recebe-emenda-para-castracao-gratuita-de-animais\/","og_locale":"pt_BR","og_type":"article","og_title":"S\u00e3o Jos\u00e9 da Bela Vista recebe emenda para castra\u00e7\u00e3o gratuita de animais - VerdadeOn","og_description":"Animais de rua ser\u00e3o prioridade no programa Neste domingo, 16, o vereador Denis Covas (AVANTE), de S\u00e3o Jos\u00e9 da Bela Vista, anunciou por meio de suas [\u2026]","og_url":"https:\/\/verdadeon.com.br\/portal\/2023\/10\/16\/sao-jose-da-bela-vista-recebe-emenda-para-castracao-gratuita-de-animais\/","og_site_name":"VerdadeOn","article_published_time":"2023-10-16T14:36:51+00:00","og_image":[{"width":2560,"height":1715,"url":"https:\/\/verdadeon.com.br\/portal\/wp-content\/uploads\/2023\/09\/feche-o-medico-verificando-a-barriga-do-gato-scaled.jpg","type":"image\/jpeg"}],"author":"Redacao VerdadeOn","twitter_card":"summary_large_image","twitter_misc":{"Escrito por":"Redacao VerdadeOn","Est. tempo de leitura":"2 minutos"},"schema":{"@context":"https:\/\/schema.org","@graph":[{"@type":"WebPage","@id":"https:\/\/verdadeon.com.br\/portal\/2023\/10\/16\/sao-jose-da-bela-vista-recebe-emenda-para-castracao-gratuita-de-animais\/","url":"https:\/\/verdadeon.com.br\/portal\/2023\/10\/16\/sao-jose-da-bela-vista-recebe-emenda-para-castracao-gratuita-de-animais\/","name":"S\u00e3o Jos\u00e9 da Bela Vista recebe emenda para castra\u00e7\u00e3o gratuita de animais - VerdadeOn","isPartOf":{"@id":"https:\/\/verdadeon.com.br\/portal\/#website"},"primaryImageOfPage":{"@id":"https:\/\/verdadeon.com.br\/portal\/2023\/10\/16\/sao-jose-da-bela-vista-recebe-emenda-para-castracao-gratuita-de-animais\/#primaryimage"},"image":{"@id":"https:\/\/verdadeon.com.br\/portal\/2023\/10\/16\/sao-jose-da-bela-vista-recebe-emenda-para-castracao-gratuita-de-animais\/#primaryimage"},"thumbnailUrl":"https:\/\/i0.wp.com\/verdadeon.com.br\/portal\/wp-content\/uploads\/2023\/09\/feche-o-medico-verificando-a-barriga-do-gato-scaled.jpg?fit=2560%2C1715&ssl=1","datePublished":"2023-10-16T14:36:51+00:00","author":{"@id":"https:\/\/verdadeon.com.br\/portal\/#\/schema\/person\/a5060ad1e9ea3df545188fc93ce43d2f"},"breadcrumb":{"@id":"https:\/\/verdadeon.com.br\/portal\/2023\/10\/16\/sao-jose-da-bela-vista-recebe-emenda-para-castracao-gratuita-de-animais\/#breadcrumb"},"inLanguage":"pt-BR","potentialAction":[{"@type":"ReadAction","target":["https:\/\/verdadeon.com.br\/portal\/2023\/10\/16\/sao-jose-da-bela-vista-recebe-emenda-para-castracao-gratuita-de-animais\/"]}]},{"@type":"ImageObject","inLanguage":"pt-BR","@id":"https:\/\/verdadeon.com.br\/portal\/2023\/10\/16\/sao-jose-da-bela-vista-recebe-emenda-para-castracao-gratuita-de-animais\/#primaryimage","url":"https:\/\/i0.wp.com\/verdadeon.com.br\/portal\/wp-content\/uploads\/2023\/09\/feche-o-medico-verificando-a-barriga-do-gato-scaled.jpg?fit=2560%2C1715&ssl=1","contentUrl":"https:\/\/i0.wp.com\/verdadeon.com.br\/portal\/wp-content\/uploads\/2023\/09\/feche-o-medico-verificando-a-barriga-do-gato-scaled.jpg?fit=2560%2C1715&ssl=1","width":2560,"height":1715,"caption":"Programa de castra\u00e7\u00e3o em S\u00e3o Jos\u00e9 da Bela Vista ter\u00e1 in\u00edcio no dia 24 deste m\u00eas (\u00a9Freepik)"},{"@type":"BreadcrumbList","@id":"https:\/\/verdadeon.com.br\/portal\/2023\/10\/16\/sao-jose-da-bela-vista-recebe-emenda-para-castracao-gratuita-de-animais\/#breadcrumb","itemListElement":[{"@type":"ListItem","position":1,"name":"In\u00edcio","item":"https:\/\/verdadeon.com.br\/portal\/"},{"@type":"ListItem","position":2,"name":"S\u00e3o Jos\u00e9 da Bela Vista recebe emenda para castra\u00e7\u00e3o gratuita de animais"}]},{"@type":"WebSite","@id":"https:\/\/verdadeon.com.br\/portal\/#website","url":"https:\/\/verdadeon.com.br\/portal\/","name":"VerdadeOn","description":"Not\u00edcias di\u00e1rias sobre Franca, Regi\u00e3o, Esporte, Cultura, Cotidiano, Colunas. Cobertura nos principais eventos da cidade \u00e9 aqui - Verdadeon Franca","potentialAction":[{"@type":"SearchAction","target":{"@type":"EntryPoint","urlTemplate":"https:\/\/verdadeon.com.br\/portal\/?s={search_term_string}"},"query-input":{"@type":"PropertyValueSpecification","valueRequired":true,"valueName":"search_term_string"}}],"inLanguage":"pt-BR"},{"@type":"Person","@id":"https:\/\/verdadeon.com.br\/portal\/#\/schema\/person\/a5060ad1e9ea3df545188fc93ce43d2f","name":"Redacao VerdadeOn","image":{"@type":"ImageObject","inLanguage":"pt-BR","@id":"https:\/\/verdadeon.com.br\/portal\/#\/schema\/person\/image\/","url":"https:\/\/secure.gravatar.com\/avatar\/459a9613caaaf07f582c3d0841eea68bdd66f533e465e6ba8b9cb45619572cf4?s=96&d=mm&r=g","contentUrl":"https:\/\/secure.gravatar.com\/avatar\/459a9613caaaf07f582c3d0841eea68bdd66f533e465e6ba8b9cb45619572cf4?s=96&d=mm&r=g","caption":"Redacao VerdadeOn"},"url":"https:\/\/verdadeon.com.br\/portal\/author\/redacao\/"}]}},"jetpack_publicize_connections":[],"jetpack_featured_media_url":"https:\/\/i0.wp.com\/verdadeon.com.br\/portal\/wp-content\/uploads\/2023\/09\/feche-o-medico-verificando-a-barriga-do-gato-scaled.jpg?fit=2560%2C1715&ssl=1","jetpack_sharing_enabled":true,"_links":{"self":[{"href":"https:\/\/verdadeon.com.br\/portal\/wp-json\/wp\/v2\/posts\/38363","targetHints":{"allow":["GET"]}}],"collection":[{"href":"https:\/\/verdadeon.com.br\/portal\/wp-json\/wp\/v2\/posts"}],"about":[{"href":"https:\/\/verdadeon.com.br\/portal\/wp-json\/wp\/v2\/types\/post"}],"author":[{"embeddable":true,"href":"https:\/\/verdadeon.com.br\/portal\/wp-json\/wp\/v2\/users\/10"}],"replies":[{"embeddable":true,"href":"https:\/\/verdadeon.com.br\/portal\/wp-json\/wp\/v2\/comments?post=38363"}],"version-history":[{"count":1,"href":"https:\/\/verdadeon.com.br\/portal\/wp-json\/wp\/v2\/posts\/38363\/revisions"}],"predecessor-version":[{"id":38364,"href":"https:\/\/verdadeon.com.br\/portal\/wp-json\/wp\/v2\/posts\/38363\/revisions\/38364"}],"wp:featuredmedia":[{"embeddable":true,"href":"https:\/\/verdadeon.com.br\/portal\/wp-json\/wp\/v2\/media\/38007"}],"wp:attachment":[{"href":"https:\/\/verdadeon.com.br\/portal\/wp-json\/wp\/v2\/media?parent=38363"}],"wp:term":[{"taxonomy":"category","embeddable":true,"href":"https:\/\/verdadeon.com.br\/portal\/wp-json\/wp\/v2\/categories?post=38363"},{"taxonomy":"post_tag","embeddable":true,"href":"https:\/\/verdadeon.com.br\/portal\/wp-json\/wp\/v2\/tags?post=38363"}],"curies":[{"name":"wp","href":"https:\/\/api.w.org\/{rel}","templated":true}]}}