{"id":38360,"date":"2023-10-16T11:06:12","date_gmt":"2023-10-16T14:06:12","guid":{"rendered":"https:\/\/verdadeon.com.br\/portal\/?p=38360"},"modified":"2023-10-16T11:06:12","modified_gmt":"2023-10-16T14:06:12","slug":"asserttem-preve-470-mil-vagas-temporarias-no-4o-trimestre-de-2023","status":"publish","type":"post","link":"https:\/\/verdadeon.com.br\/portal\/2023\/10\/16\/asserttem-preve-470-mil-vagas-temporarias-no-4o-trimestre-de-2023\/","title":{"rendered":"ASSERTTEM prev\u00ea 470 mil vagas tempor\u00e1rias no 4\u00ba trimestre de 2023"},"content":{"rendered":"<h2 style=\"text-align: left;\" align=\"center\">Datas comemorativas como Dia das Crian\u00e7as, Black Friday e Natal devem incrementar as contrata\u00e7\u00f5es em 5% na compara\u00e7\u00e3o com o mesmo per\u00edodo do ano passado<u><\/u><u><\/u><\/h2>\n<p>O Trabalho Tempor\u00e1rio \u2013 previsto na Lei Federal 6.019\/74 e no Decreto n\u00ba 10.854\/2021 \u2013 \u00e9 visto como um importante instrumento gerencial das empresas para atender suas demandas. Prova disso \u00e9 que a Associa\u00e7\u00e3o Brasileira do Trabalho Tempor\u00e1rio (ASSERTTEM) prev\u00ea a cria\u00e7\u00e3o de cerca de 470 mil vagas tempor\u00e1rias para o 4\u00ba trimestre de 2023. Um aumento de 5% em rela\u00e7\u00e3o ao mesmo per\u00edodo do ano passado.<u><\/u><u><\/u><\/p>\n<p>\u201cDepois de um pequeno recuo nos n\u00fameros do 3\u00ba trimestre, nossa esperan\u00e7a \u00e9 que essas vagas sejam recuperadas nos meses de outubro, novembro e dezembro\u201d, afirma o presidente da associa\u00e7\u00e3o, Marcos de Abreu. \u201cAcreditamos que, se o cen\u00e1rio for favor\u00e1vel, as ind\u00fastrias podem acelerar suas contrata\u00e7\u00f5es para atender a alta demanda de consumo do per\u00edodo, devido \u00e0s datas sazonais como Dia das Crian\u00e7as, Black Friday e Natal\u201d, completa.<u><\/u><u><\/u><\/p>\n<p>Segundo ele, o mercado de trabalho brasileiro encontra-se em uma trajet\u00f3ria favor\u00e1vel, caracterizada pelo aumento da empregabilidade e de efetiva\u00e7\u00f5es celetistas. \u201cVivemos uma realidade de falta de m\u00e3o de obra qualificada. Assim, quando a empresa encontra este profissional, ela o efetiva. E, consequentemente, verificamos um aumento da empregabilidade ao inv\u00e9s da contrata\u00e7\u00e3o de tempor\u00e1rios\u201d, explica.\u00a0<u><\/u><u><\/u><\/p>\n<p>Prova disso \u00e9 que ASSERTTEM destaca uma alta na taxa de efetiva\u00e7\u00e3o m\u00e9dia dos tempor\u00e1rios, que passou de 20% para 22% neste \u00faltimo trimestre do ano.\u00a0<u><\/u><u><\/u><\/p>\n<p><strong>Desafios do per\u00edodo<\/strong><u><\/u><u><\/u><\/p>\n<p>A proje\u00e7\u00e3o da ASSERTTEM em rela\u00e7\u00e3o ao 4\u00ba trimestre \u00e9 cautelosa, pois depende de um cen\u00e1rio positivo da economia para que as contrata\u00e7\u00f5es tempor\u00e1rias sejam realizadas. \u201cO Trabalho Tempor\u00e1rio \u00e9 um term\u00f4metro da atividade econ\u00f4mica no pa\u00eds. \u00c9 uma adequa\u00e7\u00e3o dos novos tempos, em que as empresas enxergam o regime jur\u00eddico como uma excelente op\u00e7\u00e3o formal de contrata\u00e7\u00e3o, que preserva os direitos dos trabalhadores e ainda confere flexibilidade de gest\u00e3o para acompanharem as oscila\u00e7\u00f5es do mercado&#8221;, afirma Abreu.<u><\/u><u><\/u><\/p>\n<p>Assim, ele destaca como fatores para impulsionar a abertura de vagas tempor\u00e1rias no per\u00edodo: a estabilidade do d\u00f3lar, que pode ajudar as ind\u00fastrias que produzem para exporta\u00e7\u00e3o; o aumento da importa\u00e7\u00e3o chinesa; bem como a diminui\u00e7\u00e3o dos juros.\u00a0<u><\/u><u><\/u><\/p>\n<p>De acordo com o presidente da ASSERTTEM, neste 4\u00ba trimestre as contrata\u00e7\u00f5es devem ser puxadas pelo setor da Ind\u00fastria (55%), seguido pelo de Servi\u00e7os (30%) e Com\u00e9rcio (15%).<u><\/u><u><\/u><\/p>\n<p>\u201cEm outubro, a Ind\u00fastria deve puxar as contrata\u00e7\u00f5es tempor\u00e1rias, j\u00e1 que est\u00e3o atrasadas com suas produ\u00e7\u00f5es e precisam atender a demanda acelerada de consumo para o final de ano. J\u00e1 em novembro, destacamos o setor de Servi\u00e7os, principalmente nas empresas de e-commerce e do setor de log\u00edstica, pela mudan\u00e7a no h\u00e1bito de compra do brasileiro, por meio das compras on-line e a Black Friday\u201d, frisa. \u201cJ\u00e1 em dezembro quem impulsionar\u00e1 a gera\u00e7\u00e3o das vagas tempor\u00e1rias ser\u00e1 o setor do Com\u00e9rcio, nos pontos f\u00edsicos, devido ao Natal\u201d, refor\u00e7a.\u00a0<u><\/u><u><\/u><\/p>\n<p><strong>Consolidado 3\u00ba trimestre<\/strong><u><\/u><u><\/u><\/p>\n<p>O resultado do 3\u00ba trimestre registrou um recuo de 3,34% em rela\u00e7\u00e3o ao mesmo per\u00edodo de 2022, ao gerar 608.800 vagas tempor\u00e1rias nos meses de julho, agosto e setembro.<u><\/u><u><\/u><\/p>\n<p>\u201cO 3\u00ba trimestre de 2022 foi muito bom em rela\u00e7\u00e3o a gera\u00e7\u00e3o de vagas tempor\u00e1rias. Em 2023 a nossa expectativa era manter os n\u00fameros do ano passado, mas tivemos uma pequena retra\u00e7\u00e3o, pois o per\u00edodo de f\u00e9rias em julho n\u00e3o provocou o aumento de vagas que esper\u00e1vamos, o que prejudicou o resultado do trimestre\u201d, sinaliza Abreu.<u><\/u><u><\/u><\/p>\n<p>Al\u00e9m disso, segundo ele, \u00e9 no 3\u00ba trimestre que as ind\u00fastrias costumam acelerar suas contrata\u00e7\u00f5es pensando no final de ano. \u201cMas, a realidade mostrou que o setor est\u00e1 trabalhando com cautela, sentindo o comportamento do mercado. O recuo do d\u00f3lar, por exemplo, pode ter impactado \u00e0s exporta\u00e7\u00f5es brasileiras e, com isso, gerado cautela por parte das ind\u00fastrias. Al\u00e9m disso, a China \u2013 maior importadora de produtos brasileiros \u2013 reduziu muito as importa\u00e7\u00f5es, o que tem impactado o mercado como um todo\u201d, conclui.<\/p>\n","protected":false},"excerpt":{"rendered":"<p>Datas comemorativas como Dia das Crian\u00e7as, Black Friday e Natal devem incrementar as contrata\u00e7\u00f5es em 5% na compara\u00e7\u00e3o com o mesmo per\u00edodo do ano passado O<span class=\"excerpt-hellip\"> [\u2026]<\/span><\/p>\n","protected":false},"author":10,"featured_media":38361,"comment_status":"open","ping_status":"open","sticky":false,"template":"","format":"standard","meta":{"_jetpack_memberships_contains_paid_content":false,"footnotes":"","jetpack_publicize_message":"","jetpack_publicize_feature_enabled":true,"jetpack_social_post_already_shared":false,"jetpack_social_options":{"image_generator_settings":{"template":"highway","default_image_id":0,"enabled":false},"version":2}},"categories":[28,81],"tags":[],"class_list":["post-38360","post","type-post","status-publish","format-standard","has-post-thumbnail","hentry","category-cotidiano","category-manchete"],"yoast_head":"<!-- This site is optimized with the Yoast SEO plugin v25.6 - https:\/\/yoast.com\/wordpress\/plugins\/seo\/ -->\n<title>ASSERTTEM prev\u00ea 470 mil vagas tempor\u00e1rias no 4\u00ba trimestre de 2023 - VerdadeOn<\/title>\n<meta name=\"robots\" content=\"index, follow, max-snippet:-1, max-image-preview:large, max-video-preview:-1\" \/>\n<link rel=\"canonical\" href=\"https:\/\/verdadeon.com.br\/portal\/2023\/10\/16\/asserttem-preve-470-mil-vagas-temporarias-no-4o-trimestre-de-2023\/\" \/>\n<meta property=\"og:locale\" content=\"pt_BR\" \/>\n<meta property=\"og:type\" content=\"article\" \/>\n<meta property=\"og:title\" content=\"ASSERTTEM prev\u00ea 470 mil vagas tempor\u00e1rias no 4\u00ba trimestre de 2023 - VerdadeOn\" \/>\n<meta property=\"og:description\" content=\"Datas comemorativas como Dia das Crian\u00e7as, Black Friday e Natal devem incrementar as contrata\u00e7\u00f5es em 5% na compara\u00e7\u00e3o com o mesmo per\u00edodo do ano passado O [\u2026]\" \/>\n<meta property=\"og:url\" content=\"https:\/\/verdadeon.com.br\/portal\/2023\/10\/16\/asserttem-preve-470-mil-vagas-temporarias-no-4o-trimestre-de-2023\/\" \/>\n<meta property=\"og:site_name\" content=\"VerdadeOn\" \/>\n<meta property=\"article:published_time\" content=\"2023-10-16T14:06:12+00:00\" \/>\n<meta property=\"og:image\" content=\"https:\/\/verdadeon.com.br\/portal\/wp-content\/uploads\/2023\/10\/5434ab66b8f6557f31825c8aa89ebfbd.jpeg\" \/>\n\t<meta property=\"og:image:width\" content=\"1990\" \/>\n\t<meta property=\"og:image:height\" content=\"1333\" \/>\n\t<meta property=\"og:image:type\" content=\"image\/jpeg\" \/>\n<meta name=\"author\" content=\"Redacao VerdadeOn\" \/>\n<meta name=\"twitter:card\" content=\"summary_large_image\" \/>\n<meta name=\"twitter:label1\" content=\"Escrito por\" \/>\n\t<meta name=\"twitter:data1\" content=\"Redacao VerdadeOn\" \/>\n\t<meta name=\"twitter:label2\" content=\"Est. tempo de leitura\" \/>\n\t<meta name=\"twitter:data2\" content=\"4 minutos\" \/>\n<script type=\"application\/ld+json\" class=\"yoast-schema-graph\">{\"@context\":\"https:\/\/schema.org\",\"@graph\":[{\"@type\":\"WebPage\",\"@id\":\"https:\/\/verdadeon.com.br\/portal\/2023\/10\/16\/asserttem-preve-470-mil-vagas-temporarias-no-4o-trimestre-de-2023\/\",\"url\":\"https:\/\/verdadeon.com.br\/portal\/2023\/10\/16\/asserttem-preve-470-mil-vagas-temporarias-no-4o-trimestre-de-2023\/\",\"name\":\"ASSERTTEM prev\u00ea 470 mil vagas tempor\u00e1rias no 4\u00ba trimestre de 2023 - VerdadeOn\",\"isPartOf\":{\"@id\":\"https:\/\/verdadeon.com.br\/portal\/#website\"},\"primaryImageOfPage\":{\"@id\":\"https:\/\/verdadeon.com.br\/portal\/2023\/10\/16\/asserttem-preve-470-mil-vagas-temporarias-no-4o-trimestre-de-2023\/#primaryimage\"},\"image\":{\"@id\":\"https:\/\/verdadeon.com.br\/portal\/2023\/10\/16\/asserttem-preve-470-mil-vagas-temporarias-no-4o-trimestre-de-2023\/#primaryimage\"},\"thumbnailUrl\":\"https:\/\/i0.wp.com\/verdadeon.com.br\/portal\/wp-content\/uploads\/2023\/10\/5434ab66b8f6557f31825c8aa89ebfbd.jpeg?fit=1990%2C1333&ssl=1\",\"datePublished\":\"2023-10-16T14:06:12+00:00\",\"author\":{\"@id\":\"https:\/\/verdadeon.com.br\/portal\/#\/schema\/person\/a5060ad1e9ea3df545188fc93ce43d2f\"},\"breadcrumb\":{\"@id\":\"https:\/\/verdadeon.com.br\/portal\/2023\/10\/16\/asserttem-preve-470-mil-vagas-temporarias-no-4o-trimestre-de-2023\/#breadcrumb\"},\"inLanguage\":\"pt-BR\",\"potentialAction\":[{\"@type\":\"ReadAction\",\"target\":[\"https:\/\/verdadeon.com.br\/portal\/2023\/10\/16\/asserttem-preve-470-mil-vagas-temporarias-no-4o-trimestre-de-2023\/\"]}]},{\"@type\":\"ImageObject\",\"inLanguage\":\"pt-BR\",\"@id\":\"https:\/\/verdadeon.com.br\/portal\/2023\/10\/16\/asserttem-preve-470-mil-vagas-temporarias-no-4o-trimestre-de-2023\/#primaryimage\",\"url\":\"https:\/\/i0.wp.com\/verdadeon.com.br\/portal\/wp-content\/uploads\/2023\/10\/5434ab66b8f6557f31825c8aa89ebfbd.jpeg?fit=1990%2C1333&ssl=1\",\"contentUrl\":\"https:\/\/i0.wp.com\/verdadeon.com.br\/portal\/wp-content\/uploads\/2023\/10\/5434ab66b8f6557f31825c8aa89ebfbd.jpeg?fit=1990%2C1333&ssl=1\",\"width\":1990,\"height\":1333,\"caption\":\"O 4\u00ba trimestre de 2023 deve apresentar um aumento de 5% na gera\u00e7\u00e3o de vagas tempor\u00e1rias em rela\u00e7\u00e3o ao mesmo per\u00edodo do ano passado (\u00a9Banco de Imagem\/Freepik)\"},{\"@type\":\"BreadcrumbList\",\"@id\":\"https:\/\/verdadeon.com.br\/portal\/2023\/10\/16\/asserttem-preve-470-mil-vagas-temporarias-no-4o-trimestre-de-2023\/#breadcrumb\",\"itemListElement\":[{\"@type\":\"ListItem\",\"position\":1,\"name\":\"In\u00edcio\",\"item\":\"https:\/\/verdadeon.com.br\/portal\/\"},{\"@type\":\"ListItem\",\"position\":2,\"name\":\"ASSERTTEM prev\u00ea 470 mil vagas tempor\u00e1rias no 4\u00ba trimestre de 2023\"}]},{\"@type\":\"WebSite\",\"@id\":\"https:\/\/verdadeon.com.br\/portal\/#website\",\"url\":\"https:\/\/verdadeon.com.br\/portal\/\",\"name\":\"VerdadeOn\",\"description\":\"Not\u00edcias di\u00e1rias sobre Franca, Regi\u00e3o, Esporte, Cultura, Cotidiano, Colunas. Cobertura nos principais eventos da cidade \u00e9 aqui - Verdadeon Franca\",\"potentialAction\":[{\"@type\":\"SearchAction\",\"target\":{\"@type\":\"EntryPoint\",\"urlTemplate\":\"https:\/\/verdadeon.com.br\/portal\/?s={search_term_string}\"},\"query-input\":{\"@type\":\"PropertyValueSpecification\",\"valueRequired\":true,\"valueName\":\"search_term_string\"}}],\"inLanguage\":\"pt-BR\"},{\"@type\":\"Person\",\"@id\":\"https:\/\/verdadeon.com.br\/portal\/#\/schema\/person\/a5060ad1e9ea3df545188fc93ce43d2f\",\"name\":\"Redacao VerdadeOn\",\"image\":{\"@type\":\"ImageObject\",\"inLanguage\":\"pt-BR\",\"@id\":\"https:\/\/verdadeon.com.br\/portal\/#\/schema\/person\/image\/\",\"url\":\"https:\/\/secure.gravatar.com\/avatar\/459a9613caaaf07f582c3d0841eea68bdd66f533e465e6ba8b9cb45619572cf4?s=96&d=mm&r=g\",\"contentUrl\":\"https:\/\/secure.gravatar.com\/avatar\/459a9613caaaf07f582c3d0841eea68bdd66f533e465e6ba8b9cb45619572cf4?s=96&d=mm&r=g\",\"caption\":\"Redacao VerdadeOn\"},\"url\":\"https:\/\/verdadeon.com.br\/portal\/author\/redacao\/\"}]}<\/script>\n<!-- \/ Yoast SEO plugin. -->","yoast_head_json":{"title":"ASSERTTEM prev\u00ea 470 mil vagas tempor\u00e1rias no 4\u00ba trimestre de 2023 - VerdadeOn","robots":{"index":"index","follow":"follow","max-snippet":"max-snippet:-1","max-image-preview":"max-image-preview:large","max-video-preview":"max-video-preview:-1"},"canonical":"https:\/\/verdadeon.com.br\/portal\/2023\/10\/16\/asserttem-preve-470-mil-vagas-temporarias-no-4o-trimestre-de-2023\/","og_locale":"pt_BR","og_type":"article","og_title":"ASSERTTEM prev\u00ea 470 mil vagas tempor\u00e1rias no 4\u00ba trimestre de 2023 - VerdadeOn","og_description":"Datas comemorativas como Dia das Crian\u00e7as, Black Friday e Natal devem incrementar as contrata\u00e7\u00f5es em 5% na compara\u00e7\u00e3o com o mesmo per\u00edodo do ano passado O [\u2026]","og_url":"https:\/\/verdadeon.com.br\/portal\/2023\/10\/16\/asserttem-preve-470-mil-vagas-temporarias-no-4o-trimestre-de-2023\/","og_site_name":"VerdadeOn","article_published_time":"2023-10-16T14:06:12+00:00","og_image":[{"width":1990,"height":1333,"url":"https:\/\/verdadeon.com.br\/portal\/wp-content\/uploads\/2023\/10\/5434ab66b8f6557f31825c8aa89ebfbd.jpeg","type":"image\/jpeg"}],"author":"Redacao VerdadeOn","twitter_card":"summary_large_image","twitter_misc":{"Escrito por":"Redacao VerdadeOn","Est. tempo de leitura":"4 minutos"},"schema":{"@context":"https:\/\/schema.org","@graph":[{"@type":"WebPage","@id":"https:\/\/verdadeon.com.br\/portal\/2023\/10\/16\/asserttem-preve-470-mil-vagas-temporarias-no-4o-trimestre-de-2023\/","url":"https:\/\/verdadeon.com.br\/portal\/2023\/10\/16\/asserttem-preve-470-mil-vagas-temporarias-no-4o-trimestre-de-2023\/","name":"ASSERTTEM prev\u00ea 470 mil vagas tempor\u00e1rias no 4\u00ba trimestre de 2023 - VerdadeOn","isPartOf":{"@id":"https:\/\/verdadeon.com.br\/portal\/#website"},"primaryImageOfPage":{"@id":"https:\/\/verdadeon.com.br\/portal\/2023\/10\/16\/asserttem-preve-470-mil-vagas-temporarias-no-4o-trimestre-de-2023\/#primaryimage"},"image":{"@id":"https:\/\/verdadeon.com.br\/portal\/2023\/10\/16\/asserttem-preve-470-mil-vagas-temporarias-no-4o-trimestre-de-2023\/#primaryimage"},"thumbnailUrl":"https:\/\/i0.wp.com\/verdadeon.com.br\/portal\/wp-content\/uploads\/2023\/10\/5434ab66b8f6557f31825c8aa89ebfbd.jpeg?fit=1990%2C1333&ssl=1","datePublished":"2023-10-16T14:06:12+00:00","author":{"@id":"https:\/\/verdadeon.com.br\/portal\/#\/schema\/person\/a5060ad1e9ea3df545188fc93ce43d2f"},"breadcrumb":{"@id":"https:\/\/verdadeon.com.br\/portal\/2023\/10\/16\/asserttem-preve-470-mil-vagas-temporarias-no-4o-trimestre-de-2023\/#breadcrumb"},"inLanguage":"pt-BR","potentialAction":[{"@type":"ReadAction","target":["https:\/\/verdadeon.com.br\/portal\/2023\/10\/16\/asserttem-preve-470-mil-vagas-temporarias-no-4o-trimestre-de-2023\/"]}]},{"@type":"ImageObject","inLanguage":"pt-BR","@id":"https:\/\/verdadeon.com.br\/portal\/2023\/10\/16\/asserttem-preve-470-mil-vagas-temporarias-no-4o-trimestre-de-2023\/#primaryimage","url":"https:\/\/i0.wp.com\/verdadeon.com.br\/portal\/wp-content\/uploads\/2023\/10\/5434ab66b8f6557f31825c8aa89ebfbd.jpeg?fit=1990%2C1333&ssl=1","contentUrl":"https:\/\/i0.wp.com\/verdadeon.com.br\/portal\/wp-content\/uploads\/2023\/10\/5434ab66b8f6557f31825c8aa89ebfbd.jpeg?fit=1990%2C1333&ssl=1","width":1990,"height":1333,"caption":"O 4\u00ba trimestre de 2023 deve apresentar um aumento de 5% na gera\u00e7\u00e3o de vagas tempor\u00e1rias em rela\u00e7\u00e3o ao mesmo per\u00edodo do ano passado (\u00a9Banco de Imagem\/Freepik)"},{"@type":"BreadcrumbList","@id":"https:\/\/verdadeon.com.br\/portal\/2023\/10\/16\/asserttem-preve-470-mil-vagas-temporarias-no-4o-trimestre-de-2023\/#breadcrumb","itemListElement":[{"@type":"ListItem","position":1,"name":"In\u00edcio","item":"https:\/\/verdadeon.com.br\/portal\/"},{"@type":"ListItem","position":2,"name":"ASSERTTEM prev\u00ea 470 mil vagas tempor\u00e1rias no 4\u00ba trimestre de 2023"}]},{"@type":"WebSite","@id":"https:\/\/verdadeon.com.br\/portal\/#website","url":"https:\/\/verdadeon.com.br\/portal\/","name":"VerdadeOn","description":"Not\u00edcias di\u00e1rias sobre Franca, Regi\u00e3o, Esporte, Cultura, Cotidiano, Colunas. Cobertura nos principais eventos da cidade \u00e9 aqui - Verdadeon Franca","potentialAction":[{"@type":"SearchAction","target":{"@type":"EntryPoint","urlTemplate":"https:\/\/verdadeon.com.br\/portal\/?s={search_term_string}"},"query-input":{"@type":"PropertyValueSpecification","valueRequired":true,"valueName":"search_term_string"}}],"inLanguage":"pt-BR"},{"@type":"Person","@id":"https:\/\/verdadeon.com.br\/portal\/#\/schema\/person\/a5060ad1e9ea3df545188fc93ce43d2f","name":"Redacao VerdadeOn","image":{"@type":"ImageObject","inLanguage":"pt-BR","@id":"https:\/\/verdadeon.com.br\/portal\/#\/schema\/person\/image\/","url":"https:\/\/secure.gravatar.com\/avatar\/459a9613caaaf07f582c3d0841eea68bdd66f533e465e6ba8b9cb45619572cf4?s=96&d=mm&r=g","contentUrl":"https:\/\/secure.gravatar.com\/avatar\/459a9613caaaf07f582c3d0841eea68bdd66f533e465e6ba8b9cb45619572cf4?s=96&d=mm&r=g","caption":"Redacao VerdadeOn"},"url":"https:\/\/verdadeon.com.br\/portal\/author\/redacao\/"}]}},"jetpack_publicize_connections":[],"jetpack_featured_media_url":"https:\/\/i0.wp.com\/verdadeon.com.br\/portal\/wp-content\/uploads\/2023\/10\/5434ab66b8f6557f31825c8aa89ebfbd.jpeg?fit=1990%2C1333&ssl=1","jetpack_sharing_enabled":true,"_links":{"self":[{"href":"https:\/\/verdadeon.com.br\/portal\/wp-json\/wp\/v2\/posts\/38360","targetHints":{"allow":["GET"]}}],"collection":[{"href":"https:\/\/verdadeon.com.br\/portal\/wp-json\/wp\/v2\/posts"}],"about":[{"href":"https:\/\/verdadeon.com.br\/portal\/wp-json\/wp\/v2\/types\/post"}],"author":[{"embeddable":true,"href":"https:\/\/verdadeon.com.br\/portal\/wp-json\/wp\/v2\/users\/10"}],"replies":[{"embeddable":true,"href":"https:\/\/verdadeon.com.br\/portal\/wp-json\/wp\/v2\/comments?post=38360"}],"version-history":[{"count":1,"href":"https:\/\/verdadeon.com.br\/portal\/wp-json\/wp\/v2\/posts\/38360\/revisions"}],"predecessor-version":[{"id":38362,"href":"https:\/\/verdadeon.com.br\/portal\/wp-json\/wp\/v2\/posts\/38360\/revisions\/38362"}],"wp:featuredmedia":[{"embeddable":true,"href":"https:\/\/verdadeon.com.br\/portal\/wp-json\/wp\/v2\/media\/38361"}],"wp:attachment":[{"href":"https:\/\/verdadeon.com.br\/portal\/wp-json\/wp\/v2\/media?parent=38360"}],"wp:term":[{"taxonomy":"category","embeddable":true,"href":"https:\/\/verdadeon.com.br\/portal\/wp-json\/wp\/v2\/categories?post=38360"},{"taxonomy":"post_tag","embeddable":true,"href":"https:\/\/verdadeon.com.br\/portal\/wp-json\/wp\/v2\/tags?post=38360"}],"curies":[{"name":"wp","href":"https:\/\/api.w.org\/{rel}","templated":true}]}}