{"id":38080,"date":"2023-10-04T13:51:08","date_gmt":"2023-10-04T16:51:08","guid":{"rendered":"https:\/\/verdadeon.com.br\/portal\/?p=38080"},"modified":"2023-10-04T13:51:08","modified_gmt":"2023-10-04T16:51:08","slug":"allan-kardec-abre-inscricoes-para-o-1o-seminario-de-tratamento-da-depressao-pelo-magnetismo","status":"publish","type":"post","link":"https:\/\/verdadeon.com.br\/portal\/2023\/10\/04\/allan-kardec-abre-inscricoes-para-o-1o-seminario-de-tratamento-da-depressao-pelo-magnetismo\/","title":{"rendered":"Allan Kardec abre inscri\u00e7\u00f5es para o 1\u00ba Semin\u00e1rio de Tratamento da Depress\u00e3o pelo Magnetismo"},"content":{"rendered":"<h2>O semin\u00e1rio \u00e9 gratuito e acontece nos dias 28 e 29 de outubro em Franca<\/h2>\n<p>A Funda\u00e7\u00e3o Allan Kardec realiza o 1\u00ba Semin\u00e1rio de Tratamento da Depress\u00e3o pelo Magnetismo nos dias 28 e 29 de outubro. O encontro \u00e9 gratuito e as inscri\u00e7\u00f5es j\u00e1 est\u00e3o abertas. Podem participar pessoas interessadas em trabalhar como volunt\u00e1rio no atendimento a pessoas em sofrimento mental.<\/p>\n<p>O semin\u00e1rio ser\u00e1 ministrado por uma equipe do CEAC (Centro Esp\u00edrita Amor e Caridade), de Bauru, que atua com TDM (Tratamento para Depress\u00e3o por Magnetismo) desde 2012. Segundo a institui\u00e7\u00e3o, a t\u00e9cnica consiste em \u201cuma terapia magn\u00e9tica que trabalha a harmoniza\u00e7\u00e3o dos chacras do indiv\u00edduo em desequil\u00edbrio, atrav\u00e9s da dispers\u00e3o do excesso de energias e do realinhamento dos centros de for\u00e7a, com \u00eanfase no chacra espl\u00eanico, que nos casos de depress\u00e3o ou ansiedade, predominantemente encontra-se em desajuste\u201d.<\/p>\n<p><img data-recalc-dims=\"1\" loading=\"lazy\" decoding=\"async\" class=\"alignnone size-full wp-image-38082\" src=\"https:\/\/i0.wp.com\/verdadeon.com.br\/portal\/wp-content\/uploads\/2023\/10\/WhatsApp-Image-2023-10-04-at-09.45.09.jpeg?resize=1220%2C813&#038;ssl=1\" alt=\"\" width=\"1220\" height=\"813\" srcset=\"https:\/\/i0.wp.com\/verdadeon.com.br\/portal\/wp-content\/uploads\/2023\/10\/WhatsApp-Image-2023-10-04-at-09.45.09.jpeg?w=1500&amp;ssl=1 1500w, https:\/\/i0.wp.com\/verdadeon.com.br\/portal\/wp-content\/uploads\/2023\/10\/WhatsApp-Image-2023-10-04-at-09.45.09.jpeg?resize=300%2C200&amp;ssl=1 300w, https:\/\/i0.wp.com\/verdadeon.com.br\/portal\/wp-content\/uploads\/2023\/10\/WhatsApp-Image-2023-10-04-at-09.45.09.jpeg?resize=1024%2C683&amp;ssl=1 1024w, https:\/\/i0.wp.com\/verdadeon.com.br\/portal\/wp-content\/uploads\/2023\/10\/WhatsApp-Image-2023-10-04-at-09.45.09.jpeg?resize=768%2C512&amp;ssl=1 768w, https:\/\/i0.wp.com\/verdadeon.com.br\/portal\/wp-content\/uploads\/2023\/10\/WhatsApp-Image-2023-10-04-at-09.45.09.jpeg?resize=219%2C146&amp;ssl=1 219w, https:\/\/i0.wp.com\/verdadeon.com.br\/portal\/wp-content\/uploads\/2023\/10\/WhatsApp-Image-2023-10-04-at-09.45.09.jpeg?resize=50%2C33&amp;ssl=1 50w, https:\/\/i0.wp.com\/verdadeon.com.br\/portal\/wp-content\/uploads\/2023\/10\/WhatsApp-Image-2023-10-04-at-09.45.09.jpeg?resize=113%2C75&amp;ssl=1 113w\" sizes=\"auto, (max-width: 1220px) 100vw, 1220px\" \/><\/p>\n<p>Segundo o CEAC, muitas das pessoas em tratamento na institui\u00e7\u00e3o obtiveram \u201cexcelentes resultados\u201d entre a quarta e oitava semanas de aplica\u00e7\u00e3o da t\u00e9cnica. Por l\u00e1, uma m\u00e9dia de 70 pessoas s\u00e3o atendidas no TDM toda semana.<\/p>\n<p>Em Franca, a Funda\u00e7\u00e3o Allan Kardec teve de adiar a ideia de realizar este semin\u00e1rio por conta da pandemia de covid-19. \u201cTomamos conhecimento deste protocolo de tratamento desenvolvido por um pesquisador do Rio Grande do Norte, Jacob Melo, e o convidamos para estar em Franca, explicando como se d\u00e1 esse tratamento de aux\u00edlio nos casos de depress\u00e3o, atrav\u00e9s do magnetismo. A pandemia aconteceu e n\u00e3o foi poss\u00edvel a vinda do pesquisador\u201d, conta o vice-presidente da institui\u00e7\u00e3o, Fernando Palermo.<\/p>\n<p>\u201cMas n\u00f3s n\u00e3o desistimos da ideia, e estaremos agora nos pr\u00f3ximos dias 28 e 29 de outubro, recebendo aqui uma equipe da cidade de Bauru, do CEAC, que desde 2012 trabalha com esta t\u00e9cnica que auxilia sobremaneira nos casos de depress\u00e3o leve e tamb\u00e9m nos casos mais agudos\u201d, completa Fernando. Ele observa que o magnetismo \u00e9 uma t\u00e9cnica \u201cj\u00e1 de centenas de anos, desenvolvida por Franz Mesmer\u201d.<\/p>\n<p><strong>Quem pode participar<\/strong><\/p>\n<p>Pode participar do Semin\u00e1rio qualquer pessoa interessada em ser volunt\u00e1ria neste trabalho que ser\u00e1 implantado na Funda\u00e7\u00e3o Allan Kardec. \u201cO participante ter\u00e1 conhecimento da t\u00e9cnica e poder\u00e1, depois, ser cadastrado como volunt\u00e1rio neste trabalho. \u00c9 importante ressaltar que esse trabalho \u00e9 feito com volunt\u00e1rios\u201d, destaca Fernando Palermo.<\/p>\n<p>No dia 28, um s\u00e1bado, o Semin\u00e1rio acontece das 8h30 ao meio-dia e das 14h \u00e0s 18h. As atividades ser\u00e3o retomadas no dia 29, um domingo, das 8h30 \u00e0s 13h. \u201cConvidamos as pessoas interessadas em participar deste movimento que vem auxiliar a sociedade como um todo, neste grande problema que assola hoje a todos n\u00f3s, que \u00e9 a depress\u00e3o\u201d.<\/p>\n<p>As inscri\u00e7\u00f5es devem ser feitas pelo WhatsApp (16) 2103-3070 at\u00e9 o dia 20 de outubro. Atrav\u00e9s deste mesmo n\u00famero tamb\u00e9m \u00e9 poss\u00edvel tirar d\u00favidas sobre o Semin\u00e1rio.<\/p>\n","protected":false},"excerpt":{"rendered":"<p>O semin\u00e1rio \u00e9 gratuito e acontece nos dias 28 e 29 de outubro em Franca A Funda\u00e7\u00e3o Allan Kardec realiza o 1\u00ba Semin\u00e1rio de Tratamento da<span class=\"excerpt-hellip\"> [\u2026]<\/span><\/p>\n","protected":false},"author":10,"featured_media":38081,"comment_status":"open","ping_status":"open","sticky":false,"template":"","format":"standard","meta":{"_jetpack_memberships_contains_paid_content":false,"footnotes":"","jetpack_publicize_message":"","jetpack_publicize_feature_enabled":true,"jetpack_social_post_already_shared":false,"jetpack_social_options":{"image_generator_settings":{"template":"highway","default_image_id":0,"enabled":false},"version":2}},"categories":[28,81],"tags":[],"class_list":["post-38080","post","type-post","status-publish","format-standard","has-post-thumbnail","hentry","category-cotidiano","category-manchete"],"yoast_head":"<!-- This site is optimized with the Yoast SEO plugin v25.6 - https:\/\/yoast.com\/wordpress\/plugins\/seo\/ -->\n<title>Allan Kardec abre inscri\u00e7\u00f5es para o 1\u00ba Semin\u00e1rio de Tratamento da Depress\u00e3o pelo Magnetismo - VerdadeOn<\/title>\n<meta name=\"robots\" content=\"index, follow, max-snippet:-1, max-image-preview:large, max-video-preview:-1\" \/>\n<link rel=\"canonical\" href=\"https:\/\/verdadeon.com.br\/portal\/2023\/10\/04\/allan-kardec-abre-inscricoes-para-o-1o-seminario-de-tratamento-da-depressao-pelo-magnetismo\/\" \/>\n<meta property=\"og:locale\" content=\"pt_BR\" \/>\n<meta property=\"og:type\" content=\"article\" \/>\n<meta property=\"og:title\" content=\"Allan Kardec abre inscri\u00e7\u00f5es para o 1\u00ba Semin\u00e1rio de Tratamento da Depress\u00e3o pelo Magnetismo - VerdadeOn\" \/>\n<meta property=\"og:description\" content=\"O semin\u00e1rio \u00e9 gratuito e acontece nos dias 28 e 29 de outubro em Franca A Funda\u00e7\u00e3o Allan Kardec realiza o 1\u00ba Semin\u00e1rio de Tratamento da [\u2026]\" \/>\n<meta property=\"og:url\" content=\"https:\/\/verdadeon.com.br\/portal\/2023\/10\/04\/allan-kardec-abre-inscricoes-para-o-1o-seminario-de-tratamento-da-depressao-pelo-magnetismo\/\" \/>\n<meta property=\"og:site_name\" content=\"VerdadeOn\" \/>\n<meta property=\"article:published_time\" content=\"2023-10-04T16:51:08+00:00\" \/>\n<meta property=\"og:image\" content=\"https:\/\/verdadeon.com.br\/portal\/wp-content\/uploads\/2023\/10\/WhatsApp-Image-2023-10-04-at-09.45.08.jpeg\" \/>\n\t<meta property=\"og:image:width\" content=\"927\" \/>\n\t<meta property=\"og:image:height\" content=\"621\" \/>\n\t<meta property=\"og:image:type\" content=\"image\/jpeg\" \/>\n<meta name=\"author\" content=\"Redacao VerdadeOn\" \/>\n<meta name=\"twitter:card\" content=\"summary_large_image\" \/>\n<meta name=\"twitter:label1\" content=\"Escrito por\" \/>\n\t<meta name=\"twitter:data1\" content=\"Redacao VerdadeOn\" \/>\n\t<meta name=\"twitter:label2\" content=\"Est. tempo de leitura\" \/>\n\t<meta name=\"twitter:data2\" content=\"3 minutos\" \/>\n<script type=\"application\/ld+json\" class=\"yoast-schema-graph\">{\"@context\":\"https:\/\/schema.org\",\"@graph\":[{\"@type\":\"WebPage\",\"@id\":\"https:\/\/verdadeon.com.br\/portal\/2023\/10\/04\/allan-kardec-abre-inscricoes-para-o-1o-seminario-de-tratamento-da-depressao-pelo-magnetismo\/\",\"url\":\"https:\/\/verdadeon.com.br\/portal\/2023\/10\/04\/allan-kardec-abre-inscricoes-para-o-1o-seminario-de-tratamento-da-depressao-pelo-magnetismo\/\",\"name\":\"Allan Kardec abre inscri\u00e7\u00f5es para o 1\u00ba Semin\u00e1rio de Tratamento da Depress\u00e3o pelo Magnetismo - VerdadeOn\",\"isPartOf\":{\"@id\":\"https:\/\/verdadeon.com.br\/portal\/#website\"},\"primaryImageOfPage\":{\"@id\":\"https:\/\/verdadeon.com.br\/portal\/2023\/10\/04\/allan-kardec-abre-inscricoes-para-o-1o-seminario-de-tratamento-da-depressao-pelo-magnetismo\/#primaryimage\"},\"image\":{\"@id\":\"https:\/\/verdadeon.com.br\/portal\/2023\/10\/04\/allan-kardec-abre-inscricoes-para-o-1o-seminario-de-tratamento-da-depressao-pelo-magnetismo\/#primaryimage\"},\"thumbnailUrl\":\"https:\/\/i0.wp.com\/verdadeon.com.br\/portal\/wp-content\/uploads\/2023\/10\/WhatsApp-Image-2023-10-04-at-09.45.08.jpeg?fit=927%2C621&ssl=1\",\"datePublished\":\"2023-10-04T16:51:08+00:00\",\"author\":{\"@id\":\"https:\/\/verdadeon.com.br\/portal\/#\/schema\/person\/a5060ad1e9ea3df545188fc93ce43d2f\"},\"breadcrumb\":{\"@id\":\"https:\/\/verdadeon.com.br\/portal\/2023\/10\/04\/allan-kardec-abre-inscricoes-para-o-1o-seminario-de-tratamento-da-depressao-pelo-magnetismo\/#breadcrumb\"},\"inLanguage\":\"pt-BR\",\"potentialAction\":[{\"@type\":\"ReadAction\",\"target\":[\"https:\/\/verdadeon.com.br\/portal\/2023\/10\/04\/allan-kardec-abre-inscricoes-para-o-1o-seminario-de-tratamento-da-depressao-pelo-magnetismo\/\"]}]},{\"@type\":\"ImageObject\",\"inLanguage\":\"pt-BR\",\"@id\":\"https:\/\/verdadeon.com.br\/portal\/2023\/10\/04\/allan-kardec-abre-inscricoes-para-o-1o-seminario-de-tratamento-da-depressao-pelo-magnetismo\/#primaryimage\",\"url\":\"https:\/\/i0.wp.com\/verdadeon.com.br\/portal\/wp-content\/uploads\/2023\/10\/WhatsApp-Image-2023-10-04-at-09.45.08.jpeg?fit=927%2C621&ssl=1\",\"contentUrl\":\"https:\/\/i0.wp.com\/verdadeon.com.br\/portal\/wp-content\/uploads\/2023\/10\/WhatsApp-Image-2023-10-04-at-09.45.08.jpeg?fit=927%2C621&ssl=1\",\"width\":927,\"height\":621,\"caption\":\"Pode participar do Semin\u00e1rio qualquer pessoa interessada em ser volunt\u00e1ria neste trabalho (\u00a9Divulga\u00e7\u00e3o)\"},{\"@type\":\"BreadcrumbList\",\"@id\":\"https:\/\/verdadeon.com.br\/portal\/2023\/10\/04\/allan-kardec-abre-inscricoes-para-o-1o-seminario-de-tratamento-da-depressao-pelo-magnetismo\/#breadcrumb\",\"itemListElement\":[{\"@type\":\"ListItem\",\"position\":1,\"name\":\"In\u00edcio\",\"item\":\"https:\/\/verdadeon.com.br\/portal\/\"},{\"@type\":\"ListItem\",\"position\":2,\"name\":\"Allan Kardec abre inscri\u00e7\u00f5es para o 1\u00ba Semin\u00e1rio de Tratamento da Depress\u00e3o pelo Magnetismo\"}]},{\"@type\":\"WebSite\",\"@id\":\"https:\/\/verdadeon.com.br\/portal\/#website\",\"url\":\"https:\/\/verdadeon.com.br\/portal\/\",\"name\":\"VerdadeOn\",\"description\":\"Not\u00edcias di\u00e1rias sobre Franca, Regi\u00e3o, Esporte, Cultura, Cotidiano, Colunas. Cobertura nos principais eventos da cidade \u00e9 aqui - Verdadeon Franca\",\"potentialAction\":[{\"@type\":\"SearchAction\",\"target\":{\"@type\":\"EntryPoint\",\"urlTemplate\":\"https:\/\/verdadeon.com.br\/portal\/?s={search_term_string}\"},\"query-input\":{\"@type\":\"PropertyValueSpecification\",\"valueRequired\":true,\"valueName\":\"search_term_string\"}}],\"inLanguage\":\"pt-BR\"},{\"@type\":\"Person\",\"@id\":\"https:\/\/verdadeon.com.br\/portal\/#\/schema\/person\/a5060ad1e9ea3df545188fc93ce43d2f\",\"name\":\"Redacao VerdadeOn\",\"image\":{\"@type\":\"ImageObject\",\"inLanguage\":\"pt-BR\",\"@id\":\"https:\/\/verdadeon.com.br\/portal\/#\/schema\/person\/image\/\",\"url\":\"https:\/\/secure.gravatar.com\/avatar\/459a9613caaaf07f582c3d0841eea68bdd66f533e465e6ba8b9cb45619572cf4?s=96&d=mm&r=g\",\"contentUrl\":\"https:\/\/secure.gravatar.com\/avatar\/459a9613caaaf07f582c3d0841eea68bdd66f533e465e6ba8b9cb45619572cf4?s=96&d=mm&r=g\",\"caption\":\"Redacao VerdadeOn\"},\"url\":\"https:\/\/verdadeon.com.br\/portal\/author\/redacao\/\"}]}<\/script>\n<!-- \/ Yoast SEO plugin. -->","yoast_head_json":{"title":"Allan Kardec abre inscri\u00e7\u00f5es para o 1\u00ba Semin\u00e1rio de Tratamento da Depress\u00e3o pelo Magnetismo - VerdadeOn","robots":{"index":"index","follow":"follow","max-snippet":"max-snippet:-1","max-image-preview":"max-image-preview:large","max-video-preview":"max-video-preview:-1"},"canonical":"https:\/\/verdadeon.com.br\/portal\/2023\/10\/04\/allan-kardec-abre-inscricoes-para-o-1o-seminario-de-tratamento-da-depressao-pelo-magnetismo\/","og_locale":"pt_BR","og_type":"article","og_title":"Allan Kardec abre inscri\u00e7\u00f5es para o 1\u00ba Semin\u00e1rio de Tratamento da Depress\u00e3o pelo Magnetismo - VerdadeOn","og_description":"O semin\u00e1rio \u00e9 gratuito e acontece nos dias 28 e 29 de outubro em Franca A Funda\u00e7\u00e3o Allan Kardec realiza o 1\u00ba Semin\u00e1rio de Tratamento da [\u2026]","og_url":"https:\/\/verdadeon.com.br\/portal\/2023\/10\/04\/allan-kardec-abre-inscricoes-para-o-1o-seminario-de-tratamento-da-depressao-pelo-magnetismo\/","og_site_name":"VerdadeOn","article_published_time":"2023-10-04T16:51:08+00:00","og_image":[{"width":927,"height":621,"url":"https:\/\/verdadeon.com.br\/portal\/wp-content\/uploads\/2023\/10\/WhatsApp-Image-2023-10-04-at-09.45.08.jpeg","type":"image\/jpeg"}],"author":"Redacao VerdadeOn","twitter_card":"summary_large_image","twitter_misc":{"Escrito por":"Redacao VerdadeOn","Est. tempo de leitura":"3 minutos"},"schema":{"@context":"https:\/\/schema.org","@graph":[{"@type":"WebPage","@id":"https:\/\/verdadeon.com.br\/portal\/2023\/10\/04\/allan-kardec-abre-inscricoes-para-o-1o-seminario-de-tratamento-da-depressao-pelo-magnetismo\/","url":"https:\/\/verdadeon.com.br\/portal\/2023\/10\/04\/allan-kardec-abre-inscricoes-para-o-1o-seminario-de-tratamento-da-depressao-pelo-magnetismo\/","name":"Allan Kardec abre inscri\u00e7\u00f5es para o 1\u00ba Semin\u00e1rio de Tratamento da Depress\u00e3o pelo Magnetismo - VerdadeOn","isPartOf":{"@id":"https:\/\/verdadeon.com.br\/portal\/#website"},"primaryImageOfPage":{"@id":"https:\/\/verdadeon.com.br\/portal\/2023\/10\/04\/allan-kardec-abre-inscricoes-para-o-1o-seminario-de-tratamento-da-depressao-pelo-magnetismo\/#primaryimage"},"image":{"@id":"https:\/\/verdadeon.com.br\/portal\/2023\/10\/04\/allan-kardec-abre-inscricoes-para-o-1o-seminario-de-tratamento-da-depressao-pelo-magnetismo\/#primaryimage"},"thumbnailUrl":"https:\/\/i0.wp.com\/verdadeon.com.br\/portal\/wp-content\/uploads\/2023\/10\/WhatsApp-Image-2023-10-04-at-09.45.08.jpeg?fit=927%2C621&ssl=1","datePublished":"2023-10-04T16:51:08+00:00","author":{"@id":"https:\/\/verdadeon.com.br\/portal\/#\/schema\/person\/a5060ad1e9ea3df545188fc93ce43d2f"},"breadcrumb":{"@id":"https:\/\/verdadeon.com.br\/portal\/2023\/10\/04\/allan-kardec-abre-inscricoes-para-o-1o-seminario-de-tratamento-da-depressao-pelo-magnetismo\/#breadcrumb"},"inLanguage":"pt-BR","potentialAction":[{"@type":"ReadAction","target":["https:\/\/verdadeon.com.br\/portal\/2023\/10\/04\/allan-kardec-abre-inscricoes-para-o-1o-seminario-de-tratamento-da-depressao-pelo-magnetismo\/"]}]},{"@type":"ImageObject","inLanguage":"pt-BR","@id":"https:\/\/verdadeon.com.br\/portal\/2023\/10\/04\/allan-kardec-abre-inscricoes-para-o-1o-seminario-de-tratamento-da-depressao-pelo-magnetismo\/#primaryimage","url":"https:\/\/i0.wp.com\/verdadeon.com.br\/portal\/wp-content\/uploads\/2023\/10\/WhatsApp-Image-2023-10-04-at-09.45.08.jpeg?fit=927%2C621&ssl=1","contentUrl":"https:\/\/i0.wp.com\/verdadeon.com.br\/portal\/wp-content\/uploads\/2023\/10\/WhatsApp-Image-2023-10-04-at-09.45.08.jpeg?fit=927%2C621&ssl=1","width":927,"height":621,"caption":"Pode participar do Semin\u00e1rio qualquer pessoa interessada em ser volunt\u00e1ria neste trabalho (\u00a9Divulga\u00e7\u00e3o)"},{"@type":"BreadcrumbList","@id":"https:\/\/verdadeon.com.br\/portal\/2023\/10\/04\/allan-kardec-abre-inscricoes-para-o-1o-seminario-de-tratamento-da-depressao-pelo-magnetismo\/#breadcrumb","itemListElement":[{"@type":"ListItem","position":1,"name":"In\u00edcio","item":"https:\/\/verdadeon.com.br\/portal\/"},{"@type":"ListItem","position":2,"name":"Allan Kardec abre inscri\u00e7\u00f5es para o 1\u00ba Semin\u00e1rio de Tratamento da Depress\u00e3o pelo Magnetismo"}]},{"@type":"WebSite","@id":"https:\/\/verdadeon.com.br\/portal\/#website","url":"https:\/\/verdadeon.com.br\/portal\/","name":"VerdadeOn","description":"Not\u00edcias di\u00e1rias sobre Franca, Regi\u00e3o, Esporte, Cultura, Cotidiano, Colunas. Cobertura nos principais eventos da cidade \u00e9 aqui - Verdadeon Franca","potentialAction":[{"@type":"SearchAction","target":{"@type":"EntryPoint","urlTemplate":"https:\/\/verdadeon.com.br\/portal\/?s={search_term_string}"},"query-input":{"@type":"PropertyValueSpecification","valueRequired":true,"valueName":"search_term_string"}}],"inLanguage":"pt-BR"},{"@type":"Person","@id":"https:\/\/verdadeon.com.br\/portal\/#\/schema\/person\/a5060ad1e9ea3df545188fc93ce43d2f","name":"Redacao VerdadeOn","image":{"@type":"ImageObject","inLanguage":"pt-BR","@id":"https:\/\/verdadeon.com.br\/portal\/#\/schema\/person\/image\/","url":"https:\/\/secure.gravatar.com\/avatar\/459a9613caaaf07f582c3d0841eea68bdd66f533e465e6ba8b9cb45619572cf4?s=96&d=mm&r=g","contentUrl":"https:\/\/secure.gravatar.com\/avatar\/459a9613caaaf07f582c3d0841eea68bdd66f533e465e6ba8b9cb45619572cf4?s=96&d=mm&r=g","caption":"Redacao VerdadeOn"},"url":"https:\/\/verdadeon.com.br\/portal\/author\/redacao\/"}]}},"jetpack_publicize_connections":[],"jetpack_featured_media_url":"https:\/\/i0.wp.com\/verdadeon.com.br\/portal\/wp-content\/uploads\/2023\/10\/WhatsApp-Image-2023-10-04-at-09.45.08.jpeg?fit=927%2C621&ssl=1","jetpack_sharing_enabled":true,"_links":{"self":[{"href":"https:\/\/verdadeon.com.br\/portal\/wp-json\/wp\/v2\/posts\/38080","targetHints":{"allow":["GET"]}}],"collection":[{"href":"https:\/\/verdadeon.com.br\/portal\/wp-json\/wp\/v2\/posts"}],"about":[{"href":"https:\/\/verdadeon.com.br\/portal\/wp-json\/wp\/v2\/types\/post"}],"author":[{"embeddable":true,"href":"https:\/\/verdadeon.com.br\/portal\/wp-json\/wp\/v2\/users\/10"}],"replies":[{"embeddable":true,"href":"https:\/\/verdadeon.com.br\/portal\/wp-json\/wp\/v2\/comments?post=38080"}],"version-history":[{"count":1,"href":"https:\/\/verdadeon.com.br\/portal\/wp-json\/wp\/v2\/posts\/38080\/revisions"}],"predecessor-version":[{"id":38083,"href":"https:\/\/verdadeon.com.br\/portal\/wp-json\/wp\/v2\/posts\/38080\/revisions\/38083"}],"wp:featuredmedia":[{"embeddable":true,"href":"https:\/\/verdadeon.com.br\/portal\/wp-json\/wp\/v2\/media\/38081"}],"wp:attachment":[{"href":"https:\/\/verdadeon.com.br\/portal\/wp-json\/wp\/v2\/media?parent=38080"}],"wp:term":[{"taxonomy":"category","embeddable":true,"href":"https:\/\/verdadeon.com.br\/portal\/wp-json\/wp\/v2\/categories?post=38080"},{"taxonomy":"post_tag","embeddable":true,"href":"https:\/\/verdadeon.com.br\/portal\/wp-json\/wp\/v2\/tags?post=38080"}],"curies":[{"name":"wp","href":"https:\/\/api.w.org\/{rel}","templated":true}]}}