{"id":38072,"date":"2023-10-03T15:09:48","date_gmt":"2023-10-03T18:09:48","guid":{"rendered":"https:\/\/verdadeon.com.br\/portal\/?p=38072"},"modified":"2023-10-03T15:09:48","modified_gmt":"2023-10-03T18:09:48","slug":"professora-visualiza-rock-in-rio-durante-oracao-e-cria-festival-de-musica-catolica","status":"publish","type":"post","link":"https:\/\/verdadeon.com.br\/portal\/2023\/10\/03\/professora-visualiza-rock-in-rio-durante-oracao-e-cria-festival-de-musica-catolica\/","title":{"rendered":"Professora \u2018visualiza\u2019 Rock In Rio durante ora\u00e7\u00e3o e cria festival de m\u00fasica cat\u00f3lica"},"content":{"rendered":"<h2>Hallel acontece em Franca, no interior paulista e chega a sua 36\u00aa edi\u00e7\u00e3o nos dias 6, 7 e 8 de outubro<\/h2>\n<p>M\u00e3e de cinco filhos, a professora, hoje aposentada, Maria Theodora Lemos Silveira, de Franca no interior de S\u00e3o Paulo, mais conhecida como tia Lolita, sempre foi atuante na igreja e esteve envolvida com m\u00fasica. Em janeiro de 1988, durante um momento de ora\u00e7\u00e3o em sua casa, ela teve uma visualiza\u00e7\u00e3o de muitos jovens cantando com alegria. Ao compartilhar a vis\u00e3o com um dos filhos, ele perguntou se era semelhante ao Rock In Rio e recebeu a confirma\u00e7\u00e3o da m\u00e3e, por\u00e9m com um diferencial. Nascia ali, o Hallel (c\u00e2nticos de louvor a Deus, em hebraico), festival de m\u00fasica de cat\u00f3lica, um dos maiores do g\u00eanero na Am\u00e9rica Latina.<\/p>\n<p>\u201cSim parece o Rock In Rio. \u00c9 m\u00fasica e para jovens, mas fala de amor, de ben\u00e7\u00e3o, de alegria\u201d, recorda tia Lolita, a fundadora do Hallel.<\/p>\n<p>O festival chega a sua 36\u00aa edi\u00e7\u00e3o nos dias 6, 7 e 8 de outubro, no Parque de Exposi\u00e7\u00f5es \u201cFernando Costa\u201d, em Franca com a presen\u00e7a de mais de 70 atra\u00e7\u00f5es, entre bandas, m\u00fasicos e pregadores. De padres ser\u00e3o 30, al\u00e9m de mais de 15 missas, sendo uma por dia no palco central.<\/p>\n<p>Com entrada gratuita, o evento espera receber neste ano 80 mil pessoas nos tr\u00eas dias, inclusive com a participa\u00e7\u00e3o de fi\u00e9is do Chile, M\u00e9xico e da \u00c1frica.<\/p>\n<p>\u201cA ideia \u00e9 fazer um s\u00f3 para comemorar os 10 anos da Renova\u00e7\u00e3o Carism\u00e1tica Cat\u00f3lica na Diocese de Franca, mas foi t\u00e3o bom que n\u00e3o paramos mais\u201d, diz tia Lolita, que completar\u00e1 90 anos no domingo (8).<\/p>\n<p>A edi\u00e7\u00e3o deste ano tem como tema \u201cSantidade Leva ao C\u00e9u\u201d e contar\u00e1 com o palco central e mais 12 m\u00f3dulos, al\u00e9m de pra\u00e7a de alimenta\u00e7\u00e3o, camping, ber\u00e7\u00e1rio e \u00e1rea de livrarias. Est\u00e3o confirmados os padres Marcos Rog\u00e9rio de Goi\u00e2nia, conhecido por reunir grande p\u00fablico em suas missas e tamb\u00e9m pela amizade com cantores sertanejos, M\u00e1rio Sartori, sacerdote do Paran\u00e1 e com mais de 820 mil inscritos no Youtube e Jos\u00e9 Augusto da Comunidade Can\u00e7\u00e3o Nova.<\/p>\n<p>Tamb\u00e9m passar\u00e3o pelo 36\u00ba Hallel a banda Colo Deus, o cantor Thiago Brado, o cantor e mission\u00e1rio da Can\u00e7\u00e3o Nova Pitter Di Laura, di\u00e1cono Nelsinho Corr\u00eaa, Fraternidade Jo\u00e3o Paulo II, o cantor Rodrigo Torres e a Comunidade Gerados Pela Imaculada.<\/p>\n<p>O Hallel come\u00e7a na sexta-feira, dia 6, a partir das 17 horas e nos dias 7 e 8, a programa\u00e7\u00e3o tem in\u00edcio \u00e0s 9 horas. O Parque de Exposi\u00e7\u00f5es \u201cFernando Costa\u201d fica na Avenida Doutor Fl\u00e1vio Rocha, 500.<\/p>\n","protected":false},"excerpt":{"rendered":"<p>Hallel acontece em Franca, no interior paulista e chega a sua 36\u00aa edi\u00e7\u00e3o nos dias 6, 7 e 8 de outubro M\u00e3e de cinco filhos, a<span class=\"excerpt-hellip\"> [\u2026]<\/span><\/p>\n","protected":false},"author":10,"featured_media":38073,"comment_status":"open","ping_status":"open","sticky":false,"template":"","format":"standard","meta":{"_jetpack_memberships_contains_paid_content":false,"footnotes":"","jetpack_publicize_message":"","jetpack_publicize_feature_enabled":true,"jetpack_social_post_already_shared":false,"jetpack_social_options":{"image_generator_settings":{"template":"highway","default_image_id":0,"enabled":false},"version":2}},"categories":[28,81],"tags":[],"class_list":["post-38072","post","type-post","status-publish","format-standard","has-post-thumbnail","hentry","category-cotidiano","category-manchete"],"yoast_head":"<!-- This site is optimized with the Yoast SEO plugin v25.6 - https:\/\/yoast.com\/wordpress\/plugins\/seo\/ -->\n<title>Professora \u2018visualiza\u2019 Rock In Rio durante ora\u00e7\u00e3o e cria festival de m\u00fasica cat\u00f3lica - VerdadeOn<\/title>\n<meta name=\"robots\" content=\"index, follow, max-snippet:-1, max-image-preview:large, max-video-preview:-1\" \/>\n<link rel=\"canonical\" href=\"https:\/\/verdadeon.com.br\/portal\/2023\/10\/03\/professora-visualiza-rock-in-rio-durante-oracao-e-cria-festival-de-musica-catolica\/\" \/>\n<meta property=\"og:locale\" content=\"pt_BR\" \/>\n<meta property=\"og:type\" content=\"article\" \/>\n<meta property=\"og:title\" content=\"Professora \u2018visualiza\u2019 Rock In Rio durante ora\u00e7\u00e3o e cria festival de m\u00fasica cat\u00f3lica - VerdadeOn\" \/>\n<meta property=\"og:description\" content=\"Hallel acontece em Franca, no interior paulista e chega a sua 36\u00aa edi\u00e7\u00e3o nos dias 6, 7 e 8 de outubro M\u00e3e de cinco filhos, a [\u2026]\" \/>\n<meta property=\"og:url\" content=\"https:\/\/verdadeon.com.br\/portal\/2023\/10\/03\/professora-visualiza-rock-in-rio-durante-oracao-e-cria-festival-de-musica-catolica\/\" \/>\n<meta property=\"og:site_name\" content=\"VerdadeOn\" \/>\n<meta property=\"article:published_time\" content=\"2023-10-03T18:09:48+00:00\" \/>\n<meta property=\"og:image\" content=\"https:\/\/verdadeon.com.br\/portal\/wp-content\/uploads\/2023\/10\/WhatsApp-Image-2023-10-03-at-14.46.34.jpeg\" \/>\n\t<meta property=\"og:image:width\" content=\"796\" \/>\n\t<meta property=\"og:image:height\" content=\"533\" \/>\n\t<meta property=\"og:image:type\" content=\"image\/jpeg\" \/>\n<meta name=\"author\" content=\"Redacao VerdadeOn\" \/>\n<meta name=\"twitter:card\" content=\"summary_large_image\" \/>\n<meta name=\"twitter:label1\" content=\"Escrito por\" \/>\n\t<meta name=\"twitter:data1\" content=\"Redacao VerdadeOn\" \/>\n\t<meta name=\"twitter:label2\" content=\"Est. tempo de leitura\" \/>\n\t<meta name=\"twitter:data2\" content=\"3 minutos\" \/>\n<script type=\"application\/ld+json\" class=\"yoast-schema-graph\">{\"@context\":\"https:\/\/schema.org\",\"@graph\":[{\"@type\":\"WebPage\",\"@id\":\"https:\/\/verdadeon.com.br\/portal\/2023\/10\/03\/professora-visualiza-rock-in-rio-durante-oracao-e-cria-festival-de-musica-catolica\/\",\"url\":\"https:\/\/verdadeon.com.br\/portal\/2023\/10\/03\/professora-visualiza-rock-in-rio-durante-oracao-e-cria-festival-de-musica-catolica\/\",\"name\":\"Professora \u2018visualiza\u2019 Rock In Rio durante ora\u00e7\u00e3o e cria festival de m\u00fasica cat\u00f3lica - VerdadeOn\",\"isPartOf\":{\"@id\":\"https:\/\/verdadeon.com.br\/portal\/#website\"},\"primaryImageOfPage\":{\"@id\":\"https:\/\/verdadeon.com.br\/portal\/2023\/10\/03\/professora-visualiza-rock-in-rio-durante-oracao-e-cria-festival-de-musica-catolica\/#primaryimage\"},\"image\":{\"@id\":\"https:\/\/verdadeon.com.br\/portal\/2023\/10\/03\/professora-visualiza-rock-in-rio-durante-oracao-e-cria-festival-de-musica-catolica\/#primaryimage\"},\"thumbnailUrl\":\"https:\/\/i0.wp.com\/verdadeon.com.br\/portal\/wp-content\/uploads\/2023\/10\/WhatsApp-Image-2023-10-03-at-14.46.34.jpeg?fit=796%2C533&ssl=1\",\"datePublished\":\"2023-10-03T18:09:48+00:00\",\"author\":{\"@id\":\"https:\/\/verdadeon.com.br\/portal\/#\/schema\/person\/a5060ad1e9ea3df545188fc93ce43d2f\"},\"breadcrumb\":{\"@id\":\"https:\/\/verdadeon.com.br\/portal\/2023\/10\/03\/professora-visualiza-rock-in-rio-durante-oracao-e-cria-festival-de-musica-catolica\/#breadcrumb\"},\"inLanguage\":\"pt-BR\",\"potentialAction\":[{\"@type\":\"ReadAction\",\"target\":[\"https:\/\/verdadeon.com.br\/portal\/2023\/10\/03\/professora-visualiza-rock-in-rio-durante-oracao-e-cria-festival-de-musica-catolica\/\"]}]},{\"@type\":\"ImageObject\",\"inLanguage\":\"pt-BR\",\"@id\":\"https:\/\/verdadeon.com.br\/portal\/2023\/10\/03\/professora-visualiza-rock-in-rio-durante-oracao-e-cria-festival-de-musica-catolica\/#primaryimage\",\"url\":\"https:\/\/i0.wp.com\/verdadeon.com.br\/portal\/wp-content\/uploads\/2023\/10\/WhatsApp-Image-2023-10-03-at-14.46.34.jpeg?fit=796%2C533&ssl=1\",\"contentUrl\":\"https:\/\/i0.wp.com\/verdadeon.com.br\/portal\/wp-content\/uploads\/2023\/10\/WhatsApp-Image-2023-10-03-at-14.46.34.jpeg?fit=796%2C533&ssl=1\",\"width\":796,\"height\":533,\"caption\":\"Evento espera receber 80 mil pessoas neste ano (\u00a9Divulga\u00e7\u00e3o)\"},{\"@type\":\"BreadcrumbList\",\"@id\":\"https:\/\/verdadeon.com.br\/portal\/2023\/10\/03\/professora-visualiza-rock-in-rio-durante-oracao-e-cria-festival-de-musica-catolica\/#breadcrumb\",\"itemListElement\":[{\"@type\":\"ListItem\",\"position\":1,\"name\":\"In\u00edcio\",\"item\":\"https:\/\/verdadeon.com.br\/portal\/\"},{\"@type\":\"ListItem\",\"position\":2,\"name\":\"Professora \u2018visualiza\u2019 Rock In Rio durante ora\u00e7\u00e3o e cria festival de m\u00fasica cat\u00f3lica\"}]},{\"@type\":\"WebSite\",\"@id\":\"https:\/\/verdadeon.com.br\/portal\/#website\",\"url\":\"https:\/\/verdadeon.com.br\/portal\/\",\"name\":\"VerdadeOn\",\"description\":\"Not\u00edcias di\u00e1rias sobre Franca, Regi\u00e3o, Esporte, Cultura, Cotidiano, Colunas. Cobertura nos principais eventos da cidade \u00e9 aqui - Verdadeon Franca\",\"potentialAction\":[{\"@type\":\"SearchAction\",\"target\":{\"@type\":\"EntryPoint\",\"urlTemplate\":\"https:\/\/verdadeon.com.br\/portal\/?s={search_term_string}\"},\"query-input\":{\"@type\":\"PropertyValueSpecification\",\"valueRequired\":true,\"valueName\":\"search_term_string\"}}],\"inLanguage\":\"pt-BR\"},{\"@type\":\"Person\",\"@id\":\"https:\/\/verdadeon.com.br\/portal\/#\/schema\/person\/a5060ad1e9ea3df545188fc93ce43d2f\",\"name\":\"Redacao VerdadeOn\",\"image\":{\"@type\":\"ImageObject\",\"inLanguage\":\"pt-BR\",\"@id\":\"https:\/\/verdadeon.com.br\/portal\/#\/schema\/person\/image\/\",\"url\":\"https:\/\/secure.gravatar.com\/avatar\/459a9613caaaf07f582c3d0841eea68bdd66f533e465e6ba8b9cb45619572cf4?s=96&d=mm&r=g\",\"contentUrl\":\"https:\/\/secure.gravatar.com\/avatar\/459a9613caaaf07f582c3d0841eea68bdd66f533e465e6ba8b9cb45619572cf4?s=96&d=mm&r=g\",\"caption\":\"Redacao VerdadeOn\"},\"url\":\"https:\/\/verdadeon.com.br\/portal\/author\/redacao\/\"}]}<\/script>\n<!-- \/ Yoast SEO plugin. -->","yoast_head_json":{"title":"Professora \u2018visualiza\u2019 Rock In Rio durante ora\u00e7\u00e3o e cria festival de m\u00fasica cat\u00f3lica - VerdadeOn","robots":{"index":"index","follow":"follow","max-snippet":"max-snippet:-1","max-image-preview":"max-image-preview:large","max-video-preview":"max-video-preview:-1"},"canonical":"https:\/\/verdadeon.com.br\/portal\/2023\/10\/03\/professora-visualiza-rock-in-rio-durante-oracao-e-cria-festival-de-musica-catolica\/","og_locale":"pt_BR","og_type":"article","og_title":"Professora \u2018visualiza\u2019 Rock In Rio durante ora\u00e7\u00e3o e cria festival de m\u00fasica cat\u00f3lica - VerdadeOn","og_description":"Hallel acontece em Franca, no interior paulista e chega a sua 36\u00aa edi\u00e7\u00e3o nos dias 6, 7 e 8 de outubro M\u00e3e de cinco filhos, a [\u2026]","og_url":"https:\/\/verdadeon.com.br\/portal\/2023\/10\/03\/professora-visualiza-rock-in-rio-durante-oracao-e-cria-festival-de-musica-catolica\/","og_site_name":"VerdadeOn","article_published_time":"2023-10-03T18:09:48+00:00","og_image":[{"width":796,"height":533,"url":"https:\/\/verdadeon.com.br\/portal\/wp-content\/uploads\/2023\/10\/WhatsApp-Image-2023-10-03-at-14.46.34.jpeg","type":"image\/jpeg"}],"author":"Redacao VerdadeOn","twitter_card":"summary_large_image","twitter_misc":{"Escrito por":"Redacao VerdadeOn","Est. tempo de leitura":"3 minutos"},"schema":{"@context":"https:\/\/schema.org","@graph":[{"@type":"WebPage","@id":"https:\/\/verdadeon.com.br\/portal\/2023\/10\/03\/professora-visualiza-rock-in-rio-durante-oracao-e-cria-festival-de-musica-catolica\/","url":"https:\/\/verdadeon.com.br\/portal\/2023\/10\/03\/professora-visualiza-rock-in-rio-durante-oracao-e-cria-festival-de-musica-catolica\/","name":"Professora \u2018visualiza\u2019 Rock In Rio durante ora\u00e7\u00e3o e cria festival de m\u00fasica cat\u00f3lica - VerdadeOn","isPartOf":{"@id":"https:\/\/verdadeon.com.br\/portal\/#website"},"primaryImageOfPage":{"@id":"https:\/\/verdadeon.com.br\/portal\/2023\/10\/03\/professora-visualiza-rock-in-rio-durante-oracao-e-cria-festival-de-musica-catolica\/#primaryimage"},"image":{"@id":"https:\/\/verdadeon.com.br\/portal\/2023\/10\/03\/professora-visualiza-rock-in-rio-durante-oracao-e-cria-festival-de-musica-catolica\/#primaryimage"},"thumbnailUrl":"https:\/\/i0.wp.com\/verdadeon.com.br\/portal\/wp-content\/uploads\/2023\/10\/WhatsApp-Image-2023-10-03-at-14.46.34.jpeg?fit=796%2C533&ssl=1","datePublished":"2023-10-03T18:09:48+00:00","author":{"@id":"https:\/\/verdadeon.com.br\/portal\/#\/schema\/person\/a5060ad1e9ea3df545188fc93ce43d2f"},"breadcrumb":{"@id":"https:\/\/verdadeon.com.br\/portal\/2023\/10\/03\/professora-visualiza-rock-in-rio-durante-oracao-e-cria-festival-de-musica-catolica\/#breadcrumb"},"inLanguage":"pt-BR","potentialAction":[{"@type":"ReadAction","target":["https:\/\/verdadeon.com.br\/portal\/2023\/10\/03\/professora-visualiza-rock-in-rio-durante-oracao-e-cria-festival-de-musica-catolica\/"]}]},{"@type":"ImageObject","inLanguage":"pt-BR","@id":"https:\/\/verdadeon.com.br\/portal\/2023\/10\/03\/professora-visualiza-rock-in-rio-durante-oracao-e-cria-festival-de-musica-catolica\/#primaryimage","url":"https:\/\/i0.wp.com\/verdadeon.com.br\/portal\/wp-content\/uploads\/2023\/10\/WhatsApp-Image-2023-10-03-at-14.46.34.jpeg?fit=796%2C533&ssl=1","contentUrl":"https:\/\/i0.wp.com\/verdadeon.com.br\/portal\/wp-content\/uploads\/2023\/10\/WhatsApp-Image-2023-10-03-at-14.46.34.jpeg?fit=796%2C533&ssl=1","width":796,"height":533,"caption":"Evento espera receber 80 mil pessoas neste ano (\u00a9Divulga\u00e7\u00e3o)"},{"@type":"BreadcrumbList","@id":"https:\/\/verdadeon.com.br\/portal\/2023\/10\/03\/professora-visualiza-rock-in-rio-durante-oracao-e-cria-festival-de-musica-catolica\/#breadcrumb","itemListElement":[{"@type":"ListItem","position":1,"name":"In\u00edcio","item":"https:\/\/verdadeon.com.br\/portal\/"},{"@type":"ListItem","position":2,"name":"Professora \u2018visualiza\u2019 Rock In Rio durante ora\u00e7\u00e3o e cria festival de m\u00fasica cat\u00f3lica"}]},{"@type":"WebSite","@id":"https:\/\/verdadeon.com.br\/portal\/#website","url":"https:\/\/verdadeon.com.br\/portal\/","name":"VerdadeOn","description":"Not\u00edcias di\u00e1rias sobre Franca, Regi\u00e3o, Esporte, Cultura, Cotidiano, Colunas. Cobertura nos principais eventos da cidade \u00e9 aqui - Verdadeon Franca","potentialAction":[{"@type":"SearchAction","target":{"@type":"EntryPoint","urlTemplate":"https:\/\/verdadeon.com.br\/portal\/?s={search_term_string}"},"query-input":{"@type":"PropertyValueSpecification","valueRequired":true,"valueName":"search_term_string"}}],"inLanguage":"pt-BR"},{"@type":"Person","@id":"https:\/\/verdadeon.com.br\/portal\/#\/schema\/person\/a5060ad1e9ea3df545188fc93ce43d2f","name":"Redacao VerdadeOn","image":{"@type":"ImageObject","inLanguage":"pt-BR","@id":"https:\/\/verdadeon.com.br\/portal\/#\/schema\/person\/image\/","url":"https:\/\/secure.gravatar.com\/avatar\/459a9613caaaf07f582c3d0841eea68bdd66f533e465e6ba8b9cb45619572cf4?s=96&d=mm&r=g","contentUrl":"https:\/\/secure.gravatar.com\/avatar\/459a9613caaaf07f582c3d0841eea68bdd66f533e465e6ba8b9cb45619572cf4?s=96&d=mm&r=g","caption":"Redacao VerdadeOn"},"url":"https:\/\/verdadeon.com.br\/portal\/author\/redacao\/"}]}},"jetpack_publicize_connections":[],"jetpack_featured_media_url":"https:\/\/i0.wp.com\/verdadeon.com.br\/portal\/wp-content\/uploads\/2023\/10\/WhatsApp-Image-2023-10-03-at-14.46.34.jpeg?fit=796%2C533&ssl=1","jetpack_sharing_enabled":true,"_links":{"self":[{"href":"https:\/\/verdadeon.com.br\/portal\/wp-json\/wp\/v2\/posts\/38072","targetHints":{"allow":["GET"]}}],"collection":[{"href":"https:\/\/verdadeon.com.br\/portal\/wp-json\/wp\/v2\/posts"}],"about":[{"href":"https:\/\/verdadeon.com.br\/portal\/wp-json\/wp\/v2\/types\/post"}],"author":[{"embeddable":true,"href":"https:\/\/verdadeon.com.br\/portal\/wp-json\/wp\/v2\/users\/10"}],"replies":[{"embeddable":true,"href":"https:\/\/verdadeon.com.br\/portal\/wp-json\/wp\/v2\/comments?post=38072"}],"version-history":[{"count":1,"href":"https:\/\/verdadeon.com.br\/portal\/wp-json\/wp\/v2\/posts\/38072\/revisions"}],"predecessor-version":[{"id":38074,"href":"https:\/\/verdadeon.com.br\/portal\/wp-json\/wp\/v2\/posts\/38072\/revisions\/38074"}],"wp:featuredmedia":[{"embeddable":true,"href":"https:\/\/verdadeon.com.br\/portal\/wp-json\/wp\/v2\/media\/38073"}],"wp:attachment":[{"href":"https:\/\/verdadeon.com.br\/portal\/wp-json\/wp\/v2\/media?parent=38072"}],"wp:term":[{"taxonomy":"category","embeddable":true,"href":"https:\/\/verdadeon.com.br\/portal\/wp-json\/wp\/v2\/categories?post=38072"},{"taxonomy":"post_tag","embeddable":true,"href":"https:\/\/verdadeon.com.br\/portal\/wp-json\/wp\/v2\/tags?post=38072"}],"curies":[{"name":"wp","href":"https:\/\/api.w.org\/{rel}","templated":true}]}}