{"id":38063,"date":"2023-10-03T14:32:29","date_gmt":"2023-10-03T17:32:29","guid":{"rendered":"https:\/\/verdadeon.com.br\/portal\/?p=38063"},"modified":"2023-10-03T14:32:29","modified_gmt":"2023-10-03T17:32:29","slug":"outubro-rosa-ubss-e-esfs-tem-acoes-de-mobilizacao-para-as-mulheres","status":"publish","type":"post","link":"https:\/\/verdadeon.com.br\/portal\/2023\/10\/03\/outubro-rosa-ubss-e-esfs-tem-acoes-de-mobilizacao-para-as-mulheres\/","title":{"rendered":"Outubro Rosa: UBSs e ESFs t\u00eam a\u00e7\u00f5es de mobiliza\u00e7\u00e3o para as mulheres"},"content":{"rendered":"<h2>Primeira a\u00e7\u00e3o acontece em 17 de outubro, ter\u00e7a-feira, \u00e0s 9 horas, em parceria com o Uni-Facef<\/h2>\n<p>A Secretaria de Sa\u00fade est\u00e1 desenvolvendo uma s\u00e9rie de a\u00e7\u00f5es para as mulheres na rede municipal, atrav\u00e9s da Campanha \u2018Outubro Rosa\u2019, com um m\u00eas voltado para a import\u00e2ncia da preven\u00e7\u00e3o e do diagn\u00f3stico precoce do c\u00e2ncer de mama e de colo do \u00fatero.<\/p>\n<p>A mobiliza\u00e7\u00e3o, buscando abranger o maior n\u00famero de mulheres, acontece por meio das abordagens multiprofissionais, junto \u00e0 comunidade, a partir das recep\u00e7\u00f5es e salas de espera das unidades, sejam elas UBSs (Unidades B\u00e1sicas de Sa\u00fade), ESFs (Estrat\u00e9gias Sa\u00fade da Fam\u00edlia), Ambulat\u00f3rios e demais reparti\u00e7\u00f5es que oferecem servi\u00e7os de sa\u00fade.<\/p>\n<p>Ao longo do m\u00eas, ser\u00e3o montados grupos de orienta\u00e7\u00e3o nas UBSs, palestras com m\u00e9dicos, trabalhos em parceria com o Centro Universit\u00e1rio Uni-Facef e a Universidade de Franca, al\u00e9m da realiza\u00e7\u00e3o de exames de Papanicolau e Mamografia.<\/p>\n<p>Na ESF Paineiras, por exemplo, j\u00e1 h\u00e1 duas a\u00e7\u00f5es programadas. A primeira acontece em 17 de outubro, ter\u00e7a-feira, \u00e0s 9 horas, em parceria com o Uni-Facef. Ser\u00e1 realizada uma roda de conversa sobre a sa\u00fade da mulher e um caf\u00e9 da manh\u00e3. Depois, no s\u00e1bado, 21, das 8 \u00e0s 12 horas, haver\u00e1 mutir\u00e3o na unidade para coleta de Papanicolau e pedidos de Mamografia. \u00c9 necess\u00e1rio levar os documentos pessoais.<\/p>\n<p>A Sa\u00fade tamb\u00e9m far\u00e1 uma a\u00e7\u00e3o, em conjunto com o SIAS (Servi\u00e7o Integrado de Atendimento ao Servidor). De 23 a 27 de outubro, uma enfermeira atender\u00e1 as servidoras. Est\u00e3o previstas, ainda, outros trabalhos com a comunidade.<\/p>\n<p><b>Atendimento<\/b><\/p>\n<p>Neste ano, de janeiro a setembro, a Secretaria de Sa\u00fade j\u00e1 contabilizou 45.450 consultas com ginecologistas. O n\u00famero de mamografias solicitadas e realizadas, em igual per\u00edodo, chegou a 9.190.<\/p>\n","protected":false},"excerpt":{"rendered":"<p>Primeira a\u00e7\u00e3o acontece em 17 de outubro, ter\u00e7a-feira, \u00e0s 9 horas, em parceria com o Uni-Facef A Secretaria de Sa\u00fade est\u00e1 desenvolvendo uma s\u00e9rie de a\u00e7\u00f5es<span class=\"excerpt-hellip\"> [\u2026]<\/span><\/p>\n","protected":false},"author":10,"featured_media":38064,"comment_status":"open","ping_status":"open","sticky":false,"template":"","format":"standard","meta":{"_jetpack_memberships_contains_paid_content":false,"footnotes":"","jetpack_publicize_message":"","jetpack_publicize_feature_enabled":true,"jetpack_social_post_already_shared":false,"jetpack_social_options":{"image_generator_settings":{"template":"highway","default_image_id":0,"enabled":false},"version":2}},"categories":[28,81],"tags":[],"class_list":["post-38063","post","type-post","status-publish","format-standard","has-post-thumbnail","hentry","category-cotidiano","category-manchete"],"yoast_head":"<!-- This site is optimized with the Yoast SEO plugin v25.6 - https:\/\/yoast.com\/wordpress\/plugins\/seo\/ -->\n<title>Outubro Rosa: UBSs e ESFs t\u00eam a\u00e7\u00f5es de mobiliza\u00e7\u00e3o para as mulheres - VerdadeOn<\/title>\n<meta name=\"robots\" content=\"index, follow, max-snippet:-1, max-image-preview:large, max-video-preview:-1\" \/>\n<link rel=\"canonical\" href=\"https:\/\/verdadeon.com.br\/portal\/2023\/10\/03\/outubro-rosa-ubss-e-esfs-tem-acoes-de-mobilizacao-para-as-mulheres\/\" \/>\n<meta property=\"og:locale\" content=\"pt_BR\" \/>\n<meta property=\"og:type\" content=\"article\" \/>\n<meta property=\"og:title\" content=\"Outubro Rosa: UBSs e ESFs t\u00eam a\u00e7\u00f5es de mobiliza\u00e7\u00e3o para as mulheres - VerdadeOn\" \/>\n<meta property=\"og:description\" content=\"Primeira a\u00e7\u00e3o acontece em 17 de outubro, ter\u00e7a-feira, \u00e0s 9 horas, em parceria com o Uni-Facef A Secretaria de Sa\u00fade est\u00e1 desenvolvendo uma s\u00e9rie de a\u00e7\u00f5es [\u2026]\" \/>\n<meta property=\"og:url\" content=\"https:\/\/verdadeon.com.br\/portal\/2023\/10\/03\/outubro-rosa-ubss-e-esfs-tem-acoes-de-mobilizacao-para-as-mulheres\/\" \/>\n<meta property=\"og:site_name\" content=\"VerdadeOn\" \/>\n<meta property=\"article:published_time\" content=\"2023-10-03T17:32:29+00:00\" \/>\n<meta property=\"og:image\" content=\"https:\/\/verdadeon.com.br\/portal\/wp-content\/uploads\/2023\/10\/mulheres-lutando-contra-o-cancer-de-mama-scaled.jpg\" \/>\n\t<meta property=\"og:image:width\" content=\"2560\" \/>\n\t<meta property=\"og:image:height\" content=\"1715\" \/>\n\t<meta property=\"og:image:type\" content=\"image\/jpeg\" \/>\n<meta name=\"author\" content=\"Redacao VerdadeOn\" \/>\n<meta name=\"twitter:card\" content=\"summary_large_image\" \/>\n<meta name=\"twitter:label1\" content=\"Escrito por\" \/>\n\t<meta name=\"twitter:data1\" content=\"Redacao VerdadeOn\" \/>\n\t<meta name=\"twitter:label2\" content=\"Est. tempo de leitura\" \/>\n\t<meta name=\"twitter:data2\" content=\"2 minutos\" \/>\n<script type=\"application\/ld+json\" class=\"yoast-schema-graph\">{\"@context\":\"https:\/\/schema.org\",\"@graph\":[{\"@type\":\"WebPage\",\"@id\":\"https:\/\/verdadeon.com.br\/portal\/2023\/10\/03\/outubro-rosa-ubss-e-esfs-tem-acoes-de-mobilizacao-para-as-mulheres\/\",\"url\":\"https:\/\/verdadeon.com.br\/portal\/2023\/10\/03\/outubro-rosa-ubss-e-esfs-tem-acoes-de-mobilizacao-para-as-mulheres\/\",\"name\":\"Outubro Rosa: UBSs e ESFs t\u00eam a\u00e7\u00f5es de mobiliza\u00e7\u00e3o para as mulheres - VerdadeOn\",\"isPartOf\":{\"@id\":\"https:\/\/verdadeon.com.br\/portal\/#website\"},\"primaryImageOfPage\":{\"@id\":\"https:\/\/verdadeon.com.br\/portal\/2023\/10\/03\/outubro-rosa-ubss-e-esfs-tem-acoes-de-mobilizacao-para-as-mulheres\/#primaryimage\"},\"image\":{\"@id\":\"https:\/\/verdadeon.com.br\/portal\/2023\/10\/03\/outubro-rosa-ubss-e-esfs-tem-acoes-de-mobilizacao-para-as-mulheres\/#primaryimage\"},\"thumbnailUrl\":\"https:\/\/i0.wp.com\/verdadeon.com.br\/portal\/wp-content\/uploads\/2023\/10\/mulheres-lutando-contra-o-cancer-de-mama-scaled.jpg?fit=2560%2C1715&ssl=1\",\"datePublished\":\"2023-10-03T17:32:29+00:00\",\"author\":{\"@id\":\"https:\/\/verdadeon.com.br\/portal\/#\/schema\/person\/a5060ad1e9ea3df545188fc93ce43d2f\"},\"breadcrumb\":{\"@id\":\"https:\/\/verdadeon.com.br\/portal\/2023\/10\/03\/outubro-rosa-ubss-e-esfs-tem-acoes-de-mobilizacao-para-as-mulheres\/#breadcrumb\"},\"inLanguage\":\"pt-BR\",\"potentialAction\":[{\"@type\":\"ReadAction\",\"target\":[\"https:\/\/verdadeon.com.br\/portal\/2023\/10\/03\/outubro-rosa-ubss-e-esfs-tem-acoes-de-mobilizacao-para-as-mulheres\/\"]}]},{\"@type\":\"ImageObject\",\"inLanguage\":\"pt-BR\",\"@id\":\"https:\/\/verdadeon.com.br\/portal\/2023\/10\/03\/outubro-rosa-ubss-e-esfs-tem-acoes-de-mobilizacao-para-as-mulheres\/#primaryimage\",\"url\":\"https:\/\/i0.wp.com\/verdadeon.com.br\/portal\/wp-content\/uploads\/2023\/10\/mulheres-lutando-contra-o-cancer-de-mama-scaled.jpg?fit=2560%2C1715&ssl=1\",\"contentUrl\":\"https:\/\/i0.wp.com\/verdadeon.com.br\/portal\/wp-content\/uploads\/2023\/10\/mulheres-lutando-contra-o-cancer-de-mama-scaled.jpg?fit=2560%2C1715&ssl=1\",\"width\":2560,\"height\":1715,\"caption\":\"Neste ano - at\u00e9 setembro - a Secretaria de Sa\u00fade j\u00e1 contabilizou 45.450 consultas com ginecologistas (\u00a9Divulga\u00e7\u00e3o )\"},{\"@type\":\"BreadcrumbList\",\"@id\":\"https:\/\/verdadeon.com.br\/portal\/2023\/10\/03\/outubro-rosa-ubss-e-esfs-tem-acoes-de-mobilizacao-para-as-mulheres\/#breadcrumb\",\"itemListElement\":[{\"@type\":\"ListItem\",\"position\":1,\"name\":\"In\u00edcio\",\"item\":\"https:\/\/verdadeon.com.br\/portal\/\"},{\"@type\":\"ListItem\",\"position\":2,\"name\":\"Outubro Rosa: UBSs e ESFs t\u00eam a\u00e7\u00f5es de mobiliza\u00e7\u00e3o para as mulheres\"}]},{\"@type\":\"WebSite\",\"@id\":\"https:\/\/verdadeon.com.br\/portal\/#website\",\"url\":\"https:\/\/verdadeon.com.br\/portal\/\",\"name\":\"VerdadeOn\",\"description\":\"Not\u00edcias di\u00e1rias sobre Franca, Regi\u00e3o, Esporte, Cultura, Cotidiano, Colunas. Cobertura nos principais eventos da cidade \u00e9 aqui - Verdadeon Franca\",\"potentialAction\":[{\"@type\":\"SearchAction\",\"target\":{\"@type\":\"EntryPoint\",\"urlTemplate\":\"https:\/\/verdadeon.com.br\/portal\/?s={search_term_string}\"},\"query-input\":{\"@type\":\"PropertyValueSpecification\",\"valueRequired\":true,\"valueName\":\"search_term_string\"}}],\"inLanguage\":\"pt-BR\"},{\"@type\":\"Person\",\"@id\":\"https:\/\/verdadeon.com.br\/portal\/#\/schema\/person\/a5060ad1e9ea3df545188fc93ce43d2f\",\"name\":\"Redacao VerdadeOn\",\"image\":{\"@type\":\"ImageObject\",\"inLanguage\":\"pt-BR\",\"@id\":\"https:\/\/verdadeon.com.br\/portal\/#\/schema\/person\/image\/\",\"url\":\"https:\/\/secure.gravatar.com\/avatar\/459a9613caaaf07f582c3d0841eea68bdd66f533e465e6ba8b9cb45619572cf4?s=96&d=mm&r=g\",\"contentUrl\":\"https:\/\/secure.gravatar.com\/avatar\/459a9613caaaf07f582c3d0841eea68bdd66f533e465e6ba8b9cb45619572cf4?s=96&d=mm&r=g\",\"caption\":\"Redacao VerdadeOn\"},\"url\":\"https:\/\/verdadeon.com.br\/portal\/author\/redacao\/\"}]}<\/script>\n<!-- \/ Yoast SEO plugin. -->","yoast_head_json":{"title":"Outubro Rosa: UBSs e ESFs t\u00eam a\u00e7\u00f5es de mobiliza\u00e7\u00e3o para as mulheres - VerdadeOn","robots":{"index":"index","follow":"follow","max-snippet":"max-snippet:-1","max-image-preview":"max-image-preview:large","max-video-preview":"max-video-preview:-1"},"canonical":"https:\/\/verdadeon.com.br\/portal\/2023\/10\/03\/outubro-rosa-ubss-e-esfs-tem-acoes-de-mobilizacao-para-as-mulheres\/","og_locale":"pt_BR","og_type":"article","og_title":"Outubro Rosa: UBSs e ESFs t\u00eam a\u00e7\u00f5es de mobiliza\u00e7\u00e3o para as mulheres - VerdadeOn","og_description":"Primeira a\u00e7\u00e3o acontece em 17 de outubro, ter\u00e7a-feira, \u00e0s 9 horas, em parceria com o Uni-Facef A Secretaria de Sa\u00fade est\u00e1 desenvolvendo uma s\u00e9rie de a\u00e7\u00f5es [\u2026]","og_url":"https:\/\/verdadeon.com.br\/portal\/2023\/10\/03\/outubro-rosa-ubss-e-esfs-tem-acoes-de-mobilizacao-para-as-mulheres\/","og_site_name":"VerdadeOn","article_published_time":"2023-10-03T17:32:29+00:00","og_image":[{"width":2560,"height":1715,"url":"https:\/\/verdadeon.com.br\/portal\/wp-content\/uploads\/2023\/10\/mulheres-lutando-contra-o-cancer-de-mama-scaled.jpg","type":"image\/jpeg"}],"author":"Redacao VerdadeOn","twitter_card":"summary_large_image","twitter_misc":{"Escrito por":"Redacao VerdadeOn","Est. tempo de leitura":"2 minutos"},"schema":{"@context":"https:\/\/schema.org","@graph":[{"@type":"WebPage","@id":"https:\/\/verdadeon.com.br\/portal\/2023\/10\/03\/outubro-rosa-ubss-e-esfs-tem-acoes-de-mobilizacao-para-as-mulheres\/","url":"https:\/\/verdadeon.com.br\/portal\/2023\/10\/03\/outubro-rosa-ubss-e-esfs-tem-acoes-de-mobilizacao-para-as-mulheres\/","name":"Outubro Rosa: UBSs e ESFs t\u00eam a\u00e7\u00f5es de mobiliza\u00e7\u00e3o para as mulheres - VerdadeOn","isPartOf":{"@id":"https:\/\/verdadeon.com.br\/portal\/#website"},"primaryImageOfPage":{"@id":"https:\/\/verdadeon.com.br\/portal\/2023\/10\/03\/outubro-rosa-ubss-e-esfs-tem-acoes-de-mobilizacao-para-as-mulheres\/#primaryimage"},"image":{"@id":"https:\/\/verdadeon.com.br\/portal\/2023\/10\/03\/outubro-rosa-ubss-e-esfs-tem-acoes-de-mobilizacao-para-as-mulheres\/#primaryimage"},"thumbnailUrl":"https:\/\/i0.wp.com\/verdadeon.com.br\/portal\/wp-content\/uploads\/2023\/10\/mulheres-lutando-contra-o-cancer-de-mama-scaled.jpg?fit=2560%2C1715&ssl=1","datePublished":"2023-10-03T17:32:29+00:00","author":{"@id":"https:\/\/verdadeon.com.br\/portal\/#\/schema\/person\/a5060ad1e9ea3df545188fc93ce43d2f"},"breadcrumb":{"@id":"https:\/\/verdadeon.com.br\/portal\/2023\/10\/03\/outubro-rosa-ubss-e-esfs-tem-acoes-de-mobilizacao-para-as-mulheres\/#breadcrumb"},"inLanguage":"pt-BR","potentialAction":[{"@type":"ReadAction","target":["https:\/\/verdadeon.com.br\/portal\/2023\/10\/03\/outubro-rosa-ubss-e-esfs-tem-acoes-de-mobilizacao-para-as-mulheres\/"]}]},{"@type":"ImageObject","inLanguage":"pt-BR","@id":"https:\/\/verdadeon.com.br\/portal\/2023\/10\/03\/outubro-rosa-ubss-e-esfs-tem-acoes-de-mobilizacao-para-as-mulheres\/#primaryimage","url":"https:\/\/i0.wp.com\/verdadeon.com.br\/portal\/wp-content\/uploads\/2023\/10\/mulheres-lutando-contra-o-cancer-de-mama-scaled.jpg?fit=2560%2C1715&ssl=1","contentUrl":"https:\/\/i0.wp.com\/verdadeon.com.br\/portal\/wp-content\/uploads\/2023\/10\/mulheres-lutando-contra-o-cancer-de-mama-scaled.jpg?fit=2560%2C1715&ssl=1","width":2560,"height":1715,"caption":"Neste ano - at\u00e9 setembro - a Secretaria de Sa\u00fade j\u00e1 contabilizou 45.450 consultas com ginecologistas (\u00a9Divulga\u00e7\u00e3o )"},{"@type":"BreadcrumbList","@id":"https:\/\/verdadeon.com.br\/portal\/2023\/10\/03\/outubro-rosa-ubss-e-esfs-tem-acoes-de-mobilizacao-para-as-mulheres\/#breadcrumb","itemListElement":[{"@type":"ListItem","position":1,"name":"In\u00edcio","item":"https:\/\/verdadeon.com.br\/portal\/"},{"@type":"ListItem","position":2,"name":"Outubro Rosa: UBSs e ESFs t\u00eam a\u00e7\u00f5es de mobiliza\u00e7\u00e3o para as mulheres"}]},{"@type":"WebSite","@id":"https:\/\/verdadeon.com.br\/portal\/#website","url":"https:\/\/verdadeon.com.br\/portal\/","name":"VerdadeOn","description":"Not\u00edcias di\u00e1rias sobre Franca, Regi\u00e3o, Esporte, Cultura, Cotidiano, Colunas. Cobertura nos principais eventos da cidade \u00e9 aqui - Verdadeon Franca","potentialAction":[{"@type":"SearchAction","target":{"@type":"EntryPoint","urlTemplate":"https:\/\/verdadeon.com.br\/portal\/?s={search_term_string}"},"query-input":{"@type":"PropertyValueSpecification","valueRequired":true,"valueName":"search_term_string"}}],"inLanguage":"pt-BR"},{"@type":"Person","@id":"https:\/\/verdadeon.com.br\/portal\/#\/schema\/person\/a5060ad1e9ea3df545188fc93ce43d2f","name":"Redacao VerdadeOn","image":{"@type":"ImageObject","inLanguage":"pt-BR","@id":"https:\/\/verdadeon.com.br\/portal\/#\/schema\/person\/image\/","url":"https:\/\/secure.gravatar.com\/avatar\/459a9613caaaf07f582c3d0841eea68bdd66f533e465e6ba8b9cb45619572cf4?s=96&d=mm&r=g","contentUrl":"https:\/\/secure.gravatar.com\/avatar\/459a9613caaaf07f582c3d0841eea68bdd66f533e465e6ba8b9cb45619572cf4?s=96&d=mm&r=g","caption":"Redacao VerdadeOn"},"url":"https:\/\/verdadeon.com.br\/portal\/author\/redacao\/"}]}},"jetpack_publicize_connections":[],"jetpack_featured_media_url":"https:\/\/i0.wp.com\/verdadeon.com.br\/portal\/wp-content\/uploads\/2023\/10\/mulheres-lutando-contra-o-cancer-de-mama-scaled.jpg?fit=2560%2C1715&ssl=1","jetpack_sharing_enabled":true,"_links":{"self":[{"href":"https:\/\/verdadeon.com.br\/portal\/wp-json\/wp\/v2\/posts\/38063","targetHints":{"allow":["GET"]}}],"collection":[{"href":"https:\/\/verdadeon.com.br\/portal\/wp-json\/wp\/v2\/posts"}],"about":[{"href":"https:\/\/verdadeon.com.br\/portal\/wp-json\/wp\/v2\/types\/post"}],"author":[{"embeddable":true,"href":"https:\/\/verdadeon.com.br\/portal\/wp-json\/wp\/v2\/users\/10"}],"replies":[{"embeddable":true,"href":"https:\/\/verdadeon.com.br\/portal\/wp-json\/wp\/v2\/comments?post=38063"}],"version-history":[{"count":1,"href":"https:\/\/verdadeon.com.br\/portal\/wp-json\/wp\/v2\/posts\/38063\/revisions"}],"predecessor-version":[{"id":38065,"href":"https:\/\/verdadeon.com.br\/portal\/wp-json\/wp\/v2\/posts\/38063\/revisions\/38065"}],"wp:featuredmedia":[{"embeddable":true,"href":"https:\/\/verdadeon.com.br\/portal\/wp-json\/wp\/v2\/media\/38064"}],"wp:attachment":[{"href":"https:\/\/verdadeon.com.br\/portal\/wp-json\/wp\/v2\/media?parent=38063"}],"wp:term":[{"taxonomy":"category","embeddable":true,"href":"https:\/\/verdadeon.com.br\/portal\/wp-json\/wp\/v2\/categories?post=38063"},{"taxonomy":"post_tag","embeddable":true,"href":"https:\/\/verdadeon.com.br\/portal\/wp-json\/wp\/v2\/tags?post=38063"}],"curies":[{"name":"wp","href":"https:\/\/api.w.org\/{rel}","templated":true}]}}