{"id":37900,"date":"2023-09-26T10:01:24","date_gmt":"2023-09-26T13:01:24","guid":{"rendered":"https:\/\/verdadeon.com.br\/portal\/?p=37900"},"modified":"2023-09-26T15:50:30","modified_gmt":"2023-09-26T18:50:30","slug":"campanha-acif-sorteia-videogame-xbox-pelo-dia-das-criancas","status":"publish","type":"post","link":"https:\/\/verdadeon.com.br\/portal\/2023\/09\/26\/campanha-acif-sorteia-videogame-xbox-pelo-dia-das-criancas\/","title":{"rendered":"Campanha ACIF sorteia videogame XBox pelo Dia das Crian\u00e7as"},"content":{"rendered":"<h2>A\u00e7\u00e3o acontece pelo Instagram da entidade, que tem divulgado lojas do com\u00e9rcio local<\/h2>\n<p>A ACIF (Associa\u00e7\u00e3o do Com\u00e9rcio e Ind\u00fastria de Franca) vai sortear pela campanha de incentivo ao com\u00e9rcio local, \u201cFranca Premiada\u201d, um videogame XBox contemplando a etapa de Dia das Crian\u00e7as. A a\u00e7\u00e3o segue o cronograma de eventos previstos para movimentar as lojas de Franca ao longo do ano, com premia\u00e7\u00f5es nas principais datas do calend\u00e1rio comercial. O sorteio acontece no dia 16 de outubro e os interessados j\u00e1 podem garantir sua participa\u00e7\u00e3o entrando na p\u00e1gina da ACIF no Instagram (@acifranca),\u00a0seguir\u00a0a entidade, curtir a foto oficial da promo\u00e7\u00e3o e marcar um amigo nos coment\u00e1rios, lendo as regras na pr\u00f3pria publica\u00e7\u00e3o.<\/p>\n<p>\u201cDurante o per\u00edodo da a\u00e7\u00e3o, a ACIF vai transformar seu perfil em vitrine para as lojas participantes, publicando produtos e promo\u00e7\u00f5es de empresas locais\u201d, afirma o presidente da ACIF, Fernando Rached Jorge. \u201cA ideia \u00e9 que o consumidor interaja junto ao com\u00e9rcio francano, prestigiando estabelecimentos que geram emprego e renda em nossa cidade\u201d, diz.<\/p>\n<p>A campanha \u201cFranca Premiada\u201d continua ativa at\u00e9 o Natal. Pela data, a a\u00e7\u00e3o vai sortear dez cervejeiras da Consul abastecidas com 75 latas, contemplando consumidores de todas as regi\u00f5es de Franca (Norte, Sul, Leste, Oeste e Centro).<\/p>\n<p>Para concorrer, basta conferir a lista de lojas ativas no site\u00a0<a href=\"http:\/\/www.campanhasacif.com.br\/\" target=\"_blank\" rel=\"noopener\" data-saferedirecturl=\"https:\/\/www.google.com\/url?q=http:\/\/www.campanhasacif.com.br&amp;source=gmail&amp;ust=1695840446300000&amp;usg=AOvVaw1zZNa61plLdg-VnjrgTdMe\">www.campanhasacif.com.br<\/a>. Depois, escolha a mais pr\u00f3xima de voc\u00ea, adquira seu produto ou servi\u00e7o em uma delas, preencha o cupom da sorte respondendo com um \u2018x\u2019 na op\u00e7\u00e3o \u2018ACIF\u2019 \u00e0 pergunta \u201cQual a entidade que realiza a campanha Franca Premida, em Franca?\u201d e pronto: \u00e9 s\u00f3 torcer. O sorteio vai acontecer no dia 12 de janeiro de 2024.<\/p>\n<p><b>Quer a campanha movimentando o seu neg\u00f3cio?<\/b><\/p>\n<p>Empresas interessadas em ativar a campanha em seu ponto de venda podem entrar em contato com a ACIF pelo telefone (16) 9 9384-9630 (WhatsApp) e obter todas as informa\u00e7\u00f5es.<\/p>\n","protected":false},"excerpt":{"rendered":"<p>A\u00e7\u00e3o acontece pelo Instagram da entidade, que tem divulgado lojas do com\u00e9rcio local A ACIF (Associa\u00e7\u00e3o do Com\u00e9rcio e Ind\u00fastria de Franca) vai sortear pela campanha<span class=\"excerpt-hellip\"> [\u2026]<\/span><\/p>\n","protected":false},"author":10,"featured_media":37902,"comment_status":"open","ping_status":"open","sticky":false,"template":"","format":"standard","meta":{"_jetpack_memberships_contains_paid_content":false,"footnotes":"","jetpack_publicize_message":"","jetpack_publicize_feature_enabled":true,"jetpack_social_post_already_shared":false,"jetpack_social_options":{"image_generator_settings":{"template":"highway","default_image_id":0,"enabled":false},"version":2}},"categories":[28,81],"tags":[],"class_list":["post-37900","post","type-post","status-publish","format-standard","has-post-thumbnail","hentry","category-cotidiano","category-manchete"],"yoast_head":"<!-- This site is optimized with the Yoast SEO plugin v25.6 - https:\/\/yoast.com\/wordpress\/plugins\/seo\/ -->\n<title>Campanha ACIF sorteia videogame XBox pelo Dia das Crian\u00e7as - VerdadeOn<\/title>\n<meta name=\"robots\" content=\"index, follow, max-snippet:-1, max-image-preview:large, max-video-preview:-1\" \/>\n<link rel=\"canonical\" href=\"https:\/\/verdadeon.com.br\/portal\/2023\/09\/26\/campanha-acif-sorteia-videogame-xbox-pelo-dia-das-criancas\/\" \/>\n<meta property=\"og:locale\" content=\"pt_BR\" \/>\n<meta property=\"og:type\" content=\"article\" \/>\n<meta property=\"og:title\" content=\"Campanha ACIF sorteia videogame XBox pelo Dia das Crian\u00e7as - VerdadeOn\" \/>\n<meta property=\"og:description\" content=\"A\u00e7\u00e3o acontece pelo Instagram da entidade, que tem divulgado lojas do com\u00e9rcio local A ACIF (Associa\u00e7\u00e3o do Com\u00e9rcio e Ind\u00fastria de Franca) vai sortear pela campanha [\u2026]\" \/>\n<meta property=\"og:url\" content=\"https:\/\/verdadeon.com.br\/portal\/2023\/09\/26\/campanha-acif-sorteia-videogame-xbox-pelo-dia-das-criancas\/\" \/>\n<meta property=\"og:site_name\" content=\"VerdadeOn\" \/>\n<meta property=\"article:published_time\" content=\"2023-09-26T13:01:24+00:00\" \/>\n<meta property=\"article:modified_time\" content=\"2023-09-26T18:50:30+00:00\" \/>\n<meta property=\"og:image\" content=\"https:\/\/verdadeon.com.br\/portal\/wp-content\/uploads\/2023\/09\/Imagem-de-artursafronovvvv-no-Freepik.jpg\" \/>\n\t<meta property=\"og:image:width\" content=\"1274\" \/>\n\t<meta property=\"og:image:height\" content=\"853\" \/>\n\t<meta property=\"og:image:type\" content=\"image\/jpeg\" \/>\n<meta name=\"author\" content=\"Redacao VerdadeOn\" \/>\n<meta name=\"twitter:card\" content=\"summary_large_image\" \/>\n<meta name=\"twitter:label1\" content=\"Escrito por\" \/>\n\t<meta name=\"twitter:data1\" content=\"Redacao VerdadeOn\" \/>\n\t<meta name=\"twitter:label2\" content=\"Est. tempo de leitura\" \/>\n\t<meta name=\"twitter:data2\" content=\"2 minutos\" \/>\n<script type=\"application\/ld+json\" class=\"yoast-schema-graph\">{\"@context\":\"https:\/\/schema.org\",\"@graph\":[{\"@type\":\"WebPage\",\"@id\":\"https:\/\/verdadeon.com.br\/portal\/2023\/09\/26\/campanha-acif-sorteia-videogame-xbox-pelo-dia-das-criancas\/\",\"url\":\"https:\/\/verdadeon.com.br\/portal\/2023\/09\/26\/campanha-acif-sorteia-videogame-xbox-pelo-dia-das-criancas\/\",\"name\":\"Campanha ACIF sorteia videogame XBox pelo Dia das Crian\u00e7as - VerdadeOn\",\"isPartOf\":{\"@id\":\"https:\/\/verdadeon.com.br\/portal\/#website\"},\"primaryImageOfPage\":{\"@id\":\"https:\/\/verdadeon.com.br\/portal\/2023\/09\/26\/campanha-acif-sorteia-videogame-xbox-pelo-dia-das-criancas\/#primaryimage\"},\"image\":{\"@id\":\"https:\/\/verdadeon.com.br\/portal\/2023\/09\/26\/campanha-acif-sorteia-videogame-xbox-pelo-dia-das-criancas\/#primaryimage\"},\"thumbnailUrl\":\"https:\/\/i0.wp.com\/verdadeon.com.br\/portal\/wp-content\/uploads\/2023\/09\/Imagem-de-artursafronovvvv-no-Freepik.jpg?fit=1274%2C853&ssl=1\",\"datePublished\":\"2023-09-26T13:01:24+00:00\",\"dateModified\":\"2023-09-26T18:50:30+00:00\",\"author\":{\"@id\":\"https:\/\/verdadeon.com.br\/portal\/#\/schema\/person\/a5060ad1e9ea3df545188fc93ce43d2f\"},\"breadcrumb\":{\"@id\":\"https:\/\/verdadeon.com.br\/portal\/2023\/09\/26\/campanha-acif-sorteia-videogame-xbox-pelo-dia-das-criancas\/#breadcrumb\"},\"inLanguage\":\"pt-BR\",\"potentialAction\":[{\"@type\":\"ReadAction\",\"target\":[\"https:\/\/verdadeon.com.br\/portal\/2023\/09\/26\/campanha-acif-sorteia-videogame-xbox-pelo-dia-das-criancas\/\"]}]},{\"@type\":\"ImageObject\",\"inLanguage\":\"pt-BR\",\"@id\":\"https:\/\/verdadeon.com.br\/portal\/2023\/09\/26\/campanha-acif-sorteia-videogame-xbox-pelo-dia-das-criancas\/#primaryimage\",\"url\":\"https:\/\/i0.wp.com\/verdadeon.com.br\/portal\/wp-content\/uploads\/2023\/09\/Imagem-de-artursafronovvvv-no-Freepik.jpg?fit=1274%2C853&ssl=1\",\"contentUrl\":\"https:\/\/i0.wp.com\/verdadeon.com.br\/portal\/wp-content\/uploads\/2023\/09\/Imagem-de-artursafronovvvv-no-Freepik.jpg?fit=1274%2C853&ssl=1\",\"width\":1274,\"height\":853,\"caption\":\"A ACIF iniciou a etapa Dia das Crian\u00e7as da campanha de incentivo ao com\u00e9rcio Franca Premiada! (\u00a9Freepik)\"},{\"@type\":\"BreadcrumbList\",\"@id\":\"https:\/\/verdadeon.com.br\/portal\/2023\/09\/26\/campanha-acif-sorteia-videogame-xbox-pelo-dia-das-criancas\/#breadcrumb\",\"itemListElement\":[{\"@type\":\"ListItem\",\"position\":1,\"name\":\"In\u00edcio\",\"item\":\"https:\/\/verdadeon.com.br\/portal\/\"},{\"@type\":\"ListItem\",\"position\":2,\"name\":\"Campanha ACIF sorteia videogame XBox pelo Dia das Crian\u00e7as\"}]},{\"@type\":\"WebSite\",\"@id\":\"https:\/\/verdadeon.com.br\/portal\/#website\",\"url\":\"https:\/\/verdadeon.com.br\/portal\/\",\"name\":\"VerdadeOn\",\"description\":\"Not\u00edcias di\u00e1rias sobre Franca, Regi\u00e3o, Esporte, Cultura, Cotidiano, Colunas. Cobertura nos principais eventos da cidade \u00e9 aqui - Verdadeon Franca\",\"potentialAction\":[{\"@type\":\"SearchAction\",\"target\":{\"@type\":\"EntryPoint\",\"urlTemplate\":\"https:\/\/verdadeon.com.br\/portal\/?s={search_term_string}\"},\"query-input\":{\"@type\":\"PropertyValueSpecification\",\"valueRequired\":true,\"valueName\":\"search_term_string\"}}],\"inLanguage\":\"pt-BR\"},{\"@type\":\"Person\",\"@id\":\"https:\/\/verdadeon.com.br\/portal\/#\/schema\/person\/a5060ad1e9ea3df545188fc93ce43d2f\",\"name\":\"Redacao VerdadeOn\",\"image\":{\"@type\":\"ImageObject\",\"inLanguage\":\"pt-BR\",\"@id\":\"https:\/\/verdadeon.com.br\/portal\/#\/schema\/person\/image\/\",\"url\":\"https:\/\/secure.gravatar.com\/avatar\/459a9613caaaf07f582c3d0841eea68bdd66f533e465e6ba8b9cb45619572cf4?s=96&d=mm&r=g\",\"contentUrl\":\"https:\/\/secure.gravatar.com\/avatar\/459a9613caaaf07f582c3d0841eea68bdd66f533e465e6ba8b9cb45619572cf4?s=96&d=mm&r=g\",\"caption\":\"Redacao VerdadeOn\"},\"url\":\"https:\/\/verdadeon.com.br\/portal\/author\/redacao\/\"}]}<\/script>\n<!-- \/ Yoast SEO plugin. -->","yoast_head_json":{"title":"Campanha ACIF sorteia videogame XBox pelo Dia das Crian\u00e7as - VerdadeOn","robots":{"index":"index","follow":"follow","max-snippet":"max-snippet:-1","max-image-preview":"max-image-preview:large","max-video-preview":"max-video-preview:-1"},"canonical":"https:\/\/verdadeon.com.br\/portal\/2023\/09\/26\/campanha-acif-sorteia-videogame-xbox-pelo-dia-das-criancas\/","og_locale":"pt_BR","og_type":"article","og_title":"Campanha ACIF sorteia videogame XBox pelo Dia das Crian\u00e7as - VerdadeOn","og_description":"A\u00e7\u00e3o acontece pelo Instagram da entidade, que tem divulgado lojas do com\u00e9rcio local A ACIF (Associa\u00e7\u00e3o do Com\u00e9rcio e Ind\u00fastria de Franca) vai sortear pela campanha [\u2026]","og_url":"https:\/\/verdadeon.com.br\/portal\/2023\/09\/26\/campanha-acif-sorteia-videogame-xbox-pelo-dia-das-criancas\/","og_site_name":"VerdadeOn","article_published_time":"2023-09-26T13:01:24+00:00","article_modified_time":"2023-09-26T18:50:30+00:00","og_image":[{"width":1274,"height":853,"url":"https:\/\/verdadeon.com.br\/portal\/wp-content\/uploads\/2023\/09\/Imagem-de-artursafronovvvv-no-Freepik.jpg","type":"image\/jpeg"}],"author":"Redacao VerdadeOn","twitter_card":"summary_large_image","twitter_misc":{"Escrito por":"Redacao VerdadeOn","Est. tempo de leitura":"2 minutos"},"schema":{"@context":"https:\/\/schema.org","@graph":[{"@type":"WebPage","@id":"https:\/\/verdadeon.com.br\/portal\/2023\/09\/26\/campanha-acif-sorteia-videogame-xbox-pelo-dia-das-criancas\/","url":"https:\/\/verdadeon.com.br\/portal\/2023\/09\/26\/campanha-acif-sorteia-videogame-xbox-pelo-dia-das-criancas\/","name":"Campanha ACIF sorteia videogame XBox pelo Dia das Crian\u00e7as - VerdadeOn","isPartOf":{"@id":"https:\/\/verdadeon.com.br\/portal\/#website"},"primaryImageOfPage":{"@id":"https:\/\/verdadeon.com.br\/portal\/2023\/09\/26\/campanha-acif-sorteia-videogame-xbox-pelo-dia-das-criancas\/#primaryimage"},"image":{"@id":"https:\/\/verdadeon.com.br\/portal\/2023\/09\/26\/campanha-acif-sorteia-videogame-xbox-pelo-dia-das-criancas\/#primaryimage"},"thumbnailUrl":"https:\/\/i0.wp.com\/verdadeon.com.br\/portal\/wp-content\/uploads\/2023\/09\/Imagem-de-artursafronovvvv-no-Freepik.jpg?fit=1274%2C853&ssl=1","datePublished":"2023-09-26T13:01:24+00:00","dateModified":"2023-09-26T18:50:30+00:00","author":{"@id":"https:\/\/verdadeon.com.br\/portal\/#\/schema\/person\/a5060ad1e9ea3df545188fc93ce43d2f"},"breadcrumb":{"@id":"https:\/\/verdadeon.com.br\/portal\/2023\/09\/26\/campanha-acif-sorteia-videogame-xbox-pelo-dia-das-criancas\/#breadcrumb"},"inLanguage":"pt-BR","potentialAction":[{"@type":"ReadAction","target":["https:\/\/verdadeon.com.br\/portal\/2023\/09\/26\/campanha-acif-sorteia-videogame-xbox-pelo-dia-das-criancas\/"]}]},{"@type":"ImageObject","inLanguage":"pt-BR","@id":"https:\/\/verdadeon.com.br\/portal\/2023\/09\/26\/campanha-acif-sorteia-videogame-xbox-pelo-dia-das-criancas\/#primaryimage","url":"https:\/\/i0.wp.com\/verdadeon.com.br\/portal\/wp-content\/uploads\/2023\/09\/Imagem-de-artursafronovvvv-no-Freepik.jpg?fit=1274%2C853&ssl=1","contentUrl":"https:\/\/i0.wp.com\/verdadeon.com.br\/portal\/wp-content\/uploads\/2023\/09\/Imagem-de-artursafronovvvv-no-Freepik.jpg?fit=1274%2C853&ssl=1","width":1274,"height":853,"caption":"A ACIF iniciou a etapa Dia das Crian\u00e7as da campanha de incentivo ao com\u00e9rcio Franca Premiada! (\u00a9Freepik)"},{"@type":"BreadcrumbList","@id":"https:\/\/verdadeon.com.br\/portal\/2023\/09\/26\/campanha-acif-sorteia-videogame-xbox-pelo-dia-das-criancas\/#breadcrumb","itemListElement":[{"@type":"ListItem","position":1,"name":"In\u00edcio","item":"https:\/\/verdadeon.com.br\/portal\/"},{"@type":"ListItem","position":2,"name":"Campanha ACIF sorteia videogame XBox pelo Dia das Crian\u00e7as"}]},{"@type":"WebSite","@id":"https:\/\/verdadeon.com.br\/portal\/#website","url":"https:\/\/verdadeon.com.br\/portal\/","name":"VerdadeOn","description":"Not\u00edcias di\u00e1rias sobre Franca, Regi\u00e3o, Esporte, Cultura, Cotidiano, Colunas. Cobertura nos principais eventos da cidade \u00e9 aqui - Verdadeon Franca","potentialAction":[{"@type":"SearchAction","target":{"@type":"EntryPoint","urlTemplate":"https:\/\/verdadeon.com.br\/portal\/?s={search_term_string}"},"query-input":{"@type":"PropertyValueSpecification","valueRequired":true,"valueName":"search_term_string"}}],"inLanguage":"pt-BR"},{"@type":"Person","@id":"https:\/\/verdadeon.com.br\/portal\/#\/schema\/person\/a5060ad1e9ea3df545188fc93ce43d2f","name":"Redacao VerdadeOn","image":{"@type":"ImageObject","inLanguage":"pt-BR","@id":"https:\/\/verdadeon.com.br\/portal\/#\/schema\/person\/image\/","url":"https:\/\/secure.gravatar.com\/avatar\/459a9613caaaf07f582c3d0841eea68bdd66f533e465e6ba8b9cb45619572cf4?s=96&d=mm&r=g","contentUrl":"https:\/\/secure.gravatar.com\/avatar\/459a9613caaaf07f582c3d0841eea68bdd66f533e465e6ba8b9cb45619572cf4?s=96&d=mm&r=g","caption":"Redacao VerdadeOn"},"url":"https:\/\/verdadeon.com.br\/portal\/author\/redacao\/"}]}},"jetpack_publicize_connections":[],"jetpack_featured_media_url":"https:\/\/i0.wp.com\/verdadeon.com.br\/portal\/wp-content\/uploads\/2023\/09\/Imagem-de-artursafronovvvv-no-Freepik.jpg?fit=1274%2C853&ssl=1","jetpack_sharing_enabled":true,"_links":{"self":[{"href":"https:\/\/verdadeon.com.br\/portal\/wp-json\/wp\/v2\/posts\/37900","targetHints":{"allow":["GET"]}}],"collection":[{"href":"https:\/\/verdadeon.com.br\/portal\/wp-json\/wp\/v2\/posts"}],"about":[{"href":"https:\/\/verdadeon.com.br\/portal\/wp-json\/wp\/v2\/types\/post"}],"author":[{"embeddable":true,"href":"https:\/\/verdadeon.com.br\/portal\/wp-json\/wp\/v2\/users\/10"}],"replies":[{"embeddable":true,"href":"https:\/\/verdadeon.com.br\/portal\/wp-json\/wp\/v2\/comments?post=37900"}],"version-history":[{"count":1,"href":"https:\/\/verdadeon.com.br\/portal\/wp-json\/wp\/v2\/posts\/37900\/revisions"}],"predecessor-version":[{"id":37903,"href":"https:\/\/verdadeon.com.br\/portal\/wp-json\/wp\/v2\/posts\/37900\/revisions\/37903"}],"wp:featuredmedia":[{"embeddable":true,"href":"https:\/\/verdadeon.com.br\/portal\/wp-json\/wp\/v2\/media\/37902"}],"wp:attachment":[{"href":"https:\/\/verdadeon.com.br\/portal\/wp-json\/wp\/v2\/media?parent=37900"}],"wp:term":[{"taxonomy":"category","embeddable":true,"href":"https:\/\/verdadeon.com.br\/portal\/wp-json\/wp\/v2\/categories?post=37900"},{"taxonomy":"post_tag","embeddable":true,"href":"https:\/\/verdadeon.com.br\/portal\/wp-json\/wp\/v2\/tags?post=37900"}],"curies":[{"name":"wp","href":"https:\/\/api.w.org\/{rel}","templated":true}]}}