{"id":37895,"date":"2023-09-26T10:00:58","date_gmt":"2023-09-26T13:00:58","guid":{"rendered":"https:\/\/verdadeon.com.br\/portal\/?p=37895"},"modified":"2023-09-26T15:13:09","modified_gmt":"2023-09-26T18:13:09","slug":"franca-foi-destaque-no-circuito-paulista-de-volei","status":"publish","type":"post","link":"https:\/\/verdadeon.com.br\/portal\/2023\/09\/26\/franca-foi-destaque-no-circuito-paulista-de-volei\/","title":{"rendered":"Franca foi destaque no Circuito Paulista de V\u00f4lei"},"content":{"rendered":"<h2 align=\"justify\">Munic\u00edpio foi destaque nos podiuns<\/h2>\n<p>As equipes de v\u00f4lei de praia masculina e feminina de Franca se destacaram no Circuito Paulista de Voleibol, realizado no \u00faltimo final de semana, na Arena &#8220;Rossato&#8221;, na Esta\u00e7\u00e3o. Um grande p\u00fablico assistiu aos jogos disputados de sexta-feira a domingo.<\/p>\n<p>Mais de 100 esportistas e dirigentes de diversas partes do Estado estiveram presentes, movimentando o clube e fomentando a economia, j\u00e1 que muitas delega\u00e7\u00f5es ficaram hospedadas na cidade.<\/p>\n<p>Franca foi destaque nas disputas, dominando os podiuns com a dupla masculina Adauto e Guilherme, que conquistou o t\u00edtulo de campe\u00f5es, enquanto a dupla Murilo e Felipe ficou em 5\u00b0 lugar.<\/p>\n<p>J\u00e1 no feminino, as jovens L\u00edvia e Etieny foram campe\u00e3s, enquanto J\u00fallia e Camila ficaram em 3\u00b0 lugar. O evento foi organizado com o apoio da Prefeitura e da FEAC, valendo lembrar que os atletas de Franca fazem parte das equipes de representa\u00e7\u00e3o e alto rendimento.<\/p>\n","protected":false},"excerpt":{"rendered":"<p>Munic\u00edpio foi destaque nos podiuns As equipes de v\u00f4lei de praia masculina e feminina de Franca se destacaram no Circuito Paulista de Voleibol, realizado no \u00faltimo<span class=\"excerpt-hellip\"> [\u2026]<\/span><\/p>\n","protected":false},"author":10,"featured_media":37896,"comment_status":"open","ping_status":"open","sticky":false,"template":"","format":"standard","meta":{"_jetpack_memberships_contains_paid_content":false,"footnotes":"","jetpack_publicize_message":"","jetpack_publicize_feature_enabled":true,"jetpack_social_post_already_shared":false,"jetpack_social_options":{"image_generator_settings":{"template":"highway","default_image_id":0,"enabled":false},"version":2}},"categories":[28,81],"tags":[],"class_list":["post-37895","post","type-post","status-publish","format-standard","has-post-thumbnail","hentry","category-cotidiano","category-manchete"],"yoast_head":"<!-- This site is optimized with the Yoast SEO plugin v25.6 - https:\/\/yoast.com\/wordpress\/plugins\/seo\/ -->\n<title>Franca foi destaque no Circuito Paulista de V\u00f4lei - VerdadeOn<\/title>\n<meta name=\"robots\" content=\"index, follow, max-snippet:-1, max-image-preview:large, max-video-preview:-1\" \/>\n<link rel=\"canonical\" href=\"https:\/\/verdadeon.com.br\/portal\/2023\/09\/26\/franca-foi-destaque-no-circuito-paulista-de-volei\/\" \/>\n<meta property=\"og:locale\" content=\"pt_BR\" \/>\n<meta property=\"og:type\" content=\"article\" \/>\n<meta property=\"og:title\" content=\"Franca foi destaque no Circuito Paulista de V\u00f4lei - VerdadeOn\" \/>\n<meta property=\"og:description\" content=\"Munic\u00edpio foi destaque nos podiuns As equipes de v\u00f4lei de praia masculina e feminina de Franca se destacaram no Circuito Paulista de Voleibol, realizado no \u00faltimo [\u2026]\" \/>\n<meta property=\"og:url\" content=\"https:\/\/verdadeon.com.br\/portal\/2023\/09\/26\/franca-foi-destaque-no-circuito-paulista-de-volei\/\" \/>\n<meta property=\"og:site_name\" content=\"VerdadeOn\" \/>\n<meta property=\"article:published_time\" content=\"2023-09-26T13:00:58+00:00\" \/>\n<meta property=\"article:modified_time\" content=\"2023-09-26T18:13:09+00:00\" \/>\n<meta property=\"og:image\" content=\"https:\/\/verdadeon.com.br\/portal\/wp-content\/uploads\/2023\/09\/AnyConv.com__Volei.jpg\" \/>\n\t<meta property=\"og:image:width\" content=\"522\" \/>\n\t<meta property=\"og:image:height\" content=\"350\" \/>\n\t<meta property=\"og:image:type\" content=\"image\/jpeg\" \/>\n<meta name=\"author\" content=\"Redacao VerdadeOn\" \/>\n<meta name=\"twitter:card\" content=\"summary_large_image\" \/>\n<meta name=\"twitter:label1\" content=\"Escrito por\" \/>\n\t<meta name=\"twitter:data1\" content=\"Redacao VerdadeOn\" \/>\n\t<meta name=\"twitter:label2\" content=\"Est. tempo de leitura\" \/>\n\t<meta name=\"twitter:data2\" content=\"1 minuto\" \/>\n<script type=\"application\/ld+json\" class=\"yoast-schema-graph\">{\"@context\":\"https:\/\/schema.org\",\"@graph\":[{\"@type\":\"WebPage\",\"@id\":\"https:\/\/verdadeon.com.br\/portal\/2023\/09\/26\/franca-foi-destaque-no-circuito-paulista-de-volei\/\",\"url\":\"https:\/\/verdadeon.com.br\/portal\/2023\/09\/26\/franca-foi-destaque-no-circuito-paulista-de-volei\/\",\"name\":\"Franca foi destaque no Circuito Paulista de V\u00f4lei - VerdadeOn\",\"isPartOf\":{\"@id\":\"https:\/\/verdadeon.com.br\/portal\/#website\"},\"primaryImageOfPage\":{\"@id\":\"https:\/\/verdadeon.com.br\/portal\/2023\/09\/26\/franca-foi-destaque-no-circuito-paulista-de-volei\/#primaryimage\"},\"image\":{\"@id\":\"https:\/\/verdadeon.com.br\/portal\/2023\/09\/26\/franca-foi-destaque-no-circuito-paulista-de-volei\/#primaryimage\"},\"thumbnailUrl\":\"https:\/\/i0.wp.com\/verdadeon.com.br\/portal\/wp-content\/uploads\/2023\/09\/AnyConv.com__Volei.jpg?fit=522%2C350&ssl=1\",\"datePublished\":\"2023-09-26T13:00:58+00:00\",\"dateModified\":\"2023-09-26T18:13:09+00:00\",\"author\":{\"@id\":\"https:\/\/verdadeon.com.br\/portal\/#\/schema\/person\/a5060ad1e9ea3df545188fc93ce43d2f\"},\"breadcrumb\":{\"@id\":\"https:\/\/verdadeon.com.br\/portal\/2023\/09\/26\/franca-foi-destaque-no-circuito-paulista-de-volei\/#breadcrumb\"},\"inLanguage\":\"pt-BR\",\"potentialAction\":[{\"@type\":\"ReadAction\",\"target\":[\"https:\/\/verdadeon.com.br\/portal\/2023\/09\/26\/franca-foi-destaque-no-circuito-paulista-de-volei\/\"]}]},{\"@type\":\"ImageObject\",\"inLanguage\":\"pt-BR\",\"@id\":\"https:\/\/verdadeon.com.br\/portal\/2023\/09\/26\/franca-foi-destaque-no-circuito-paulista-de-volei\/#primaryimage\",\"url\":\"https:\/\/i0.wp.com\/verdadeon.com.br\/portal\/wp-content\/uploads\/2023\/09\/AnyConv.com__Volei.jpg?fit=522%2C350&ssl=1\",\"contentUrl\":\"https:\/\/i0.wp.com\/verdadeon.com.br\/portal\/wp-content\/uploads\/2023\/09\/AnyConv.com__Volei.jpg?fit=522%2C350&ssl=1\",\"width\":522,\"height\":350,\"caption\":\"Jogos foram disputados entre sexta-feira (22) e domingo (24) (\u00a9Divulga\u00e7\u00e3o)\"},{\"@type\":\"BreadcrumbList\",\"@id\":\"https:\/\/verdadeon.com.br\/portal\/2023\/09\/26\/franca-foi-destaque-no-circuito-paulista-de-volei\/#breadcrumb\",\"itemListElement\":[{\"@type\":\"ListItem\",\"position\":1,\"name\":\"In\u00edcio\",\"item\":\"https:\/\/verdadeon.com.br\/portal\/\"},{\"@type\":\"ListItem\",\"position\":2,\"name\":\"Franca foi destaque no Circuito Paulista de V\u00f4lei\"}]},{\"@type\":\"WebSite\",\"@id\":\"https:\/\/verdadeon.com.br\/portal\/#website\",\"url\":\"https:\/\/verdadeon.com.br\/portal\/\",\"name\":\"VerdadeOn\",\"description\":\"Not\u00edcias di\u00e1rias sobre Franca, Regi\u00e3o, Esporte, Cultura, Cotidiano, Colunas. Cobertura nos principais eventos da cidade \u00e9 aqui - Verdadeon Franca\",\"potentialAction\":[{\"@type\":\"SearchAction\",\"target\":{\"@type\":\"EntryPoint\",\"urlTemplate\":\"https:\/\/verdadeon.com.br\/portal\/?s={search_term_string}\"},\"query-input\":{\"@type\":\"PropertyValueSpecification\",\"valueRequired\":true,\"valueName\":\"search_term_string\"}}],\"inLanguage\":\"pt-BR\"},{\"@type\":\"Person\",\"@id\":\"https:\/\/verdadeon.com.br\/portal\/#\/schema\/person\/a5060ad1e9ea3df545188fc93ce43d2f\",\"name\":\"Redacao VerdadeOn\",\"image\":{\"@type\":\"ImageObject\",\"inLanguage\":\"pt-BR\",\"@id\":\"https:\/\/verdadeon.com.br\/portal\/#\/schema\/person\/image\/\",\"url\":\"https:\/\/secure.gravatar.com\/avatar\/459a9613caaaf07f582c3d0841eea68bdd66f533e465e6ba8b9cb45619572cf4?s=96&d=mm&r=g\",\"contentUrl\":\"https:\/\/secure.gravatar.com\/avatar\/459a9613caaaf07f582c3d0841eea68bdd66f533e465e6ba8b9cb45619572cf4?s=96&d=mm&r=g\",\"caption\":\"Redacao VerdadeOn\"},\"url\":\"https:\/\/verdadeon.com.br\/portal\/author\/redacao\/\"}]}<\/script>\n<!-- \/ Yoast SEO plugin. -->","yoast_head_json":{"title":"Franca foi destaque no Circuito Paulista de V\u00f4lei - VerdadeOn","robots":{"index":"index","follow":"follow","max-snippet":"max-snippet:-1","max-image-preview":"max-image-preview:large","max-video-preview":"max-video-preview:-1"},"canonical":"https:\/\/verdadeon.com.br\/portal\/2023\/09\/26\/franca-foi-destaque-no-circuito-paulista-de-volei\/","og_locale":"pt_BR","og_type":"article","og_title":"Franca foi destaque no Circuito Paulista de V\u00f4lei - VerdadeOn","og_description":"Munic\u00edpio foi destaque nos podiuns As equipes de v\u00f4lei de praia masculina e feminina de Franca se destacaram no Circuito Paulista de Voleibol, realizado no \u00faltimo [\u2026]","og_url":"https:\/\/verdadeon.com.br\/portal\/2023\/09\/26\/franca-foi-destaque-no-circuito-paulista-de-volei\/","og_site_name":"VerdadeOn","article_published_time":"2023-09-26T13:00:58+00:00","article_modified_time":"2023-09-26T18:13:09+00:00","og_image":[{"width":522,"height":350,"url":"https:\/\/verdadeon.com.br\/portal\/wp-content\/uploads\/2023\/09\/AnyConv.com__Volei.jpg","type":"image\/jpeg"}],"author":"Redacao VerdadeOn","twitter_card":"summary_large_image","twitter_misc":{"Escrito por":"Redacao VerdadeOn","Est. tempo de leitura":"1 minuto"},"schema":{"@context":"https:\/\/schema.org","@graph":[{"@type":"WebPage","@id":"https:\/\/verdadeon.com.br\/portal\/2023\/09\/26\/franca-foi-destaque-no-circuito-paulista-de-volei\/","url":"https:\/\/verdadeon.com.br\/portal\/2023\/09\/26\/franca-foi-destaque-no-circuito-paulista-de-volei\/","name":"Franca foi destaque no Circuito Paulista de V\u00f4lei - VerdadeOn","isPartOf":{"@id":"https:\/\/verdadeon.com.br\/portal\/#website"},"primaryImageOfPage":{"@id":"https:\/\/verdadeon.com.br\/portal\/2023\/09\/26\/franca-foi-destaque-no-circuito-paulista-de-volei\/#primaryimage"},"image":{"@id":"https:\/\/verdadeon.com.br\/portal\/2023\/09\/26\/franca-foi-destaque-no-circuito-paulista-de-volei\/#primaryimage"},"thumbnailUrl":"https:\/\/i0.wp.com\/verdadeon.com.br\/portal\/wp-content\/uploads\/2023\/09\/AnyConv.com__Volei.jpg?fit=522%2C350&ssl=1","datePublished":"2023-09-26T13:00:58+00:00","dateModified":"2023-09-26T18:13:09+00:00","author":{"@id":"https:\/\/verdadeon.com.br\/portal\/#\/schema\/person\/a5060ad1e9ea3df545188fc93ce43d2f"},"breadcrumb":{"@id":"https:\/\/verdadeon.com.br\/portal\/2023\/09\/26\/franca-foi-destaque-no-circuito-paulista-de-volei\/#breadcrumb"},"inLanguage":"pt-BR","potentialAction":[{"@type":"ReadAction","target":["https:\/\/verdadeon.com.br\/portal\/2023\/09\/26\/franca-foi-destaque-no-circuito-paulista-de-volei\/"]}]},{"@type":"ImageObject","inLanguage":"pt-BR","@id":"https:\/\/verdadeon.com.br\/portal\/2023\/09\/26\/franca-foi-destaque-no-circuito-paulista-de-volei\/#primaryimage","url":"https:\/\/i0.wp.com\/verdadeon.com.br\/portal\/wp-content\/uploads\/2023\/09\/AnyConv.com__Volei.jpg?fit=522%2C350&ssl=1","contentUrl":"https:\/\/i0.wp.com\/verdadeon.com.br\/portal\/wp-content\/uploads\/2023\/09\/AnyConv.com__Volei.jpg?fit=522%2C350&ssl=1","width":522,"height":350,"caption":"Jogos foram disputados entre sexta-feira (22) e domingo (24) (\u00a9Divulga\u00e7\u00e3o)"},{"@type":"BreadcrumbList","@id":"https:\/\/verdadeon.com.br\/portal\/2023\/09\/26\/franca-foi-destaque-no-circuito-paulista-de-volei\/#breadcrumb","itemListElement":[{"@type":"ListItem","position":1,"name":"In\u00edcio","item":"https:\/\/verdadeon.com.br\/portal\/"},{"@type":"ListItem","position":2,"name":"Franca foi destaque no Circuito Paulista de V\u00f4lei"}]},{"@type":"WebSite","@id":"https:\/\/verdadeon.com.br\/portal\/#website","url":"https:\/\/verdadeon.com.br\/portal\/","name":"VerdadeOn","description":"Not\u00edcias di\u00e1rias sobre Franca, Regi\u00e3o, Esporte, Cultura, Cotidiano, Colunas. Cobertura nos principais eventos da cidade \u00e9 aqui - Verdadeon Franca","potentialAction":[{"@type":"SearchAction","target":{"@type":"EntryPoint","urlTemplate":"https:\/\/verdadeon.com.br\/portal\/?s={search_term_string}"},"query-input":{"@type":"PropertyValueSpecification","valueRequired":true,"valueName":"search_term_string"}}],"inLanguage":"pt-BR"},{"@type":"Person","@id":"https:\/\/verdadeon.com.br\/portal\/#\/schema\/person\/a5060ad1e9ea3df545188fc93ce43d2f","name":"Redacao VerdadeOn","image":{"@type":"ImageObject","inLanguage":"pt-BR","@id":"https:\/\/verdadeon.com.br\/portal\/#\/schema\/person\/image\/","url":"https:\/\/secure.gravatar.com\/avatar\/459a9613caaaf07f582c3d0841eea68bdd66f533e465e6ba8b9cb45619572cf4?s=96&d=mm&r=g","contentUrl":"https:\/\/secure.gravatar.com\/avatar\/459a9613caaaf07f582c3d0841eea68bdd66f533e465e6ba8b9cb45619572cf4?s=96&d=mm&r=g","caption":"Redacao VerdadeOn"},"url":"https:\/\/verdadeon.com.br\/portal\/author\/redacao\/"}]}},"jetpack_publicize_connections":[],"jetpack_featured_media_url":"https:\/\/i0.wp.com\/verdadeon.com.br\/portal\/wp-content\/uploads\/2023\/09\/AnyConv.com__Volei.jpg?fit=522%2C350&ssl=1","jetpack_sharing_enabled":true,"_links":{"self":[{"href":"https:\/\/verdadeon.com.br\/portal\/wp-json\/wp\/v2\/posts\/37895","targetHints":{"allow":["GET"]}}],"collection":[{"href":"https:\/\/verdadeon.com.br\/portal\/wp-json\/wp\/v2\/posts"}],"about":[{"href":"https:\/\/verdadeon.com.br\/portal\/wp-json\/wp\/v2\/types\/post"}],"author":[{"embeddable":true,"href":"https:\/\/verdadeon.com.br\/portal\/wp-json\/wp\/v2\/users\/10"}],"replies":[{"embeddable":true,"href":"https:\/\/verdadeon.com.br\/portal\/wp-json\/wp\/v2\/comments?post=37895"}],"version-history":[{"count":1,"href":"https:\/\/verdadeon.com.br\/portal\/wp-json\/wp\/v2\/posts\/37895\/revisions"}],"predecessor-version":[{"id":37897,"href":"https:\/\/verdadeon.com.br\/portal\/wp-json\/wp\/v2\/posts\/37895\/revisions\/37897"}],"wp:featuredmedia":[{"embeddable":true,"href":"https:\/\/verdadeon.com.br\/portal\/wp-json\/wp\/v2\/media\/37896"}],"wp:attachment":[{"href":"https:\/\/verdadeon.com.br\/portal\/wp-json\/wp\/v2\/media?parent=37895"}],"wp:term":[{"taxonomy":"category","embeddable":true,"href":"https:\/\/verdadeon.com.br\/portal\/wp-json\/wp\/v2\/categories?post=37895"},{"taxonomy":"post_tag","embeddable":true,"href":"https:\/\/verdadeon.com.br\/portal\/wp-json\/wp\/v2\/tags?post=37895"}],"curies":[{"name":"wp","href":"https:\/\/api.w.org\/{rel}","templated":true}]}}