{"id":37475,"date":"2023-09-09T14:56:29","date_gmt":"2023-09-09T17:56:29","guid":{"rendered":"https:\/\/verdadeon.com.br\/portal\/?p=37475"},"modified":"2023-09-13T08:37:20","modified_gmt":"2023-09-13T11:37:20","slug":"ladrao-furta-carro-em-posto-de-combustiveis-mas-acaba-preso-pela-pm","status":"publish","type":"post","link":"https:\/\/verdadeon.com.br\/portal\/2023\/09\/09\/ladrao-furta-carro-em-posto-de-combustiveis-mas-acaba-preso-pela-pm\/","title":{"rendered":"Ladr\u00e3o furta carro em posto de combust\u00edveis, mas acaba preso pela PM"},"content":{"rendered":"<h2>Dono do ve\u00edculo estacionou em frente a um restaurante e as chaves estavam na igni\u00e7\u00e3o<\/h2>\n<p>Na madrugada deste s\u00e1bado, 9, um empres\u00e1rio teve seu carro furtado defronte a um restaurante do Posto do Ga\u00facho, na Rodovia C\u00e2ndido Portinari, em Franca.<\/p>\n<p>O dono do ve\u00edculo tinha o h\u00e1bito de estacionar o carro e deixar a chave na igni\u00e7\u00e3o. O ladr\u00e3o, reconhecendo a oportunidade, entrou no carro e saiu.<\/p>\n<p>A pol\u00edcia militar foi acionada. Os agentes avistaram o ve\u00edculo pr\u00f3ximo \u00e0 cidade de Restinga, onde seguiram o bandido. Percebendo que a pol\u00edcia estava atr\u00e1s dele, o indiv\u00edduo parou o carro em Cristais Paulistas, tentando fugir \u00e0 p\u00e9. No entanto, foi detido pela Pol\u00edcia.<\/p>\n<p>O empres\u00e1rio esteve na CPJ (Central de Pol\u00edcia Judici\u00e1ria) e relatou aos militares o ocorrido. O propriet\u00e1rio pegou o carro de volta e o ladr\u00e3o foi preso.<\/p>\n<p><strong>Procurado<\/strong><\/p>\n<p>Nesta sexta-feira, 8, enquanto os policiais faziam patrulhamento pela Vila Santa Terezinha, perceberam a movimenta\u00e7\u00e3o estranha de dois indiv\u00edduos, j\u00e1 conhecidos por crimes de furto.<\/p>\n<p>Ao serem abordados, a pol\u00edcia consultou os dados de cada um. Embora nada de il\u00edcito tenha sido encontrado com eles, constava contra um dos rapazes, de 21 anos, um mandado de pris\u00e3o preventiva por furto e recepta\u00e7\u00e3o.<\/p>\n<p>O jovem foi encaminhado \u00e0 CPJ e est\u00e1 preso, permanecendo \u00e0 disposi\u00e7\u00e3o da justi\u00e7a.<\/p>\n","protected":false},"excerpt":{"rendered":"<p>Dono do ve\u00edculo estacionou em frente a um restaurante e as chaves estavam na igni\u00e7\u00e3o Na madrugada deste s\u00e1bado, 9, um empres\u00e1rio teve seu carro furtado<span class=\"excerpt-hellip\"> [\u2026]<\/span><\/p>\n","protected":false},"author":10,"featured_media":13379,"comment_status":"open","ping_status":"open","sticky":false,"template":"","format":"standard","meta":{"_jetpack_memberships_contains_paid_content":false,"footnotes":"","jetpack_publicize_message":"","jetpack_publicize_feature_enabled":true,"jetpack_social_post_already_shared":false,"jetpack_social_options":{"image_generator_settings":{"template":"highway","default_image_id":0,"enabled":false},"version":2}},"categories":[28,44],"tags":[],"class_list":["post-37475","post","type-post","status-publish","format-standard","has-post-thumbnail","hentry","category-cotidiano","category-noticias"],"yoast_head":"<!-- This site is optimized with the Yoast SEO plugin v25.6 - https:\/\/yoast.com\/wordpress\/plugins\/seo\/ -->\n<title>Ladr\u00e3o furta carro em posto de combust\u00edveis, mas acaba preso pela PM - VerdadeOn<\/title>\n<meta name=\"robots\" content=\"index, follow, max-snippet:-1, max-image-preview:large, max-video-preview:-1\" \/>\n<link rel=\"canonical\" href=\"https:\/\/verdadeon.com.br\/portal\/2023\/09\/09\/ladrao-furta-carro-em-posto-de-combustiveis-mas-acaba-preso-pela-pm\/\" \/>\n<meta property=\"og:locale\" content=\"pt_BR\" \/>\n<meta property=\"og:type\" content=\"article\" \/>\n<meta property=\"og:title\" content=\"Ladr\u00e3o furta carro em posto de combust\u00edveis, mas acaba preso pela PM - VerdadeOn\" \/>\n<meta property=\"og:description\" content=\"Dono do ve\u00edculo estacionou em frente a um restaurante e as chaves estavam na igni\u00e7\u00e3o Na madrugada deste s\u00e1bado, 9, um empres\u00e1rio teve seu carro furtado [\u2026]\" \/>\n<meta property=\"og:url\" content=\"https:\/\/verdadeon.com.br\/portal\/2023\/09\/09\/ladrao-furta-carro-em-posto-de-combustiveis-mas-acaba-preso-pela-pm\/\" \/>\n<meta property=\"og:site_name\" content=\"VerdadeOn\" \/>\n<meta property=\"article:published_time\" content=\"2023-09-09T17:56:29+00:00\" \/>\n<meta property=\"article:modified_time\" content=\"2023-09-13T11:37:20+00:00\" \/>\n<meta property=\"og:image\" content=\"https:\/\/verdadeon.com.br\/portal\/wp-content\/uploads\/2021\/01\/WhatsApp-Image-2021-01-15-at-15.10.06.jpeg\" \/>\n\t<meta property=\"og:image:width\" content=\"1000\" \/>\n\t<meta property=\"og:image:height\" content=\"670\" \/>\n\t<meta property=\"og:image:type\" content=\"image\/jpeg\" \/>\n<meta name=\"author\" content=\"Redacao VerdadeOn\" \/>\n<meta name=\"twitter:card\" content=\"summary_large_image\" \/>\n<meta name=\"twitter:label1\" content=\"Escrito por\" \/>\n\t<meta name=\"twitter:data1\" content=\"Redacao VerdadeOn\" \/>\n\t<meta name=\"twitter:label2\" content=\"Est. tempo de leitura\" \/>\n\t<meta name=\"twitter:data2\" content=\"1 minuto\" \/>\n<script type=\"application\/ld+json\" class=\"yoast-schema-graph\">{\"@context\":\"https:\/\/schema.org\",\"@graph\":[{\"@type\":\"WebPage\",\"@id\":\"https:\/\/verdadeon.com.br\/portal\/2023\/09\/09\/ladrao-furta-carro-em-posto-de-combustiveis-mas-acaba-preso-pela-pm\/\",\"url\":\"https:\/\/verdadeon.com.br\/portal\/2023\/09\/09\/ladrao-furta-carro-em-posto-de-combustiveis-mas-acaba-preso-pela-pm\/\",\"name\":\"Ladr\u00e3o furta carro em posto de combust\u00edveis, mas acaba preso pela PM - VerdadeOn\",\"isPartOf\":{\"@id\":\"https:\/\/verdadeon.com.br\/portal\/#website\"},\"primaryImageOfPage\":{\"@id\":\"https:\/\/verdadeon.com.br\/portal\/2023\/09\/09\/ladrao-furta-carro-em-posto-de-combustiveis-mas-acaba-preso-pela-pm\/#primaryimage\"},\"image\":{\"@id\":\"https:\/\/verdadeon.com.br\/portal\/2023\/09\/09\/ladrao-furta-carro-em-posto-de-combustiveis-mas-acaba-preso-pela-pm\/#primaryimage\"},\"thumbnailUrl\":\"https:\/\/i0.wp.com\/verdadeon.com.br\/portal\/wp-content\/uploads\/2021\/01\/WhatsApp-Image-2021-01-15-at-15.10.06.jpeg?fit=1000%2C670&ssl=1\",\"datePublished\":\"2023-09-09T17:56:29+00:00\",\"dateModified\":\"2023-09-13T11:37:20+00:00\",\"author\":{\"@id\":\"https:\/\/verdadeon.com.br\/portal\/#\/schema\/person\/a5060ad1e9ea3df545188fc93ce43d2f\"},\"breadcrumb\":{\"@id\":\"https:\/\/verdadeon.com.br\/portal\/2023\/09\/09\/ladrao-furta-carro-em-posto-de-combustiveis-mas-acaba-preso-pela-pm\/#breadcrumb\"},\"inLanguage\":\"pt-BR\",\"potentialAction\":[{\"@type\":\"ReadAction\",\"target\":[\"https:\/\/verdadeon.com.br\/portal\/2023\/09\/09\/ladrao-furta-carro-em-posto-de-combustiveis-mas-acaba-preso-pela-pm\/\"]}]},{\"@type\":\"ImageObject\",\"inLanguage\":\"pt-BR\",\"@id\":\"https:\/\/verdadeon.com.br\/portal\/2023\/09\/09\/ladrao-furta-carro-em-posto-de-combustiveis-mas-acaba-preso-pela-pm\/#primaryimage\",\"url\":\"https:\/\/i0.wp.com\/verdadeon.com.br\/portal\/wp-content\/uploads\/2021\/01\/WhatsApp-Image-2021-01-15-at-15.10.06.jpeg?fit=1000%2C670&ssl=1\",\"contentUrl\":\"https:\/\/i0.wp.com\/verdadeon.com.br\/portal\/wp-content\/uploads\/2021\/01\/WhatsApp-Image-2021-01-15-at-15.10.06.jpeg?fit=1000%2C670&ssl=1\",\"width\":1000,\"height\":670,\"caption\":\"Central de Pol\u00edcia Judici\u00e1ria (CPJ) de Franca (\u00a9Jornal Verdade)\"},{\"@type\":\"BreadcrumbList\",\"@id\":\"https:\/\/verdadeon.com.br\/portal\/2023\/09\/09\/ladrao-furta-carro-em-posto-de-combustiveis-mas-acaba-preso-pela-pm\/#breadcrumb\",\"itemListElement\":[{\"@type\":\"ListItem\",\"position\":1,\"name\":\"In\u00edcio\",\"item\":\"https:\/\/verdadeon.com.br\/portal\/\"},{\"@type\":\"ListItem\",\"position\":2,\"name\":\"Ladr\u00e3o furta carro em posto de combust\u00edveis, mas acaba preso pela PM\"}]},{\"@type\":\"WebSite\",\"@id\":\"https:\/\/verdadeon.com.br\/portal\/#website\",\"url\":\"https:\/\/verdadeon.com.br\/portal\/\",\"name\":\"VerdadeOn\",\"description\":\"Not\u00edcias di\u00e1rias sobre Franca, Regi\u00e3o, Esporte, Cultura, Cotidiano, Colunas. Cobertura nos principais eventos da cidade \u00e9 aqui - Verdadeon Franca\",\"potentialAction\":[{\"@type\":\"SearchAction\",\"target\":{\"@type\":\"EntryPoint\",\"urlTemplate\":\"https:\/\/verdadeon.com.br\/portal\/?s={search_term_string}\"},\"query-input\":{\"@type\":\"PropertyValueSpecification\",\"valueRequired\":true,\"valueName\":\"search_term_string\"}}],\"inLanguage\":\"pt-BR\"},{\"@type\":\"Person\",\"@id\":\"https:\/\/verdadeon.com.br\/portal\/#\/schema\/person\/a5060ad1e9ea3df545188fc93ce43d2f\",\"name\":\"Redacao VerdadeOn\",\"image\":{\"@type\":\"ImageObject\",\"inLanguage\":\"pt-BR\",\"@id\":\"https:\/\/verdadeon.com.br\/portal\/#\/schema\/person\/image\/\",\"url\":\"https:\/\/secure.gravatar.com\/avatar\/459a9613caaaf07f582c3d0841eea68bdd66f533e465e6ba8b9cb45619572cf4?s=96&d=mm&r=g\",\"contentUrl\":\"https:\/\/secure.gravatar.com\/avatar\/459a9613caaaf07f582c3d0841eea68bdd66f533e465e6ba8b9cb45619572cf4?s=96&d=mm&r=g\",\"caption\":\"Redacao VerdadeOn\"},\"url\":\"https:\/\/verdadeon.com.br\/portal\/author\/redacao\/\"}]}<\/script>\n<!-- \/ Yoast SEO plugin. -->","yoast_head_json":{"title":"Ladr\u00e3o furta carro em posto de combust\u00edveis, mas acaba preso pela PM - VerdadeOn","robots":{"index":"index","follow":"follow","max-snippet":"max-snippet:-1","max-image-preview":"max-image-preview:large","max-video-preview":"max-video-preview:-1"},"canonical":"https:\/\/verdadeon.com.br\/portal\/2023\/09\/09\/ladrao-furta-carro-em-posto-de-combustiveis-mas-acaba-preso-pela-pm\/","og_locale":"pt_BR","og_type":"article","og_title":"Ladr\u00e3o furta carro em posto de combust\u00edveis, mas acaba preso pela PM - VerdadeOn","og_description":"Dono do ve\u00edculo estacionou em frente a um restaurante e as chaves estavam na igni\u00e7\u00e3o Na madrugada deste s\u00e1bado, 9, um empres\u00e1rio teve seu carro furtado [\u2026]","og_url":"https:\/\/verdadeon.com.br\/portal\/2023\/09\/09\/ladrao-furta-carro-em-posto-de-combustiveis-mas-acaba-preso-pela-pm\/","og_site_name":"VerdadeOn","article_published_time":"2023-09-09T17:56:29+00:00","article_modified_time":"2023-09-13T11:37:20+00:00","og_image":[{"width":1000,"height":670,"url":"https:\/\/verdadeon.com.br\/portal\/wp-content\/uploads\/2021\/01\/WhatsApp-Image-2021-01-15-at-15.10.06.jpeg","type":"image\/jpeg"}],"author":"Redacao VerdadeOn","twitter_card":"summary_large_image","twitter_misc":{"Escrito por":"Redacao VerdadeOn","Est. tempo de leitura":"1 minuto"},"schema":{"@context":"https:\/\/schema.org","@graph":[{"@type":"WebPage","@id":"https:\/\/verdadeon.com.br\/portal\/2023\/09\/09\/ladrao-furta-carro-em-posto-de-combustiveis-mas-acaba-preso-pela-pm\/","url":"https:\/\/verdadeon.com.br\/portal\/2023\/09\/09\/ladrao-furta-carro-em-posto-de-combustiveis-mas-acaba-preso-pela-pm\/","name":"Ladr\u00e3o furta carro em posto de combust\u00edveis, mas acaba preso pela PM - VerdadeOn","isPartOf":{"@id":"https:\/\/verdadeon.com.br\/portal\/#website"},"primaryImageOfPage":{"@id":"https:\/\/verdadeon.com.br\/portal\/2023\/09\/09\/ladrao-furta-carro-em-posto-de-combustiveis-mas-acaba-preso-pela-pm\/#primaryimage"},"image":{"@id":"https:\/\/verdadeon.com.br\/portal\/2023\/09\/09\/ladrao-furta-carro-em-posto-de-combustiveis-mas-acaba-preso-pela-pm\/#primaryimage"},"thumbnailUrl":"https:\/\/i0.wp.com\/verdadeon.com.br\/portal\/wp-content\/uploads\/2021\/01\/WhatsApp-Image-2021-01-15-at-15.10.06.jpeg?fit=1000%2C670&ssl=1","datePublished":"2023-09-09T17:56:29+00:00","dateModified":"2023-09-13T11:37:20+00:00","author":{"@id":"https:\/\/verdadeon.com.br\/portal\/#\/schema\/person\/a5060ad1e9ea3df545188fc93ce43d2f"},"breadcrumb":{"@id":"https:\/\/verdadeon.com.br\/portal\/2023\/09\/09\/ladrao-furta-carro-em-posto-de-combustiveis-mas-acaba-preso-pela-pm\/#breadcrumb"},"inLanguage":"pt-BR","potentialAction":[{"@type":"ReadAction","target":["https:\/\/verdadeon.com.br\/portal\/2023\/09\/09\/ladrao-furta-carro-em-posto-de-combustiveis-mas-acaba-preso-pela-pm\/"]}]},{"@type":"ImageObject","inLanguage":"pt-BR","@id":"https:\/\/verdadeon.com.br\/portal\/2023\/09\/09\/ladrao-furta-carro-em-posto-de-combustiveis-mas-acaba-preso-pela-pm\/#primaryimage","url":"https:\/\/i0.wp.com\/verdadeon.com.br\/portal\/wp-content\/uploads\/2021\/01\/WhatsApp-Image-2021-01-15-at-15.10.06.jpeg?fit=1000%2C670&ssl=1","contentUrl":"https:\/\/i0.wp.com\/verdadeon.com.br\/portal\/wp-content\/uploads\/2021\/01\/WhatsApp-Image-2021-01-15-at-15.10.06.jpeg?fit=1000%2C670&ssl=1","width":1000,"height":670,"caption":"Central de Pol\u00edcia Judici\u00e1ria (CPJ) de Franca (\u00a9Jornal Verdade)"},{"@type":"BreadcrumbList","@id":"https:\/\/verdadeon.com.br\/portal\/2023\/09\/09\/ladrao-furta-carro-em-posto-de-combustiveis-mas-acaba-preso-pela-pm\/#breadcrumb","itemListElement":[{"@type":"ListItem","position":1,"name":"In\u00edcio","item":"https:\/\/verdadeon.com.br\/portal\/"},{"@type":"ListItem","position":2,"name":"Ladr\u00e3o furta carro em posto de combust\u00edveis, mas acaba preso pela PM"}]},{"@type":"WebSite","@id":"https:\/\/verdadeon.com.br\/portal\/#website","url":"https:\/\/verdadeon.com.br\/portal\/","name":"VerdadeOn","description":"Not\u00edcias di\u00e1rias sobre Franca, Regi\u00e3o, Esporte, Cultura, Cotidiano, Colunas. Cobertura nos principais eventos da cidade \u00e9 aqui - Verdadeon Franca","potentialAction":[{"@type":"SearchAction","target":{"@type":"EntryPoint","urlTemplate":"https:\/\/verdadeon.com.br\/portal\/?s={search_term_string}"},"query-input":{"@type":"PropertyValueSpecification","valueRequired":true,"valueName":"search_term_string"}}],"inLanguage":"pt-BR"},{"@type":"Person","@id":"https:\/\/verdadeon.com.br\/portal\/#\/schema\/person\/a5060ad1e9ea3df545188fc93ce43d2f","name":"Redacao VerdadeOn","image":{"@type":"ImageObject","inLanguage":"pt-BR","@id":"https:\/\/verdadeon.com.br\/portal\/#\/schema\/person\/image\/","url":"https:\/\/secure.gravatar.com\/avatar\/459a9613caaaf07f582c3d0841eea68bdd66f533e465e6ba8b9cb45619572cf4?s=96&d=mm&r=g","contentUrl":"https:\/\/secure.gravatar.com\/avatar\/459a9613caaaf07f582c3d0841eea68bdd66f533e465e6ba8b9cb45619572cf4?s=96&d=mm&r=g","caption":"Redacao VerdadeOn"},"url":"https:\/\/verdadeon.com.br\/portal\/author\/redacao\/"}]}},"jetpack_publicize_connections":[],"jetpack_featured_media_url":"https:\/\/i0.wp.com\/verdadeon.com.br\/portal\/wp-content\/uploads\/2021\/01\/WhatsApp-Image-2021-01-15-at-15.10.06.jpeg?fit=1000%2C670&ssl=1","jetpack_sharing_enabled":true,"_links":{"self":[{"href":"https:\/\/verdadeon.com.br\/portal\/wp-json\/wp\/v2\/posts\/37475","targetHints":{"allow":["GET"]}}],"collection":[{"href":"https:\/\/verdadeon.com.br\/portal\/wp-json\/wp\/v2\/posts"}],"about":[{"href":"https:\/\/verdadeon.com.br\/portal\/wp-json\/wp\/v2\/types\/post"}],"author":[{"embeddable":true,"href":"https:\/\/verdadeon.com.br\/portal\/wp-json\/wp\/v2\/users\/10"}],"replies":[{"embeddable":true,"href":"https:\/\/verdadeon.com.br\/portal\/wp-json\/wp\/v2\/comments?post=37475"}],"version-history":[{"count":1,"href":"https:\/\/verdadeon.com.br\/portal\/wp-json\/wp\/v2\/posts\/37475\/revisions"}],"predecessor-version":[{"id":37476,"href":"https:\/\/verdadeon.com.br\/portal\/wp-json\/wp\/v2\/posts\/37475\/revisions\/37476"}],"wp:featuredmedia":[{"embeddable":true,"href":"https:\/\/verdadeon.com.br\/portal\/wp-json\/wp\/v2\/media\/13379"}],"wp:attachment":[{"href":"https:\/\/verdadeon.com.br\/portal\/wp-json\/wp\/v2\/media?parent=37475"}],"wp:term":[{"taxonomy":"category","embeddable":true,"href":"https:\/\/verdadeon.com.br\/portal\/wp-json\/wp\/v2\/categories?post=37475"},{"taxonomy":"post_tag","embeddable":true,"href":"https:\/\/verdadeon.com.br\/portal\/wp-json\/wp\/v2\/tags?post=37475"}],"curies":[{"name":"wp","href":"https:\/\/api.w.org\/{rel}","templated":true}]}}