{"id":37318,"date":"2023-09-02T12:28:20","date_gmt":"2023-09-02T15:28:20","guid":{"rendered":"https:\/\/verdadeon.com.br\/portal\/?p=37318"},"modified":"2023-09-02T12:28:20","modified_gmt":"2023-09-02T15:28:20","slug":"orcamento-de-franca-para-2024-tera-2a-votacao-na-camara","status":"publish","type":"post","link":"https:\/\/verdadeon.com.br\/portal\/2023\/09\/02\/orcamento-de-franca-para-2024-tera-2a-votacao-na-camara\/","title":{"rendered":"Or\u00e7amento de Franca para 2024 ter\u00e1 2\u00aa vota\u00e7\u00e3o na C\u00e2mara"},"content":{"rendered":"<h2>Vota\u00e7\u00e3o ocorre na pr\u00f3xima ter\u00e7a-feira, 5<\/h2>\n<p>Os vereadores se re\u00fanem nesta ter\u00e7a-feira, 5 de setembro, para discuss\u00e3o e vota\u00e7\u00f5es de projetos na 30\u00aa Sess\u00e3o Ordin\u00e1ria<\/p>\n<p>No per\u00edodo da manh\u00e3 acontece o Expediente com as leituras dos documentos e of\u00edcios, al\u00e9m de uso da Tribuna tanto pelos mun\u00edcipes inscritos previamente e os pr\u00f3prios parlamentares, a partir das 9h. \u00c0 tarde,\u00a0a partir das 14h, a Ordem do Dia \u00e9 reservada exclusivamente \u00e0 discuss\u00e3o e vota\u00e7\u00e3o, em segundo turno, da mat\u00e9ria or\u00e7ament\u00e1ria \u2013 artigo 223, \u00a7 4\u00ba, do Regimento Interno (Resolu\u00e7\u00e3o n\u00ba 560\/2016).<\/p>\n<p><strong>Or\u00e7amento 2024<\/strong><\/p>\n<p>O Projeto de Lei Ordin\u00e1ria 94\/2023 de autoria do Prefeito Municipal Alexandre Ferreira que disp\u00f5e sobre as Diretrizes Or\u00e7ament\u00e1rias para o exerc\u00edcio de 2024 foi aprovado em primeira vota\u00e7\u00e3o na 30\u00aa Sess\u00e3o Ordin\u00e1ria.<\/p>\n<p>De acordo com o projeto a previs\u00e3o do Or\u00e7amento 2024 \u00e9 de R$ 1.460.425.686,00 (um bilh\u00e3o, quatrocentos e sessenta milh\u00f5es, quatrocentos e vinte cinco mil, seiscentos e oitenta e seis reais) para 2024.<\/p>\n<p>A despesa total geral prevista \u00e9 de R$ 1.321.019.600,00 (um bilh\u00e3o, trezentos e vinte e um milh\u00f5es, dezenove mil e seiscentos reais). As secretarias de educa\u00e7\u00e3o com mais de R$ 438 milh\u00f5es e sa\u00fade com R$ 334 milh\u00f5es se destacam maior volume de investimentos.<\/p>\n<p>O documento ainda apresenta algumas a\u00e7\u00f5es e metas da Prefeitura para o ano de 2024, entre elas, destina\u00e7\u00f5es de recursos para difus\u00e3o cultural, desporto comunit\u00e1rio, educa\u00e7\u00e3o b\u00e1sica infantil, educa\u00e7\u00e3o b\u00e1sica fundamental, a\u00e7\u00e3o social, sa\u00fade, planejamento urbano, meio ambiente.<\/p>\n<p><strong>Emendas<\/strong><\/p>\n<p>O valor reservado ao Or\u00e7amento Impositivo para o exerc\u00edcio de 2024 soma a quantia de R$ 15.483.000,00 (quinze milh\u00f5es, quatrocentos e oitenta e tr\u00eas mil reais)<\/p>\n<p>Deste montante, cada vereador disp\u00f5e da quantia de R$ 1.032.200,00 (um milh\u00e3o, trinta e dois mil e duzentos reais) para a elabora\u00e7\u00e3o de Emendas Impositivas.<\/p>\n<p>Emendas Impositivas &#8211; s\u00e3o aquelas onde h\u00e1 reserva dos recursos do Or\u00e7amento do Munic\u00edpio e que podem ser destinadas \u00e0s entidades ou obras, sendo o Poder Executivo respons\u00e1vel por efetuar os repasses conforme aprovado pelo Poder Legislativo.<\/p>\n<p>Emendas Propositivas &#8211;\u00a0 s\u00e3o aquelas para as quais n\u00e3o h\u00e1 reserva de recursos espec\u00edficos no Or\u00e7amento e, portanto, dependem da anula\u00e7\u00e3o de verbas de outras \u00e1reas.<\/p>\n<p>No total os parlamentares apresentaram 152 emendas impositivas e 5 emendas propositivas.<\/p>\n<p>O maior volume de recursos destinado pelos parlamentares para \u00e1rea de sa\u00fade conforme determina\u00e7\u00e3o legal. Os vereadores destinaram ainda 48% dos recursos para outras \u00e1reas.<\/p>\n<p><strong>Veja:<\/strong><\/p>\n<p><img data-recalc-dims=\"1\" loading=\"lazy\" decoding=\"async\" class=\"alignnone size-full wp-image-37319\" src=\"https:\/\/i0.wp.com\/verdadeon.com.br\/portal\/wp-content\/uploads\/2023\/09\/unnamed-8.jpg?resize=700%2C525&#038;ssl=1\" alt=\"\" width=\"700\" height=\"525\" srcset=\"https:\/\/i0.wp.com\/verdadeon.com.br\/portal\/wp-content\/uploads\/2023\/09\/unnamed-8.jpg?w=700&amp;ssl=1 700w, https:\/\/i0.wp.com\/verdadeon.com.br\/portal\/wp-content\/uploads\/2023\/09\/unnamed-8.jpg?resize=300%2C225&amp;ssl=1 300w, https:\/\/i0.wp.com\/verdadeon.com.br\/portal\/wp-content\/uploads\/2023\/09\/unnamed-8.jpg?resize=195%2C146&amp;ssl=1 195w, https:\/\/i0.wp.com\/verdadeon.com.br\/portal\/wp-content\/uploads\/2023\/09\/unnamed-8.jpg?resize=50%2C38&amp;ssl=1 50w, https:\/\/i0.wp.com\/verdadeon.com.br\/portal\/wp-content\/uploads\/2023\/09\/unnamed-8.jpg?resize=100%2C75&amp;ssl=1 100w\" sizes=\"auto, (max-width: 700px) 100vw, 700px\" \/><\/p>\n","protected":false},"excerpt":{"rendered":"<p>Vota\u00e7\u00e3o ocorre na pr\u00f3xima ter\u00e7a-feira, 5 Os vereadores se re\u00fanem nesta ter\u00e7a-feira, 5 de setembro, para discuss\u00e3o e vota\u00e7\u00f5es de projetos na 30\u00aa Sess\u00e3o Ordin\u00e1ria No<span class=\"excerpt-hellip\"> [\u2026]<\/span><\/p>\n","protected":false},"author":10,"featured_media":33648,"comment_status":"open","ping_status":"open","sticky":false,"template":"","format":"standard","meta":{"_jetpack_memberships_contains_paid_content":false,"footnotes":"","jetpack_publicize_message":"","jetpack_publicize_feature_enabled":true,"jetpack_social_post_already_shared":false,"jetpack_social_options":{"image_generator_settings":{"template":"highway","default_image_id":0,"enabled":false},"version":2}},"categories":[28,81],"tags":[],"class_list":["post-37318","post","type-post","status-publish","format-standard","has-post-thumbnail","hentry","category-cotidiano","category-manchete"],"yoast_head":"<!-- This site is optimized with the Yoast SEO plugin v25.6 - https:\/\/yoast.com\/wordpress\/plugins\/seo\/ -->\n<title>Or\u00e7amento de Franca para 2024 ter\u00e1 2\u00aa vota\u00e7\u00e3o na C\u00e2mara - VerdadeOn<\/title>\n<meta name=\"robots\" content=\"index, follow, max-snippet:-1, max-image-preview:large, max-video-preview:-1\" \/>\n<link rel=\"canonical\" href=\"https:\/\/verdadeon.com.br\/portal\/2023\/09\/02\/orcamento-de-franca-para-2024-tera-2a-votacao-na-camara\/\" \/>\n<meta property=\"og:locale\" content=\"pt_BR\" \/>\n<meta property=\"og:type\" content=\"article\" \/>\n<meta property=\"og:title\" content=\"Or\u00e7amento de Franca para 2024 ter\u00e1 2\u00aa vota\u00e7\u00e3o na C\u00e2mara - VerdadeOn\" \/>\n<meta property=\"og:description\" content=\"Vota\u00e7\u00e3o ocorre na pr\u00f3xima ter\u00e7a-feira, 5 Os vereadores se re\u00fanem nesta ter\u00e7a-feira, 5 de setembro, para discuss\u00e3o e vota\u00e7\u00f5es de projetos na 30\u00aa Sess\u00e3o Ordin\u00e1ria No [\u2026]\" \/>\n<meta property=\"og:url\" content=\"https:\/\/verdadeon.com.br\/portal\/2023\/09\/02\/orcamento-de-franca-para-2024-tera-2a-votacao-na-camara\/\" \/>\n<meta property=\"og:site_name\" content=\"VerdadeOn\" \/>\n<meta property=\"article:published_time\" content=\"2023-09-02T15:28:20+00:00\" \/>\n<meta property=\"og:image\" content=\"https:\/\/verdadeon.com.br\/portal\/wp-content\/uploads\/2023\/04\/12sessao-1.jpg\" \/>\n\t<meta property=\"og:image:width\" content=\"832\" \/>\n\t<meta property=\"og:image:height\" content=\"558\" \/>\n\t<meta property=\"og:image:type\" content=\"image\/jpeg\" \/>\n<meta name=\"author\" content=\"Redacao VerdadeOn\" \/>\n<meta name=\"twitter:card\" content=\"summary_large_image\" \/>\n<meta name=\"twitter:label1\" content=\"Escrito por\" \/>\n\t<meta name=\"twitter:data1\" content=\"Redacao VerdadeOn\" \/>\n\t<meta name=\"twitter:label2\" content=\"Est. tempo de leitura\" \/>\n\t<meta name=\"twitter:data2\" content=\"3 minutos\" \/>\n<script type=\"application\/ld+json\" class=\"yoast-schema-graph\">{\"@context\":\"https:\/\/schema.org\",\"@graph\":[{\"@type\":\"WebPage\",\"@id\":\"https:\/\/verdadeon.com.br\/portal\/2023\/09\/02\/orcamento-de-franca-para-2024-tera-2a-votacao-na-camara\/\",\"url\":\"https:\/\/verdadeon.com.br\/portal\/2023\/09\/02\/orcamento-de-franca-para-2024-tera-2a-votacao-na-camara\/\",\"name\":\"Or\u00e7amento de Franca para 2024 ter\u00e1 2\u00aa vota\u00e7\u00e3o na C\u00e2mara - VerdadeOn\",\"isPartOf\":{\"@id\":\"https:\/\/verdadeon.com.br\/portal\/#website\"},\"primaryImageOfPage\":{\"@id\":\"https:\/\/verdadeon.com.br\/portal\/2023\/09\/02\/orcamento-de-franca-para-2024-tera-2a-votacao-na-camara\/#primaryimage\"},\"image\":{\"@id\":\"https:\/\/verdadeon.com.br\/portal\/2023\/09\/02\/orcamento-de-franca-para-2024-tera-2a-votacao-na-camara\/#primaryimage\"},\"thumbnailUrl\":\"https:\/\/i0.wp.com\/verdadeon.com.br\/portal\/wp-content\/uploads\/2023\/04\/12sessao-1.jpg?fit=832%2C558&ssl=1\",\"datePublished\":\"2023-09-02T15:28:20+00:00\",\"author\":{\"@id\":\"https:\/\/verdadeon.com.br\/portal\/#\/schema\/person\/a5060ad1e9ea3df545188fc93ce43d2f\"},\"breadcrumb\":{\"@id\":\"https:\/\/verdadeon.com.br\/portal\/2023\/09\/02\/orcamento-de-franca-para-2024-tera-2a-votacao-na-camara\/#breadcrumb\"},\"inLanguage\":\"pt-BR\",\"potentialAction\":[{\"@type\":\"ReadAction\",\"target\":[\"https:\/\/verdadeon.com.br\/portal\/2023\/09\/02\/orcamento-de-franca-para-2024-tera-2a-votacao-na-camara\/\"]}]},{\"@type\":\"ImageObject\",\"inLanguage\":\"pt-BR\",\"@id\":\"https:\/\/verdadeon.com.br\/portal\/2023\/09\/02\/orcamento-de-franca-para-2024-tera-2a-votacao-na-camara\/#primaryimage\",\"url\":\"https:\/\/i0.wp.com\/verdadeon.com.br\/portal\/wp-content\/uploads\/2023\/04\/12sessao-1.jpg?fit=832%2C558&ssl=1\",\"contentUrl\":\"https:\/\/i0.wp.com\/verdadeon.com.br\/portal\/wp-content\/uploads\/2023\/04\/12sessao-1.jpg?fit=832%2C558&ssl=1\",\"width\":832,\"height\":558,\"caption\":\"Segunda vota\u00e7\u00e3o para o Or\u00e7amento de Franca 2024 acontece na pr\u00f3xima ter\u00e7a, 5 de setembro, na C\u00e2mara Municipal de Franca (\u00a9Divulga\u00e7\u00e3o)\"},{\"@type\":\"BreadcrumbList\",\"@id\":\"https:\/\/verdadeon.com.br\/portal\/2023\/09\/02\/orcamento-de-franca-para-2024-tera-2a-votacao-na-camara\/#breadcrumb\",\"itemListElement\":[{\"@type\":\"ListItem\",\"position\":1,\"name\":\"In\u00edcio\",\"item\":\"https:\/\/verdadeon.com.br\/portal\/\"},{\"@type\":\"ListItem\",\"position\":2,\"name\":\"Or\u00e7amento de Franca para 2024 ter\u00e1 2\u00aa vota\u00e7\u00e3o na C\u00e2mara\"}]},{\"@type\":\"WebSite\",\"@id\":\"https:\/\/verdadeon.com.br\/portal\/#website\",\"url\":\"https:\/\/verdadeon.com.br\/portal\/\",\"name\":\"VerdadeOn\",\"description\":\"Not\u00edcias di\u00e1rias sobre Franca, Regi\u00e3o, Esporte, Cultura, Cotidiano, Colunas. Cobertura nos principais eventos da cidade \u00e9 aqui - Verdadeon Franca\",\"potentialAction\":[{\"@type\":\"SearchAction\",\"target\":{\"@type\":\"EntryPoint\",\"urlTemplate\":\"https:\/\/verdadeon.com.br\/portal\/?s={search_term_string}\"},\"query-input\":{\"@type\":\"PropertyValueSpecification\",\"valueRequired\":true,\"valueName\":\"search_term_string\"}}],\"inLanguage\":\"pt-BR\"},{\"@type\":\"Person\",\"@id\":\"https:\/\/verdadeon.com.br\/portal\/#\/schema\/person\/a5060ad1e9ea3df545188fc93ce43d2f\",\"name\":\"Redacao VerdadeOn\",\"image\":{\"@type\":\"ImageObject\",\"inLanguage\":\"pt-BR\",\"@id\":\"https:\/\/verdadeon.com.br\/portal\/#\/schema\/person\/image\/\",\"url\":\"https:\/\/secure.gravatar.com\/avatar\/459a9613caaaf07f582c3d0841eea68bdd66f533e465e6ba8b9cb45619572cf4?s=96&d=mm&r=g\",\"contentUrl\":\"https:\/\/secure.gravatar.com\/avatar\/459a9613caaaf07f582c3d0841eea68bdd66f533e465e6ba8b9cb45619572cf4?s=96&d=mm&r=g\",\"caption\":\"Redacao VerdadeOn\"},\"url\":\"https:\/\/verdadeon.com.br\/portal\/author\/redacao\/\"}]}<\/script>\n<!-- \/ Yoast SEO plugin. -->","yoast_head_json":{"title":"Or\u00e7amento de Franca para 2024 ter\u00e1 2\u00aa vota\u00e7\u00e3o na C\u00e2mara - VerdadeOn","robots":{"index":"index","follow":"follow","max-snippet":"max-snippet:-1","max-image-preview":"max-image-preview:large","max-video-preview":"max-video-preview:-1"},"canonical":"https:\/\/verdadeon.com.br\/portal\/2023\/09\/02\/orcamento-de-franca-para-2024-tera-2a-votacao-na-camara\/","og_locale":"pt_BR","og_type":"article","og_title":"Or\u00e7amento de Franca para 2024 ter\u00e1 2\u00aa vota\u00e7\u00e3o na C\u00e2mara - VerdadeOn","og_description":"Vota\u00e7\u00e3o ocorre na pr\u00f3xima ter\u00e7a-feira, 5 Os vereadores se re\u00fanem nesta ter\u00e7a-feira, 5 de setembro, para discuss\u00e3o e vota\u00e7\u00f5es de projetos na 30\u00aa Sess\u00e3o Ordin\u00e1ria No [\u2026]","og_url":"https:\/\/verdadeon.com.br\/portal\/2023\/09\/02\/orcamento-de-franca-para-2024-tera-2a-votacao-na-camara\/","og_site_name":"VerdadeOn","article_published_time":"2023-09-02T15:28:20+00:00","og_image":[{"width":832,"height":558,"url":"https:\/\/verdadeon.com.br\/portal\/wp-content\/uploads\/2023\/04\/12sessao-1.jpg","type":"image\/jpeg"}],"author":"Redacao VerdadeOn","twitter_card":"summary_large_image","twitter_misc":{"Escrito por":"Redacao VerdadeOn","Est. tempo de leitura":"3 minutos"},"schema":{"@context":"https:\/\/schema.org","@graph":[{"@type":"WebPage","@id":"https:\/\/verdadeon.com.br\/portal\/2023\/09\/02\/orcamento-de-franca-para-2024-tera-2a-votacao-na-camara\/","url":"https:\/\/verdadeon.com.br\/portal\/2023\/09\/02\/orcamento-de-franca-para-2024-tera-2a-votacao-na-camara\/","name":"Or\u00e7amento de Franca para 2024 ter\u00e1 2\u00aa vota\u00e7\u00e3o na C\u00e2mara - VerdadeOn","isPartOf":{"@id":"https:\/\/verdadeon.com.br\/portal\/#website"},"primaryImageOfPage":{"@id":"https:\/\/verdadeon.com.br\/portal\/2023\/09\/02\/orcamento-de-franca-para-2024-tera-2a-votacao-na-camara\/#primaryimage"},"image":{"@id":"https:\/\/verdadeon.com.br\/portal\/2023\/09\/02\/orcamento-de-franca-para-2024-tera-2a-votacao-na-camara\/#primaryimage"},"thumbnailUrl":"https:\/\/i0.wp.com\/verdadeon.com.br\/portal\/wp-content\/uploads\/2023\/04\/12sessao-1.jpg?fit=832%2C558&ssl=1","datePublished":"2023-09-02T15:28:20+00:00","author":{"@id":"https:\/\/verdadeon.com.br\/portal\/#\/schema\/person\/a5060ad1e9ea3df545188fc93ce43d2f"},"breadcrumb":{"@id":"https:\/\/verdadeon.com.br\/portal\/2023\/09\/02\/orcamento-de-franca-para-2024-tera-2a-votacao-na-camara\/#breadcrumb"},"inLanguage":"pt-BR","potentialAction":[{"@type":"ReadAction","target":["https:\/\/verdadeon.com.br\/portal\/2023\/09\/02\/orcamento-de-franca-para-2024-tera-2a-votacao-na-camara\/"]}]},{"@type":"ImageObject","inLanguage":"pt-BR","@id":"https:\/\/verdadeon.com.br\/portal\/2023\/09\/02\/orcamento-de-franca-para-2024-tera-2a-votacao-na-camara\/#primaryimage","url":"https:\/\/i0.wp.com\/verdadeon.com.br\/portal\/wp-content\/uploads\/2023\/04\/12sessao-1.jpg?fit=832%2C558&ssl=1","contentUrl":"https:\/\/i0.wp.com\/verdadeon.com.br\/portal\/wp-content\/uploads\/2023\/04\/12sessao-1.jpg?fit=832%2C558&ssl=1","width":832,"height":558,"caption":"Segunda vota\u00e7\u00e3o para o Or\u00e7amento de Franca 2024 acontece na pr\u00f3xima ter\u00e7a, 5 de setembro, na C\u00e2mara Municipal de Franca (\u00a9Divulga\u00e7\u00e3o)"},{"@type":"BreadcrumbList","@id":"https:\/\/verdadeon.com.br\/portal\/2023\/09\/02\/orcamento-de-franca-para-2024-tera-2a-votacao-na-camara\/#breadcrumb","itemListElement":[{"@type":"ListItem","position":1,"name":"In\u00edcio","item":"https:\/\/verdadeon.com.br\/portal\/"},{"@type":"ListItem","position":2,"name":"Or\u00e7amento de Franca para 2024 ter\u00e1 2\u00aa vota\u00e7\u00e3o na C\u00e2mara"}]},{"@type":"WebSite","@id":"https:\/\/verdadeon.com.br\/portal\/#website","url":"https:\/\/verdadeon.com.br\/portal\/","name":"VerdadeOn","description":"Not\u00edcias di\u00e1rias sobre Franca, Regi\u00e3o, Esporte, Cultura, Cotidiano, Colunas. Cobertura nos principais eventos da cidade \u00e9 aqui - Verdadeon Franca","potentialAction":[{"@type":"SearchAction","target":{"@type":"EntryPoint","urlTemplate":"https:\/\/verdadeon.com.br\/portal\/?s={search_term_string}"},"query-input":{"@type":"PropertyValueSpecification","valueRequired":true,"valueName":"search_term_string"}}],"inLanguage":"pt-BR"},{"@type":"Person","@id":"https:\/\/verdadeon.com.br\/portal\/#\/schema\/person\/a5060ad1e9ea3df545188fc93ce43d2f","name":"Redacao VerdadeOn","image":{"@type":"ImageObject","inLanguage":"pt-BR","@id":"https:\/\/verdadeon.com.br\/portal\/#\/schema\/person\/image\/","url":"https:\/\/secure.gravatar.com\/avatar\/459a9613caaaf07f582c3d0841eea68bdd66f533e465e6ba8b9cb45619572cf4?s=96&d=mm&r=g","contentUrl":"https:\/\/secure.gravatar.com\/avatar\/459a9613caaaf07f582c3d0841eea68bdd66f533e465e6ba8b9cb45619572cf4?s=96&d=mm&r=g","caption":"Redacao VerdadeOn"},"url":"https:\/\/verdadeon.com.br\/portal\/author\/redacao\/"}]}},"jetpack_publicize_connections":[],"jetpack_featured_media_url":"https:\/\/i0.wp.com\/verdadeon.com.br\/portal\/wp-content\/uploads\/2023\/04\/12sessao-1.jpg?fit=832%2C558&ssl=1","jetpack_sharing_enabled":true,"_links":{"self":[{"href":"https:\/\/verdadeon.com.br\/portal\/wp-json\/wp\/v2\/posts\/37318","targetHints":{"allow":["GET"]}}],"collection":[{"href":"https:\/\/verdadeon.com.br\/portal\/wp-json\/wp\/v2\/posts"}],"about":[{"href":"https:\/\/verdadeon.com.br\/portal\/wp-json\/wp\/v2\/types\/post"}],"author":[{"embeddable":true,"href":"https:\/\/verdadeon.com.br\/portal\/wp-json\/wp\/v2\/users\/10"}],"replies":[{"embeddable":true,"href":"https:\/\/verdadeon.com.br\/portal\/wp-json\/wp\/v2\/comments?post=37318"}],"version-history":[{"count":1,"href":"https:\/\/verdadeon.com.br\/portal\/wp-json\/wp\/v2\/posts\/37318\/revisions"}],"predecessor-version":[{"id":37320,"href":"https:\/\/verdadeon.com.br\/portal\/wp-json\/wp\/v2\/posts\/37318\/revisions\/37320"}],"wp:featuredmedia":[{"embeddable":true,"href":"https:\/\/verdadeon.com.br\/portal\/wp-json\/wp\/v2\/media\/33648"}],"wp:attachment":[{"href":"https:\/\/verdadeon.com.br\/portal\/wp-json\/wp\/v2\/media?parent=37318"}],"wp:term":[{"taxonomy":"category","embeddable":true,"href":"https:\/\/verdadeon.com.br\/portal\/wp-json\/wp\/v2\/categories?post=37318"},{"taxonomy":"post_tag","embeddable":true,"href":"https:\/\/verdadeon.com.br\/portal\/wp-json\/wp\/v2\/tags?post=37318"}],"curies":[{"name":"wp","href":"https:\/\/api.w.org\/{rel}","templated":true}]}}