{"id":37290,"date":"2023-09-01T14:52:10","date_gmt":"2023-09-01T17:52:10","guid":{"rendered":"https:\/\/verdadeon.com.br\/portal\/?p=37290"},"modified":"2023-09-01T14:52:10","modified_gmt":"2023-09-01T17:52:10","slug":"acif-promove-evento-gratuito-na-praca-do-horto-neste-sabado","status":"publish","type":"post","link":"https:\/\/verdadeon.com.br\/portal\/2023\/09\/01\/acif-promove-evento-gratuito-na-praca-do-horto-neste-sabado\/","title":{"rendered":"ACIF promove evento gratuito na Pra\u00e7a do Horto, neste s\u00e1bado"},"content":{"rendered":"<h2>Atividades s\u00e3o voltadas \u00e0 sa\u00fade, bem-estar, informa\u00e7\u00e3o e entretenimento<\/h2>\n<p>A ACIF (Associa\u00e7\u00e3o do Com\u00e9rcio e Ind\u00fastria de Franca) promover\u00e1 neste s\u00e1bado, 2, das 9h ao meio-dia, na Pra\u00e7a do Horto, atividades gratuitas voltadas \u00e0 sa\u00fade, bem-estar, informa\u00e7\u00e3o e entretenimento para a popula\u00e7\u00e3o. A iniciativa faz parte do projeto de celebra\u00e7\u00e3o de anivers\u00e1rio da ACIF, o \u201cRumo aos 80\u201d, que prev\u00ea a\u00e7\u00f5es ao longo dos pr\u00f3ximos 12 meses, quando a entidade completar\u00e1 oito d\u00e9cadas de funda\u00e7\u00e3o.<\/p>\n<p>Neste s\u00e1bado, 2, a comunidade ter\u00e1 acesso gratuito a servi\u00e7os como aferi\u00e7\u00e3o de press\u00e3o e bioped\u00e2ncia, pr\u00e9-avalia\u00e7\u00e3o de sa\u00fade bucal, oficinas de pintura de vasos, orienta\u00e7\u00e3o sobre seguran\u00e7a do trabalho, balc\u00e3o de d\u00favidas com informa\u00e7\u00f5es antifraude e venda segura, coleta de curr\u00edculos, consulta ao nome, al\u00e9m de degusta\u00e7\u00e3o de caf\u00e9s especiais e espa\u00e7o kids com desenhos para colorir, pipoca e algod\u00e3o doce para toda a fam\u00edlia. Apoiam o evento o Instituto Embelleze, Senac, Unimed, Rita Sa\u00fade e Odontoclinic e N.F Festas e Eventos.<\/p>\n<p>Durante todo o m\u00eas de setembro, a ACIF promover\u00e1 eventos do tipo em pra\u00e7as p\u00fablicas da cidade: dia 9, na Pra\u00e7a da Capelinha; dia 16, na Pra\u00e7a Santa Rita; dia 23, na Pra\u00e7a 1\u00ba de Maio, antiga Jussara; e dia 30, na Pra\u00e7a da Matriz.<\/p>\n<p><strong>&#8220;Rumo aos 80&#8221; ainda ter\u00e1 qualifica\u00e7\u00e3o<\/strong><\/p>\n<p>Al\u00e9m dos eventos nas pra\u00e7as, a ACIF programou encontros voltados \u00e0 qualifica\u00e7\u00e3o empresarial, tamb\u00e9m em setembro. A cada semana, a entidade estar\u00e1 em uma regi\u00e3o diferente da cidade, ministrando o workshop \u201cO Atendimento Que Faz a Diferen\u00e7a\u201d, nas seguintes datas e locais: no Instituto Samaritano, Zona Norte, no dia 5; no Senac, Zona Leste, no dia 12; na Associa\u00e7\u00e3o dos Engenheiros e Arquitetos e Agr\u00f4nomos, Zona Sul, dia 19; na Par\u00f3quia S\u00e3o Judas Tadeu, Zona Oeste, dia 21; e no Centro, na sede da ACIF, no dia 26.<\/p>\n<p>Os encontros acontecer\u00e3o, sempre, a partir das 19h e os associados j\u00e1 podem se inscrever pelo link https:\/\/bit.ly\/3sCxQ4Z. As vagas s\u00e3o limitadas.<\/p>\n","protected":false},"excerpt":{"rendered":"<p>Atividades s\u00e3o voltadas \u00e0 sa\u00fade, bem-estar, informa\u00e7\u00e3o e entretenimento A ACIF (Associa\u00e7\u00e3o do Com\u00e9rcio e Ind\u00fastria de Franca) promover\u00e1 neste s\u00e1bado, 2, das 9h ao meio-dia,<span class=\"excerpt-hellip\"> [\u2026]<\/span><\/p>\n","protected":false},"author":10,"featured_media":37291,"comment_status":"open","ping_status":"open","sticky":false,"template":"","format":"standard","meta":{"_jetpack_memberships_contains_paid_content":false,"footnotes":"","jetpack_publicize_message":"","jetpack_publicize_feature_enabled":true,"jetpack_social_post_already_shared":false,"jetpack_social_options":{"image_generator_settings":{"template":"highway","default_image_id":0,"enabled":false},"version":2}},"categories":[28,81],"tags":[],"class_list":["post-37290","post","type-post","status-publish","format-standard","has-post-thumbnail","hentry","category-cotidiano","category-manchete"],"yoast_head":"<!-- This site is optimized with the Yoast SEO plugin v25.6 - https:\/\/yoast.com\/wordpress\/plugins\/seo\/ -->\n<title>ACIF promove evento gratuito na Pra\u00e7a do Horto, neste s\u00e1bado - VerdadeOn<\/title>\n<meta name=\"robots\" content=\"index, follow, max-snippet:-1, max-image-preview:large, max-video-preview:-1\" \/>\n<link rel=\"canonical\" href=\"https:\/\/verdadeon.com.br\/portal\/2023\/09\/01\/acif-promove-evento-gratuito-na-praca-do-horto-neste-sabado\/\" \/>\n<meta property=\"og:locale\" content=\"pt_BR\" \/>\n<meta property=\"og:type\" content=\"article\" \/>\n<meta property=\"og:title\" content=\"ACIF promove evento gratuito na Pra\u00e7a do Horto, neste s\u00e1bado - VerdadeOn\" \/>\n<meta property=\"og:description\" content=\"Atividades s\u00e3o voltadas \u00e0 sa\u00fade, bem-estar, informa\u00e7\u00e3o e entretenimento A ACIF (Associa\u00e7\u00e3o do Com\u00e9rcio e Ind\u00fastria de Franca) promover\u00e1 neste s\u00e1bado, 2, das 9h ao meio-dia, [\u2026]\" \/>\n<meta property=\"og:url\" content=\"https:\/\/verdadeon.com.br\/portal\/2023\/09\/01\/acif-promove-evento-gratuito-na-praca-do-horto-neste-sabado\/\" \/>\n<meta property=\"og:site_name\" content=\"VerdadeOn\" \/>\n<meta property=\"article:published_time\" content=\"2023-09-01T17:52:10+00:00\" \/>\n<meta property=\"og:image\" content=\"https:\/\/verdadeon.com.br\/portal\/wp-content\/uploads\/2023\/09\/slidehome_20230831132459GgwSJ5L3.jpg\" \/>\n\t<meta property=\"og:image:width\" content=\"564\" \/>\n\t<meta property=\"og:image:height\" content=\"378\" \/>\n\t<meta property=\"og:image:type\" content=\"image\/jpeg\" \/>\n<meta name=\"author\" content=\"Redacao VerdadeOn\" \/>\n<meta name=\"twitter:card\" content=\"summary_large_image\" \/>\n<meta name=\"twitter:label1\" content=\"Escrito por\" \/>\n\t<meta name=\"twitter:data1\" content=\"Redacao VerdadeOn\" \/>\n\t<meta name=\"twitter:label2\" content=\"Est. tempo de leitura\" \/>\n\t<meta name=\"twitter:data2\" content=\"2 minutos\" \/>\n<script type=\"application\/ld+json\" class=\"yoast-schema-graph\">{\"@context\":\"https:\/\/schema.org\",\"@graph\":[{\"@type\":\"WebPage\",\"@id\":\"https:\/\/verdadeon.com.br\/portal\/2023\/09\/01\/acif-promove-evento-gratuito-na-praca-do-horto-neste-sabado\/\",\"url\":\"https:\/\/verdadeon.com.br\/portal\/2023\/09\/01\/acif-promove-evento-gratuito-na-praca-do-horto-neste-sabado\/\",\"name\":\"ACIF promove evento gratuito na Pra\u00e7a do Horto, neste s\u00e1bado - VerdadeOn\",\"isPartOf\":{\"@id\":\"https:\/\/verdadeon.com.br\/portal\/#website\"},\"primaryImageOfPage\":{\"@id\":\"https:\/\/verdadeon.com.br\/portal\/2023\/09\/01\/acif-promove-evento-gratuito-na-praca-do-horto-neste-sabado\/#primaryimage\"},\"image\":{\"@id\":\"https:\/\/verdadeon.com.br\/portal\/2023\/09\/01\/acif-promove-evento-gratuito-na-praca-do-horto-neste-sabado\/#primaryimage\"},\"thumbnailUrl\":\"https:\/\/i0.wp.com\/verdadeon.com.br\/portal\/wp-content\/uploads\/2023\/09\/slidehome_20230831132459GgwSJ5L3.jpg?fit=564%2C378&ssl=1\",\"datePublished\":\"2023-09-01T17:52:10+00:00\",\"author\":{\"@id\":\"https:\/\/verdadeon.com.br\/portal\/#\/schema\/person\/a5060ad1e9ea3df545188fc93ce43d2f\"},\"breadcrumb\":{\"@id\":\"https:\/\/verdadeon.com.br\/portal\/2023\/09\/01\/acif-promove-evento-gratuito-na-praca-do-horto-neste-sabado\/#breadcrumb\"},\"inLanguage\":\"pt-BR\",\"potentialAction\":[{\"@type\":\"ReadAction\",\"target\":[\"https:\/\/verdadeon.com.br\/portal\/2023\/09\/01\/acif-promove-evento-gratuito-na-praca-do-horto-neste-sabado\/\"]}]},{\"@type\":\"ImageObject\",\"inLanguage\":\"pt-BR\",\"@id\":\"https:\/\/verdadeon.com.br\/portal\/2023\/09\/01\/acif-promove-evento-gratuito-na-praca-do-horto-neste-sabado\/#primaryimage\",\"url\":\"https:\/\/i0.wp.com\/verdadeon.com.br\/portal\/wp-content\/uploads\/2023\/09\/slidehome_20230831132459GgwSJ5L3.jpg?fit=564%2C378&ssl=1\",\"contentUrl\":\"https:\/\/i0.wp.com\/verdadeon.com.br\/portal\/wp-content\/uploads\/2023\/09\/slidehome_20230831132459GgwSJ5L3.jpg?fit=564%2C378&ssl=1\",\"width\":564,\"height\":378,\"caption\":\"Evento acontece neste s\u00e1bado, das 9h \u00e0s 12h, no Parque do Horto (\u00a9Wilker Maia\/ACIF)\"},{\"@type\":\"BreadcrumbList\",\"@id\":\"https:\/\/verdadeon.com.br\/portal\/2023\/09\/01\/acif-promove-evento-gratuito-na-praca-do-horto-neste-sabado\/#breadcrumb\",\"itemListElement\":[{\"@type\":\"ListItem\",\"position\":1,\"name\":\"In\u00edcio\",\"item\":\"https:\/\/verdadeon.com.br\/portal\/\"},{\"@type\":\"ListItem\",\"position\":2,\"name\":\"ACIF promove evento gratuito na Pra\u00e7a do Horto, neste s\u00e1bado\"}]},{\"@type\":\"WebSite\",\"@id\":\"https:\/\/verdadeon.com.br\/portal\/#website\",\"url\":\"https:\/\/verdadeon.com.br\/portal\/\",\"name\":\"VerdadeOn\",\"description\":\"Not\u00edcias di\u00e1rias sobre Franca, Regi\u00e3o, Esporte, Cultura, Cotidiano, Colunas. Cobertura nos principais eventos da cidade \u00e9 aqui - Verdadeon Franca\",\"potentialAction\":[{\"@type\":\"SearchAction\",\"target\":{\"@type\":\"EntryPoint\",\"urlTemplate\":\"https:\/\/verdadeon.com.br\/portal\/?s={search_term_string}\"},\"query-input\":{\"@type\":\"PropertyValueSpecification\",\"valueRequired\":true,\"valueName\":\"search_term_string\"}}],\"inLanguage\":\"pt-BR\"},{\"@type\":\"Person\",\"@id\":\"https:\/\/verdadeon.com.br\/portal\/#\/schema\/person\/a5060ad1e9ea3df545188fc93ce43d2f\",\"name\":\"Redacao VerdadeOn\",\"image\":{\"@type\":\"ImageObject\",\"inLanguage\":\"pt-BR\",\"@id\":\"https:\/\/verdadeon.com.br\/portal\/#\/schema\/person\/image\/\",\"url\":\"https:\/\/secure.gravatar.com\/avatar\/459a9613caaaf07f582c3d0841eea68bdd66f533e465e6ba8b9cb45619572cf4?s=96&d=mm&r=g\",\"contentUrl\":\"https:\/\/secure.gravatar.com\/avatar\/459a9613caaaf07f582c3d0841eea68bdd66f533e465e6ba8b9cb45619572cf4?s=96&d=mm&r=g\",\"caption\":\"Redacao VerdadeOn\"},\"url\":\"https:\/\/verdadeon.com.br\/portal\/author\/redacao\/\"}]}<\/script>\n<!-- \/ Yoast SEO plugin. -->","yoast_head_json":{"title":"ACIF promove evento gratuito na Pra\u00e7a do Horto, neste s\u00e1bado - VerdadeOn","robots":{"index":"index","follow":"follow","max-snippet":"max-snippet:-1","max-image-preview":"max-image-preview:large","max-video-preview":"max-video-preview:-1"},"canonical":"https:\/\/verdadeon.com.br\/portal\/2023\/09\/01\/acif-promove-evento-gratuito-na-praca-do-horto-neste-sabado\/","og_locale":"pt_BR","og_type":"article","og_title":"ACIF promove evento gratuito na Pra\u00e7a do Horto, neste s\u00e1bado - VerdadeOn","og_description":"Atividades s\u00e3o voltadas \u00e0 sa\u00fade, bem-estar, informa\u00e7\u00e3o e entretenimento A ACIF (Associa\u00e7\u00e3o do Com\u00e9rcio e Ind\u00fastria de Franca) promover\u00e1 neste s\u00e1bado, 2, das 9h ao meio-dia, [\u2026]","og_url":"https:\/\/verdadeon.com.br\/portal\/2023\/09\/01\/acif-promove-evento-gratuito-na-praca-do-horto-neste-sabado\/","og_site_name":"VerdadeOn","article_published_time":"2023-09-01T17:52:10+00:00","og_image":[{"width":564,"height":378,"url":"https:\/\/verdadeon.com.br\/portal\/wp-content\/uploads\/2023\/09\/slidehome_20230831132459GgwSJ5L3.jpg","type":"image\/jpeg"}],"author":"Redacao VerdadeOn","twitter_card":"summary_large_image","twitter_misc":{"Escrito por":"Redacao VerdadeOn","Est. tempo de leitura":"2 minutos"},"schema":{"@context":"https:\/\/schema.org","@graph":[{"@type":"WebPage","@id":"https:\/\/verdadeon.com.br\/portal\/2023\/09\/01\/acif-promove-evento-gratuito-na-praca-do-horto-neste-sabado\/","url":"https:\/\/verdadeon.com.br\/portal\/2023\/09\/01\/acif-promove-evento-gratuito-na-praca-do-horto-neste-sabado\/","name":"ACIF promove evento gratuito na Pra\u00e7a do Horto, neste s\u00e1bado - VerdadeOn","isPartOf":{"@id":"https:\/\/verdadeon.com.br\/portal\/#website"},"primaryImageOfPage":{"@id":"https:\/\/verdadeon.com.br\/portal\/2023\/09\/01\/acif-promove-evento-gratuito-na-praca-do-horto-neste-sabado\/#primaryimage"},"image":{"@id":"https:\/\/verdadeon.com.br\/portal\/2023\/09\/01\/acif-promove-evento-gratuito-na-praca-do-horto-neste-sabado\/#primaryimage"},"thumbnailUrl":"https:\/\/i0.wp.com\/verdadeon.com.br\/portal\/wp-content\/uploads\/2023\/09\/slidehome_20230831132459GgwSJ5L3.jpg?fit=564%2C378&ssl=1","datePublished":"2023-09-01T17:52:10+00:00","author":{"@id":"https:\/\/verdadeon.com.br\/portal\/#\/schema\/person\/a5060ad1e9ea3df545188fc93ce43d2f"},"breadcrumb":{"@id":"https:\/\/verdadeon.com.br\/portal\/2023\/09\/01\/acif-promove-evento-gratuito-na-praca-do-horto-neste-sabado\/#breadcrumb"},"inLanguage":"pt-BR","potentialAction":[{"@type":"ReadAction","target":["https:\/\/verdadeon.com.br\/portal\/2023\/09\/01\/acif-promove-evento-gratuito-na-praca-do-horto-neste-sabado\/"]}]},{"@type":"ImageObject","inLanguage":"pt-BR","@id":"https:\/\/verdadeon.com.br\/portal\/2023\/09\/01\/acif-promove-evento-gratuito-na-praca-do-horto-neste-sabado\/#primaryimage","url":"https:\/\/i0.wp.com\/verdadeon.com.br\/portal\/wp-content\/uploads\/2023\/09\/slidehome_20230831132459GgwSJ5L3.jpg?fit=564%2C378&ssl=1","contentUrl":"https:\/\/i0.wp.com\/verdadeon.com.br\/portal\/wp-content\/uploads\/2023\/09\/slidehome_20230831132459GgwSJ5L3.jpg?fit=564%2C378&ssl=1","width":564,"height":378,"caption":"Evento acontece neste s\u00e1bado, das 9h \u00e0s 12h, no Parque do Horto (\u00a9Wilker Maia\/ACIF)"},{"@type":"BreadcrumbList","@id":"https:\/\/verdadeon.com.br\/portal\/2023\/09\/01\/acif-promove-evento-gratuito-na-praca-do-horto-neste-sabado\/#breadcrumb","itemListElement":[{"@type":"ListItem","position":1,"name":"In\u00edcio","item":"https:\/\/verdadeon.com.br\/portal\/"},{"@type":"ListItem","position":2,"name":"ACIF promove evento gratuito na Pra\u00e7a do Horto, neste s\u00e1bado"}]},{"@type":"WebSite","@id":"https:\/\/verdadeon.com.br\/portal\/#website","url":"https:\/\/verdadeon.com.br\/portal\/","name":"VerdadeOn","description":"Not\u00edcias di\u00e1rias sobre Franca, Regi\u00e3o, Esporte, Cultura, Cotidiano, Colunas. Cobertura nos principais eventos da cidade \u00e9 aqui - Verdadeon Franca","potentialAction":[{"@type":"SearchAction","target":{"@type":"EntryPoint","urlTemplate":"https:\/\/verdadeon.com.br\/portal\/?s={search_term_string}"},"query-input":{"@type":"PropertyValueSpecification","valueRequired":true,"valueName":"search_term_string"}}],"inLanguage":"pt-BR"},{"@type":"Person","@id":"https:\/\/verdadeon.com.br\/portal\/#\/schema\/person\/a5060ad1e9ea3df545188fc93ce43d2f","name":"Redacao VerdadeOn","image":{"@type":"ImageObject","inLanguage":"pt-BR","@id":"https:\/\/verdadeon.com.br\/portal\/#\/schema\/person\/image\/","url":"https:\/\/secure.gravatar.com\/avatar\/459a9613caaaf07f582c3d0841eea68bdd66f533e465e6ba8b9cb45619572cf4?s=96&d=mm&r=g","contentUrl":"https:\/\/secure.gravatar.com\/avatar\/459a9613caaaf07f582c3d0841eea68bdd66f533e465e6ba8b9cb45619572cf4?s=96&d=mm&r=g","caption":"Redacao VerdadeOn"},"url":"https:\/\/verdadeon.com.br\/portal\/author\/redacao\/"}]}},"jetpack_publicize_connections":[],"jetpack_featured_media_url":"https:\/\/i0.wp.com\/verdadeon.com.br\/portal\/wp-content\/uploads\/2023\/09\/slidehome_20230831132459GgwSJ5L3.jpg?fit=564%2C378&ssl=1","jetpack_sharing_enabled":true,"_links":{"self":[{"href":"https:\/\/verdadeon.com.br\/portal\/wp-json\/wp\/v2\/posts\/37290","targetHints":{"allow":["GET"]}}],"collection":[{"href":"https:\/\/verdadeon.com.br\/portal\/wp-json\/wp\/v2\/posts"}],"about":[{"href":"https:\/\/verdadeon.com.br\/portal\/wp-json\/wp\/v2\/types\/post"}],"author":[{"embeddable":true,"href":"https:\/\/verdadeon.com.br\/portal\/wp-json\/wp\/v2\/users\/10"}],"replies":[{"embeddable":true,"href":"https:\/\/verdadeon.com.br\/portal\/wp-json\/wp\/v2\/comments?post=37290"}],"version-history":[{"count":1,"href":"https:\/\/verdadeon.com.br\/portal\/wp-json\/wp\/v2\/posts\/37290\/revisions"}],"predecessor-version":[{"id":37292,"href":"https:\/\/verdadeon.com.br\/portal\/wp-json\/wp\/v2\/posts\/37290\/revisions\/37292"}],"wp:featuredmedia":[{"embeddable":true,"href":"https:\/\/verdadeon.com.br\/portal\/wp-json\/wp\/v2\/media\/37291"}],"wp:attachment":[{"href":"https:\/\/verdadeon.com.br\/portal\/wp-json\/wp\/v2\/media?parent=37290"}],"wp:term":[{"taxonomy":"category","embeddable":true,"href":"https:\/\/verdadeon.com.br\/portal\/wp-json\/wp\/v2\/categories?post=37290"},{"taxonomy":"post_tag","embeddable":true,"href":"https:\/\/verdadeon.com.br\/portal\/wp-json\/wp\/v2\/tags?post=37290"}],"curies":[{"name":"wp","href":"https:\/\/api.w.org\/{rel}","templated":true}]}}