{"id":37274,"date":"2023-08-31T10:28:11","date_gmt":"2023-08-31T13:28:11","guid":{"rendered":"https:\/\/verdadeon.com.br\/portal\/?p=37274"},"modified":"2023-08-31T15:33:06","modified_gmt":"2023-08-31T18:33:06","slug":"brasil-gerou-142-702-novos-empregos-formais-em-julho","status":"publish","type":"post","link":"https:\/\/verdadeon.com.br\/portal\/2023\/08\/31\/brasil-gerou-142-702-novos-empregos-formais-em-julho\/","title":{"rendered":"Brasil gerou 142.702 novos empregos formais em julho"},"content":{"rendered":"<div class=\"row\">\n<h2 class=\"col-10 offset-1 animated fadeInDown dealy-900 display-8 display-md-8 alt-font font-italic my-1 text-center\">Todas atividades registraram saldo positivo, diz Caged<\/h2>\n<p>O Brasil criou 142.702 novos postos de trabalho em julho. S\u00f3 no setor de servi\u00e7os, foram geradas 56.303 vagas. No com\u00e9rcio, o saldo aumentou em 26.744 postos de trabalho. De acordo com o Novo Cadastro Geral de Empregados e Desempregados (Caged), no acumulado do ano foram gerados 1.166.125 postos de trabalho.<img data-recalc-dims=\"1\" decoding=\"async\" src=\"https:\/\/i0.wp.com\/agenciabrasil.ebc.com.br\/ebc.png?w=1220&#038;ssl=1\" \/><img data-recalc-dims=\"1\" decoding=\"async\" src=\"https:\/\/i0.wp.com\/agenciabrasil.ebc.com.br\/ebc.gif?w=1220&#038;ssl=1\" \/><\/p>\n<p>Os n\u00fameros foram divulgados nesta quarta-feira (30) pelo Minist\u00e9rio do Trabalho e Emprego. O saldo positivo foi registrado em todos os cinco grandes grupamentos de atividades econ\u00f4micas e em 26 das 27 unidades federativas. O estoque total recuperado para o Caged no m\u00eas fico em 43.610.550 postos de trabalho formais no pa\u00eds.<\/p>\n<p>O sal\u00e1rio m\u00e9dio real de admiss\u00e3o em julho foi R$ 2.032,56, valor R$ 19,33 acima do registrado em junho (R$ 2.013,23).<\/p>\n<p>O saldo no setor de servi\u00e7o foi maior nas \u00e1reas de informa\u00e7\u00e3o, comunica\u00e7\u00e3o e atividades financeiras, imobili\u00e1rias, profissionais e administrativas (saldo de 27.218 postos); alojamento e alimenta\u00e7\u00e3o (9.432 postos); e transporte, armazenagem e correio (8.904).<\/p>\n<p>No setor de com\u00e9rcio, a \u00e1rea de com\u00e9rcio varejista de produtos farmac\u00eauticos registrou saldo positivo de 3.554 novos postos de trabalho. J\u00e1 na \u00e1rea de mercadorias em geral (com predomin\u00e2ncia de produtos aliment\u00edcios), os supermercados apresentaram saldo positivo de 2.419 novas vagas, enquanto minimercados registraram alta de 1.704.<\/p>\n<p>O saldo positivo na constru\u00e7\u00e3o civil ficou em 25.423, enquanto a ind\u00fastria teve saldo foi 21.254 novos postos.<\/p>\n<p>Houve um aumento de 43.947 novos empregos formais para mulheres e de 98.755 para homens. \u201cNo que se refere \u00e0 Popula\u00e7\u00e3o com Defici\u00eancia, identificou-se saldo positivo de 452 postos. O emprego em julho foi positivo para pardos (75.918), brancos (15.919), pretos (13.035), amarelos (720) e ind\u00edgenas (311)\u201d, informou o minist\u00e9rio.<\/p>\n<p>\u201cEm termos geogr\u00e1ficos, apenas no Rio Grande do Sul (-2.129) houve queda do emprego formal, que ficou positivo nas outras 26 unidades da federa\u00e7\u00e3o. Os maiores saldos foram em S\u00e3o Paulo (43.331), Rio de Janeiro (12.710) e Minas Gerais (12.353)\u201d, explicou.<\/p>\n<p>Na rede social X (antigo Twitter), o\u00a0presidente Luiz In\u00e1cio Lula da Silva afirmou que o pa\u00eds atingiu o maior n\u00famero de trabalhadores com carteira assinada da hist\u00f3ria\u00a0e afirmou que o objetivo do governo &#8220;\u00e9 gerar empregos, para que o pai e a m\u00e3e de fam\u00edlia possam ter seu sustento\u00a0e\u00a0dignidade garantidos&#8221;.<\/p>\n<p>Fonte: Ag\u00eancia Brasil<\/p>\n<\/div>\n","protected":false},"excerpt":{"rendered":"<p>Todas atividades registraram saldo positivo, diz Caged O Brasil criou 142.702 novos postos de trabalho em julho. S\u00f3 no setor de servi\u00e7os, foram geradas 56.303 vagas.<span class=\"excerpt-hellip\"> [\u2026]<\/span><\/p>\n","protected":false},"author":10,"featured_media":37275,"comment_status":"open","ping_status":"open","sticky":false,"template":"","format":"standard","meta":{"_jetpack_memberships_contains_paid_content":false,"footnotes":"","jetpack_publicize_message":"","jetpack_publicize_feature_enabled":true,"jetpack_social_post_already_shared":false,"jetpack_social_options":{"image_generator_settings":{"template":"highway","default_image_id":0,"enabled":false},"version":2}},"categories":[28,44],"tags":[],"class_list":["post-37274","post","type-post","status-publish","format-standard","has-post-thumbnail","hentry","category-cotidiano","category-noticias"],"yoast_head":"<!-- This site is optimized with the Yoast SEO plugin v25.6 - https:\/\/yoast.com\/wordpress\/plugins\/seo\/ -->\n<title>Brasil gerou 142.702 novos empregos formais em julho - VerdadeOn<\/title>\n<meta name=\"robots\" content=\"index, follow, max-snippet:-1, max-image-preview:large, max-video-preview:-1\" \/>\n<link rel=\"canonical\" href=\"https:\/\/verdadeon.com.br\/portal\/2023\/08\/31\/brasil-gerou-142-702-novos-empregos-formais-em-julho\/\" \/>\n<meta property=\"og:locale\" content=\"pt_BR\" \/>\n<meta property=\"og:type\" content=\"article\" \/>\n<meta property=\"og:title\" content=\"Brasil gerou 142.702 novos empregos formais em julho - VerdadeOn\" \/>\n<meta property=\"og:description\" content=\"Todas atividades registraram saldo positivo, diz Caged O Brasil criou 142.702 novos postos de trabalho em julho. S\u00f3 no setor de servi\u00e7os, foram geradas 56.303 vagas. [\u2026]\" \/>\n<meta property=\"og:url\" content=\"https:\/\/verdadeon.com.br\/portal\/2023\/08\/31\/brasil-gerou-142-702-novos-empregos-formais-em-julho\/\" \/>\n<meta property=\"og:site_name\" content=\"VerdadeOn\" \/>\n<meta property=\"article:published_time\" content=\"2023-08-31T13:28:11+00:00\" \/>\n<meta property=\"article:modified_time\" content=\"2023-08-31T18:33:06+00:00\" \/>\n<meta property=\"og:image\" content=\"https:\/\/verdadeon.com.br\/portal\/wp-content\/uploads\/2023\/08\/carteira-de-trabalho-digital_mcamgo_abr_240620211818.jpg\" \/>\n\t<meta property=\"og:image:width\" content=\"1044\" \/>\n\t<meta property=\"og:image:height\" content=\"700\" \/>\n\t<meta property=\"og:image:type\" content=\"image\/jpeg\" \/>\n<meta name=\"author\" content=\"Redacao VerdadeOn\" \/>\n<meta name=\"twitter:card\" content=\"summary_large_image\" \/>\n<meta name=\"twitter:label1\" content=\"Escrito por\" \/>\n\t<meta name=\"twitter:data1\" content=\"Redacao VerdadeOn\" \/>\n\t<meta name=\"twitter:label2\" content=\"Est. tempo de leitura\" \/>\n\t<meta name=\"twitter:data2\" content=\"3 minutos\" \/>\n<script type=\"application\/ld+json\" class=\"yoast-schema-graph\">{\"@context\":\"https:\/\/schema.org\",\"@graph\":[{\"@type\":\"WebPage\",\"@id\":\"https:\/\/verdadeon.com.br\/portal\/2023\/08\/31\/brasil-gerou-142-702-novos-empregos-formais-em-julho\/\",\"url\":\"https:\/\/verdadeon.com.br\/portal\/2023\/08\/31\/brasil-gerou-142-702-novos-empregos-formais-em-julho\/\",\"name\":\"Brasil gerou 142.702 novos empregos formais em julho - VerdadeOn\",\"isPartOf\":{\"@id\":\"https:\/\/verdadeon.com.br\/portal\/#website\"},\"primaryImageOfPage\":{\"@id\":\"https:\/\/verdadeon.com.br\/portal\/2023\/08\/31\/brasil-gerou-142-702-novos-empregos-formais-em-julho\/#primaryimage\"},\"image\":{\"@id\":\"https:\/\/verdadeon.com.br\/portal\/2023\/08\/31\/brasil-gerou-142-702-novos-empregos-formais-em-julho\/#primaryimage\"},\"thumbnailUrl\":\"https:\/\/i0.wp.com\/verdadeon.com.br\/portal\/wp-content\/uploads\/2023\/08\/carteira-de-trabalho-digital_mcamgo_abr_240620211818.jpg?fit=1044%2C700&ssl=1\",\"datePublished\":\"2023-08-31T13:28:11+00:00\",\"dateModified\":\"2023-08-31T18:33:06+00:00\",\"author\":{\"@id\":\"https:\/\/verdadeon.com.br\/portal\/#\/schema\/person\/a5060ad1e9ea3df545188fc93ce43d2f\"},\"breadcrumb\":{\"@id\":\"https:\/\/verdadeon.com.br\/portal\/2023\/08\/31\/brasil-gerou-142-702-novos-empregos-formais-em-julho\/#breadcrumb\"},\"inLanguage\":\"pt-BR\",\"potentialAction\":[{\"@type\":\"ReadAction\",\"target\":[\"https:\/\/verdadeon.com.br\/portal\/2023\/08\/31\/brasil-gerou-142-702-novos-empregos-formais-em-julho\/\"]}]},{\"@type\":\"ImageObject\",\"inLanguage\":\"pt-BR\",\"@id\":\"https:\/\/verdadeon.com.br\/portal\/2023\/08\/31\/brasil-gerou-142-702-novos-empregos-formais-em-julho\/#primaryimage\",\"url\":\"https:\/\/i0.wp.com\/verdadeon.com.br\/portal\/wp-content\/uploads\/2023\/08\/carteira-de-trabalho-digital_mcamgo_abr_240620211818.jpg?fit=1044%2C700&ssl=1\",\"contentUrl\":\"https:\/\/i0.wp.com\/verdadeon.com.br\/portal\/wp-content\/uploads\/2023\/08\/carteira-de-trabalho-digital_mcamgo_abr_240620211818.jpg?fit=1044%2C700&ssl=1\",\"width\":1044,\"height\":700,\"caption\":\"A reforma trabalhista (Lei 13.467\/17) estabeleceu que os acordos coletivos agora t\u00eam liberdade para prever condi\u00e7\u00f5es de servi\u00e7os que antes eram inaceit\u00e1veis. Os principais exemplos dizem respeito a jornadas de trabalho estendidas, banco de horas, intervalo para alimenta\u00e7\u00e3o e at\u00e9 grau de insalubridade do ambiente (\u00a9Marcelo Camargo\/Ag\u00eancia Brasil)\"},{\"@type\":\"BreadcrumbList\",\"@id\":\"https:\/\/verdadeon.com.br\/portal\/2023\/08\/31\/brasil-gerou-142-702-novos-empregos-formais-em-julho\/#breadcrumb\",\"itemListElement\":[{\"@type\":\"ListItem\",\"position\":1,\"name\":\"In\u00edcio\",\"item\":\"https:\/\/verdadeon.com.br\/portal\/\"},{\"@type\":\"ListItem\",\"position\":2,\"name\":\"Brasil gerou 142.702 novos empregos formais em julho\"}]},{\"@type\":\"WebSite\",\"@id\":\"https:\/\/verdadeon.com.br\/portal\/#website\",\"url\":\"https:\/\/verdadeon.com.br\/portal\/\",\"name\":\"VerdadeOn\",\"description\":\"Not\u00edcias di\u00e1rias sobre Franca, Regi\u00e3o, Esporte, Cultura, Cotidiano, Colunas. Cobertura nos principais eventos da cidade \u00e9 aqui - Verdadeon Franca\",\"potentialAction\":[{\"@type\":\"SearchAction\",\"target\":{\"@type\":\"EntryPoint\",\"urlTemplate\":\"https:\/\/verdadeon.com.br\/portal\/?s={search_term_string}\"},\"query-input\":{\"@type\":\"PropertyValueSpecification\",\"valueRequired\":true,\"valueName\":\"search_term_string\"}}],\"inLanguage\":\"pt-BR\"},{\"@type\":\"Person\",\"@id\":\"https:\/\/verdadeon.com.br\/portal\/#\/schema\/person\/a5060ad1e9ea3df545188fc93ce43d2f\",\"name\":\"Redacao VerdadeOn\",\"image\":{\"@type\":\"ImageObject\",\"inLanguage\":\"pt-BR\",\"@id\":\"https:\/\/verdadeon.com.br\/portal\/#\/schema\/person\/image\/\",\"url\":\"https:\/\/secure.gravatar.com\/avatar\/459a9613caaaf07f582c3d0841eea68bdd66f533e465e6ba8b9cb45619572cf4?s=96&d=mm&r=g\",\"contentUrl\":\"https:\/\/secure.gravatar.com\/avatar\/459a9613caaaf07f582c3d0841eea68bdd66f533e465e6ba8b9cb45619572cf4?s=96&d=mm&r=g\",\"caption\":\"Redacao VerdadeOn\"},\"url\":\"https:\/\/verdadeon.com.br\/portal\/author\/redacao\/\"}]}<\/script>\n<!-- \/ Yoast SEO plugin. -->","yoast_head_json":{"title":"Brasil gerou 142.702 novos empregos formais em julho - VerdadeOn","robots":{"index":"index","follow":"follow","max-snippet":"max-snippet:-1","max-image-preview":"max-image-preview:large","max-video-preview":"max-video-preview:-1"},"canonical":"https:\/\/verdadeon.com.br\/portal\/2023\/08\/31\/brasil-gerou-142-702-novos-empregos-formais-em-julho\/","og_locale":"pt_BR","og_type":"article","og_title":"Brasil gerou 142.702 novos empregos formais em julho - VerdadeOn","og_description":"Todas atividades registraram saldo positivo, diz Caged O Brasil criou 142.702 novos postos de trabalho em julho. S\u00f3 no setor de servi\u00e7os, foram geradas 56.303 vagas. [\u2026]","og_url":"https:\/\/verdadeon.com.br\/portal\/2023\/08\/31\/brasil-gerou-142-702-novos-empregos-formais-em-julho\/","og_site_name":"VerdadeOn","article_published_time":"2023-08-31T13:28:11+00:00","article_modified_time":"2023-08-31T18:33:06+00:00","og_image":[{"width":1044,"height":700,"url":"https:\/\/verdadeon.com.br\/portal\/wp-content\/uploads\/2023\/08\/carteira-de-trabalho-digital_mcamgo_abr_240620211818.jpg","type":"image\/jpeg"}],"author":"Redacao VerdadeOn","twitter_card":"summary_large_image","twitter_misc":{"Escrito por":"Redacao VerdadeOn","Est. tempo de leitura":"3 minutos"},"schema":{"@context":"https:\/\/schema.org","@graph":[{"@type":"WebPage","@id":"https:\/\/verdadeon.com.br\/portal\/2023\/08\/31\/brasil-gerou-142-702-novos-empregos-formais-em-julho\/","url":"https:\/\/verdadeon.com.br\/portal\/2023\/08\/31\/brasil-gerou-142-702-novos-empregos-formais-em-julho\/","name":"Brasil gerou 142.702 novos empregos formais em julho - VerdadeOn","isPartOf":{"@id":"https:\/\/verdadeon.com.br\/portal\/#website"},"primaryImageOfPage":{"@id":"https:\/\/verdadeon.com.br\/portal\/2023\/08\/31\/brasil-gerou-142-702-novos-empregos-formais-em-julho\/#primaryimage"},"image":{"@id":"https:\/\/verdadeon.com.br\/portal\/2023\/08\/31\/brasil-gerou-142-702-novos-empregos-formais-em-julho\/#primaryimage"},"thumbnailUrl":"https:\/\/i0.wp.com\/verdadeon.com.br\/portal\/wp-content\/uploads\/2023\/08\/carteira-de-trabalho-digital_mcamgo_abr_240620211818.jpg?fit=1044%2C700&ssl=1","datePublished":"2023-08-31T13:28:11+00:00","dateModified":"2023-08-31T18:33:06+00:00","author":{"@id":"https:\/\/verdadeon.com.br\/portal\/#\/schema\/person\/a5060ad1e9ea3df545188fc93ce43d2f"},"breadcrumb":{"@id":"https:\/\/verdadeon.com.br\/portal\/2023\/08\/31\/brasil-gerou-142-702-novos-empregos-formais-em-julho\/#breadcrumb"},"inLanguage":"pt-BR","potentialAction":[{"@type":"ReadAction","target":["https:\/\/verdadeon.com.br\/portal\/2023\/08\/31\/brasil-gerou-142-702-novos-empregos-formais-em-julho\/"]}]},{"@type":"ImageObject","inLanguage":"pt-BR","@id":"https:\/\/verdadeon.com.br\/portal\/2023\/08\/31\/brasil-gerou-142-702-novos-empregos-formais-em-julho\/#primaryimage","url":"https:\/\/i0.wp.com\/verdadeon.com.br\/portal\/wp-content\/uploads\/2023\/08\/carteira-de-trabalho-digital_mcamgo_abr_240620211818.jpg?fit=1044%2C700&ssl=1","contentUrl":"https:\/\/i0.wp.com\/verdadeon.com.br\/portal\/wp-content\/uploads\/2023\/08\/carteira-de-trabalho-digital_mcamgo_abr_240620211818.jpg?fit=1044%2C700&ssl=1","width":1044,"height":700,"caption":"A reforma trabalhista (Lei 13.467\/17) estabeleceu que os acordos coletivos agora t\u00eam liberdade para prever condi\u00e7\u00f5es de servi\u00e7os que antes eram inaceit\u00e1veis. Os principais exemplos dizem respeito a jornadas de trabalho estendidas, banco de horas, intervalo para alimenta\u00e7\u00e3o e at\u00e9 grau de insalubridade do ambiente (\u00a9Marcelo Camargo\/Ag\u00eancia Brasil)"},{"@type":"BreadcrumbList","@id":"https:\/\/verdadeon.com.br\/portal\/2023\/08\/31\/brasil-gerou-142-702-novos-empregos-formais-em-julho\/#breadcrumb","itemListElement":[{"@type":"ListItem","position":1,"name":"In\u00edcio","item":"https:\/\/verdadeon.com.br\/portal\/"},{"@type":"ListItem","position":2,"name":"Brasil gerou 142.702 novos empregos formais em julho"}]},{"@type":"WebSite","@id":"https:\/\/verdadeon.com.br\/portal\/#website","url":"https:\/\/verdadeon.com.br\/portal\/","name":"VerdadeOn","description":"Not\u00edcias di\u00e1rias sobre Franca, Regi\u00e3o, Esporte, Cultura, Cotidiano, Colunas. Cobertura nos principais eventos da cidade \u00e9 aqui - Verdadeon Franca","potentialAction":[{"@type":"SearchAction","target":{"@type":"EntryPoint","urlTemplate":"https:\/\/verdadeon.com.br\/portal\/?s={search_term_string}"},"query-input":{"@type":"PropertyValueSpecification","valueRequired":true,"valueName":"search_term_string"}}],"inLanguage":"pt-BR"},{"@type":"Person","@id":"https:\/\/verdadeon.com.br\/portal\/#\/schema\/person\/a5060ad1e9ea3df545188fc93ce43d2f","name":"Redacao VerdadeOn","image":{"@type":"ImageObject","inLanguage":"pt-BR","@id":"https:\/\/verdadeon.com.br\/portal\/#\/schema\/person\/image\/","url":"https:\/\/secure.gravatar.com\/avatar\/459a9613caaaf07f582c3d0841eea68bdd66f533e465e6ba8b9cb45619572cf4?s=96&d=mm&r=g","contentUrl":"https:\/\/secure.gravatar.com\/avatar\/459a9613caaaf07f582c3d0841eea68bdd66f533e465e6ba8b9cb45619572cf4?s=96&d=mm&r=g","caption":"Redacao VerdadeOn"},"url":"https:\/\/verdadeon.com.br\/portal\/author\/redacao\/"}]}},"jetpack_publicize_connections":[],"jetpack_featured_media_url":"https:\/\/i0.wp.com\/verdadeon.com.br\/portal\/wp-content\/uploads\/2023\/08\/carteira-de-trabalho-digital_mcamgo_abr_240620211818.jpg?fit=1044%2C700&ssl=1","jetpack_sharing_enabled":true,"_links":{"self":[{"href":"https:\/\/verdadeon.com.br\/portal\/wp-json\/wp\/v2\/posts\/37274","targetHints":{"allow":["GET"]}}],"collection":[{"href":"https:\/\/verdadeon.com.br\/portal\/wp-json\/wp\/v2\/posts"}],"about":[{"href":"https:\/\/verdadeon.com.br\/portal\/wp-json\/wp\/v2\/types\/post"}],"author":[{"embeddable":true,"href":"https:\/\/verdadeon.com.br\/portal\/wp-json\/wp\/v2\/users\/10"}],"replies":[{"embeddable":true,"href":"https:\/\/verdadeon.com.br\/portal\/wp-json\/wp\/v2\/comments?post=37274"}],"version-history":[{"count":1,"href":"https:\/\/verdadeon.com.br\/portal\/wp-json\/wp\/v2\/posts\/37274\/revisions"}],"predecessor-version":[{"id":37276,"href":"https:\/\/verdadeon.com.br\/portal\/wp-json\/wp\/v2\/posts\/37274\/revisions\/37276"}],"wp:featuredmedia":[{"embeddable":true,"href":"https:\/\/verdadeon.com.br\/portal\/wp-json\/wp\/v2\/media\/37275"}],"wp:attachment":[{"href":"https:\/\/verdadeon.com.br\/portal\/wp-json\/wp\/v2\/media?parent=37274"}],"wp:term":[{"taxonomy":"category","embeddable":true,"href":"https:\/\/verdadeon.com.br\/portal\/wp-json\/wp\/v2\/categories?post=37274"},{"taxonomy":"post_tag","embeddable":true,"href":"https:\/\/verdadeon.com.br\/portal\/wp-json\/wp\/v2\/tags?post=37274"}],"curies":[{"name":"wp","href":"https:\/\/api.w.org\/{rel}","templated":true}]}}