{"id":37268,"date":"2023-08-31T15:05:34","date_gmt":"2023-08-31T18:05:34","guid":{"rendered":"https:\/\/verdadeon.com.br\/portal\/?p=37268"},"modified":"2023-08-31T15:18:57","modified_gmt":"2023-08-31T18:18:57","slug":"professores-tem-ate-domingo-3-para-se-inscreverem-em-selecao-para-contratacao","status":"publish","type":"post","link":"https:\/\/verdadeon.com.br\/portal\/2023\/08\/31\/professores-tem-ate-domingo-3-para-se-inscreverem-em-selecao-para-contratacao\/","title":{"rendered":"Professores t\u00eam at\u00e9 domingo (3) para se inscreverem em sele\u00e7\u00e3o para contrata\u00e7\u00e3o"},"content":{"rendered":"<h2 class=\"excerpt\">Sal\u00e1rio inicial para jornada de 40h \u00e9 de R$ 5,3 mil e de R$ 3,3 mil para 25h; as inscri\u00e7\u00f5es est\u00e3o abertas at\u00e9 3 de setembro<\/h2>\n<p>A Secretaria da Educa\u00e7\u00e3o do Estado de S\u00e3o Paulo (<a href=\"https:\/\/www.educacao.sp.gov.br\/institucional\/a-secretaria\/\" target=\"_blank\" rel=\"noopener noreferrer\">Seduc<\/a>) encerra domingo (3) as inscri\u00e7\u00f5es no processo seletivo simplificado para contrata\u00e7\u00e3o tempor\u00e1ria de professores para atuar no Itiner\u00e1rio Formativo de Ensino T\u00e9cnico do Ensino M\u00e9dio da rede estadual. As provas objetiva e discursiva acontecem em 15 de outubro.<\/p>\n<p>O processo seletivo, que inclui uma avalia\u00e7\u00e3o de t\u00edtulos (diplomas de forma\u00e7\u00e3o e experi\u00eancia profissional), destina-se \u00e0 forma\u00e7\u00e3o de cadastro, n\u00e3o havendo um n\u00famero de vagas determinado. Cerca de 1.200 escolas em todas as 91 Diretorias de Ensino da rede estadual paulista ter\u00e3o turmas de ensino t\u00e9cnico em 2024.<\/p>\n<p>\u201cEspera-se do professor de educa\u00e7\u00e3o profissional t\u00e9cnica de n\u00edvel m\u00e9dio uma forma\u00e7\u00e3o s\u00f3lida na sua \u00e1rea de atua\u00e7\u00e3o e dom\u00ednio dos conhecimentos pedag\u00f3gicos e did\u00e1ticos. Experi\u00eancia profissional na \u00e1rea que ensina \u00e9 um grande diferencial. Haver\u00e1 demanda de contrata\u00e7\u00e3o de profissionais de \u00e1reas t\u00e3o diversas quanto administra\u00e7\u00e3o, tecnologia da informa\u00e7\u00e3o, agroneg\u00f3cio, sa\u00fade, hotelaria e log\u00edstica\u201d, explica o secret\u00e1rio da Educa\u00e7\u00e3o,\u00a0<a href=\"https:\/\/www.saopaulo.sp.gov.br\/orgaos-e-entidades\/secretarias\/educacao\/\" target=\"_blank\" rel=\"noopener noreferrer\">Renato Feder<\/a>.<\/p>\n<p>Os selecionados v\u00e3o ministrar aulas presenciais aos estudantes da educa\u00e7\u00e3o profissional t\u00e9cnica de Ensino M\u00e9dio da rede p\u00fablica estadual de ensino, conforme sua habilita\u00e7\u00e3o de n\u00edvel superior e os grupos correspondentes de forma\u00e7\u00e3o para os quais a habilita\u00e7\u00e3o \u00e9 aceita.<\/p>\n<p>Os interessados em atuar como docente da educa\u00e7\u00e3o profissional t\u00e9cnica devem atender a um dos requisitos:<\/p>\n<p>\u2013 Ter licenciatura ou equivalente em cursos para forma\u00e7\u00e3o pedag\u00f3gica para graduados n\u00e3o licenciados, de acordo com legisla\u00e7\u00e3o e normas vigentes \u00e0 \u00e9poca da gradua\u00e7\u00e3o;<\/p>\n<p>\u2013 Ser graduado no componente curricular, portador de certificado de especializa\u00e7\u00e3o lato sensu, com no m\u00ednimo 120h de conte\u00fados program\u00e1ticos dedicados \u00e0 forma\u00e7\u00e3o pedag\u00f3gica;<\/p>\n<p>\u2013 Ser graduado no componente curricular ou na \u00e1rea do curso.<\/p>\n<p>Na inscri\u00e7\u00e3o, o candidato deve escolher uma Diretoria de Ensino de sua prefer\u00eancia, entre as 91 de todo o estado.<\/p>\n<p>O processo seletivo ser\u00e1 realizado considerando-se seis eixos de prova: Gest\u00e3o e Neg\u00f3cios; Ambiente e Sa\u00fade; Desenvolvimento Educacional e Social; Turismo, Hospitalidade e Lazer; Informa\u00e7\u00e3o e Comunica\u00e7\u00e3o e Recursos Naturais.<\/p>\n<p>Os professores ser\u00e3o contratados para dar aulas em 10 cursos t\u00e9cnicos diferentes: administra\u00e7\u00e3o, agroneg\u00f3cio, ci\u00eancia de dados, desenvolvimento de sistemas, apoio pedag\u00f3gico na educa\u00e7\u00e3o b\u00e1sica, enfermagem, farm\u00e1cia, hospedagem, log\u00edstica e vendas.<\/p>\n<p>A remunera\u00e7\u00e3o dos professores selecionados ser\u00e1 de R$ 5,3 mil para jornada de 40 horas semanais e de R$ 3,3 mil para jornada de 25 horas semanais. Excepcionalmente, professores poder\u00e3o ser contratados para carga hor\u00e1ria menor.<\/p>\n<p>Na inscri\u00e7\u00e3o, os candidatos devem optar por uma das 77 cidades onde as provas ser\u00e3o aplicadas e escolher uma das Diretorias de Ensino em que deseja atuar. A taxa de inscri\u00e7\u00e3o \u00e9 de R$ 50,90.<\/p>\n<p>O edital e a inscri\u00e7\u00e3o est\u00e3o dispon\u00edveis no endere\u00e7o:\u00a0<a href=\"https:\/\/conhecimento.fgv.br\/concursos\/seducsp23\" target=\"_blank\" rel=\"noopener noreferrer\">https:\/\/conhecimento.fgv.br\/concursos\/seducsp23<\/a>.<\/p>\n<p>Fonte: SP Not\u00edcias<\/p>\n","protected":false},"excerpt":{"rendered":"<p>Sal\u00e1rio inicial para jornada de 40h \u00e9 de R$ 5,3 mil e de R$ 3,3 mil para 25h; as inscri\u00e7\u00f5es est\u00e3o abertas at\u00e9 3 de setembro<span class=\"excerpt-hellip\"> [\u2026]<\/span><\/p>\n","protected":false},"author":10,"featured_media":37269,"comment_status":"open","ping_status":"open","sticky":false,"template":"","format":"standard","meta":{"_jetpack_memberships_contains_paid_content":false,"footnotes":"","jetpack_publicize_message":"","jetpack_publicize_feature_enabled":true,"jetpack_social_post_already_shared":false,"jetpack_social_options":{"image_generator_settings":{"template":"highway","default_image_id":0,"enabled":false},"version":2}},"categories":[28,44],"tags":[],"class_list":["post-37268","post","type-post","status-publish","format-standard","has-post-thumbnail","hentry","category-cotidiano","category-noticias"],"yoast_head":"<!-- This site is optimized with the Yoast SEO plugin v25.6 - https:\/\/yoast.com\/wordpress\/plugins\/seo\/ -->\n<title>Professores t\u00eam at\u00e9 domingo (3) para se inscreverem em sele\u00e7\u00e3o para contrata\u00e7\u00e3o - VerdadeOn<\/title>\n<meta name=\"robots\" content=\"index, follow, max-snippet:-1, max-image-preview:large, max-video-preview:-1\" \/>\n<link rel=\"canonical\" href=\"https:\/\/verdadeon.com.br\/portal\/2023\/08\/31\/professores-tem-ate-domingo-3-para-se-inscreverem-em-selecao-para-contratacao\/\" \/>\n<meta property=\"og:locale\" content=\"pt_BR\" \/>\n<meta property=\"og:type\" content=\"article\" \/>\n<meta property=\"og:title\" content=\"Professores t\u00eam at\u00e9 domingo (3) para se inscreverem em sele\u00e7\u00e3o para contrata\u00e7\u00e3o - VerdadeOn\" \/>\n<meta property=\"og:description\" content=\"Sal\u00e1rio inicial para jornada de 40h \u00e9 de R$ 5,3 mil e de R$ 3,3 mil para 25h; as inscri\u00e7\u00f5es est\u00e3o abertas at\u00e9 3 de setembro [\u2026]\" \/>\n<meta property=\"og:url\" content=\"https:\/\/verdadeon.com.br\/portal\/2023\/08\/31\/professores-tem-ate-domingo-3-para-se-inscreverem-em-selecao-para-contratacao\/\" \/>\n<meta property=\"og:site_name\" content=\"VerdadeOn\" \/>\n<meta property=\"article:published_time\" content=\"2023-08-31T18:05:34+00:00\" \/>\n<meta property=\"article:modified_time\" content=\"2023-08-31T18:18:57+00:00\" \/>\n<meta property=\"og:image\" content=\"https:\/\/verdadeon.com.br\/portal\/wp-content\/uploads\/2023\/08\/52395581846_fe9aefbbfb_o-2-2-scaled-e1692890327178.jpg\" \/>\n\t<meta property=\"og:image:width\" content=\"592\" \/>\n\t<meta property=\"og:image:height\" content=\"397\" \/>\n\t<meta property=\"og:image:type\" content=\"image\/jpeg\" \/>\n<meta name=\"author\" content=\"Redacao VerdadeOn\" \/>\n<meta name=\"twitter:card\" content=\"summary_large_image\" \/>\n<meta name=\"twitter:label1\" content=\"Escrito por\" \/>\n\t<meta name=\"twitter:data1\" content=\"Redacao VerdadeOn\" \/>\n\t<meta name=\"twitter:label2\" content=\"Est. tempo de leitura\" \/>\n\t<meta name=\"twitter:data2\" content=\"3 minutos\" \/>\n<script type=\"application\/ld+json\" class=\"yoast-schema-graph\">{\"@context\":\"https:\/\/schema.org\",\"@graph\":[{\"@type\":\"WebPage\",\"@id\":\"https:\/\/verdadeon.com.br\/portal\/2023\/08\/31\/professores-tem-ate-domingo-3-para-se-inscreverem-em-selecao-para-contratacao\/\",\"url\":\"https:\/\/verdadeon.com.br\/portal\/2023\/08\/31\/professores-tem-ate-domingo-3-para-se-inscreverem-em-selecao-para-contratacao\/\",\"name\":\"Professores t\u00eam at\u00e9 domingo (3) para se inscreverem em sele\u00e7\u00e3o para contrata\u00e7\u00e3o - VerdadeOn\",\"isPartOf\":{\"@id\":\"https:\/\/verdadeon.com.br\/portal\/#website\"},\"primaryImageOfPage\":{\"@id\":\"https:\/\/verdadeon.com.br\/portal\/2023\/08\/31\/professores-tem-ate-domingo-3-para-se-inscreverem-em-selecao-para-contratacao\/#primaryimage\"},\"image\":{\"@id\":\"https:\/\/verdadeon.com.br\/portal\/2023\/08\/31\/professores-tem-ate-domingo-3-para-se-inscreverem-em-selecao-para-contratacao\/#primaryimage\"},\"thumbnailUrl\":\"https:\/\/i0.wp.com\/verdadeon.com.br\/portal\/wp-content\/uploads\/2023\/08\/52395581846_fe9aefbbfb_o-2-2-scaled-e1692890327178.jpg?fit=592%2C397&ssl=1\",\"datePublished\":\"2023-08-31T18:05:34+00:00\",\"dateModified\":\"2023-08-31T18:18:57+00:00\",\"author\":{\"@id\":\"https:\/\/verdadeon.com.br\/portal\/#\/schema\/person\/a5060ad1e9ea3df545188fc93ce43d2f\"},\"breadcrumb\":{\"@id\":\"https:\/\/verdadeon.com.br\/portal\/2023\/08\/31\/professores-tem-ate-domingo-3-para-se-inscreverem-em-selecao-para-contratacao\/#breadcrumb\"},\"inLanguage\":\"pt-BR\",\"potentialAction\":[{\"@type\":\"ReadAction\",\"target\":[\"https:\/\/verdadeon.com.br\/portal\/2023\/08\/31\/professores-tem-ate-domingo-3-para-se-inscreverem-em-selecao-para-contratacao\/\"]}]},{\"@type\":\"ImageObject\",\"inLanguage\":\"pt-BR\",\"@id\":\"https:\/\/verdadeon.com.br\/portal\/2023\/08\/31\/professores-tem-ate-domingo-3-para-se-inscreverem-em-selecao-para-contratacao\/#primaryimage\",\"url\":\"https:\/\/i0.wp.com\/verdadeon.com.br\/portal\/wp-content\/uploads\/2023\/08\/52395581846_fe9aefbbfb_o-2-2-scaled-e1692890327178.jpg?fit=592%2C397&ssl=1\",\"contentUrl\":\"https:\/\/i0.wp.com\/verdadeon.com.br\/portal\/wp-content\/uploads\/2023\/08\/52395581846_fe9aefbbfb_o-2-2-scaled-e1692890327178.jpg?fit=592%2C397&ssl=1\",\"width\":592,\"height\":397,\"caption\":\"Os professores contratados ir\u00e3o ministrar aulas presenciais aos estudantes da educa\u00e7\u00e3o profissional t\u00e9cnica de Ensino M\u00e9dio da rede estadual (\u00a9SP Not\u00edcias)\"},{\"@type\":\"BreadcrumbList\",\"@id\":\"https:\/\/verdadeon.com.br\/portal\/2023\/08\/31\/professores-tem-ate-domingo-3-para-se-inscreverem-em-selecao-para-contratacao\/#breadcrumb\",\"itemListElement\":[{\"@type\":\"ListItem\",\"position\":1,\"name\":\"In\u00edcio\",\"item\":\"https:\/\/verdadeon.com.br\/portal\/\"},{\"@type\":\"ListItem\",\"position\":2,\"name\":\"Professores t\u00eam at\u00e9 domingo (3) para se inscreverem em sele\u00e7\u00e3o para contrata\u00e7\u00e3o\"}]},{\"@type\":\"WebSite\",\"@id\":\"https:\/\/verdadeon.com.br\/portal\/#website\",\"url\":\"https:\/\/verdadeon.com.br\/portal\/\",\"name\":\"VerdadeOn\",\"description\":\"Not\u00edcias di\u00e1rias sobre Franca, Regi\u00e3o, Esporte, Cultura, Cotidiano, Colunas. Cobertura nos principais eventos da cidade \u00e9 aqui - Verdadeon Franca\",\"potentialAction\":[{\"@type\":\"SearchAction\",\"target\":{\"@type\":\"EntryPoint\",\"urlTemplate\":\"https:\/\/verdadeon.com.br\/portal\/?s={search_term_string}\"},\"query-input\":{\"@type\":\"PropertyValueSpecification\",\"valueRequired\":true,\"valueName\":\"search_term_string\"}}],\"inLanguage\":\"pt-BR\"},{\"@type\":\"Person\",\"@id\":\"https:\/\/verdadeon.com.br\/portal\/#\/schema\/person\/a5060ad1e9ea3df545188fc93ce43d2f\",\"name\":\"Redacao VerdadeOn\",\"image\":{\"@type\":\"ImageObject\",\"inLanguage\":\"pt-BR\",\"@id\":\"https:\/\/verdadeon.com.br\/portal\/#\/schema\/person\/image\/\",\"url\":\"https:\/\/secure.gravatar.com\/avatar\/459a9613caaaf07f582c3d0841eea68bdd66f533e465e6ba8b9cb45619572cf4?s=96&d=mm&r=g\",\"contentUrl\":\"https:\/\/secure.gravatar.com\/avatar\/459a9613caaaf07f582c3d0841eea68bdd66f533e465e6ba8b9cb45619572cf4?s=96&d=mm&r=g\",\"caption\":\"Redacao VerdadeOn\"},\"url\":\"https:\/\/verdadeon.com.br\/portal\/author\/redacao\/\"}]}<\/script>\n<!-- \/ Yoast SEO plugin. -->","yoast_head_json":{"title":"Professores t\u00eam at\u00e9 domingo (3) para se inscreverem em sele\u00e7\u00e3o para contrata\u00e7\u00e3o - VerdadeOn","robots":{"index":"index","follow":"follow","max-snippet":"max-snippet:-1","max-image-preview":"max-image-preview:large","max-video-preview":"max-video-preview:-1"},"canonical":"https:\/\/verdadeon.com.br\/portal\/2023\/08\/31\/professores-tem-ate-domingo-3-para-se-inscreverem-em-selecao-para-contratacao\/","og_locale":"pt_BR","og_type":"article","og_title":"Professores t\u00eam at\u00e9 domingo (3) para se inscreverem em sele\u00e7\u00e3o para contrata\u00e7\u00e3o - VerdadeOn","og_description":"Sal\u00e1rio inicial para jornada de 40h \u00e9 de R$ 5,3 mil e de R$ 3,3 mil para 25h; as inscri\u00e7\u00f5es est\u00e3o abertas at\u00e9 3 de setembro [\u2026]","og_url":"https:\/\/verdadeon.com.br\/portal\/2023\/08\/31\/professores-tem-ate-domingo-3-para-se-inscreverem-em-selecao-para-contratacao\/","og_site_name":"VerdadeOn","article_published_time":"2023-08-31T18:05:34+00:00","article_modified_time":"2023-08-31T18:18:57+00:00","og_image":[{"width":592,"height":397,"url":"https:\/\/verdadeon.com.br\/portal\/wp-content\/uploads\/2023\/08\/52395581846_fe9aefbbfb_o-2-2-scaled-e1692890327178.jpg","type":"image\/jpeg"}],"author":"Redacao VerdadeOn","twitter_card":"summary_large_image","twitter_misc":{"Escrito por":"Redacao VerdadeOn","Est. tempo de leitura":"3 minutos"},"schema":{"@context":"https:\/\/schema.org","@graph":[{"@type":"WebPage","@id":"https:\/\/verdadeon.com.br\/portal\/2023\/08\/31\/professores-tem-ate-domingo-3-para-se-inscreverem-em-selecao-para-contratacao\/","url":"https:\/\/verdadeon.com.br\/portal\/2023\/08\/31\/professores-tem-ate-domingo-3-para-se-inscreverem-em-selecao-para-contratacao\/","name":"Professores t\u00eam at\u00e9 domingo (3) para se inscreverem em sele\u00e7\u00e3o para contrata\u00e7\u00e3o - VerdadeOn","isPartOf":{"@id":"https:\/\/verdadeon.com.br\/portal\/#website"},"primaryImageOfPage":{"@id":"https:\/\/verdadeon.com.br\/portal\/2023\/08\/31\/professores-tem-ate-domingo-3-para-se-inscreverem-em-selecao-para-contratacao\/#primaryimage"},"image":{"@id":"https:\/\/verdadeon.com.br\/portal\/2023\/08\/31\/professores-tem-ate-domingo-3-para-se-inscreverem-em-selecao-para-contratacao\/#primaryimage"},"thumbnailUrl":"https:\/\/i0.wp.com\/verdadeon.com.br\/portal\/wp-content\/uploads\/2023\/08\/52395581846_fe9aefbbfb_o-2-2-scaled-e1692890327178.jpg?fit=592%2C397&ssl=1","datePublished":"2023-08-31T18:05:34+00:00","dateModified":"2023-08-31T18:18:57+00:00","author":{"@id":"https:\/\/verdadeon.com.br\/portal\/#\/schema\/person\/a5060ad1e9ea3df545188fc93ce43d2f"},"breadcrumb":{"@id":"https:\/\/verdadeon.com.br\/portal\/2023\/08\/31\/professores-tem-ate-domingo-3-para-se-inscreverem-em-selecao-para-contratacao\/#breadcrumb"},"inLanguage":"pt-BR","potentialAction":[{"@type":"ReadAction","target":["https:\/\/verdadeon.com.br\/portal\/2023\/08\/31\/professores-tem-ate-domingo-3-para-se-inscreverem-em-selecao-para-contratacao\/"]}]},{"@type":"ImageObject","inLanguage":"pt-BR","@id":"https:\/\/verdadeon.com.br\/portal\/2023\/08\/31\/professores-tem-ate-domingo-3-para-se-inscreverem-em-selecao-para-contratacao\/#primaryimage","url":"https:\/\/i0.wp.com\/verdadeon.com.br\/portal\/wp-content\/uploads\/2023\/08\/52395581846_fe9aefbbfb_o-2-2-scaled-e1692890327178.jpg?fit=592%2C397&ssl=1","contentUrl":"https:\/\/i0.wp.com\/verdadeon.com.br\/portal\/wp-content\/uploads\/2023\/08\/52395581846_fe9aefbbfb_o-2-2-scaled-e1692890327178.jpg?fit=592%2C397&ssl=1","width":592,"height":397,"caption":"Os professores contratados ir\u00e3o ministrar aulas presenciais aos estudantes da educa\u00e7\u00e3o profissional t\u00e9cnica de Ensino M\u00e9dio da rede estadual (\u00a9SP Not\u00edcias)"},{"@type":"BreadcrumbList","@id":"https:\/\/verdadeon.com.br\/portal\/2023\/08\/31\/professores-tem-ate-domingo-3-para-se-inscreverem-em-selecao-para-contratacao\/#breadcrumb","itemListElement":[{"@type":"ListItem","position":1,"name":"In\u00edcio","item":"https:\/\/verdadeon.com.br\/portal\/"},{"@type":"ListItem","position":2,"name":"Professores t\u00eam at\u00e9 domingo (3) para se inscreverem em sele\u00e7\u00e3o para contrata\u00e7\u00e3o"}]},{"@type":"WebSite","@id":"https:\/\/verdadeon.com.br\/portal\/#website","url":"https:\/\/verdadeon.com.br\/portal\/","name":"VerdadeOn","description":"Not\u00edcias di\u00e1rias sobre Franca, Regi\u00e3o, Esporte, Cultura, Cotidiano, Colunas. Cobertura nos principais eventos da cidade \u00e9 aqui - Verdadeon Franca","potentialAction":[{"@type":"SearchAction","target":{"@type":"EntryPoint","urlTemplate":"https:\/\/verdadeon.com.br\/portal\/?s={search_term_string}"},"query-input":{"@type":"PropertyValueSpecification","valueRequired":true,"valueName":"search_term_string"}}],"inLanguage":"pt-BR"},{"@type":"Person","@id":"https:\/\/verdadeon.com.br\/portal\/#\/schema\/person\/a5060ad1e9ea3df545188fc93ce43d2f","name":"Redacao VerdadeOn","image":{"@type":"ImageObject","inLanguage":"pt-BR","@id":"https:\/\/verdadeon.com.br\/portal\/#\/schema\/person\/image\/","url":"https:\/\/secure.gravatar.com\/avatar\/459a9613caaaf07f582c3d0841eea68bdd66f533e465e6ba8b9cb45619572cf4?s=96&d=mm&r=g","contentUrl":"https:\/\/secure.gravatar.com\/avatar\/459a9613caaaf07f582c3d0841eea68bdd66f533e465e6ba8b9cb45619572cf4?s=96&d=mm&r=g","caption":"Redacao VerdadeOn"},"url":"https:\/\/verdadeon.com.br\/portal\/author\/redacao\/"}]}},"jetpack_publicize_connections":[],"jetpack_featured_media_url":"https:\/\/i0.wp.com\/verdadeon.com.br\/portal\/wp-content\/uploads\/2023\/08\/52395581846_fe9aefbbfb_o-2-2-scaled-e1692890327178.jpg?fit=592%2C397&ssl=1","jetpack_sharing_enabled":true,"_links":{"self":[{"href":"https:\/\/verdadeon.com.br\/portal\/wp-json\/wp\/v2\/posts\/37268","targetHints":{"allow":["GET"]}}],"collection":[{"href":"https:\/\/verdadeon.com.br\/portal\/wp-json\/wp\/v2\/posts"}],"about":[{"href":"https:\/\/verdadeon.com.br\/portal\/wp-json\/wp\/v2\/types\/post"}],"author":[{"embeddable":true,"href":"https:\/\/verdadeon.com.br\/portal\/wp-json\/wp\/v2\/users\/10"}],"replies":[{"embeddable":true,"href":"https:\/\/verdadeon.com.br\/portal\/wp-json\/wp\/v2\/comments?post=37268"}],"version-history":[{"count":1,"href":"https:\/\/verdadeon.com.br\/portal\/wp-json\/wp\/v2\/posts\/37268\/revisions"}],"predecessor-version":[{"id":37270,"href":"https:\/\/verdadeon.com.br\/portal\/wp-json\/wp\/v2\/posts\/37268\/revisions\/37270"}],"wp:featuredmedia":[{"embeddable":true,"href":"https:\/\/verdadeon.com.br\/portal\/wp-json\/wp\/v2\/media\/37269"}],"wp:attachment":[{"href":"https:\/\/verdadeon.com.br\/portal\/wp-json\/wp\/v2\/media?parent=37268"}],"wp:term":[{"taxonomy":"category","embeddable":true,"href":"https:\/\/verdadeon.com.br\/portal\/wp-json\/wp\/v2\/categories?post=37268"},{"taxonomy":"post_tag","embeddable":true,"href":"https:\/\/verdadeon.com.br\/portal\/wp-json\/wp\/v2\/tags?post=37268"}],"curies":[{"name":"wp","href":"https:\/\/api.w.org\/{rel}","templated":true}]}}