{"id":37257,"date":"2023-08-31T14:18:06","date_gmt":"2023-08-31T17:18:06","guid":{"rendered":"https:\/\/verdadeon.com.br\/portal\/?p=37257"},"modified":"2023-08-31T14:23:50","modified_gmt":"2023-08-31T17:23:50","slug":"duplicacao-da-avenida-geralda-rocha-silva-recebe-postes-de-iluminacao","status":"publish","type":"post","link":"https:\/\/verdadeon.com.br\/portal\/2023\/08\/31\/duplicacao-da-avenida-geralda-rocha-silva-recebe-postes-de-iluminacao\/","title":{"rendered":"Duplica\u00e7\u00e3o da Avenida Geralda Rocha Silva recebe postes de ilumina\u00e7\u00e3o"},"content":{"rendered":"<h2>Via ser\u00e1 transformada numa das principais liga\u00e7\u00f5es, interligando o Jardim Tropical a alguns bairros do Setor Oeste da cidade<\/h2>\n<p>As obras da Avenida Geralda Rocha Silva, no Jardim Tropical, Regi\u00e3o Norte da cidade, est\u00e3o em fase de duplica\u00e7\u00e3o em uma das pistas e a instala\u00e7\u00e3o dos primeiros postes de ilumina\u00e7\u00e3o p\u00fablica. Os servi\u00e7os s\u00e3o acompanhados pelos t\u00e9cnicos da Secretaria de Infraestrutura. Essa via ser\u00e1 transformada numa das principais liga\u00e7\u00f5es interligando, al\u00e9m do Jardim Tropical, os bairros adjacentes como Leporace e Portinari, com o Residencial Meirelles a outros existentes no Setor Oeste da cidade, totalizando mais de 1,5 km de obras, nas duas pistas.<\/p>\n<p>A Prefeitura est\u00e1 com duas obras vi\u00e1rias importantes em andamento, a do Tropical e do Jardim Aeroporto I, na Avenida Euclides Vieira Coelho. No Jardim Tropical, um trecho est\u00e1 com todo o sistema de galerias executado e o asfaltamento sendo conclu\u00eddo, enquanto a empresa respons\u00e1vel segue na implanta\u00e7\u00e3o de guias e sarjetas na parte restante.<\/p>\n<p>Est\u00e3o sendo instalados os novos postes e respectivas lumin\u00e1rias, o que vai melhorar a visibilidade e condi\u00e7\u00f5es de seguran\u00e7a dos usu\u00e1rios e moradores das proximidades.<\/p>\n<p>De acordo com a Secretaria de Infraestrutura, que faz esse monitoramento dos trabalhos, o asfalto da pista j\u00e1 existente come\u00e7ou a ser removido. Em breve, estar\u00e3o sendo preparados os canteiros que separam as duas pistas e urbanizado o c\u00edrculo central da rotat\u00f3ria projetada no final da via, na altura da interliga\u00e7\u00e3o com o Residencial Meirelles. A previs\u00e3o \u00e9 que os servi\u00e7os sejam conclu\u00eddos na primeira quinzena de outubro.<\/p>\n<p><b>&#8220;Nossa Rua&#8221;<\/b><\/p>\n<p>Al\u00e9m da abertura e asfaltamento destas duas importantes avenidas, a Prefeitura segue trabalhando na Avenida Sidney Romeu de Andrade, atendendo a um desejo antigo dos moradores daquele setor da cidade. \u00a0Essas obras fazem parte do Programa \u201cNossa Rua\u201d, \u00a0resultado de uma parceria entre Prefeitura e Governo do Estado de S\u00e3o Paulo. Al\u00e9m desse local, as benfeitorias ser\u00e3o levadas para outros bairros da cidade.<\/p>\n<p>Pelo menos, mais sete vias receber\u00e3o as melhorias: rua Maria Patroc\u00ednia de Carvalho (Vila Rezende); rua L\u00e1zara Arlinda Lima de Almeida (Residencial S\u00e3o Domingos); rua Jos\u00e9 Joaquim da Rocha (Jardim Redentor); rua Adalvo Pereira de Moraes (Residencial Peres Elias); rua Saturnino Fernandes (Parque S\u00e3o Jorge); rua Dezoito (Residencial S\u00e3o Domingos) e rua Trist\u00e3o de Almeida (Distrito Industrial).<\/p>\n","protected":false},"excerpt":{"rendered":"<p>Via ser\u00e1 transformada numa das principais liga\u00e7\u00f5es, interligando o Jardim Tropical a alguns bairros do Setor Oeste da cidade As obras da Avenida Geralda Rocha Silva,<span class=\"excerpt-hellip\"> [\u2026]<\/span><\/p>\n","protected":false},"author":10,"featured_media":37258,"comment_status":"open","ping_status":"open","sticky":false,"template":"","format":"standard","meta":{"_jetpack_memberships_contains_paid_content":false,"footnotes":"","jetpack_publicize_message":"","jetpack_publicize_feature_enabled":true,"jetpack_social_post_already_shared":false,"jetpack_social_options":{"image_generator_settings":{"template":"highway","default_image_id":0,"enabled":false},"version":2}},"categories":[28,44],"tags":[],"class_list":["post-37257","post","type-post","status-publish","format-standard","has-post-thumbnail","hentry","category-cotidiano","category-noticias"],"yoast_head":"<!-- This site is optimized with the Yoast SEO plugin v25.6 - https:\/\/yoast.com\/wordpress\/plugins\/seo\/ -->\n<title>Duplica\u00e7\u00e3o da Avenida Geralda Rocha Silva recebe postes de ilumina\u00e7\u00e3o - VerdadeOn<\/title>\n<meta name=\"robots\" content=\"index, follow, max-snippet:-1, max-image-preview:large, max-video-preview:-1\" \/>\n<link rel=\"canonical\" href=\"https:\/\/verdadeon.com.br\/portal\/2023\/08\/31\/duplicacao-da-avenida-geralda-rocha-silva-recebe-postes-de-iluminacao\/\" \/>\n<meta property=\"og:locale\" content=\"pt_BR\" \/>\n<meta property=\"og:type\" content=\"article\" \/>\n<meta property=\"og:title\" content=\"Duplica\u00e7\u00e3o da Avenida Geralda Rocha Silva recebe postes de ilumina\u00e7\u00e3o - VerdadeOn\" \/>\n<meta property=\"og:description\" content=\"Via ser\u00e1 transformada numa das principais liga\u00e7\u00f5es, interligando o Jardim Tropical a alguns bairros do Setor Oeste da cidade As obras da Avenida Geralda Rocha Silva, [\u2026]\" \/>\n<meta property=\"og:url\" content=\"https:\/\/verdadeon.com.br\/portal\/2023\/08\/31\/duplicacao-da-avenida-geralda-rocha-silva-recebe-postes-de-iluminacao\/\" \/>\n<meta property=\"og:site_name\" content=\"VerdadeOn\" \/>\n<meta property=\"article:published_time\" content=\"2023-08-31T17:18:06+00:00\" \/>\n<meta property=\"article:modified_time\" content=\"2023-08-31T17:23:50+00:00\" \/>\n<meta property=\"og:image\" content=\"https:\/\/verdadeon.com.br\/portal\/wp-content\/uploads\/2023\/08\/DSC_4089-scaled.jpg\" \/>\n\t<meta property=\"og:image:width\" content=\"2560\" \/>\n\t<meta property=\"og:image:height\" content=\"1715\" \/>\n\t<meta property=\"og:image:type\" content=\"image\/jpeg\" \/>\n<meta name=\"author\" content=\"Redacao VerdadeOn\" \/>\n<meta name=\"twitter:card\" content=\"summary_large_image\" \/>\n<meta name=\"twitter:label1\" content=\"Escrito por\" \/>\n\t<meta name=\"twitter:data1\" content=\"Redacao VerdadeOn\" \/>\n\t<meta name=\"twitter:label2\" content=\"Est. tempo de leitura\" \/>\n\t<meta name=\"twitter:data2\" content=\"3 minutos\" \/>\n<script type=\"application\/ld+json\" class=\"yoast-schema-graph\">{\"@context\":\"https:\/\/schema.org\",\"@graph\":[{\"@type\":\"WebPage\",\"@id\":\"https:\/\/verdadeon.com.br\/portal\/2023\/08\/31\/duplicacao-da-avenida-geralda-rocha-silva-recebe-postes-de-iluminacao\/\",\"url\":\"https:\/\/verdadeon.com.br\/portal\/2023\/08\/31\/duplicacao-da-avenida-geralda-rocha-silva-recebe-postes-de-iluminacao\/\",\"name\":\"Duplica\u00e7\u00e3o da Avenida Geralda Rocha Silva recebe postes de ilumina\u00e7\u00e3o - VerdadeOn\",\"isPartOf\":{\"@id\":\"https:\/\/verdadeon.com.br\/portal\/#website\"},\"primaryImageOfPage\":{\"@id\":\"https:\/\/verdadeon.com.br\/portal\/2023\/08\/31\/duplicacao-da-avenida-geralda-rocha-silva-recebe-postes-de-iluminacao\/#primaryimage\"},\"image\":{\"@id\":\"https:\/\/verdadeon.com.br\/portal\/2023\/08\/31\/duplicacao-da-avenida-geralda-rocha-silva-recebe-postes-de-iluminacao\/#primaryimage\"},\"thumbnailUrl\":\"https:\/\/i0.wp.com\/verdadeon.com.br\/portal\/wp-content\/uploads\/2023\/08\/DSC_4089-scaled.jpg?fit=2560%2C1715&ssl=1\",\"datePublished\":\"2023-08-31T17:18:06+00:00\",\"dateModified\":\"2023-08-31T17:23:50+00:00\",\"author\":{\"@id\":\"https:\/\/verdadeon.com.br\/portal\/#\/schema\/person\/a5060ad1e9ea3df545188fc93ce43d2f\"},\"breadcrumb\":{\"@id\":\"https:\/\/verdadeon.com.br\/portal\/2023\/08\/31\/duplicacao-da-avenida-geralda-rocha-silva-recebe-postes-de-iluminacao\/#breadcrumb\"},\"inLanguage\":\"pt-BR\",\"potentialAction\":[{\"@type\":\"ReadAction\",\"target\":[\"https:\/\/verdadeon.com.br\/portal\/2023\/08\/31\/duplicacao-da-avenida-geralda-rocha-silva-recebe-postes-de-iluminacao\/\"]}]},{\"@type\":\"ImageObject\",\"inLanguage\":\"pt-BR\",\"@id\":\"https:\/\/verdadeon.com.br\/portal\/2023\/08\/31\/duplicacao-da-avenida-geralda-rocha-silva-recebe-postes-de-iluminacao\/#primaryimage\",\"url\":\"https:\/\/i0.wp.com\/verdadeon.com.br\/portal\/wp-content\/uploads\/2023\/08\/DSC_4089-scaled.jpg?fit=2560%2C1715&ssl=1\",\"contentUrl\":\"https:\/\/i0.wp.com\/verdadeon.com.br\/portal\/wp-content\/uploads\/2023\/08\/DSC_4089-scaled.jpg?fit=2560%2C1715&ssl=1\",\"width\":2560,\"height\":1715,\"caption\":\"Servi\u00e7os s\u00e3o acompanhados pelos t\u00e9cnicos da Secretaria de Infraestrutura (\u00a9Divulga\u00e7\u00e3o)\"},{\"@type\":\"BreadcrumbList\",\"@id\":\"https:\/\/verdadeon.com.br\/portal\/2023\/08\/31\/duplicacao-da-avenida-geralda-rocha-silva-recebe-postes-de-iluminacao\/#breadcrumb\",\"itemListElement\":[{\"@type\":\"ListItem\",\"position\":1,\"name\":\"In\u00edcio\",\"item\":\"https:\/\/verdadeon.com.br\/portal\/\"},{\"@type\":\"ListItem\",\"position\":2,\"name\":\"Duplica\u00e7\u00e3o da Avenida Geralda Rocha Silva recebe postes de ilumina\u00e7\u00e3o\"}]},{\"@type\":\"WebSite\",\"@id\":\"https:\/\/verdadeon.com.br\/portal\/#website\",\"url\":\"https:\/\/verdadeon.com.br\/portal\/\",\"name\":\"VerdadeOn\",\"description\":\"Not\u00edcias di\u00e1rias sobre Franca, Regi\u00e3o, Esporte, Cultura, Cotidiano, Colunas. Cobertura nos principais eventos da cidade \u00e9 aqui - Verdadeon Franca\",\"potentialAction\":[{\"@type\":\"SearchAction\",\"target\":{\"@type\":\"EntryPoint\",\"urlTemplate\":\"https:\/\/verdadeon.com.br\/portal\/?s={search_term_string}\"},\"query-input\":{\"@type\":\"PropertyValueSpecification\",\"valueRequired\":true,\"valueName\":\"search_term_string\"}}],\"inLanguage\":\"pt-BR\"},{\"@type\":\"Person\",\"@id\":\"https:\/\/verdadeon.com.br\/portal\/#\/schema\/person\/a5060ad1e9ea3df545188fc93ce43d2f\",\"name\":\"Redacao VerdadeOn\",\"image\":{\"@type\":\"ImageObject\",\"inLanguage\":\"pt-BR\",\"@id\":\"https:\/\/verdadeon.com.br\/portal\/#\/schema\/person\/image\/\",\"url\":\"https:\/\/secure.gravatar.com\/avatar\/459a9613caaaf07f582c3d0841eea68bdd66f533e465e6ba8b9cb45619572cf4?s=96&d=mm&r=g\",\"contentUrl\":\"https:\/\/secure.gravatar.com\/avatar\/459a9613caaaf07f582c3d0841eea68bdd66f533e465e6ba8b9cb45619572cf4?s=96&d=mm&r=g\",\"caption\":\"Redacao VerdadeOn\"},\"url\":\"https:\/\/verdadeon.com.br\/portal\/author\/redacao\/\"}]}<\/script>\n<!-- \/ Yoast SEO plugin. -->","yoast_head_json":{"title":"Duplica\u00e7\u00e3o da Avenida Geralda Rocha Silva recebe postes de ilumina\u00e7\u00e3o - VerdadeOn","robots":{"index":"index","follow":"follow","max-snippet":"max-snippet:-1","max-image-preview":"max-image-preview:large","max-video-preview":"max-video-preview:-1"},"canonical":"https:\/\/verdadeon.com.br\/portal\/2023\/08\/31\/duplicacao-da-avenida-geralda-rocha-silva-recebe-postes-de-iluminacao\/","og_locale":"pt_BR","og_type":"article","og_title":"Duplica\u00e7\u00e3o da Avenida Geralda Rocha Silva recebe postes de ilumina\u00e7\u00e3o - VerdadeOn","og_description":"Via ser\u00e1 transformada numa das principais liga\u00e7\u00f5es, interligando o Jardim Tropical a alguns bairros do Setor Oeste da cidade As obras da Avenida Geralda Rocha Silva, [\u2026]","og_url":"https:\/\/verdadeon.com.br\/portal\/2023\/08\/31\/duplicacao-da-avenida-geralda-rocha-silva-recebe-postes-de-iluminacao\/","og_site_name":"VerdadeOn","article_published_time":"2023-08-31T17:18:06+00:00","article_modified_time":"2023-08-31T17:23:50+00:00","og_image":[{"width":2560,"height":1715,"url":"https:\/\/verdadeon.com.br\/portal\/wp-content\/uploads\/2023\/08\/DSC_4089-scaled.jpg","type":"image\/jpeg"}],"author":"Redacao VerdadeOn","twitter_card":"summary_large_image","twitter_misc":{"Escrito por":"Redacao VerdadeOn","Est. tempo de leitura":"3 minutos"},"schema":{"@context":"https:\/\/schema.org","@graph":[{"@type":"WebPage","@id":"https:\/\/verdadeon.com.br\/portal\/2023\/08\/31\/duplicacao-da-avenida-geralda-rocha-silva-recebe-postes-de-iluminacao\/","url":"https:\/\/verdadeon.com.br\/portal\/2023\/08\/31\/duplicacao-da-avenida-geralda-rocha-silva-recebe-postes-de-iluminacao\/","name":"Duplica\u00e7\u00e3o da Avenida Geralda Rocha Silva recebe postes de ilumina\u00e7\u00e3o - VerdadeOn","isPartOf":{"@id":"https:\/\/verdadeon.com.br\/portal\/#website"},"primaryImageOfPage":{"@id":"https:\/\/verdadeon.com.br\/portal\/2023\/08\/31\/duplicacao-da-avenida-geralda-rocha-silva-recebe-postes-de-iluminacao\/#primaryimage"},"image":{"@id":"https:\/\/verdadeon.com.br\/portal\/2023\/08\/31\/duplicacao-da-avenida-geralda-rocha-silva-recebe-postes-de-iluminacao\/#primaryimage"},"thumbnailUrl":"https:\/\/i0.wp.com\/verdadeon.com.br\/portal\/wp-content\/uploads\/2023\/08\/DSC_4089-scaled.jpg?fit=2560%2C1715&ssl=1","datePublished":"2023-08-31T17:18:06+00:00","dateModified":"2023-08-31T17:23:50+00:00","author":{"@id":"https:\/\/verdadeon.com.br\/portal\/#\/schema\/person\/a5060ad1e9ea3df545188fc93ce43d2f"},"breadcrumb":{"@id":"https:\/\/verdadeon.com.br\/portal\/2023\/08\/31\/duplicacao-da-avenida-geralda-rocha-silva-recebe-postes-de-iluminacao\/#breadcrumb"},"inLanguage":"pt-BR","potentialAction":[{"@type":"ReadAction","target":["https:\/\/verdadeon.com.br\/portal\/2023\/08\/31\/duplicacao-da-avenida-geralda-rocha-silva-recebe-postes-de-iluminacao\/"]}]},{"@type":"ImageObject","inLanguage":"pt-BR","@id":"https:\/\/verdadeon.com.br\/portal\/2023\/08\/31\/duplicacao-da-avenida-geralda-rocha-silva-recebe-postes-de-iluminacao\/#primaryimage","url":"https:\/\/i0.wp.com\/verdadeon.com.br\/portal\/wp-content\/uploads\/2023\/08\/DSC_4089-scaled.jpg?fit=2560%2C1715&ssl=1","contentUrl":"https:\/\/i0.wp.com\/verdadeon.com.br\/portal\/wp-content\/uploads\/2023\/08\/DSC_4089-scaled.jpg?fit=2560%2C1715&ssl=1","width":2560,"height":1715,"caption":"Servi\u00e7os s\u00e3o acompanhados pelos t\u00e9cnicos da Secretaria de Infraestrutura (\u00a9Divulga\u00e7\u00e3o)"},{"@type":"BreadcrumbList","@id":"https:\/\/verdadeon.com.br\/portal\/2023\/08\/31\/duplicacao-da-avenida-geralda-rocha-silva-recebe-postes-de-iluminacao\/#breadcrumb","itemListElement":[{"@type":"ListItem","position":1,"name":"In\u00edcio","item":"https:\/\/verdadeon.com.br\/portal\/"},{"@type":"ListItem","position":2,"name":"Duplica\u00e7\u00e3o da Avenida Geralda Rocha Silva recebe postes de ilumina\u00e7\u00e3o"}]},{"@type":"WebSite","@id":"https:\/\/verdadeon.com.br\/portal\/#website","url":"https:\/\/verdadeon.com.br\/portal\/","name":"VerdadeOn","description":"Not\u00edcias di\u00e1rias sobre Franca, Regi\u00e3o, Esporte, Cultura, Cotidiano, Colunas. Cobertura nos principais eventos da cidade \u00e9 aqui - Verdadeon Franca","potentialAction":[{"@type":"SearchAction","target":{"@type":"EntryPoint","urlTemplate":"https:\/\/verdadeon.com.br\/portal\/?s={search_term_string}"},"query-input":{"@type":"PropertyValueSpecification","valueRequired":true,"valueName":"search_term_string"}}],"inLanguage":"pt-BR"},{"@type":"Person","@id":"https:\/\/verdadeon.com.br\/portal\/#\/schema\/person\/a5060ad1e9ea3df545188fc93ce43d2f","name":"Redacao VerdadeOn","image":{"@type":"ImageObject","inLanguage":"pt-BR","@id":"https:\/\/verdadeon.com.br\/portal\/#\/schema\/person\/image\/","url":"https:\/\/secure.gravatar.com\/avatar\/459a9613caaaf07f582c3d0841eea68bdd66f533e465e6ba8b9cb45619572cf4?s=96&d=mm&r=g","contentUrl":"https:\/\/secure.gravatar.com\/avatar\/459a9613caaaf07f582c3d0841eea68bdd66f533e465e6ba8b9cb45619572cf4?s=96&d=mm&r=g","caption":"Redacao VerdadeOn"},"url":"https:\/\/verdadeon.com.br\/portal\/author\/redacao\/"}]}},"jetpack_publicize_connections":[],"jetpack_featured_media_url":"https:\/\/i0.wp.com\/verdadeon.com.br\/portal\/wp-content\/uploads\/2023\/08\/DSC_4089-scaled.jpg?fit=2560%2C1715&ssl=1","jetpack_sharing_enabled":true,"_links":{"self":[{"href":"https:\/\/verdadeon.com.br\/portal\/wp-json\/wp\/v2\/posts\/37257","targetHints":{"allow":["GET"]}}],"collection":[{"href":"https:\/\/verdadeon.com.br\/portal\/wp-json\/wp\/v2\/posts"}],"about":[{"href":"https:\/\/verdadeon.com.br\/portal\/wp-json\/wp\/v2\/types\/post"}],"author":[{"embeddable":true,"href":"https:\/\/verdadeon.com.br\/portal\/wp-json\/wp\/v2\/users\/10"}],"replies":[{"embeddable":true,"href":"https:\/\/verdadeon.com.br\/portal\/wp-json\/wp\/v2\/comments?post=37257"}],"version-history":[{"count":3,"href":"https:\/\/verdadeon.com.br\/portal\/wp-json\/wp\/v2\/posts\/37257\/revisions"}],"predecessor-version":[{"id":37261,"href":"https:\/\/verdadeon.com.br\/portal\/wp-json\/wp\/v2\/posts\/37257\/revisions\/37261"}],"wp:featuredmedia":[{"embeddable":true,"href":"https:\/\/verdadeon.com.br\/portal\/wp-json\/wp\/v2\/media\/37258"}],"wp:attachment":[{"href":"https:\/\/verdadeon.com.br\/portal\/wp-json\/wp\/v2\/media?parent=37257"}],"wp:term":[{"taxonomy":"category","embeddable":true,"href":"https:\/\/verdadeon.com.br\/portal\/wp-json\/wp\/v2\/categories?post=37257"},{"taxonomy":"post_tag","embeddable":true,"href":"https:\/\/verdadeon.com.br\/portal\/wp-json\/wp\/v2\/tags?post=37257"}],"curies":[{"name":"wp","href":"https:\/\/api.w.org\/{rel}","templated":true}]}}