{"id":37254,"date":"2023-08-31T14:13:06","date_gmt":"2023-08-31T17:13:06","guid":{"rendered":"https:\/\/verdadeon.com.br\/portal\/?p=37254"},"modified":"2023-08-31T14:13:06","modified_gmt":"2023-08-31T17:13:06","slug":"prefeitura-prepara-edital-para-inscricoes-de-artistas-da-lei-paulo-gustavo","status":"publish","type":"post","link":"https:\/\/verdadeon.com.br\/portal\/2023\/08\/31\/prefeitura-prepara-edital-para-inscricoes-de-artistas-da-lei-paulo-gustavo\/","title":{"rendered":"Prefeitura prepara edital para inscri\u00e7\u00f5es de artistas da Lei Paulo Gustavo"},"content":{"rendered":"<h2>Estimativa \u00e9 de que o edital seja publicado at\u00e9 o pr\u00f3ximo dia 4<\/h2>\n<p>A Prefeitura de Franca, atrav\u00e9s da FEAC (Funda\u00e7\u00e3o Esporte, Arte e Cultura) prepara o edital de abertura de inscri\u00e7\u00f5es para os artistas francanos pleitearem recursos para a execu\u00e7\u00e3o de propostas, por meio da Lei Paulo Gustavo. Ap\u00f3s a aprova\u00e7\u00e3o do projeto de lei, pela C\u00e2mara Municipal, autorizando a inclus\u00e3o destes recursos, na ordem de R$ 2,7 milh\u00f5es, na Lei de Diretrizes Or\u00e7ament\u00e1rias, a estimativa \u00e9 que o edital seja publicado no Di\u00e1rio Oficial at\u00e9 o pr\u00f3ximo dia 4.<\/p>\n<p>O prefeito Alexandre Ferreira informou nesta quarta-feira, 30, que todas as a\u00e7\u00f5es para o recebimento dos recursos e demais provid\u00eancias foram definidas e discutidas com o Conselho Municipal de Cultura. Foram realizadas sete audi\u00eancias p\u00fablicas abertas aos artistas e produtores culturais de Franca, onde definiram as faixas de subs\u00eddios e n\u00fameros de projetos, que devem estar nos editais e de acordo com os valores da lei federal. &#8220;Cabe a Prefeitura ouvir o Conselho de Cultura para implementar as a\u00e7\u00f5es necess\u00e1rias e dar todo o suporte aos artistas da nossa cidade, para que possam inscrever seus projetos e pleitearem os recursos dispon\u00edveis&#8221;, ressaltou o prefeito.<\/p>\n<p>Ainda, de acordo com ele, para auxiliar os artistas, que desejam se inscrever, ser\u00e1 montado um posto de informa\u00e7\u00f5es na Casa da Cultura e do Artista Francano &#8220;Abdias do Nascimento&#8221;, que fica na Centro.<\/p>\n<p>Os recursos ser\u00e3o aplicados, conforme as divis\u00f5es dos valores destinados para Franca, a partir do Plano de A\u00e7\u00e3o cadastrado no sistema do Governo Federal, atrav\u00e9s do Minist\u00e9rio da Cultura.<\/p>\n<p>A lei Paulo Gustavo, denominada em homenagem ao humorista, artista e ator que faleceu em 2021, foi criada para amenizar os preju\u00edzos do setor cultural causados pela pandemia. Os recursos ser\u00e3o destinados pelo Fundo Nacional da Cultura (FNC) para as produ\u00e7\u00f5es audiovisuais, salas de cinema, cineclubes, mostras, festivais e outros, por meio de editais, chamadas p\u00fablicas e premia\u00e7\u00f5es.<\/p>\n","protected":false},"excerpt":{"rendered":"<p>Estimativa \u00e9 de que o edital seja publicado at\u00e9 o pr\u00f3ximo dia 4 A Prefeitura de Franca, atrav\u00e9s da FEAC (Funda\u00e7\u00e3o Esporte, Arte e Cultura) prepara<span class=\"excerpt-hellip\"> [\u2026]<\/span><\/p>\n","protected":false},"author":10,"featured_media":37255,"comment_status":"open","ping_status":"open","sticky":false,"template":"","format":"standard","meta":{"_jetpack_memberships_contains_paid_content":false,"footnotes":"","jetpack_publicize_message":"","jetpack_publicize_feature_enabled":true,"jetpack_social_post_already_shared":false,"jetpack_social_options":{"image_generator_settings":{"template":"highway","default_image_id":0,"enabled":false},"version":2}},"categories":[28,44],"tags":[],"class_list":["post-37254","post","type-post","status-publish","format-standard","has-post-thumbnail","hentry","category-cotidiano","category-noticias"],"yoast_head":"<!-- This site is optimized with the Yoast SEO plugin v25.6 - https:\/\/yoast.com\/wordpress\/plugins\/seo\/ -->\n<title>Prefeitura prepara edital para inscri\u00e7\u00f5es de artistas da Lei Paulo Gustavo - VerdadeOn<\/title>\n<meta name=\"robots\" content=\"index, follow, max-snippet:-1, max-image-preview:large, max-video-preview:-1\" \/>\n<link rel=\"canonical\" href=\"https:\/\/verdadeon.com.br\/portal\/2023\/08\/31\/prefeitura-prepara-edital-para-inscricoes-de-artistas-da-lei-paulo-gustavo\/\" \/>\n<meta property=\"og:locale\" content=\"pt_BR\" \/>\n<meta property=\"og:type\" content=\"article\" \/>\n<meta property=\"og:title\" content=\"Prefeitura prepara edital para inscri\u00e7\u00f5es de artistas da Lei Paulo Gustavo - VerdadeOn\" \/>\n<meta property=\"og:description\" content=\"Estimativa \u00e9 de que o edital seja publicado at\u00e9 o pr\u00f3ximo dia 4 A Prefeitura de Franca, atrav\u00e9s da FEAC (Funda\u00e7\u00e3o Esporte, Arte e Cultura) prepara [\u2026]\" \/>\n<meta property=\"og:url\" content=\"https:\/\/verdadeon.com.br\/portal\/2023\/08\/31\/prefeitura-prepara-edital-para-inscricoes-de-artistas-da-lei-paulo-gustavo\/\" \/>\n<meta property=\"og:site_name\" content=\"VerdadeOn\" \/>\n<meta property=\"article:published_time\" content=\"2023-08-31T17:13:06+00:00\" \/>\n<meta property=\"og:image\" content=\"https:\/\/verdadeon.com.br\/portal\/wp-content\/uploads\/2023\/08\/mime-feminino-fazendo-um-quadro-de-mao-scaled.jpg\" \/>\n\t<meta property=\"og:image:width\" content=\"2560\" \/>\n\t<meta property=\"og:image:height\" content=\"1715\" \/>\n\t<meta property=\"og:image:type\" content=\"image\/jpeg\" \/>\n<meta name=\"author\" content=\"Redacao VerdadeOn\" \/>\n<meta name=\"twitter:card\" content=\"summary_large_image\" \/>\n<meta name=\"twitter:label1\" content=\"Escrito por\" \/>\n\t<meta name=\"twitter:data1\" content=\"Redacao VerdadeOn\" \/>\n\t<meta name=\"twitter:label2\" content=\"Est. tempo de leitura\" \/>\n\t<meta name=\"twitter:data2\" content=\"2 minutos\" \/>\n<script type=\"application\/ld+json\" class=\"yoast-schema-graph\">{\"@context\":\"https:\/\/schema.org\",\"@graph\":[{\"@type\":\"WebPage\",\"@id\":\"https:\/\/verdadeon.com.br\/portal\/2023\/08\/31\/prefeitura-prepara-edital-para-inscricoes-de-artistas-da-lei-paulo-gustavo\/\",\"url\":\"https:\/\/verdadeon.com.br\/portal\/2023\/08\/31\/prefeitura-prepara-edital-para-inscricoes-de-artistas-da-lei-paulo-gustavo\/\",\"name\":\"Prefeitura prepara edital para inscri\u00e7\u00f5es de artistas da Lei Paulo Gustavo - VerdadeOn\",\"isPartOf\":{\"@id\":\"https:\/\/verdadeon.com.br\/portal\/#website\"},\"primaryImageOfPage\":{\"@id\":\"https:\/\/verdadeon.com.br\/portal\/2023\/08\/31\/prefeitura-prepara-edital-para-inscricoes-de-artistas-da-lei-paulo-gustavo\/#primaryimage\"},\"image\":{\"@id\":\"https:\/\/verdadeon.com.br\/portal\/2023\/08\/31\/prefeitura-prepara-edital-para-inscricoes-de-artistas-da-lei-paulo-gustavo\/#primaryimage\"},\"thumbnailUrl\":\"https:\/\/i0.wp.com\/verdadeon.com.br\/portal\/wp-content\/uploads\/2023\/08\/mime-feminino-fazendo-um-quadro-de-mao-scaled.jpg?fit=2560%2C1715&ssl=1\",\"datePublished\":\"2023-08-31T17:13:06+00:00\",\"author\":{\"@id\":\"https:\/\/verdadeon.com.br\/portal\/#\/schema\/person\/a5060ad1e9ea3df545188fc93ce43d2f\"},\"breadcrumb\":{\"@id\":\"https:\/\/verdadeon.com.br\/portal\/2023\/08\/31\/prefeitura-prepara-edital-para-inscricoes-de-artistas-da-lei-paulo-gustavo\/#breadcrumb\"},\"inLanguage\":\"pt-BR\",\"potentialAction\":[{\"@type\":\"ReadAction\",\"target\":[\"https:\/\/verdadeon.com.br\/portal\/2023\/08\/31\/prefeitura-prepara-edital-para-inscricoes-de-artistas-da-lei-paulo-gustavo\/\"]}]},{\"@type\":\"ImageObject\",\"inLanguage\":\"pt-BR\",\"@id\":\"https:\/\/verdadeon.com.br\/portal\/2023\/08\/31\/prefeitura-prepara-edital-para-inscricoes-de-artistas-da-lei-paulo-gustavo\/#primaryimage\",\"url\":\"https:\/\/i0.wp.com\/verdadeon.com.br\/portal\/wp-content\/uploads\/2023\/08\/mime-feminino-fazendo-um-quadro-de-mao-scaled.jpg?fit=2560%2C1715&ssl=1\",\"contentUrl\":\"https:\/\/i0.wp.com\/verdadeon.com.br\/portal\/wp-content\/uploads\/2023\/08\/mime-feminino-fazendo-um-quadro-de-mao-scaled.jpg?fit=2560%2C1715&ssl=1\",\"width\":2560,\"height\":1715,\"caption\":\"Recursos para a lei s\u00e3o da ordem de R$ 2,7 milh\u00f5es (\u00a9Divulga\u00e7\u00e3o)\"},{\"@type\":\"BreadcrumbList\",\"@id\":\"https:\/\/verdadeon.com.br\/portal\/2023\/08\/31\/prefeitura-prepara-edital-para-inscricoes-de-artistas-da-lei-paulo-gustavo\/#breadcrumb\",\"itemListElement\":[{\"@type\":\"ListItem\",\"position\":1,\"name\":\"In\u00edcio\",\"item\":\"https:\/\/verdadeon.com.br\/portal\/\"},{\"@type\":\"ListItem\",\"position\":2,\"name\":\"Prefeitura prepara edital para inscri\u00e7\u00f5es de artistas da Lei Paulo Gustavo\"}]},{\"@type\":\"WebSite\",\"@id\":\"https:\/\/verdadeon.com.br\/portal\/#website\",\"url\":\"https:\/\/verdadeon.com.br\/portal\/\",\"name\":\"VerdadeOn\",\"description\":\"Not\u00edcias di\u00e1rias sobre Franca, Regi\u00e3o, Esporte, Cultura, Cotidiano, Colunas. Cobertura nos principais eventos da cidade \u00e9 aqui - Verdadeon Franca\",\"potentialAction\":[{\"@type\":\"SearchAction\",\"target\":{\"@type\":\"EntryPoint\",\"urlTemplate\":\"https:\/\/verdadeon.com.br\/portal\/?s={search_term_string}\"},\"query-input\":{\"@type\":\"PropertyValueSpecification\",\"valueRequired\":true,\"valueName\":\"search_term_string\"}}],\"inLanguage\":\"pt-BR\"},{\"@type\":\"Person\",\"@id\":\"https:\/\/verdadeon.com.br\/portal\/#\/schema\/person\/a5060ad1e9ea3df545188fc93ce43d2f\",\"name\":\"Redacao VerdadeOn\",\"image\":{\"@type\":\"ImageObject\",\"inLanguage\":\"pt-BR\",\"@id\":\"https:\/\/verdadeon.com.br\/portal\/#\/schema\/person\/image\/\",\"url\":\"https:\/\/secure.gravatar.com\/avatar\/459a9613caaaf07f582c3d0841eea68bdd66f533e465e6ba8b9cb45619572cf4?s=96&d=mm&r=g\",\"contentUrl\":\"https:\/\/secure.gravatar.com\/avatar\/459a9613caaaf07f582c3d0841eea68bdd66f533e465e6ba8b9cb45619572cf4?s=96&d=mm&r=g\",\"caption\":\"Redacao VerdadeOn\"},\"url\":\"https:\/\/verdadeon.com.br\/portal\/author\/redacao\/\"}]}<\/script>\n<!-- \/ Yoast SEO plugin. -->","yoast_head_json":{"title":"Prefeitura prepara edital para inscri\u00e7\u00f5es de artistas da Lei Paulo Gustavo - VerdadeOn","robots":{"index":"index","follow":"follow","max-snippet":"max-snippet:-1","max-image-preview":"max-image-preview:large","max-video-preview":"max-video-preview:-1"},"canonical":"https:\/\/verdadeon.com.br\/portal\/2023\/08\/31\/prefeitura-prepara-edital-para-inscricoes-de-artistas-da-lei-paulo-gustavo\/","og_locale":"pt_BR","og_type":"article","og_title":"Prefeitura prepara edital para inscri\u00e7\u00f5es de artistas da Lei Paulo Gustavo - VerdadeOn","og_description":"Estimativa \u00e9 de que o edital seja publicado at\u00e9 o pr\u00f3ximo dia 4 A Prefeitura de Franca, atrav\u00e9s da FEAC (Funda\u00e7\u00e3o Esporte, Arte e Cultura) prepara [\u2026]","og_url":"https:\/\/verdadeon.com.br\/portal\/2023\/08\/31\/prefeitura-prepara-edital-para-inscricoes-de-artistas-da-lei-paulo-gustavo\/","og_site_name":"VerdadeOn","article_published_time":"2023-08-31T17:13:06+00:00","og_image":[{"width":2560,"height":1715,"url":"https:\/\/verdadeon.com.br\/portal\/wp-content\/uploads\/2023\/08\/mime-feminino-fazendo-um-quadro-de-mao-scaled.jpg","type":"image\/jpeg"}],"author":"Redacao VerdadeOn","twitter_card":"summary_large_image","twitter_misc":{"Escrito por":"Redacao VerdadeOn","Est. tempo de leitura":"2 minutos"},"schema":{"@context":"https:\/\/schema.org","@graph":[{"@type":"WebPage","@id":"https:\/\/verdadeon.com.br\/portal\/2023\/08\/31\/prefeitura-prepara-edital-para-inscricoes-de-artistas-da-lei-paulo-gustavo\/","url":"https:\/\/verdadeon.com.br\/portal\/2023\/08\/31\/prefeitura-prepara-edital-para-inscricoes-de-artistas-da-lei-paulo-gustavo\/","name":"Prefeitura prepara edital para inscri\u00e7\u00f5es de artistas da Lei Paulo Gustavo - VerdadeOn","isPartOf":{"@id":"https:\/\/verdadeon.com.br\/portal\/#website"},"primaryImageOfPage":{"@id":"https:\/\/verdadeon.com.br\/portal\/2023\/08\/31\/prefeitura-prepara-edital-para-inscricoes-de-artistas-da-lei-paulo-gustavo\/#primaryimage"},"image":{"@id":"https:\/\/verdadeon.com.br\/portal\/2023\/08\/31\/prefeitura-prepara-edital-para-inscricoes-de-artistas-da-lei-paulo-gustavo\/#primaryimage"},"thumbnailUrl":"https:\/\/i0.wp.com\/verdadeon.com.br\/portal\/wp-content\/uploads\/2023\/08\/mime-feminino-fazendo-um-quadro-de-mao-scaled.jpg?fit=2560%2C1715&ssl=1","datePublished":"2023-08-31T17:13:06+00:00","author":{"@id":"https:\/\/verdadeon.com.br\/portal\/#\/schema\/person\/a5060ad1e9ea3df545188fc93ce43d2f"},"breadcrumb":{"@id":"https:\/\/verdadeon.com.br\/portal\/2023\/08\/31\/prefeitura-prepara-edital-para-inscricoes-de-artistas-da-lei-paulo-gustavo\/#breadcrumb"},"inLanguage":"pt-BR","potentialAction":[{"@type":"ReadAction","target":["https:\/\/verdadeon.com.br\/portal\/2023\/08\/31\/prefeitura-prepara-edital-para-inscricoes-de-artistas-da-lei-paulo-gustavo\/"]}]},{"@type":"ImageObject","inLanguage":"pt-BR","@id":"https:\/\/verdadeon.com.br\/portal\/2023\/08\/31\/prefeitura-prepara-edital-para-inscricoes-de-artistas-da-lei-paulo-gustavo\/#primaryimage","url":"https:\/\/i0.wp.com\/verdadeon.com.br\/portal\/wp-content\/uploads\/2023\/08\/mime-feminino-fazendo-um-quadro-de-mao-scaled.jpg?fit=2560%2C1715&ssl=1","contentUrl":"https:\/\/i0.wp.com\/verdadeon.com.br\/portal\/wp-content\/uploads\/2023\/08\/mime-feminino-fazendo-um-quadro-de-mao-scaled.jpg?fit=2560%2C1715&ssl=1","width":2560,"height":1715,"caption":"Recursos para a lei s\u00e3o da ordem de R$ 2,7 milh\u00f5es (\u00a9Divulga\u00e7\u00e3o)"},{"@type":"BreadcrumbList","@id":"https:\/\/verdadeon.com.br\/portal\/2023\/08\/31\/prefeitura-prepara-edital-para-inscricoes-de-artistas-da-lei-paulo-gustavo\/#breadcrumb","itemListElement":[{"@type":"ListItem","position":1,"name":"In\u00edcio","item":"https:\/\/verdadeon.com.br\/portal\/"},{"@type":"ListItem","position":2,"name":"Prefeitura prepara edital para inscri\u00e7\u00f5es de artistas da Lei Paulo Gustavo"}]},{"@type":"WebSite","@id":"https:\/\/verdadeon.com.br\/portal\/#website","url":"https:\/\/verdadeon.com.br\/portal\/","name":"VerdadeOn","description":"Not\u00edcias di\u00e1rias sobre Franca, Regi\u00e3o, Esporte, Cultura, Cotidiano, Colunas. Cobertura nos principais eventos da cidade \u00e9 aqui - Verdadeon Franca","potentialAction":[{"@type":"SearchAction","target":{"@type":"EntryPoint","urlTemplate":"https:\/\/verdadeon.com.br\/portal\/?s={search_term_string}"},"query-input":{"@type":"PropertyValueSpecification","valueRequired":true,"valueName":"search_term_string"}}],"inLanguage":"pt-BR"},{"@type":"Person","@id":"https:\/\/verdadeon.com.br\/portal\/#\/schema\/person\/a5060ad1e9ea3df545188fc93ce43d2f","name":"Redacao VerdadeOn","image":{"@type":"ImageObject","inLanguage":"pt-BR","@id":"https:\/\/verdadeon.com.br\/portal\/#\/schema\/person\/image\/","url":"https:\/\/secure.gravatar.com\/avatar\/459a9613caaaf07f582c3d0841eea68bdd66f533e465e6ba8b9cb45619572cf4?s=96&d=mm&r=g","contentUrl":"https:\/\/secure.gravatar.com\/avatar\/459a9613caaaf07f582c3d0841eea68bdd66f533e465e6ba8b9cb45619572cf4?s=96&d=mm&r=g","caption":"Redacao VerdadeOn"},"url":"https:\/\/verdadeon.com.br\/portal\/author\/redacao\/"}]}},"jetpack_publicize_connections":[],"jetpack_featured_media_url":"https:\/\/i0.wp.com\/verdadeon.com.br\/portal\/wp-content\/uploads\/2023\/08\/mime-feminino-fazendo-um-quadro-de-mao-scaled.jpg?fit=2560%2C1715&ssl=1","jetpack_sharing_enabled":true,"_links":{"self":[{"href":"https:\/\/verdadeon.com.br\/portal\/wp-json\/wp\/v2\/posts\/37254","targetHints":{"allow":["GET"]}}],"collection":[{"href":"https:\/\/verdadeon.com.br\/portal\/wp-json\/wp\/v2\/posts"}],"about":[{"href":"https:\/\/verdadeon.com.br\/portal\/wp-json\/wp\/v2\/types\/post"}],"author":[{"embeddable":true,"href":"https:\/\/verdadeon.com.br\/portal\/wp-json\/wp\/v2\/users\/10"}],"replies":[{"embeddable":true,"href":"https:\/\/verdadeon.com.br\/portal\/wp-json\/wp\/v2\/comments?post=37254"}],"version-history":[{"count":1,"href":"https:\/\/verdadeon.com.br\/portal\/wp-json\/wp\/v2\/posts\/37254\/revisions"}],"predecessor-version":[{"id":37256,"href":"https:\/\/verdadeon.com.br\/portal\/wp-json\/wp\/v2\/posts\/37254\/revisions\/37256"}],"wp:featuredmedia":[{"embeddable":true,"href":"https:\/\/verdadeon.com.br\/portal\/wp-json\/wp\/v2\/media\/37255"}],"wp:attachment":[{"href":"https:\/\/verdadeon.com.br\/portal\/wp-json\/wp\/v2\/media?parent=37254"}],"wp:term":[{"taxonomy":"category","embeddable":true,"href":"https:\/\/verdadeon.com.br\/portal\/wp-json\/wp\/v2\/categories?post=37254"},{"taxonomy":"post_tag","embeddable":true,"href":"https:\/\/verdadeon.com.br\/portal\/wp-json\/wp\/v2\/tags?post=37254"}],"curies":[{"name":"wp","href":"https:\/\/api.w.org\/{rel}","templated":true}]}}