{"id":37105,"date":"2023-08-25T14:51:30","date_gmt":"2023-08-25T17:51:30","guid":{"rendered":"https:\/\/verdadeon.com.br\/portal\/?p=37105"},"modified":"2023-08-25T14:51:30","modified_gmt":"2023-08-25T17:51:30","slug":"mercado-aquecido-corretores-de-imoveis-chegam-a-faturar-ate-r-15-mil-por-mes","status":"publish","type":"post","link":"https:\/\/verdadeon.com.br\/portal\/2023\/08\/25\/mercado-aquecido-corretores-de-imoveis-chegam-a-faturar-ate-r-15-mil-por-mes\/","title":{"rendered":"Mercado aquecido: corretores de im\u00f3veis chegam a faturar at\u00e9 R$  15 mil por m\u00eas"},"content":{"rendered":"<h2>Grupo ADN homenageia corretores imobili\u00e1rios e convida interessados a fazerem parte dessa carreira desafiadora e lucrativa<\/h2>\n<p>O dia 27 de agosto \u00e9 uma data especial para o mercado imobili\u00e1rio, pois \u00e9 quando se comemora o Dia Nacional dos Corretores de Im\u00f3veis, profiss\u00e3o que cresce a cada dia e que al\u00e9m de ser desafiadora tamb\u00e9m permite lucros que giram em torno de R$ 15 mil por m\u00eas.<\/p>\n<p>Atualmente, o estado de S\u00e3o Paulo conta com 255 mil profissionais e segundo informa\u00e7\u00f5es do Conselho Regional de Corretores de Im\u00f3veis de S\u00e3o Paulo (CRESCI-SP), mais de 19 mil novos corretores ingressaram no mercado imobili\u00e1rio paulista entre janeiro e outubro de 2022.<\/p>\n<p>Esse crescimento na quantidade de corretores tem rela\u00e7\u00e3o com o mercado que segue aquecido. S\u00f3 no segundo trimestre de 2023, o mercado imobili\u00e1rio residencial registrou resultados positivos em procura e vendas, segundo aponta o Indicador de Confian\u00e7a do setor Imobili\u00e1rio Residencial, realizado pela Associa\u00e7\u00e3o Brasileira de Incorporadoras Imobili\u00e1rias (Abrainc) em parceria com a Deloitte.<\/p>\n<p>O relat\u00f3rio mostra a retomada do segmento de m\u00e9dio e alto padr\u00e3o (MAP), j\u00e1 esperada pelo setor, assim como as expectativas quanto aos pr\u00f3ximos meses tamb\u00e9m s\u00e3o otimistas, principalmente em rela\u00e7\u00e3o ao Minha Casa Minha Vida (MCMV).<\/p>\n<p><strong>Corretores de im\u00f3veis: Perfis diversificados<\/strong><\/p>\n<p>O perfil do profissional que atua como corretor de im\u00f3veis tem se diversificado cada vez mais, e embora n\u00e3o seja necess\u00e1rio ter experi\u00eancia na \u00e1rea e nem forma\u00e7\u00e3o superior, muitos buscam se qualificar.<\/p>\n<p>Conhecimento do mercado e dedica\u00e7\u00e3o s\u00e3o quesitos fundamentais para quem busca sucesso na carreira, al\u00e9m de ter boas habilidades de comunica\u00e7\u00e3o e de negocia\u00e7\u00e3o, pois negociar pre\u00e7os e termos de contrato \u00e9 crucial na profiss\u00e3o do corretor de im\u00f3veis.<\/p>\n<p>O bom momento do setor imobili\u00e1rio tem atra\u00eddo at\u00e9 mesmo pessoas com forma\u00e7\u00e3o superior em \u00e1reas como administra\u00e7\u00e3o, arquitetura, engenharia, publicidade, direito, entre outras, e esses profissionais migram de carreira, pois enxergam as vantagens, possibilidades de crescer e de obter bons lucros em curto tempo.<\/p>\n<div id=\"attachment_37106\" style=\"width: 1610px\" class=\"wp-caption alignnone\"><img data-recalc-dims=\"1\" loading=\"lazy\" decoding=\"async\" aria-describedby=\"caption-attachment-37106\" class=\"size-full wp-image-37106\" src=\"https:\/\/i0.wp.com\/verdadeon.com.br\/portal\/wp-content\/uploads\/2023\/08\/GRUPO-ADN-2.jpg?resize=1220%2C686&#038;ssl=1\" alt=\"\" width=\"1220\" height=\"686\" srcset=\"https:\/\/i0.wp.com\/verdadeon.com.br\/portal\/wp-content\/uploads\/2023\/08\/GRUPO-ADN-2.jpg?w=1600&amp;ssl=1 1600w, https:\/\/i0.wp.com\/verdadeon.com.br\/portal\/wp-content\/uploads\/2023\/08\/GRUPO-ADN-2.jpg?resize=300%2C169&amp;ssl=1 300w, https:\/\/i0.wp.com\/verdadeon.com.br\/portal\/wp-content\/uploads\/2023\/08\/GRUPO-ADN-2.jpg?resize=1024%2C576&amp;ssl=1 1024w, https:\/\/i0.wp.com\/verdadeon.com.br\/portal\/wp-content\/uploads\/2023\/08\/GRUPO-ADN-2.jpg?resize=768%2C432&amp;ssl=1 768w, https:\/\/i0.wp.com\/verdadeon.com.br\/portal\/wp-content\/uploads\/2023\/08\/GRUPO-ADN-2.jpg?resize=1536%2C864&amp;ssl=1 1536w, https:\/\/i0.wp.com\/verdadeon.com.br\/portal\/wp-content\/uploads\/2023\/08\/GRUPO-ADN-2.jpg?resize=260%2C146&amp;ssl=1 260w, https:\/\/i0.wp.com\/verdadeon.com.br\/portal\/wp-content\/uploads\/2023\/08\/GRUPO-ADN-2.jpg?resize=50%2C28&amp;ssl=1 50w, https:\/\/i0.wp.com\/verdadeon.com.br\/portal\/wp-content\/uploads\/2023\/08\/GRUPO-ADN-2.jpg?resize=133%2C75&amp;ssl=1 133w\" sizes=\"auto, (max-width: 1220px) 100vw, 1220px\" \/><p id=\"caption-attachment-37106\" class=\"wp-caption-text\">As mulheres j\u00e1 s\u00e3o a maioria entre os profissionais que trabalham como corretores de im\u00f3veis no pa\u00eds, segundo levantamento do DataZap+ (Imagem: corretoras no plant\u00e3o ADN em Franca)<\/p><\/div>\n<p><strong>Presen\u00e7a feminina na corretagem<\/strong><\/p>\n<p>Segundo levantamento do DataZap+, as mulheres j\u00e1 s\u00e3o a maioria entre os profissionais que trabalham como corretores de im\u00f3veis no pa\u00eds. Esse avan\u00e7o mostra que muitas mulheres t\u00eam optado por trabalhar na \u00e1rea pela flexibilidade de hor\u00e1rio e sal\u00e1rios atrativos.<\/p>\n<p>A pesquisa apontou ainda que a m\u00e9dia de idade \u00e9 49 anos, a maioria declarou ser branca, casada, ter filho e ensino superior completo. Neste caso, o estudo diz que 96% dessas mulheres migraram de carreira, ou seja, elas n\u00e3o atuavam no mercado imobili\u00e1rio no in\u00edcio da vida profissional. Antes da transi\u00e7\u00e3o, muitas eram advogadas, vendedoras, secret\u00e1rias, administradoras, banc\u00e1rias, comerciantes, professoras, esteticistas entre outras profiss\u00f5es.<\/p>\n<div id=\"attachment_37107\" style=\"width: 1610px\" class=\"wp-caption alignnone\"><img data-recalc-dims=\"1\" loading=\"lazy\" decoding=\"async\" aria-describedby=\"caption-attachment-37107\" class=\"size-full wp-image-37107\" src=\"https:\/\/i0.wp.com\/verdadeon.com.br\/portal\/wp-content\/uploads\/2023\/08\/GRUPO-ADN-3.jpg?resize=1220%2C686&#038;ssl=1\" alt=\"\" width=\"1220\" height=\"686\" srcset=\"https:\/\/i0.wp.com\/verdadeon.com.br\/portal\/wp-content\/uploads\/2023\/08\/GRUPO-ADN-3.jpg?w=1600&amp;ssl=1 1600w, https:\/\/i0.wp.com\/verdadeon.com.br\/portal\/wp-content\/uploads\/2023\/08\/GRUPO-ADN-3.jpg?resize=300%2C169&amp;ssl=1 300w, https:\/\/i0.wp.com\/verdadeon.com.br\/portal\/wp-content\/uploads\/2023\/08\/GRUPO-ADN-3.jpg?resize=1024%2C576&amp;ssl=1 1024w, https:\/\/i0.wp.com\/verdadeon.com.br\/portal\/wp-content\/uploads\/2023\/08\/GRUPO-ADN-3.jpg?resize=768%2C432&amp;ssl=1 768w, https:\/\/i0.wp.com\/verdadeon.com.br\/portal\/wp-content\/uploads\/2023\/08\/GRUPO-ADN-3.jpg?resize=1536%2C864&amp;ssl=1 1536w, https:\/\/i0.wp.com\/verdadeon.com.br\/portal\/wp-content\/uploads\/2023\/08\/GRUPO-ADN-3.jpg?resize=260%2C146&amp;ssl=1 260w, https:\/\/i0.wp.com\/verdadeon.com.br\/portal\/wp-content\/uploads\/2023\/08\/GRUPO-ADN-3.jpg?resize=50%2C28&amp;ssl=1 50w, https:\/\/i0.wp.com\/verdadeon.com.br\/portal\/wp-content\/uploads\/2023\/08\/GRUPO-ADN-3.jpg?resize=133%2C75&amp;ssl=1 133w\" sizes=\"auto, (max-width: 1220px) 100vw, 1220px\" \/><p id=\"caption-attachment-37107\" class=\"wp-caption-text\">Estudo diz que 96% das mulheres aproveitam a oportunidade da corretagem e migram de carreira (Imagem: corretoras no plant\u00e3o ADN em Sorocaba)<\/p><\/div>\n<p>No Grupo ADN, s\u00e3o mais de 50 corretores entre homens e mulheres, que atuam nas \u00e1reas de vendas, ger\u00eancia e coordena\u00e7\u00e3o, al\u00e9m do Diretor Comercial, Caio Maroni, que tem orgulho em ser corretor de im\u00f3veis e de inspirar outros profissionais da \u00e1rea. \u201cEu comecei a empreender desde muito novo, tive v\u00e1rios projetos em outras \u00e1reas que n\u00e3o deram certo, cheguei at\u00e9 a pensar em desistir. Ent\u00e3o decidi entrar no mercado imobili\u00e1rio e minha vida mudou. Descobri minha voca\u00e7\u00e3o para as vendas e como encantar clientes que sonham em conquistar o im\u00f3vel pr\u00f3prio\u201d, destaca Maroni.<\/p>\n<div id=\"attachment_37108\" style=\"width: 1610px\" class=\"wp-caption alignnone\"><img data-recalc-dims=\"1\" loading=\"lazy\" decoding=\"async\" aria-describedby=\"caption-attachment-37108\" class=\"size-full wp-image-37108\" src=\"https:\/\/i0.wp.com\/verdadeon.com.br\/portal\/wp-content\/uploads\/2023\/08\/GRUPO-ADN-4.jpg?resize=1220%2C686&#038;ssl=1\" alt=\"\" width=\"1220\" height=\"686\" srcset=\"https:\/\/i0.wp.com\/verdadeon.com.br\/portal\/wp-content\/uploads\/2023\/08\/GRUPO-ADN-4.jpg?w=1600&amp;ssl=1 1600w, https:\/\/i0.wp.com\/verdadeon.com.br\/portal\/wp-content\/uploads\/2023\/08\/GRUPO-ADN-4.jpg?resize=300%2C169&amp;ssl=1 300w, https:\/\/i0.wp.com\/verdadeon.com.br\/portal\/wp-content\/uploads\/2023\/08\/GRUPO-ADN-4.jpg?resize=1024%2C576&amp;ssl=1 1024w, https:\/\/i0.wp.com\/verdadeon.com.br\/portal\/wp-content\/uploads\/2023\/08\/GRUPO-ADN-4.jpg?resize=768%2C432&amp;ssl=1 768w, https:\/\/i0.wp.com\/verdadeon.com.br\/portal\/wp-content\/uploads\/2023\/08\/GRUPO-ADN-4.jpg?resize=1536%2C864&amp;ssl=1 1536w, https:\/\/i0.wp.com\/verdadeon.com.br\/portal\/wp-content\/uploads\/2023\/08\/GRUPO-ADN-4.jpg?resize=260%2C146&amp;ssl=1 260w, https:\/\/i0.wp.com\/verdadeon.com.br\/portal\/wp-content\/uploads\/2023\/08\/GRUPO-ADN-4.jpg?resize=50%2C28&amp;ssl=1 50w, https:\/\/i0.wp.com\/verdadeon.com.br\/portal\/wp-content\/uploads\/2023\/08\/GRUPO-ADN-4.jpg?resize=133%2C75&amp;ssl=1 133w\" sizes=\"auto, (max-width: 1220px) 100vw, 1220px\" \/><p id=\"caption-attachment-37108\" class=\"wp-caption-text\">Caio Maroni viu sua vida mudar quando conheceu o mercado imobili\u00e1rio, descobriu sua voca\u00e7\u00e3o para as vendas e entendeu o processo de compra do cliente<\/p><\/div>\n<p><strong>Trajet\u00f3ria: Do fracasso ao sucesso<\/strong><\/p>\n<p>Natural de Santos-SP, Caio Maroni iniciou sua carreira profissional em 2010, como estagi\u00e1rio t\u00e9cnico de automa\u00e7\u00e3o, sendo promovido ap\u00f3s dois anos para assumir a coordena\u00e7\u00e3o da produ\u00e7\u00e3o e o desenvolvimento de novos produtos da empresa.<\/p>\n<p>Pouco tempo depois, Maroni decidiu empreender e abriu uma casa noturna e clube de poker no interior paulista, e em 2017, conheceu o mercado imobili\u00e1rio. \u201cEmpreendi por diversas vezes e quebrei na maioria delas. Por\u00e9m, isso n\u00e3o foi motivo para desistir. Em 2017, conheci o mercado imobili\u00e1rio e me tornei corretor de im\u00f3veis. Profiss\u00e3o que amo, admiro e respeito\u201d, explica.<\/p>\n<p>Ap\u00f3s a atua\u00e7\u00e3o como corretor em que foi destaque pelos recordes de vendas, a veia empreendedora de Maroni falou mais alto e ele montou uma imobili\u00e1ria em sociedade com um amigo que tamb\u00e9m era um dos destaques na corretagem. Desta forma, ele ampliou sua vis\u00e3o de neg\u00f3cios adquirindo as compet\u00eancias necess\u00e1rias e importantes para a sua melhor atua\u00e7\u00e3o nas vendas. \u201cEntendi como era o processo de compra do cliente, desde a escolha do im\u00f3vel, suas prefer\u00eancias e restri\u00e7\u00f5es, e ent\u00e3o conseguia tra\u00e7ar o melhor caminho, propondo as melhores op\u00e7\u00f5es para chegar no fechamento perfeito para o cliente e para a imobili\u00e1ria\u201d.<\/p>\n<p>Com mais experi\u00eancia, Caio Maroni foi convidado pelos tamb\u00e9m empreendedores Pedro Donadon e Silvio Andrino, fundadores da ADN Construtora, para conduzir a \u00e1rea comercial da empresa. \u201cIsso aconteceu em 2020, quando eles me procuraram, pois \u00e9ramos a imobili\u00e1ria que mais vendia na regi\u00e3o. Ent\u00e3o, ocorreu uma nova virada de chave, montando e assumindo toda a equipe e opera\u00e7\u00e3o comercial da construtora. Pegamos empreendimentos que vendiam 5 unidades e logo no primeiro m\u00eas comercializamos 30 apartamentos\u201d, comenta.<\/p>\n<p>O talento profissional, habilidade com os neg\u00f3cios e pessoas levaram Caio Maroni a assumir a Diretoria Comercial do Grupo ADN. \u201cMe senti honrado com o convite e tenho muito orgulho da minha trajet\u00f3ria, o quanto errei e aprendi. Os erros me fortaleceram e n\u00e3o me deixaram desistir. Nos \u00faltimos anos, tenho me dedicado \u00e0 ADN Construtora e agora tamb\u00e9m ao Grupo ADN que tem o prop\u00f3sito de transformar o futuro das pessoas gerando oportunidades e melhor qualidade de vida, para os clientes e colaboradores\u201d. Maroni diz que a corretagem e o mercado imobili\u00e1rio mudaram a sua vida da \u00e1gua para o vinho e que, mesmo jovem, j\u00e1 conquistou um patamar que dificilmente teria em outras frentes.<\/p>\n<div id=\"attachment_37109\" style=\"width: 1610px\" class=\"wp-caption alignnone\"><img data-recalc-dims=\"1\" loading=\"lazy\" decoding=\"async\" aria-describedby=\"caption-attachment-37109\" class=\"size-full wp-image-37109\" src=\"https:\/\/i0.wp.com\/verdadeon.com.br\/portal\/wp-content\/uploads\/2023\/08\/GRUPO-ADN-5.jpeg?resize=1220%2C686&#038;ssl=1\" alt=\"\" width=\"1220\" height=\"686\" srcset=\"https:\/\/i0.wp.com\/verdadeon.com.br\/portal\/wp-content\/uploads\/2023\/08\/GRUPO-ADN-5.jpeg?w=1600&amp;ssl=1 1600w, https:\/\/i0.wp.com\/verdadeon.com.br\/portal\/wp-content\/uploads\/2023\/08\/GRUPO-ADN-5.jpeg?resize=300%2C169&amp;ssl=1 300w, https:\/\/i0.wp.com\/verdadeon.com.br\/portal\/wp-content\/uploads\/2023\/08\/GRUPO-ADN-5.jpeg?resize=1024%2C576&amp;ssl=1 1024w, https:\/\/i0.wp.com\/verdadeon.com.br\/portal\/wp-content\/uploads\/2023\/08\/GRUPO-ADN-5.jpeg?resize=768%2C432&amp;ssl=1 768w, https:\/\/i0.wp.com\/verdadeon.com.br\/portal\/wp-content\/uploads\/2023\/08\/GRUPO-ADN-5.jpeg?resize=1536%2C864&amp;ssl=1 1536w, https:\/\/i0.wp.com\/verdadeon.com.br\/portal\/wp-content\/uploads\/2023\/08\/GRUPO-ADN-5.jpeg?resize=260%2C146&amp;ssl=1 260w, https:\/\/i0.wp.com\/verdadeon.com.br\/portal\/wp-content\/uploads\/2023\/08\/GRUPO-ADN-5.jpeg?resize=50%2C28&amp;ssl=1 50w, https:\/\/i0.wp.com\/verdadeon.com.br\/portal\/wp-content\/uploads\/2023\/08\/GRUPO-ADN-5.jpeg?resize=133%2C75&amp;ssl=1 133w\" sizes=\"auto, (max-width: 1220px) 100vw, 1220px\" \/><p id=\"caption-attachment-37109\" class=\"wp-caption-text\">Grupo ADN est\u00e1 com vagas abertas para corretores de im\u00f3veis nas diversas cidades em que a empresa atua<\/p><\/div>\n<p><strong>Vagas abertas para corretores no grupo ADN<\/strong><\/p>\n<p>O mercado imobili\u00e1rio \u00e9 democr\u00e1tico, pois acolhe indiv\u00edduos esfor\u00e7ados e curiosos que desejam crescer profissionalmente. A hist\u00f3ria do Caio Maroni \u00e9 um \u00f3timo exemplo de que \u00e1rea de corretagem \u00e9 acess\u00edvel a todos, independentemente do hist\u00f3rico acad\u00eamico.<\/p>\n<p>O Grupo ADN conta com oportunidades para quem deseja ingressar na carreira de corretagem de im\u00f3vel, uma \u00e1rea din\u00e2mica e lucrativa, repleta de possibilidades para aqueles que se esfor\u00e7am para aprender e conquistar seu espa\u00e7o.<\/p>\n<p>Para saber mais sobre as oportunidades no Grupo ADN, basta acessar o site www.adnconstrutora.com.br\/vagas-adn, selecionar uma das vagas abertas em diversas cidades que a empresa atua e participar do processo seletivo.<\/p>\n","protected":false},"excerpt":{"rendered":"<p>Grupo ADN homenageia corretores imobili\u00e1rios e convida interessados a fazerem parte dessa carreira desafiadora e lucrativa O dia 27 de agosto \u00e9 uma data especial para<span class=\"excerpt-hellip\"> [\u2026]<\/span><\/p>\n","protected":false},"author":10,"featured_media":37110,"comment_status":"open","ping_status":"open","sticky":false,"template":"","format":"standard","meta":{"_jetpack_memberships_contains_paid_content":false,"footnotes":"","jetpack_publicize_message":"","jetpack_publicize_feature_enabled":true,"jetpack_social_post_already_shared":false,"jetpack_social_options":{"image_generator_settings":{"template":"highway","default_image_id":0,"enabled":false},"version":2}},"categories":[28,81],"tags":[],"class_list":["post-37105","post","type-post","status-publish","format-standard","has-post-thumbnail","hentry","category-cotidiano","category-manchete"],"yoast_head":"<!-- This site is optimized with the Yoast SEO plugin v25.6 - https:\/\/yoast.com\/wordpress\/plugins\/seo\/ -->\n<title>Mercado aquecido: corretores de im\u00f3veis chegam a faturar at\u00e9 R$ 15 mil por m\u00eas - VerdadeOn<\/title>\n<meta name=\"robots\" content=\"index, follow, max-snippet:-1, max-image-preview:large, max-video-preview:-1\" \/>\n<link rel=\"canonical\" href=\"https:\/\/verdadeon.com.br\/portal\/2023\/08\/25\/mercado-aquecido-corretores-de-imoveis-chegam-a-faturar-ate-r-15-mil-por-mes\/\" \/>\n<meta property=\"og:locale\" content=\"pt_BR\" \/>\n<meta property=\"og:type\" content=\"article\" \/>\n<meta property=\"og:title\" content=\"Mercado aquecido: corretores de im\u00f3veis chegam a faturar at\u00e9 R$ 15 mil por m\u00eas - VerdadeOn\" \/>\n<meta property=\"og:description\" content=\"Grupo ADN homenageia corretores imobili\u00e1rios e convida interessados a fazerem parte dessa carreira desafiadora e lucrativa O dia 27 de agosto \u00e9 uma data especial para [\u2026]\" \/>\n<meta property=\"og:url\" content=\"https:\/\/verdadeon.com.br\/portal\/2023\/08\/25\/mercado-aquecido-corretores-de-imoveis-chegam-a-faturar-ate-r-15-mil-por-mes\/\" \/>\n<meta property=\"og:site_name\" content=\"VerdadeOn\" \/>\n<meta property=\"article:published_time\" content=\"2023-08-25T17:51:30+00:00\" \/>\n<meta property=\"og:image\" content=\"https:\/\/verdadeon.com.br\/portal\/wp-content\/uploads\/2023\/08\/22a0a6ec-6d33-4922-8be1-cf688f825189.jpg\" \/>\n\t<meta property=\"og:image:width\" content=\"853\" \/>\n\t<meta property=\"og:image:height\" content=\"571\" \/>\n\t<meta property=\"og:image:type\" content=\"image\/jpeg\" \/>\n<meta name=\"author\" content=\"Redacao VerdadeOn\" \/>\n<meta name=\"twitter:card\" content=\"summary_large_image\" \/>\n<meta name=\"twitter:label1\" content=\"Escrito por\" \/>\n\t<meta name=\"twitter:data1\" content=\"Redacao VerdadeOn\" \/>\n\t<meta name=\"twitter:label2\" content=\"Est. tempo de leitura\" \/>\n\t<meta name=\"twitter:data2\" content=\"8 minutos\" \/>\n<script type=\"application\/ld+json\" class=\"yoast-schema-graph\">{\"@context\":\"https:\/\/schema.org\",\"@graph\":[{\"@type\":\"WebPage\",\"@id\":\"https:\/\/verdadeon.com.br\/portal\/2023\/08\/25\/mercado-aquecido-corretores-de-imoveis-chegam-a-faturar-ate-r-15-mil-por-mes\/\",\"url\":\"https:\/\/verdadeon.com.br\/portal\/2023\/08\/25\/mercado-aquecido-corretores-de-imoveis-chegam-a-faturar-ate-r-15-mil-por-mes\/\",\"name\":\"Mercado aquecido: corretores de im\u00f3veis chegam a faturar at\u00e9 R$ 15 mil por m\u00eas - VerdadeOn\",\"isPartOf\":{\"@id\":\"https:\/\/verdadeon.com.br\/portal\/#website\"},\"primaryImageOfPage\":{\"@id\":\"https:\/\/verdadeon.com.br\/portal\/2023\/08\/25\/mercado-aquecido-corretores-de-imoveis-chegam-a-faturar-ate-r-15-mil-por-mes\/#primaryimage\"},\"image\":{\"@id\":\"https:\/\/verdadeon.com.br\/portal\/2023\/08\/25\/mercado-aquecido-corretores-de-imoveis-chegam-a-faturar-ate-r-15-mil-por-mes\/#primaryimage\"},\"thumbnailUrl\":\"https:\/\/i0.wp.com\/verdadeon.com.br\/portal\/wp-content\/uploads\/2023\/08\/22a0a6ec-6d33-4922-8be1-cf688f825189.jpg?fit=853%2C571&ssl=1\",\"datePublished\":\"2023-08-25T17:51:30+00:00\",\"author\":{\"@id\":\"https:\/\/verdadeon.com.br\/portal\/#\/schema\/person\/a5060ad1e9ea3df545188fc93ce43d2f\"},\"breadcrumb\":{\"@id\":\"https:\/\/verdadeon.com.br\/portal\/2023\/08\/25\/mercado-aquecido-corretores-de-imoveis-chegam-a-faturar-ate-r-15-mil-por-mes\/#breadcrumb\"},\"inLanguage\":\"pt-BR\",\"potentialAction\":[{\"@type\":\"ReadAction\",\"target\":[\"https:\/\/verdadeon.com.br\/portal\/2023\/08\/25\/mercado-aquecido-corretores-de-imoveis-chegam-a-faturar-ate-r-15-mil-por-mes\/\"]}]},{\"@type\":\"ImageObject\",\"inLanguage\":\"pt-BR\",\"@id\":\"https:\/\/verdadeon.com.br\/portal\/2023\/08\/25\/mercado-aquecido-corretores-de-imoveis-chegam-a-faturar-ate-r-15-mil-por-mes\/#primaryimage\",\"url\":\"https:\/\/i0.wp.com\/verdadeon.com.br\/portal\/wp-content\/uploads\/2023\/08\/22a0a6ec-6d33-4922-8be1-cf688f825189.jpg?fit=853%2C571&ssl=1\",\"contentUrl\":\"https:\/\/i0.wp.com\/verdadeon.com.br\/portal\/wp-content\/uploads\/2023\/08\/22a0a6ec-6d33-4922-8be1-cf688f825189.jpg?fit=853%2C571&ssl=1\",\"width\":853,\"height\":571,\"caption\":\"Dia 27 de agosto \u00e9 comemorado o Dia Nacional do Corretor de Im\u00f3veis (\u00a9Imagem: Colaboradores do Grupo ADN)\"},{\"@type\":\"BreadcrumbList\",\"@id\":\"https:\/\/verdadeon.com.br\/portal\/2023\/08\/25\/mercado-aquecido-corretores-de-imoveis-chegam-a-faturar-ate-r-15-mil-por-mes\/#breadcrumb\",\"itemListElement\":[{\"@type\":\"ListItem\",\"position\":1,\"name\":\"In\u00edcio\",\"item\":\"https:\/\/verdadeon.com.br\/portal\/\"},{\"@type\":\"ListItem\",\"position\":2,\"name\":\"Mercado aquecido: corretores de im\u00f3veis chegam a faturar at\u00e9 R$ 15 mil por m\u00eas\"}]},{\"@type\":\"WebSite\",\"@id\":\"https:\/\/verdadeon.com.br\/portal\/#website\",\"url\":\"https:\/\/verdadeon.com.br\/portal\/\",\"name\":\"VerdadeOn\",\"description\":\"Not\u00edcias di\u00e1rias sobre Franca, Regi\u00e3o, Esporte, Cultura, Cotidiano, Colunas. Cobertura nos principais eventos da cidade \u00e9 aqui - Verdadeon Franca\",\"potentialAction\":[{\"@type\":\"SearchAction\",\"target\":{\"@type\":\"EntryPoint\",\"urlTemplate\":\"https:\/\/verdadeon.com.br\/portal\/?s={search_term_string}\"},\"query-input\":{\"@type\":\"PropertyValueSpecification\",\"valueRequired\":true,\"valueName\":\"search_term_string\"}}],\"inLanguage\":\"pt-BR\"},{\"@type\":\"Person\",\"@id\":\"https:\/\/verdadeon.com.br\/portal\/#\/schema\/person\/a5060ad1e9ea3df545188fc93ce43d2f\",\"name\":\"Redacao VerdadeOn\",\"image\":{\"@type\":\"ImageObject\",\"inLanguage\":\"pt-BR\",\"@id\":\"https:\/\/verdadeon.com.br\/portal\/#\/schema\/person\/image\/\",\"url\":\"https:\/\/secure.gravatar.com\/avatar\/459a9613caaaf07f582c3d0841eea68bdd66f533e465e6ba8b9cb45619572cf4?s=96&d=mm&r=g\",\"contentUrl\":\"https:\/\/secure.gravatar.com\/avatar\/459a9613caaaf07f582c3d0841eea68bdd66f533e465e6ba8b9cb45619572cf4?s=96&d=mm&r=g\",\"caption\":\"Redacao VerdadeOn\"},\"url\":\"https:\/\/verdadeon.com.br\/portal\/author\/redacao\/\"}]}<\/script>\n<!-- \/ Yoast SEO plugin. -->","yoast_head_json":{"title":"Mercado aquecido: corretores de im\u00f3veis chegam a faturar at\u00e9 R$ 15 mil por m\u00eas - VerdadeOn","robots":{"index":"index","follow":"follow","max-snippet":"max-snippet:-1","max-image-preview":"max-image-preview:large","max-video-preview":"max-video-preview:-1"},"canonical":"https:\/\/verdadeon.com.br\/portal\/2023\/08\/25\/mercado-aquecido-corretores-de-imoveis-chegam-a-faturar-ate-r-15-mil-por-mes\/","og_locale":"pt_BR","og_type":"article","og_title":"Mercado aquecido: corretores de im\u00f3veis chegam a faturar at\u00e9 R$ 15 mil por m\u00eas - VerdadeOn","og_description":"Grupo ADN homenageia corretores imobili\u00e1rios e convida interessados a fazerem parte dessa carreira desafiadora e lucrativa O dia 27 de agosto \u00e9 uma data especial para [\u2026]","og_url":"https:\/\/verdadeon.com.br\/portal\/2023\/08\/25\/mercado-aquecido-corretores-de-imoveis-chegam-a-faturar-ate-r-15-mil-por-mes\/","og_site_name":"VerdadeOn","article_published_time":"2023-08-25T17:51:30+00:00","og_image":[{"width":853,"height":571,"url":"https:\/\/verdadeon.com.br\/portal\/wp-content\/uploads\/2023\/08\/22a0a6ec-6d33-4922-8be1-cf688f825189.jpg","type":"image\/jpeg"}],"author":"Redacao VerdadeOn","twitter_card":"summary_large_image","twitter_misc":{"Escrito por":"Redacao VerdadeOn","Est. tempo de leitura":"8 minutos"},"schema":{"@context":"https:\/\/schema.org","@graph":[{"@type":"WebPage","@id":"https:\/\/verdadeon.com.br\/portal\/2023\/08\/25\/mercado-aquecido-corretores-de-imoveis-chegam-a-faturar-ate-r-15-mil-por-mes\/","url":"https:\/\/verdadeon.com.br\/portal\/2023\/08\/25\/mercado-aquecido-corretores-de-imoveis-chegam-a-faturar-ate-r-15-mil-por-mes\/","name":"Mercado aquecido: corretores de im\u00f3veis chegam a faturar at\u00e9 R$ 15 mil por m\u00eas - VerdadeOn","isPartOf":{"@id":"https:\/\/verdadeon.com.br\/portal\/#website"},"primaryImageOfPage":{"@id":"https:\/\/verdadeon.com.br\/portal\/2023\/08\/25\/mercado-aquecido-corretores-de-imoveis-chegam-a-faturar-ate-r-15-mil-por-mes\/#primaryimage"},"image":{"@id":"https:\/\/verdadeon.com.br\/portal\/2023\/08\/25\/mercado-aquecido-corretores-de-imoveis-chegam-a-faturar-ate-r-15-mil-por-mes\/#primaryimage"},"thumbnailUrl":"https:\/\/i0.wp.com\/verdadeon.com.br\/portal\/wp-content\/uploads\/2023\/08\/22a0a6ec-6d33-4922-8be1-cf688f825189.jpg?fit=853%2C571&ssl=1","datePublished":"2023-08-25T17:51:30+00:00","author":{"@id":"https:\/\/verdadeon.com.br\/portal\/#\/schema\/person\/a5060ad1e9ea3df545188fc93ce43d2f"},"breadcrumb":{"@id":"https:\/\/verdadeon.com.br\/portal\/2023\/08\/25\/mercado-aquecido-corretores-de-imoveis-chegam-a-faturar-ate-r-15-mil-por-mes\/#breadcrumb"},"inLanguage":"pt-BR","potentialAction":[{"@type":"ReadAction","target":["https:\/\/verdadeon.com.br\/portal\/2023\/08\/25\/mercado-aquecido-corretores-de-imoveis-chegam-a-faturar-ate-r-15-mil-por-mes\/"]}]},{"@type":"ImageObject","inLanguage":"pt-BR","@id":"https:\/\/verdadeon.com.br\/portal\/2023\/08\/25\/mercado-aquecido-corretores-de-imoveis-chegam-a-faturar-ate-r-15-mil-por-mes\/#primaryimage","url":"https:\/\/i0.wp.com\/verdadeon.com.br\/portal\/wp-content\/uploads\/2023\/08\/22a0a6ec-6d33-4922-8be1-cf688f825189.jpg?fit=853%2C571&ssl=1","contentUrl":"https:\/\/i0.wp.com\/verdadeon.com.br\/portal\/wp-content\/uploads\/2023\/08\/22a0a6ec-6d33-4922-8be1-cf688f825189.jpg?fit=853%2C571&ssl=1","width":853,"height":571,"caption":"Dia 27 de agosto \u00e9 comemorado o Dia Nacional do Corretor de Im\u00f3veis (\u00a9Imagem: Colaboradores do Grupo ADN)"},{"@type":"BreadcrumbList","@id":"https:\/\/verdadeon.com.br\/portal\/2023\/08\/25\/mercado-aquecido-corretores-de-imoveis-chegam-a-faturar-ate-r-15-mil-por-mes\/#breadcrumb","itemListElement":[{"@type":"ListItem","position":1,"name":"In\u00edcio","item":"https:\/\/verdadeon.com.br\/portal\/"},{"@type":"ListItem","position":2,"name":"Mercado aquecido: corretores de im\u00f3veis chegam a faturar at\u00e9 R$ 15 mil por m\u00eas"}]},{"@type":"WebSite","@id":"https:\/\/verdadeon.com.br\/portal\/#website","url":"https:\/\/verdadeon.com.br\/portal\/","name":"VerdadeOn","description":"Not\u00edcias di\u00e1rias sobre Franca, Regi\u00e3o, Esporte, Cultura, Cotidiano, Colunas. Cobertura nos principais eventos da cidade \u00e9 aqui - Verdadeon Franca","potentialAction":[{"@type":"SearchAction","target":{"@type":"EntryPoint","urlTemplate":"https:\/\/verdadeon.com.br\/portal\/?s={search_term_string}"},"query-input":{"@type":"PropertyValueSpecification","valueRequired":true,"valueName":"search_term_string"}}],"inLanguage":"pt-BR"},{"@type":"Person","@id":"https:\/\/verdadeon.com.br\/portal\/#\/schema\/person\/a5060ad1e9ea3df545188fc93ce43d2f","name":"Redacao VerdadeOn","image":{"@type":"ImageObject","inLanguage":"pt-BR","@id":"https:\/\/verdadeon.com.br\/portal\/#\/schema\/person\/image\/","url":"https:\/\/secure.gravatar.com\/avatar\/459a9613caaaf07f582c3d0841eea68bdd66f533e465e6ba8b9cb45619572cf4?s=96&d=mm&r=g","contentUrl":"https:\/\/secure.gravatar.com\/avatar\/459a9613caaaf07f582c3d0841eea68bdd66f533e465e6ba8b9cb45619572cf4?s=96&d=mm&r=g","caption":"Redacao VerdadeOn"},"url":"https:\/\/verdadeon.com.br\/portal\/author\/redacao\/"}]}},"jetpack_publicize_connections":[],"jetpack_featured_media_url":"https:\/\/i0.wp.com\/verdadeon.com.br\/portal\/wp-content\/uploads\/2023\/08\/22a0a6ec-6d33-4922-8be1-cf688f825189.jpg?fit=853%2C571&ssl=1","jetpack_sharing_enabled":true,"_links":{"self":[{"href":"https:\/\/verdadeon.com.br\/portal\/wp-json\/wp\/v2\/posts\/37105","targetHints":{"allow":["GET"]}}],"collection":[{"href":"https:\/\/verdadeon.com.br\/portal\/wp-json\/wp\/v2\/posts"}],"about":[{"href":"https:\/\/verdadeon.com.br\/portal\/wp-json\/wp\/v2\/types\/post"}],"author":[{"embeddable":true,"href":"https:\/\/verdadeon.com.br\/portal\/wp-json\/wp\/v2\/users\/10"}],"replies":[{"embeddable":true,"href":"https:\/\/verdadeon.com.br\/portal\/wp-json\/wp\/v2\/comments?post=37105"}],"version-history":[{"count":1,"href":"https:\/\/verdadeon.com.br\/portal\/wp-json\/wp\/v2\/posts\/37105\/revisions"}],"predecessor-version":[{"id":37111,"href":"https:\/\/verdadeon.com.br\/portal\/wp-json\/wp\/v2\/posts\/37105\/revisions\/37111"}],"wp:featuredmedia":[{"embeddable":true,"href":"https:\/\/verdadeon.com.br\/portal\/wp-json\/wp\/v2\/media\/37110"}],"wp:attachment":[{"href":"https:\/\/verdadeon.com.br\/portal\/wp-json\/wp\/v2\/media?parent=37105"}],"wp:term":[{"taxonomy":"category","embeddable":true,"href":"https:\/\/verdadeon.com.br\/portal\/wp-json\/wp\/v2\/categories?post=37105"},{"taxonomy":"post_tag","embeddable":true,"href":"https:\/\/verdadeon.com.br\/portal\/wp-json\/wp\/v2\/tags?post=37105"}],"curies":[{"name":"wp","href":"https:\/\/api.w.org\/{rel}","templated":true}]}}