{"id":37066,"date":"2023-08-23T15:25:46","date_gmt":"2023-08-23T18:25:46","guid":{"rendered":"https:\/\/verdadeon.com.br\/portal\/?p=37066"},"modified":"2023-08-23T15:25:46","modified_gmt":"2023-08-23T18:25:46","slug":"franca-registra-queda-na-inadimplencia-em-cartorio-no-1o-semestre-de-2023","status":"publish","type":"post","link":"https:\/\/verdadeon.com.br\/portal\/2023\/08\/23\/franca-registra-queda-na-inadimplencia-em-cartorio-no-1o-semestre-de-2023\/","title":{"rendered":"Franca registra queda na inadimpl\u00eancia em Cart\u00f3rio no 1\u00ba semestre de 2023"},"content":{"rendered":"<h2>Cidade registrou diminui\u00e7\u00e3o de 66,22% nas d\u00edvidas enviadas a protesto em compara\u00e7\u00e3o ao mesmo per\u00edodo de 2022. Site dos\u00a0Cart\u00f3rios de Protesto de S\u00e3o Paulo permite que o cidad\u00e3o pesquise, gratuitamente, se h\u00e1 d\u00edvidas em seu nome ou de uma empresa<\/h2>\n<p>Caiu o n\u00famero de moradores de Franca endividados no primeiro semestre de 2023 em rela\u00e7\u00e3o ao mesmo per\u00edodo de 2022. Dados levantados pelos Cart\u00f3rios de Protesto do Estado de S\u00e3o Paulo, mostram uma queda de 66,62% no endividamento das fam\u00edlias em rela\u00e7\u00e3o ao mesmo per\u00edodo do ano passado.<\/p>\n<p>Segundo o levantamento realizado pelo Instituto de Estudos de Protesto de T\u00edtulos do Brasil \u2013 Se\u00e7\u00e3o S\u00e3o Paulo (IEPTB\/SP), entidade que re\u00fane os Cart\u00f3rios de Protesto do Estado, nos seis primeiros meses de 2023 foram enviadas a protesto 30.799 d\u00edvidas, n\u00famero inferior \u00e0s 91.181 enviadas no mesmo per\u00edodo no ano passado.<\/p>\n<p>Se o n\u00famero de d\u00edvidas diminuiu, o mesmo foi verificado com rela\u00e7\u00e3o ao valor das d\u00edvidas, que ca\u00edram 28,38% neste primeiro semestre. Enquanto entre janeiro e junho de 2022, as d\u00edvidas enviadas a protesto contabilizavam R$ 146.747.652,39, em 2023, os valores subiram para R$ 216.886.734,88.<\/p>\n<p>&#8220;A redu\u00e7\u00e3o tanto no n\u00famero de d\u00edvidas enviadas a protesto quanto no valor pode ser atribu\u00edda a um conjunto de fatores interligados. \u00c9 poss\u00edvel que tenha ocorrido um ambiente econ\u00f4mico mais favor\u00e1vel, levando a um menor n\u00famero de indiv\u00edduos e empresas enfrentando dificuldades financeiras. Al\u00e9m disso, a queda no valor das d\u00edvidas protestadas pode ser resultado da inclus\u00e3o de compromissos financeiros de menor montante, bem como de taxas de juros mais favor\u00e1veis e estabilidade no mercado&#8221;, afirma Jos\u00e9 Carlos Alves, presidente do IEPTB\/SP.<\/p>\n<p>Os dados constam da Central Nacional de Servi\u00e7os Eletr\u00f4nicos dos Tabeli\u00e3es de Protesto de T\u00edtulos de S\u00e3o Paulo (Cenprot\/SP), base de dados que re\u00fane os protestos realizados nos Cart\u00f3rios do Estado de S\u00e3o Paulo e que \u00e9 administrada pelo IEPTB\/SP, e que disponibiliza, gratuitamente, a possibilidade de pesquisa de d\u00edvidas no nome de uma pessoa ou empresa, bastando ao interessado acessar o site dos\u00a0<a href=\"https:\/\/s2308.imxsnd21.com\/link.php?code=bDpodHRwcyUzQSUyRiUyRnd3dy5wcm90ZXN0b3NwLmNvbS5icjo1MTE1Mzk2Mjk6cGVyaXF1ZS5tYWlhQGdtYWlsLmNvbTpjODY5MTk6NTU=\" target=\"_blank\" rel=\"noopener\" data-saferedirecturl=\"https:\/\/www.google.com\/url?q=https:\/\/s2308.imxsnd21.com\/link.php?code%3DbDpodHRwcyUzQSUyRiUyRnd3dy5wcm90ZXN0b3NwLmNvbS5icjo1MTE1Mzk2Mjk6cGVyaXF1ZS5tYWlhQGdtYWlsLmNvbTpjODY5MTk6NTU%3D&amp;source=gmail&amp;ust=1692900420669000&amp;usg=AOvVaw2m8q_hOL-638j54qPJPLU0\">Cart\u00f3rios de Protesto de S\u00e3o Paulo<\/a>\u00a0e digitar o n\u00famero do CPF ou do CNPJ.<\/p>\n<p><strong>Cancelamento e quita\u00e7\u00e3o<\/strong><\/p>\n<p>Para realizar o cancelamento de uma d\u00edvida em Cart\u00f3rio, \u00e9 necess\u00e1rio que o devedor pague ao credor o valor devido, recebendo em seguida a carta de anu\u00eancia, que pode ser f\u00edsica ou digital, realizada por meio do site dos\u00a0<a href=\"https:\/\/s2308.imxsnd21.com\/link.php?code=bDpodHRwcyUzQSUyRiUyRnd3dy5wcm90ZXN0b3NwLmNvbS5icjo1MTE1Mzk2Mjk6cGVyaXF1ZS5tYWlhQGdtYWlsLmNvbTpjODY5MTk6NTU=\" target=\"_blank\" rel=\"noopener\" data-saferedirecturl=\"https:\/\/www.google.com\/url?q=https:\/\/s2308.imxsnd21.com\/link.php?code%3DbDpodHRwcyUzQSUyRiUyRnd3dy5wcm90ZXN0b3NwLmNvbS5icjo1MTE1Mzk2Mjk6cGVyaXF1ZS5tYWlhQGdtYWlsLmNvbTpjODY5MTk6NTU%3D&amp;source=gmail&amp;ust=1692900420669000&amp;usg=AOvVaw2m8q_hOL-638j54qPJPLU0\">Cart\u00f3rios de Protesto de S\u00e3o Paulo<\/a>. Caso a carta seja f\u00edsica, \u00e9 necess\u00e1rio enviar os documentos originais ao cart\u00f3rio onde se encontra o protesto e pagar a taxa devida. Caso ela seja feita de forma digital, direto no site, basta ao devedor pagar o valor das custas previstas na tabela estadual, que varia conforme a d\u00edvida.<\/p>\n<p>Um importante alerta a quem vai realizar o cancelamento de protesto \u00e9 de sempre dar a baixa da d\u00edvida em cart\u00f3rio ap\u00f3s pagar o credor, caso contr\u00e1rio o protesto continuar\u00e1 v\u00e1lido e o nome da pessoa ou da empresa permanecer\u00e1 com restri\u00e7\u00f5es. Al\u00e9m do cancelamento e da carta de anu\u00eancia, tamb\u00e9m podem ser feitos de forma eletr\u00f4nica os servi\u00e7os de envio de t\u00edtulos, pedidos de certid\u00f5es negativas e positivas, verifica\u00e7\u00e3o de autenticidade e simula\u00e7\u00e3o de custos do protesto.<\/p>\n<p><strong>Sobre os Cart\u00f3rios de Protesto<\/strong><\/p>\n<p>Presentes em todo Estado de S\u00e3o Paulo, os 420 Cart\u00f3rios de Protesto d\u00e3o uma contribui\u00e7\u00e3o fundamental para a economia do Pa\u00eds, garantindo e protegendo os direitos e deveres dos consumidores e das empresas e recuperando cr\u00e9ditos para os setores p\u00fablico e privado. Os cart\u00f3rios s\u00e3o criados e regulados por lei, fiscalizados pelo Poder Judici\u00e1rio, sendo um bra\u00e7o auxiliar da Justi\u00e7a. A Central do Protesto re\u00fane os servi\u00e7os digitais de todos os cart\u00f3rios de protesto do Estado. Acesse o site dos\u00a0<a href=\"https:\/\/s2308.imxsnd21.com\/link.php?code=bDpodHRwcyUzQSUyRiUyRnd3dy5wcm90ZXN0b3NwLmNvbS5icjo1MTE1Mzk2Mjk6cGVyaXF1ZS5tYWlhQGdtYWlsLmNvbTpjODY5MTk6NTU=\" target=\"_blank\" rel=\"noopener\" data-saferedirecturl=\"https:\/\/www.google.com\/url?q=https:\/\/s2308.imxsnd21.com\/link.php?code%3DbDpodHRwcyUzQSUyRiUyRnd3dy5wcm90ZXN0b3NwLmNvbS5icjo1MTE1Mzk2Mjk6cGVyaXF1ZS5tYWlhQGdtYWlsLmNvbTpjODY5MTk6NTU%3D&amp;source=gmail&amp;ust=1692900420669000&amp;usg=AOvVaw2m8q_hOL-638j54qPJPLU0\">Cart\u00f3rios de Protesto de S\u00e3o Paulo<\/a>\u00a0e saiba mais.<\/p>\n","protected":false},"excerpt":{"rendered":"<p>Cidade registrou diminui\u00e7\u00e3o de 66,22% nas d\u00edvidas enviadas a protesto em compara\u00e7\u00e3o ao mesmo per\u00edodo de 2022. Site dos\u00a0Cart\u00f3rios de Protesto de S\u00e3o Paulo permite que<span class=\"excerpt-hellip\"> [\u2026]<\/span><\/p>\n","protected":false},"author":10,"featured_media":37067,"comment_status":"open","ping_status":"open","sticky":false,"template":"","format":"standard","meta":{"_jetpack_memberships_contains_paid_content":false,"footnotes":"","jetpack_publicize_message":"","jetpack_publicize_feature_enabled":true,"jetpack_social_post_already_shared":false,"jetpack_social_options":{"image_generator_settings":{"template":"highway","default_image_id":0,"enabled":false},"version":2}},"categories":[28,81],"tags":[],"class_list":["post-37066","post","type-post","status-publish","format-standard","has-post-thumbnail","hentry","category-cotidiano","category-manchete"],"yoast_head":"<!-- This site is optimized with the Yoast SEO plugin v25.6 - https:\/\/yoast.com\/wordpress\/plugins\/seo\/ -->\n<title>Franca registra queda na inadimpl\u00eancia em Cart\u00f3rio no 1\u00ba semestre de 2023 - VerdadeOn<\/title>\n<meta name=\"robots\" content=\"index, follow, max-snippet:-1, max-image-preview:large, max-video-preview:-1\" \/>\n<link rel=\"canonical\" href=\"https:\/\/verdadeon.com.br\/portal\/2023\/08\/23\/franca-registra-queda-na-inadimplencia-em-cartorio-no-1o-semestre-de-2023\/\" \/>\n<meta property=\"og:locale\" content=\"pt_BR\" \/>\n<meta property=\"og:type\" content=\"article\" \/>\n<meta property=\"og:title\" content=\"Franca registra queda na inadimpl\u00eancia em Cart\u00f3rio no 1\u00ba semestre de 2023 - VerdadeOn\" \/>\n<meta property=\"og:description\" content=\"Cidade registrou diminui\u00e7\u00e3o de 66,22% nas d\u00edvidas enviadas a protesto em compara\u00e7\u00e3o ao mesmo per\u00edodo de 2022. Site dos\u00a0Cart\u00f3rios de Protesto de S\u00e3o Paulo permite que [\u2026]\" \/>\n<meta property=\"og:url\" content=\"https:\/\/verdadeon.com.br\/portal\/2023\/08\/23\/franca-registra-queda-na-inadimplencia-em-cartorio-no-1o-semestre-de-2023\/\" \/>\n<meta property=\"og:site_name\" content=\"VerdadeOn\" \/>\n<meta property=\"article:published_time\" content=\"2023-08-23T18:25:46+00:00\" \/>\n<meta property=\"og:image\" content=\"https:\/\/verdadeon.com.br\/portal\/wp-content\/uploads\/2023\/08\/closeup-de-economista-usando-calculadora-ao-passar-por-contas-e-impostos-no-escritorio-scaled.jpg\" \/>\n\t<meta property=\"og:image:width\" content=\"2560\" \/>\n\t<meta property=\"og:image:height\" content=\"1715\" \/>\n\t<meta property=\"og:image:type\" content=\"image\/jpeg\" \/>\n<meta name=\"author\" content=\"Redacao VerdadeOn\" \/>\n<meta name=\"twitter:card\" content=\"summary_large_image\" \/>\n<meta name=\"twitter:label1\" content=\"Escrito por\" \/>\n\t<meta name=\"twitter:data1\" content=\"Redacao VerdadeOn\" \/>\n\t<meta name=\"twitter:label2\" content=\"Est. tempo de leitura\" \/>\n\t<meta name=\"twitter:data2\" content=\"4 minutos\" \/>\n<script type=\"application\/ld+json\" class=\"yoast-schema-graph\">{\"@context\":\"https:\/\/schema.org\",\"@graph\":[{\"@type\":\"WebPage\",\"@id\":\"https:\/\/verdadeon.com.br\/portal\/2023\/08\/23\/franca-registra-queda-na-inadimplencia-em-cartorio-no-1o-semestre-de-2023\/\",\"url\":\"https:\/\/verdadeon.com.br\/portal\/2023\/08\/23\/franca-registra-queda-na-inadimplencia-em-cartorio-no-1o-semestre-de-2023\/\",\"name\":\"Franca registra queda na inadimpl\u00eancia em Cart\u00f3rio no 1\u00ba semestre de 2023 - VerdadeOn\",\"isPartOf\":{\"@id\":\"https:\/\/verdadeon.com.br\/portal\/#website\"},\"primaryImageOfPage\":{\"@id\":\"https:\/\/verdadeon.com.br\/portal\/2023\/08\/23\/franca-registra-queda-na-inadimplencia-em-cartorio-no-1o-semestre-de-2023\/#primaryimage\"},\"image\":{\"@id\":\"https:\/\/verdadeon.com.br\/portal\/2023\/08\/23\/franca-registra-queda-na-inadimplencia-em-cartorio-no-1o-semestre-de-2023\/#primaryimage\"},\"thumbnailUrl\":\"https:\/\/i0.wp.com\/verdadeon.com.br\/portal\/wp-content\/uploads\/2023\/08\/closeup-de-economista-usando-calculadora-ao-passar-por-contas-e-impostos-no-escritorio-scaled.jpg?fit=2560%2C1715&ssl=1\",\"datePublished\":\"2023-08-23T18:25:46+00:00\",\"author\":{\"@id\":\"https:\/\/verdadeon.com.br\/portal\/#\/schema\/person\/a5060ad1e9ea3df545188fc93ce43d2f\"},\"breadcrumb\":{\"@id\":\"https:\/\/verdadeon.com.br\/portal\/2023\/08\/23\/franca-registra-queda-na-inadimplencia-em-cartorio-no-1o-semestre-de-2023\/#breadcrumb\"},\"inLanguage\":\"pt-BR\",\"potentialAction\":[{\"@type\":\"ReadAction\",\"target\":[\"https:\/\/verdadeon.com.br\/portal\/2023\/08\/23\/franca-registra-queda-na-inadimplencia-em-cartorio-no-1o-semestre-de-2023\/\"]}]},{\"@type\":\"ImageObject\",\"inLanguage\":\"pt-BR\",\"@id\":\"https:\/\/verdadeon.com.br\/portal\/2023\/08\/23\/franca-registra-queda-na-inadimplencia-em-cartorio-no-1o-semestre-de-2023\/#primaryimage\",\"url\":\"https:\/\/i0.wp.com\/verdadeon.com.br\/portal\/wp-content\/uploads\/2023\/08\/closeup-de-economista-usando-calculadora-ao-passar-por-contas-e-impostos-no-escritorio-scaled.jpg?fit=2560%2C1715&ssl=1\",\"contentUrl\":\"https:\/\/i0.wp.com\/verdadeon.com.br\/portal\/wp-content\/uploads\/2023\/08\/closeup-de-economista-usando-calculadora-ao-passar-por-contas-e-impostos-no-escritorio-scaled.jpg?fit=2560%2C1715&ssl=1\",\"width\":2560,\"height\":1715,\"caption\":\"Estados das regi\u00f5es Norte e Nordeste lideram o ranking com as maiores taxas de inadimpl\u00eancia do per\u00edodo (\u00a9Freepik)\"},{\"@type\":\"BreadcrumbList\",\"@id\":\"https:\/\/verdadeon.com.br\/portal\/2023\/08\/23\/franca-registra-queda-na-inadimplencia-em-cartorio-no-1o-semestre-de-2023\/#breadcrumb\",\"itemListElement\":[{\"@type\":\"ListItem\",\"position\":1,\"name\":\"In\u00edcio\",\"item\":\"https:\/\/verdadeon.com.br\/portal\/\"},{\"@type\":\"ListItem\",\"position\":2,\"name\":\"Franca registra queda na inadimpl\u00eancia em Cart\u00f3rio no 1\u00ba semestre de 2023\"}]},{\"@type\":\"WebSite\",\"@id\":\"https:\/\/verdadeon.com.br\/portal\/#website\",\"url\":\"https:\/\/verdadeon.com.br\/portal\/\",\"name\":\"VerdadeOn\",\"description\":\"Not\u00edcias di\u00e1rias sobre Franca, Regi\u00e3o, Esporte, Cultura, Cotidiano, Colunas. Cobertura nos principais eventos da cidade \u00e9 aqui - Verdadeon Franca\",\"potentialAction\":[{\"@type\":\"SearchAction\",\"target\":{\"@type\":\"EntryPoint\",\"urlTemplate\":\"https:\/\/verdadeon.com.br\/portal\/?s={search_term_string}\"},\"query-input\":{\"@type\":\"PropertyValueSpecification\",\"valueRequired\":true,\"valueName\":\"search_term_string\"}}],\"inLanguage\":\"pt-BR\"},{\"@type\":\"Person\",\"@id\":\"https:\/\/verdadeon.com.br\/portal\/#\/schema\/person\/a5060ad1e9ea3df545188fc93ce43d2f\",\"name\":\"Redacao VerdadeOn\",\"image\":{\"@type\":\"ImageObject\",\"inLanguage\":\"pt-BR\",\"@id\":\"https:\/\/verdadeon.com.br\/portal\/#\/schema\/person\/image\/\",\"url\":\"https:\/\/secure.gravatar.com\/avatar\/459a9613caaaf07f582c3d0841eea68bdd66f533e465e6ba8b9cb45619572cf4?s=96&d=mm&r=g\",\"contentUrl\":\"https:\/\/secure.gravatar.com\/avatar\/459a9613caaaf07f582c3d0841eea68bdd66f533e465e6ba8b9cb45619572cf4?s=96&d=mm&r=g\",\"caption\":\"Redacao VerdadeOn\"},\"url\":\"https:\/\/verdadeon.com.br\/portal\/author\/redacao\/\"}]}<\/script>\n<!-- \/ Yoast SEO plugin. -->","yoast_head_json":{"title":"Franca registra queda na inadimpl\u00eancia em Cart\u00f3rio no 1\u00ba semestre de 2023 - VerdadeOn","robots":{"index":"index","follow":"follow","max-snippet":"max-snippet:-1","max-image-preview":"max-image-preview:large","max-video-preview":"max-video-preview:-1"},"canonical":"https:\/\/verdadeon.com.br\/portal\/2023\/08\/23\/franca-registra-queda-na-inadimplencia-em-cartorio-no-1o-semestre-de-2023\/","og_locale":"pt_BR","og_type":"article","og_title":"Franca registra queda na inadimpl\u00eancia em Cart\u00f3rio no 1\u00ba semestre de 2023 - VerdadeOn","og_description":"Cidade registrou diminui\u00e7\u00e3o de 66,22% nas d\u00edvidas enviadas a protesto em compara\u00e7\u00e3o ao mesmo per\u00edodo de 2022. Site dos\u00a0Cart\u00f3rios de Protesto de S\u00e3o Paulo permite que [\u2026]","og_url":"https:\/\/verdadeon.com.br\/portal\/2023\/08\/23\/franca-registra-queda-na-inadimplencia-em-cartorio-no-1o-semestre-de-2023\/","og_site_name":"VerdadeOn","article_published_time":"2023-08-23T18:25:46+00:00","og_image":[{"width":2560,"height":1715,"url":"https:\/\/verdadeon.com.br\/portal\/wp-content\/uploads\/2023\/08\/closeup-de-economista-usando-calculadora-ao-passar-por-contas-e-impostos-no-escritorio-scaled.jpg","type":"image\/jpeg"}],"author":"Redacao VerdadeOn","twitter_card":"summary_large_image","twitter_misc":{"Escrito por":"Redacao VerdadeOn","Est. tempo de leitura":"4 minutos"},"schema":{"@context":"https:\/\/schema.org","@graph":[{"@type":"WebPage","@id":"https:\/\/verdadeon.com.br\/portal\/2023\/08\/23\/franca-registra-queda-na-inadimplencia-em-cartorio-no-1o-semestre-de-2023\/","url":"https:\/\/verdadeon.com.br\/portal\/2023\/08\/23\/franca-registra-queda-na-inadimplencia-em-cartorio-no-1o-semestre-de-2023\/","name":"Franca registra queda na inadimpl\u00eancia em Cart\u00f3rio no 1\u00ba semestre de 2023 - VerdadeOn","isPartOf":{"@id":"https:\/\/verdadeon.com.br\/portal\/#website"},"primaryImageOfPage":{"@id":"https:\/\/verdadeon.com.br\/portal\/2023\/08\/23\/franca-registra-queda-na-inadimplencia-em-cartorio-no-1o-semestre-de-2023\/#primaryimage"},"image":{"@id":"https:\/\/verdadeon.com.br\/portal\/2023\/08\/23\/franca-registra-queda-na-inadimplencia-em-cartorio-no-1o-semestre-de-2023\/#primaryimage"},"thumbnailUrl":"https:\/\/i0.wp.com\/verdadeon.com.br\/portal\/wp-content\/uploads\/2023\/08\/closeup-de-economista-usando-calculadora-ao-passar-por-contas-e-impostos-no-escritorio-scaled.jpg?fit=2560%2C1715&ssl=1","datePublished":"2023-08-23T18:25:46+00:00","author":{"@id":"https:\/\/verdadeon.com.br\/portal\/#\/schema\/person\/a5060ad1e9ea3df545188fc93ce43d2f"},"breadcrumb":{"@id":"https:\/\/verdadeon.com.br\/portal\/2023\/08\/23\/franca-registra-queda-na-inadimplencia-em-cartorio-no-1o-semestre-de-2023\/#breadcrumb"},"inLanguage":"pt-BR","potentialAction":[{"@type":"ReadAction","target":["https:\/\/verdadeon.com.br\/portal\/2023\/08\/23\/franca-registra-queda-na-inadimplencia-em-cartorio-no-1o-semestre-de-2023\/"]}]},{"@type":"ImageObject","inLanguage":"pt-BR","@id":"https:\/\/verdadeon.com.br\/portal\/2023\/08\/23\/franca-registra-queda-na-inadimplencia-em-cartorio-no-1o-semestre-de-2023\/#primaryimage","url":"https:\/\/i0.wp.com\/verdadeon.com.br\/portal\/wp-content\/uploads\/2023\/08\/closeup-de-economista-usando-calculadora-ao-passar-por-contas-e-impostos-no-escritorio-scaled.jpg?fit=2560%2C1715&ssl=1","contentUrl":"https:\/\/i0.wp.com\/verdadeon.com.br\/portal\/wp-content\/uploads\/2023\/08\/closeup-de-economista-usando-calculadora-ao-passar-por-contas-e-impostos-no-escritorio-scaled.jpg?fit=2560%2C1715&ssl=1","width":2560,"height":1715,"caption":"Estados das regi\u00f5es Norte e Nordeste lideram o ranking com as maiores taxas de inadimpl\u00eancia do per\u00edodo (\u00a9Freepik)"},{"@type":"BreadcrumbList","@id":"https:\/\/verdadeon.com.br\/portal\/2023\/08\/23\/franca-registra-queda-na-inadimplencia-em-cartorio-no-1o-semestre-de-2023\/#breadcrumb","itemListElement":[{"@type":"ListItem","position":1,"name":"In\u00edcio","item":"https:\/\/verdadeon.com.br\/portal\/"},{"@type":"ListItem","position":2,"name":"Franca registra queda na inadimpl\u00eancia em Cart\u00f3rio no 1\u00ba semestre de 2023"}]},{"@type":"WebSite","@id":"https:\/\/verdadeon.com.br\/portal\/#website","url":"https:\/\/verdadeon.com.br\/portal\/","name":"VerdadeOn","description":"Not\u00edcias di\u00e1rias sobre Franca, Regi\u00e3o, Esporte, Cultura, Cotidiano, Colunas. Cobertura nos principais eventos da cidade \u00e9 aqui - Verdadeon Franca","potentialAction":[{"@type":"SearchAction","target":{"@type":"EntryPoint","urlTemplate":"https:\/\/verdadeon.com.br\/portal\/?s={search_term_string}"},"query-input":{"@type":"PropertyValueSpecification","valueRequired":true,"valueName":"search_term_string"}}],"inLanguage":"pt-BR"},{"@type":"Person","@id":"https:\/\/verdadeon.com.br\/portal\/#\/schema\/person\/a5060ad1e9ea3df545188fc93ce43d2f","name":"Redacao VerdadeOn","image":{"@type":"ImageObject","inLanguage":"pt-BR","@id":"https:\/\/verdadeon.com.br\/portal\/#\/schema\/person\/image\/","url":"https:\/\/secure.gravatar.com\/avatar\/459a9613caaaf07f582c3d0841eea68bdd66f533e465e6ba8b9cb45619572cf4?s=96&d=mm&r=g","contentUrl":"https:\/\/secure.gravatar.com\/avatar\/459a9613caaaf07f582c3d0841eea68bdd66f533e465e6ba8b9cb45619572cf4?s=96&d=mm&r=g","caption":"Redacao VerdadeOn"},"url":"https:\/\/verdadeon.com.br\/portal\/author\/redacao\/"}]}},"jetpack_publicize_connections":[],"jetpack_featured_media_url":"https:\/\/i0.wp.com\/verdadeon.com.br\/portal\/wp-content\/uploads\/2023\/08\/closeup-de-economista-usando-calculadora-ao-passar-por-contas-e-impostos-no-escritorio-scaled.jpg?fit=2560%2C1715&ssl=1","jetpack_sharing_enabled":true,"_links":{"self":[{"href":"https:\/\/verdadeon.com.br\/portal\/wp-json\/wp\/v2\/posts\/37066","targetHints":{"allow":["GET"]}}],"collection":[{"href":"https:\/\/verdadeon.com.br\/portal\/wp-json\/wp\/v2\/posts"}],"about":[{"href":"https:\/\/verdadeon.com.br\/portal\/wp-json\/wp\/v2\/types\/post"}],"author":[{"embeddable":true,"href":"https:\/\/verdadeon.com.br\/portal\/wp-json\/wp\/v2\/users\/10"}],"replies":[{"embeddable":true,"href":"https:\/\/verdadeon.com.br\/portal\/wp-json\/wp\/v2\/comments?post=37066"}],"version-history":[{"count":1,"href":"https:\/\/verdadeon.com.br\/portal\/wp-json\/wp\/v2\/posts\/37066\/revisions"}],"predecessor-version":[{"id":37068,"href":"https:\/\/verdadeon.com.br\/portal\/wp-json\/wp\/v2\/posts\/37066\/revisions\/37068"}],"wp:featuredmedia":[{"embeddable":true,"href":"https:\/\/verdadeon.com.br\/portal\/wp-json\/wp\/v2\/media\/37067"}],"wp:attachment":[{"href":"https:\/\/verdadeon.com.br\/portal\/wp-json\/wp\/v2\/media?parent=37066"}],"wp:term":[{"taxonomy":"category","embeddable":true,"href":"https:\/\/verdadeon.com.br\/portal\/wp-json\/wp\/v2\/categories?post=37066"},{"taxonomy":"post_tag","embeddable":true,"href":"https:\/\/verdadeon.com.br\/portal\/wp-json\/wp\/v2\/tags?post=37066"}],"curies":[{"name":"wp","href":"https:\/\/api.w.org\/{rel}","templated":true}]}}