{"id":37064,"date":"2023-08-23T10:00:28","date_gmt":"2023-08-23T13:00:28","guid":{"rendered":"https:\/\/verdadeon.com.br\/portal\/?p=37064"},"modified":"2023-08-23T15:06:12","modified_gmt":"2023-08-23T18:06:12","slug":"o-senhor-dos-aneis-e-as-cronicas-de-gelo-e-fogo-sao-tema-de-banquete-literario-da-afl","status":"publish","type":"post","link":"https:\/\/verdadeon.com.br\/portal\/2023\/08\/23\/o-senhor-dos-aneis-e-as-cronicas-de-gelo-e-fogo-sao-tema-de-banquete-literario-da-afl\/","title":{"rendered":"\u201cO Senhor dos An\u00e9is\u201d e \u201cAs Cr\u00f4nicas de Gelo e Fogo\u201d s\u00e3o tema de Banquete Liter\u00e1rio da AFL"},"content":{"rendered":"<h2>Discuss\u00e3o acontece no dia 2 de setembro, \u00e0s 15 horas, na Casa da Cultura<\/h2>\n<p>A literatura fant\u00e1stica est\u00e1 no card\u00e1pio do pr\u00f3ximo Banquete Liter\u00e1rio \u201cFesta de Babette\u201d, realizado pela Academia Francana de Letras (AFL). A discuss\u00e3o da vez, que ter\u00e1 como tema \u201cDe Tolkien a Martin: Construindo a Fantasia Moderna\u201d, acontece no dia 02 de setembro, s\u00e1bado, \u00e0s 15h, na Casa da Cultura e do Artista Francano. A entrada \u00e9 gratuita e haver\u00e1 sorteio de livros para os participantes.<\/p>\n<p>O mediador do bate-papo ser\u00e1 o jornalista e escritor Bruno Piola, que ingressou na AFL no ano passado. O encontro tamb\u00e9m contar\u00e1 com a participa\u00e7\u00e3o de dois escritores locais com experi\u00eancia na \u00e1rea da fantasia e fic\u00e7\u00e3o cient\u00edfica: L\u00edvia Stocco, autora da saga \u201cMundo de Bhardo\u201d, e L\u00facio Rangel Ortiz, idealizador do livro \u201cGuerreiro Dourado\u201d. Inclusive, as semelhan\u00e7as e diferen\u00e7as entre a fantasia e a fic\u00e7\u00e3o cient\u00edfica ser\u00e3o um dos t\u00f3picos a ser abordado no evento.<\/p>\n<p>Para melhor compreender a literatura de fantasia, Piola ir\u00e1 destrinchar duas obras fundamentais do g\u00eanero: \u201cO Senhor dos An\u00e9is\u201d, de J. R. R. Tolkien, e \u201cAs Cr\u00f4nicas de Gelo e Fogo\u201d, de George R. R. Martin. Esta \u00faltima foi a inspira\u00e7\u00e3o para a s\u00e9rie de TV \u201cGame of Thrones\u201d. O imortal ir\u00e1 apresentar as principais caracter\u00edsticas de cada saga e como elas podem servir de par\u00e2metro para analisar a evolu\u00e7\u00e3o do g\u00eanero fant\u00e1stico.<\/p>\n<p>\u201cA literatura de fantasia \u00e9 pouco discutida, n\u00e3o s\u00f3 em Franca, mas em qualquer lugar. Muitos acreditam que ela \u00e9 um tipo de literatura menor, que n\u00e3o deve ser levada t\u00e3o a s\u00e9rio. Mas eu acredito piamente que essa avalia\u00e7\u00e3o est\u00e1 muito longe da realidade, e os livros de fantasia e de fic\u00e7\u00e3o cient\u00edfica t\u00eam muito a contribuir para a literatura como um todo e para a discuss\u00e3o de temas importantes e caros ao ser humano, mesmo que fale de lugares e seres inventados\u201d, afirmou Bruno. &#8220;Essa ser\u00e1 uma oportunidade de ouro para trocarmos ideias e aprendermos um pouco sobre esse g\u00eanero t\u00e3o subestimado\u201d.<\/p>\n<p>O objetivo do ciclo liter\u00e1rio \u201cFesta de Babette\u201d \u00e9 se firmar como um clube de leitura para toda a sociedade francana, apresentando temas para a comunidade num formato participativo.<\/p>\n<p>A segunda temporada do Banquete Liter\u00e1rio \u201cFesta de Babette\u201d prosseguir\u00e1 no segundo semestre com mais tr\u00eas debates, de outubro a dezembro. Os temas dos pr\u00f3ximos encontros ainda est\u00e3o sendo definidos.<\/p>\n<p><strong>SERVI\u00c7O<\/strong><\/p>\n<p>Banquete Liter\u00e1rio \u201cFesta de Babette\u201d &#8211; \u201cDe Tolkien a Martin: Construindo a Fantasia Moderna\u201d<\/p>\n<p>Media\u00e7\u00e3o de Bruno Piola. S\u00e1bado, 02\/09, \u00e0s 15h, na Casa da Cultura e do Artista Francano \u201cAbdias do Nascimento\u201d (Rua Dr. Alcindo Ribeiro Conrado, 1516, Centro). Entrada gratuita.<\/p>\n","protected":false},"excerpt":{"rendered":"<p>Discuss\u00e3o acontece no dia 2 de setembro, \u00e0s 15 horas, na Casa da Cultura A literatura fant\u00e1stica est\u00e1 no card\u00e1pio do pr\u00f3ximo Banquete Liter\u00e1rio \u201cFesta de<span class=\"excerpt-hellip\"> [\u2026]<\/span><\/p>\n","protected":false},"author":10,"featured_media":33320,"comment_status":"open","ping_status":"open","sticky":false,"template":"","format":"standard","meta":{"_jetpack_memberships_contains_paid_content":false,"footnotes":"","jetpack_publicize_message":"","jetpack_publicize_feature_enabled":true,"jetpack_social_post_already_shared":false,"jetpack_social_options":{"image_generator_settings":{"template":"highway","default_image_id":0,"enabled":false},"version":2}},"categories":[28,81],"tags":[],"class_list":["post-37064","post","type-post","status-publish","format-standard","has-post-thumbnail","hentry","category-cotidiano","category-manchete"],"yoast_head":"<!-- This site is optimized with the Yoast SEO plugin v25.6 - https:\/\/yoast.com\/wordpress\/plugins\/seo\/ -->\n<title>\u201cO Senhor dos An\u00e9is\u201d e \u201cAs Cr\u00f4nicas de Gelo e Fogo\u201d s\u00e3o tema de Banquete Liter\u00e1rio da AFL - VerdadeOn<\/title>\n<meta name=\"robots\" content=\"index, follow, max-snippet:-1, max-image-preview:large, max-video-preview:-1\" \/>\n<link rel=\"canonical\" href=\"https:\/\/verdadeon.com.br\/portal\/2023\/08\/23\/o-senhor-dos-aneis-e-as-cronicas-de-gelo-e-fogo-sao-tema-de-banquete-literario-da-afl\/\" \/>\n<meta property=\"og:locale\" content=\"pt_BR\" \/>\n<meta property=\"og:type\" content=\"article\" \/>\n<meta property=\"og:title\" content=\"\u201cO Senhor dos An\u00e9is\u201d e \u201cAs Cr\u00f4nicas de Gelo e Fogo\u201d s\u00e3o tema de Banquete Liter\u00e1rio da AFL - VerdadeOn\" \/>\n<meta property=\"og:description\" content=\"Discuss\u00e3o acontece no dia 2 de setembro, \u00e0s 15 horas, na Casa da Cultura A literatura fant\u00e1stica est\u00e1 no card\u00e1pio do pr\u00f3ximo Banquete Liter\u00e1rio \u201cFesta de [\u2026]\" \/>\n<meta property=\"og:url\" content=\"https:\/\/verdadeon.com.br\/portal\/2023\/08\/23\/o-senhor-dos-aneis-e-as-cronicas-de-gelo-e-fogo-sao-tema-de-banquete-literario-da-afl\/\" \/>\n<meta property=\"og:site_name\" content=\"VerdadeOn\" \/>\n<meta property=\"article:published_time\" content=\"2023-08-23T13:00:28+00:00\" \/>\n<meta property=\"article:modified_time\" content=\"2023-08-23T18:06:12+00:00\" \/>\n<meta property=\"og:image\" content=\"https:\/\/verdadeon.com.br\/portal\/wp-content\/uploads\/2023\/04\/WhatsApp-Image-2023-04-10-at-17.34.07-1.jpeg\" \/>\n\t<meta property=\"og:image:width\" content=\"1000\" \/>\n\t<meta property=\"og:image:height\" content=\"670\" \/>\n\t<meta property=\"og:image:type\" content=\"image\/jpeg\" \/>\n<meta name=\"author\" content=\"Redacao VerdadeOn\" \/>\n<meta name=\"twitter:card\" content=\"summary_large_image\" \/>\n<meta name=\"twitter:label1\" content=\"Escrito por\" \/>\n\t<meta name=\"twitter:data1\" content=\"Redacao VerdadeOn\" \/>\n\t<meta name=\"twitter:label2\" content=\"Est. tempo de leitura\" \/>\n\t<meta name=\"twitter:data2\" content=\"3 minutos\" \/>\n<script type=\"application\/ld+json\" class=\"yoast-schema-graph\">{\"@context\":\"https:\/\/schema.org\",\"@graph\":[{\"@type\":\"WebPage\",\"@id\":\"https:\/\/verdadeon.com.br\/portal\/2023\/08\/23\/o-senhor-dos-aneis-e-as-cronicas-de-gelo-e-fogo-sao-tema-de-banquete-literario-da-afl\/\",\"url\":\"https:\/\/verdadeon.com.br\/portal\/2023\/08\/23\/o-senhor-dos-aneis-e-as-cronicas-de-gelo-e-fogo-sao-tema-de-banquete-literario-da-afl\/\",\"name\":\"\u201cO Senhor dos An\u00e9is\u201d e \u201cAs Cr\u00f4nicas de Gelo e Fogo\u201d s\u00e3o tema de Banquete Liter\u00e1rio da AFL - VerdadeOn\",\"isPartOf\":{\"@id\":\"https:\/\/verdadeon.com.br\/portal\/#website\"},\"primaryImageOfPage\":{\"@id\":\"https:\/\/verdadeon.com.br\/portal\/2023\/08\/23\/o-senhor-dos-aneis-e-as-cronicas-de-gelo-e-fogo-sao-tema-de-banquete-literario-da-afl\/#primaryimage\"},\"image\":{\"@id\":\"https:\/\/verdadeon.com.br\/portal\/2023\/08\/23\/o-senhor-dos-aneis-e-as-cronicas-de-gelo-e-fogo-sao-tema-de-banquete-literario-da-afl\/#primaryimage\"},\"thumbnailUrl\":\"https:\/\/i0.wp.com\/verdadeon.com.br\/portal\/wp-content\/uploads\/2023\/04\/WhatsApp-Image-2023-04-10-at-17.34.07-1.jpeg?fit=1000%2C670&ssl=1\",\"datePublished\":\"2023-08-23T13:00:28+00:00\",\"dateModified\":\"2023-08-23T18:06:12+00:00\",\"author\":{\"@id\":\"https:\/\/verdadeon.com.br\/portal\/#\/schema\/person\/a5060ad1e9ea3df545188fc93ce43d2f\"},\"breadcrumb\":{\"@id\":\"https:\/\/verdadeon.com.br\/portal\/2023\/08\/23\/o-senhor-dos-aneis-e-as-cronicas-de-gelo-e-fogo-sao-tema-de-banquete-literario-da-afl\/#breadcrumb\"},\"inLanguage\":\"pt-BR\",\"potentialAction\":[{\"@type\":\"ReadAction\",\"target\":[\"https:\/\/verdadeon.com.br\/portal\/2023\/08\/23\/o-senhor-dos-aneis-e-as-cronicas-de-gelo-e-fogo-sao-tema-de-banquete-literario-da-afl\/\"]}]},{\"@type\":\"ImageObject\",\"inLanguage\":\"pt-BR\",\"@id\":\"https:\/\/verdadeon.com.br\/portal\/2023\/08\/23\/o-senhor-dos-aneis-e-as-cronicas-de-gelo-e-fogo-sao-tema-de-banquete-literario-da-afl\/#primaryimage\",\"url\":\"https:\/\/i0.wp.com\/verdadeon.com.br\/portal\/wp-content\/uploads\/2023\/04\/WhatsApp-Image-2023-04-10-at-17.34.07-1.jpeg?fit=1000%2C670&ssl=1\",\"contentUrl\":\"https:\/\/i0.wp.com\/verdadeon.com.br\/portal\/wp-content\/uploads\/2023\/04\/WhatsApp-Image-2023-04-10-at-17.34.07-1.jpeg?fit=1000%2C670&ssl=1\",\"width\":1000,\"height\":670,\"caption\":\"O audit\u00f3rio da Casa da Cultura e do Artista Francano 'Abdias do Nascimento' se localiza na rua Oscar Brasilino Santos, 1531 - Centro, em frente \u00e0 Pra\u00e7a Carlos Pacheco (\u00a9Divulga\u00e7\u00e3o)\"},{\"@type\":\"BreadcrumbList\",\"@id\":\"https:\/\/verdadeon.com.br\/portal\/2023\/08\/23\/o-senhor-dos-aneis-e-as-cronicas-de-gelo-e-fogo-sao-tema-de-banquete-literario-da-afl\/#breadcrumb\",\"itemListElement\":[{\"@type\":\"ListItem\",\"position\":1,\"name\":\"In\u00edcio\",\"item\":\"https:\/\/verdadeon.com.br\/portal\/\"},{\"@type\":\"ListItem\",\"position\":2,\"name\":\"\u201cO Senhor dos An\u00e9is\u201d e \u201cAs Cr\u00f4nicas de Gelo e Fogo\u201d s\u00e3o tema de Banquete Liter\u00e1rio da AFL\"}]},{\"@type\":\"WebSite\",\"@id\":\"https:\/\/verdadeon.com.br\/portal\/#website\",\"url\":\"https:\/\/verdadeon.com.br\/portal\/\",\"name\":\"VerdadeOn\",\"description\":\"Not\u00edcias di\u00e1rias sobre Franca, Regi\u00e3o, Esporte, Cultura, Cotidiano, Colunas. Cobertura nos principais eventos da cidade \u00e9 aqui - Verdadeon Franca\",\"potentialAction\":[{\"@type\":\"SearchAction\",\"target\":{\"@type\":\"EntryPoint\",\"urlTemplate\":\"https:\/\/verdadeon.com.br\/portal\/?s={search_term_string}\"},\"query-input\":{\"@type\":\"PropertyValueSpecification\",\"valueRequired\":true,\"valueName\":\"search_term_string\"}}],\"inLanguage\":\"pt-BR\"},{\"@type\":\"Person\",\"@id\":\"https:\/\/verdadeon.com.br\/portal\/#\/schema\/person\/a5060ad1e9ea3df545188fc93ce43d2f\",\"name\":\"Redacao VerdadeOn\",\"image\":{\"@type\":\"ImageObject\",\"inLanguage\":\"pt-BR\",\"@id\":\"https:\/\/verdadeon.com.br\/portal\/#\/schema\/person\/image\/\",\"url\":\"https:\/\/secure.gravatar.com\/avatar\/459a9613caaaf07f582c3d0841eea68bdd66f533e465e6ba8b9cb45619572cf4?s=96&d=mm&r=g\",\"contentUrl\":\"https:\/\/secure.gravatar.com\/avatar\/459a9613caaaf07f582c3d0841eea68bdd66f533e465e6ba8b9cb45619572cf4?s=96&d=mm&r=g\",\"caption\":\"Redacao VerdadeOn\"},\"url\":\"https:\/\/verdadeon.com.br\/portal\/author\/redacao\/\"}]}<\/script>\n<!-- \/ Yoast SEO plugin. -->","yoast_head_json":{"title":"\u201cO Senhor dos An\u00e9is\u201d e \u201cAs Cr\u00f4nicas de Gelo e Fogo\u201d s\u00e3o tema de Banquete Liter\u00e1rio da AFL - VerdadeOn","robots":{"index":"index","follow":"follow","max-snippet":"max-snippet:-1","max-image-preview":"max-image-preview:large","max-video-preview":"max-video-preview:-1"},"canonical":"https:\/\/verdadeon.com.br\/portal\/2023\/08\/23\/o-senhor-dos-aneis-e-as-cronicas-de-gelo-e-fogo-sao-tema-de-banquete-literario-da-afl\/","og_locale":"pt_BR","og_type":"article","og_title":"\u201cO Senhor dos An\u00e9is\u201d e \u201cAs Cr\u00f4nicas de Gelo e Fogo\u201d s\u00e3o tema de Banquete Liter\u00e1rio da AFL - VerdadeOn","og_description":"Discuss\u00e3o acontece no dia 2 de setembro, \u00e0s 15 horas, na Casa da Cultura A literatura fant\u00e1stica est\u00e1 no card\u00e1pio do pr\u00f3ximo Banquete Liter\u00e1rio \u201cFesta de [\u2026]","og_url":"https:\/\/verdadeon.com.br\/portal\/2023\/08\/23\/o-senhor-dos-aneis-e-as-cronicas-de-gelo-e-fogo-sao-tema-de-banquete-literario-da-afl\/","og_site_name":"VerdadeOn","article_published_time":"2023-08-23T13:00:28+00:00","article_modified_time":"2023-08-23T18:06:12+00:00","og_image":[{"width":1000,"height":670,"url":"https:\/\/verdadeon.com.br\/portal\/wp-content\/uploads\/2023\/04\/WhatsApp-Image-2023-04-10-at-17.34.07-1.jpeg","type":"image\/jpeg"}],"author":"Redacao VerdadeOn","twitter_card":"summary_large_image","twitter_misc":{"Escrito por":"Redacao VerdadeOn","Est. tempo de leitura":"3 minutos"},"schema":{"@context":"https:\/\/schema.org","@graph":[{"@type":"WebPage","@id":"https:\/\/verdadeon.com.br\/portal\/2023\/08\/23\/o-senhor-dos-aneis-e-as-cronicas-de-gelo-e-fogo-sao-tema-de-banquete-literario-da-afl\/","url":"https:\/\/verdadeon.com.br\/portal\/2023\/08\/23\/o-senhor-dos-aneis-e-as-cronicas-de-gelo-e-fogo-sao-tema-de-banquete-literario-da-afl\/","name":"\u201cO Senhor dos An\u00e9is\u201d e \u201cAs Cr\u00f4nicas de Gelo e Fogo\u201d s\u00e3o tema de Banquete Liter\u00e1rio da AFL - VerdadeOn","isPartOf":{"@id":"https:\/\/verdadeon.com.br\/portal\/#website"},"primaryImageOfPage":{"@id":"https:\/\/verdadeon.com.br\/portal\/2023\/08\/23\/o-senhor-dos-aneis-e-as-cronicas-de-gelo-e-fogo-sao-tema-de-banquete-literario-da-afl\/#primaryimage"},"image":{"@id":"https:\/\/verdadeon.com.br\/portal\/2023\/08\/23\/o-senhor-dos-aneis-e-as-cronicas-de-gelo-e-fogo-sao-tema-de-banquete-literario-da-afl\/#primaryimage"},"thumbnailUrl":"https:\/\/i0.wp.com\/verdadeon.com.br\/portal\/wp-content\/uploads\/2023\/04\/WhatsApp-Image-2023-04-10-at-17.34.07-1.jpeg?fit=1000%2C670&ssl=1","datePublished":"2023-08-23T13:00:28+00:00","dateModified":"2023-08-23T18:06:12+00:00","author":{"@id":"https:\/\/verdadeon.com.br\/portal\/#\/schema\/person\/a5060ad1e9ea3df545188fc93ce43d2f"},"breadcrumb":{"@id":"https:\/\/verdadeon.com.br\/portal\/2023\/08\/23\/o-senhor-dos-aneis-e-as-cronicas-de-gelo-e-fogo-sao-tema-de-banquete-literario-da-afl\/#breadcrumb"},"inLanguage":"pt-BR","potentialAction":[{"@type":"ReadAction","target":["https:\/\/verdadeon.com.br\/portal\/2023\/08\/23\/o-senhor-dos-aneis-e-as-cronicas-de-gelo-e-fogo-sao-tema-de-banquete-literario-da-afl\/"]}]},{"@type":"ImageObject","inLanguage":"pt-BR","@id":"https:\/\/verdadeon.com.br\/portal\/2023\/08\/23\/o-senhor-dos-aneis-e-as-cronicas-de-gelo-e-fogo-sao-tema-de-banquete-literario-da-afl\/#primaryimage","url":"https:\/\/i0.wp.com\/verdadeon.com.br\/portal\/wp-content\/uploads\/2023\/04\/WhatsApp-Image-2023-04-10-at-17.34.07-1.jpeg?fit=1000%2C670&ssl=1","contentUrl":"https:\/\/i0.wp.com\/verdadeon.com.br\/portal\/wp-content\/uploads\/2023\/04\/WhatsApp-Image-2023-04-10-at-17.34.07-1.jpeg?fit=1000%2C670&ssl=1","width":1000,"height":670,"caption":"O audit\u00f3rio da Casa da Cultura e do Artista Francano 'Abdias do Nascimento' se localiza na rua Oscar Brasilino Santos, 1531 - Centro, em frente \u00e0 Pra\u00e7a Carlos Pacheco (\u00a9Divulga\u00e7\u00e3o)"},{"@type":"BreadcrumbList","@id":"https:\/\/verdadeon.com.br\/portal\/2023\/08\/23\/o-senhor-dos-aneis-e-as-cronicas-de-gelo-e-fogo-sao-tema-de-banquete-literario-da-afl\/#breadcrumb","itemListElement":[{"@type":"ListItem","position":1,"name":"In\u00edcio","item":"https:\/\/verdadeon.com.br\/portal\/"},{"@type":"ListItem","position":2,"name":"\u201cO Senhor dos An\u00e9is\u201d e \u201cAs Cr\u00f4nicas de Gelo e Fogo\u201d s\u00e3o tema de Banquete Liter\u00e1rio da AFL"}]},{"@type":"WebSite","@id":"https:\/\/verdadeon.com.br\/portal\/#website","url":"https:\/\/verdadeon.com.br\/portal\/","name":"VerdadeOn","description":"Not\u00edcias di\u00e1rias sobre Franca, Regi\u00e3o, Esporte, Cultura, Cotidiano, Colunas. Cobertura nos principais eventos da cidade \u00e9 aqui - Verdadeon Franca","potentialAction":[{"@type":"SearchAction","target":{"@type":"EntryPoint","urlTemplate":"https:\/\/verdadeon.com.br\/portal\/?s={search_term_string}"},"query-input":{"@type":"PropertyValueSpecification","valueRequired":true,"valueName":"search_term_string"}}],"inLanguage":"pt-BR"},{"@type":"Person","@id":"https:\/\/verdadeon.com.br\/portal\/#\/schema\/person\/a5060ad1e9ea3df545188fc93ce43d2f","name":"Redacao VerdadeOn","image":{"@type":"ImageObject","inLanguage":"pt-BR","@id":"https:\/\/verdadeon.com.br\/portal\/#\/schema\/person\/image\/","url":"https:\/\/secure.gravatar.com\/avatar\/459a9613caaaf07f582c3d0841eea68bdd66f533e465e6ba8b9cb45619572cf4?s=96&d=mm&r=g","contentUrl":"https:\/\/secure.gravatar.com\/avatar\/459a9613caaaf07f582c3d0841eea68bdd66f533e465e6ba8b9cb45619572cf4?s=96&d=mm&r=g","caption":"Redacao VerdadeOn"},"url":"https:\/\/verdadeon.com.br\/portal\/author\/redacao\/"}]}},"jetpack_publicize_connections":[],"jetpack_featured_media_url":"https:\/\/i0.wp.com\/verdadeon.com.br\/portal\/wp-content\/uploads\/2023\/04\/WhatsApp-Image-2023-04-10-at-17.34.07-1.jpeg?fit=1000%2C670&ssl=1","jetpack_sharing_enabled":true,"_links":{"self":[{"href":"https:\/\/verdadeon.com.br\/portal\/wp-json\/wp\/v2\/posts\/37064","targetHints":{"allow":["GET"]}}],"collection":[{"href":"https:\/\/verdadeon.com.br\/portal\/wp-json\/wp\/v2\/posts"}],"about":[{"href":"https:\/\/verdadeon.com.br\/portal\/wp-json\/wp\/v2\/types\/post"}],"author":[{"embeddable":true,"href":"https:\/\/verdadeon.com.br\/portal\/wp-json\/wp\/v2\/users\/10"}],"replies":[{"embeddable":true,"href":"https:\/\/verdadeon.com.br\/portal\/wp-json\/wp\/v2\/comments?post=37064"}],"version-history":[{"count":1,"href":"https:\/\/verdadeon.com.br\/portal\/wp-json\/wp\/v2\/posts\/37064\/revisions"}],"predecessor-version":[{"id":37065,"href":"https:\/\/verdadeon.com.br\/portal\/wp-json\/wp\/v2\/posts\/37064\/revisions\/37065"}],"wp:featuredmedia":[{"embeddable":true,"href":"https:\/\/verdadeon.com.br\/portal\/wp-json\/wp\/v2\/media\/33320"}],"wp:attachment":[{"href":"https:\/\/verdadeon.com.br\/portal\/wp-json\/wp\/v2\/media?parent=37064"}],"wp:term":[{"taxonomy":"category","embeddable":true,"href":"https:\/\/verdadeon.com.br\/portal\/wp-json\/wp\/v2\/categories?post=37064"},{"taxonomy":"post_tag","embeddable":true,"href":"https:\/\/verdadeon.com.br\/portal\/wp-json\/wp\/v2\/tags?post=37064"}],"curies":[{"name":"wp","href":"https:\/\/api.w.org\/{rel}","templated":true}]}}