{"id":36862,"date":"2023-08-17T14:33:54","date_gmt":"2023-08-17T17:33:54","guid":{"rendered":"https:\/\/verdadeon.com.br\/portal\/?p=36862"},"modified":"2023-08-17T14:33:54","modified_gmt":"2023-08-17T17:33:54","slug":"casa-da-cultura-tem-exposicoes-gratuitas-de-arte-e-mostra-na-pinacoteca","status":"publish","type":"post","link":"https:\/\/verdadeon.com.br\/portal\/2023\/08\/17\/casa-da-cultura-tem-exposicoes-gratuitas-de-arte-e-mostra-na-pinacoteca\/","title":{"rendered":"Casa da Cultura tem exposi\u00e7\u00f5es gratuitas de arte e mostra na Pinacoteca"},"content":{"rendered":"<h2>Visitas podem ser comuns ou agendadas<\/h2>\n<p>A Casa da Cultura e do Artista Francano \u201cAbdias do Nascimento\u201d, no Centro de Franca, est\u00e1 com exposi\u00e7\u00f5es gratuitas e abertas, de segunda a sexta-feira, das 8h \u00e0s 20h30.<\/p>\n<p>Logo no hall de entrada o p\u00fablico conhece o ateli\u00ea permanente do pintor e projetista italiano Bonaventura Cariolato. O espa\u00e7o, dividido em duas salas, conta com mais de 20 quadros do artista, como o famoso &#8220;A Velha Estalagem&#8221;, objetos do pintor e plantas de obras, projetadas por ele, como a do Mosteiro de Claraval e a Capelinha, aquarelas inacabadas, cavaletes usados, cachimbos, pinc\u00e9is e correspond\u00eancias enviadas a familiares na It\u00e1lia.<\/p>\n<p>Ainda no andar t\u00e9rreo da unidade, \u00e9 poss\u00edvel conhecer o acervo da Academia Francana de Letras. Considerada de utilidade p\u00fablica, a associa\u00e7\u00e3o tem em seu quadro, escritores que s\u00e3o de Franca e que levam a literatura Brasil e mundo afora. Al\u00e9m de raros exemplares e obras desses autores, a sede da Academia, na Casa da Cultura, oferece projetos liter\u00e1rios gratuitos \u00e0 popula\u00e7\u00e3o.<\/p>\n<p>De responsabilidade da FEAC (Funda\u00e7\u00e3o Esporte, Arte e Cultura), a Casa tamb\u00e9m mant\u00e9m o Memorial da Resist\u00eancia Negra, com acervo sobre artistas negros como Carlos de Assump\u00e7\u00e3o e Abdias do Nascimento. O local tem encontros, exposi\u00e7\u00f5es tem\u00e1ticas e lan\u00e7amentos de manifesta\u00e7\u00f5es art\u00edsticas.<\/p>\n<p>H\u00e1, ainda, uma mostra permanente de itens que comp\u00f5em a reserva t\u00e9cnica do MIS (Museu da Imagem e do Som). Com o nome de Bonaventura Cariolato, o local tem imagens de nomes do r\u00e1dio francano, c\u00e2meras fotogr\u00e1ficas antigas, equipamentos de som, projetores e outros objetos que contam a hist\u00f3ria da comunica\u00e7\u00e3o da r\u00e1dio, televis\u00e3o e outros meios de comunica\u00e7\u00e3o.<\/p>\n<p>J\u00e1 o segundo andar, que abriga a Pinacoteca \u201cMiguel \u00c2ngelo Pucci\u201d e sua reserva t\u00e9cnica, possui exposi\u00e7\u00f5es de pinturas e outras artes pl\u00e1sticas. At\u00e9 o dia 31, deste m\u00eas, a Pinacoteca Municipal \u201cMiguel \u00c2ngelo Pucci\u201d tem exposi\u00e7\u00e3o de quadros, desenho e escultura de Glaudemir Dias e Pl\u00ednio Ranhel. Denominada \u201cTinta na Tela\u201d, a mostra tem estilo predominantemente acad\u00eamico, com pe\u00e7as que v\u00e3o desde releituras de Caravaggio a obras surrealistas, paisagens rurais com refer\u00eancias a fatos hist\u00f3ricos, retratos de pessoas e esculturas de gesso.<\/p>\n<p>H\u00e1 duas op\u00e7\u00f5es de visita\u00e7\u00e3o \u00e0 popula\u00e7\u00e3o: as comuns e as agendadas, que s\u00e3o guiadas por funcion\u00e1rios, com explica\u00e7\u00f5es sobre os espa\u00e7os, obras e artistas expostos no local. No \u00faltimo caso, \u00e9 preciso fazer agendamento pr\u00e9vio pelo (16) 3721-8692.<\/p>\n<p>A Casa da Cultura e do Artista Francano &#8220;Abdias do Nascimento&#8221; fica na rua Oscar Brasilino Santos, 1531, Centro.<\/p>\n","protected":false},"excerpt":{"rendered":"<p>Visitas podem ser comuns ou agendadas A Casa da Cultura e do Artista Francano \u201cAbdias do Nascimento\u201d, no Centro de Franca, est\u00e1 com exposi\u00e7\u00f5es gratuitas e<span class=\"excerpt-hellip\"> [\u2026]<\/span><\/p>\n","protected":false},"author":10,"featured_media":36863,"comment_status":"open","ping_status":"open","sticky":false,"template":"","format":"standard","meta":{"_jetpack_memberships_contains_paid_content":false,"footnotes":"","jetpack_publicize_message":"","jetpack_publicize_feature_enabled":true,"jetpack_social_post_already_shared":false,"jetpack_social_options":{"image_generator_settings":{"template":"highway","default_image_id":0,"enabled":false},"version":2}},"categories":[28,44],"tags":[],"class_list":["post-36862","post","type-post","status-publish","format-standard","has-post-thumbnail","hentry","category-cotidiano","category-noticias"],"yoast_head":"<!-- This site is optimized with the Yoast SEO plugin v25.6 - https:\/\/yoast.com\/wordpress\/plugins\/seo\/ -->\n<title>Casa da Cultura tem exposi\u00e7\u00f5es gratuitas de arte e mostra na Pinacoteca - VerdadeOn<\/title>\n<meta name=\"robots\" content=\"index, follow, max-snippet:-1, max-image-preview:large, max-video-preview:-1\" \/>\n<link rel=\"canonical\" href=\"https:\/\/verdadeon.com.br\/portal\/2023\/08\/17\/casa-da-cultura-tem-exposicoes-gratuitas-de-arte-e-mostra-na-pinacoteca\/\" \/>\n<meta property=\"og:locale\" content=\"pt_BR\" \/>\n<meta property=\"og:type\" content=\"article\" \/>\n<meta property=\"og:title\" content=\"Casa da Cultura tem exposi\u00e7\u00f5es gratuitas de arte e mostra na Pinacoteca - VerdadeOn\" \/>\n<meta property=\"og:description\" content=\"Visitas podem ser comuns ou agendadas A Casa da Cultura e do Artista Francano \u201cAbdias do Nascimento\u201d, no Centro de Franca, est\u00e1 com exposi\u00e7\u00f5es gratuitas e [\u2026]\" \/>\n<meta property=\"og:url\" content=\"https:\/\/verdadeon.com.br\/portal\/2023\/08\/17\/casa-da-cultura-tem-exposicoes-gratuitas-de-arte-e-mostra-na-pinacoteca\/\" \/>\n<meta property=\"og:site_name\" content=\"VerdadeOn\" \/>\n<meta property=\"article:published_time\" content=\"2023-08-17T17:33:54+00:00\" \/>\n<meta property=\"og:image\" content=\"https:\/\/verdadeon.com.br\/portal\/wp-content\/uploads\/2023\/08\/cariolato-7.jpg\" \/>\n\t<meta property=\"og:image:width\" content=\"2038\" \/>\n\t<meta property=\"og:image:height\" content=\"1365\" \/>\n\t<meta property=\"og:image:type\" content=\"image\/jpeg\" \/>\n<meta name=\"author\" content=\"Redacao VerdadeOn\" \/>\n<meta name=\"twitter:card\" content=\"summary_large_image\" \/>\n<meta name=\"twitter:label1\" content=\"Escrito por\" \/>\n\t<meta name=\"twitter:data1\" content=\"Redacao VerdadeOn\" \/>\n\t<meta name=\"twitter:label2\" content=\"Est. tempo de leitura\" \/>\n\t<meta name=\"twitter:data2\" content=\"3 minutos\" \/>\n<script type=\"application\/ld+json\" class=\"yoast-schema-graph\">{\"@context\":\"https:\/\/schema.org\",\"@graph\":[{\"@type\":\"WebPage\",\"@id\":\"https:\/\/verdadeon.com.br\/portal\/2023\/08\/17\/casa-da-cultura-tem-exposicoes-gratuitas-de-arte-e-mostra-na-pinacoteca\/\",\"url\":\"https:\/\/verdadeon.com.br\/portal\/2023\/08\/17\/casa-da-cultura-tem-exposicoes-gratuitas-de-arte-e-mostra-na-pinacoteca\/\",\"name\":\"Casa da Cultura tem exposi\u00e7\u00f5es gratuitas de arte e mostra na Pinacoteca - VerdadeOn\",\"isPartOf\":{\"@id\":\"https:\/\/verdadeon.com.br\/portal\/#website\"},\"primaryImageOfPage\":{\"@id\":\"https:\/\/verdadeon.com.br\/portal\/2023\/08\/17\/casa-da-cultura-tem-exposicoes-gratuitas-de-arte-e-mostra-na-pinacoteca\/#primaryimage\"},\"image\":{\"@id\":\"https:\/\/verdadeon.com.br\/portal\/2023\/08\/17\/casa-da-cultura-tem-exposicoes-gratuitas-de-arte-e-mostra-na-pinacoteca\/#primaryimage\"},\"thumbnailUrl\":\"https:\/\/i0.wp.com\/verdadeon.com.br\/portal\/wp-content\/uploads\/2023\/08\/cariolato-7.jpg?fit=2038%2C1365&ssl=1\",\"datePublished\":\"2023-08-17T17:33:54+00:00\",\"author\":{\"@id\":\"https:\/\/verdadeon.com.br\/portal\/#\/schema\/person\/a5060ad1e9ea3df545188fc93ce43d2f\"},\"breadcrumb\":{\"@id\":\"https:\/\/verdadeon.com.br\/portal\/2023\/08\/17\/casa-da-cultura-tem-exposicoes-gratuitas-de-arte-e-mostra-na-pinacoteca\/#breadcrumb\"},\"inLanguage\":\"pt-BR\",\"potentialAction\":[{\"@type\":\"ReadAction\",\"target\":[\"https:\/\/verdadeon.com.br\/portal\/2023\/08\/17\/casa-da-cultura-tem-exposicoes-gratuitas-de-arte-e-mostra-na-pinacoteca\/\"]}]},{\"@type\":\"ImageObject\",\"inLanguage\":\"pt-BR\",\"@id\":\"https:\/\/verdadeon.com.br\/portal\/2023\/08\/17\/casa-da-cultura-tem-exposicoes-gratuitas-de-arte-e-mostra-na-pinacoteca\/#primaryimage\",\"url\":\"https:\/\/i0.wp.com\/verdadeon.com.br\/portal\/wp-content\/uploads\/2023\/08\/cariolato-7.jpg?fit=2038%2C1365&ssl=1\",\"contentUrl\":\"https:\/\/i0.wp.com\/verdadeon.com.br\/portal\/wp-content\/uploads\/2023\/08\/cariolato-7.jpg?fit=2038%2C1365&ssl=1\",\"width\":2038,\"height\":1365,\"caption\":\"Casa da Cultura e do Artista Francano \\\"Abdias do Nascimento\\\" fica na rua Oscar Brasilino Santos, 1531, Centro (\u00a9Divulga\u00e7\u00e3o)\"},{\"@type\":\"BreadcrumbList\",\"@id\":\"https:\/\/verdadeon.com.br\/portal\/2023\/08\/17\/casa-da-cultura-tem-exposicoes-gratuitas-de-arte-e-mostra-na-pinacoteca\/#breadcrumb\",\"itemListElement\":[{\"@type\":\"ListItem\",\"position\":1,\"name\":\"In\u00edcio\",\"item\":\"https:\/\/verdadeon.com.br\/portal\/\"},{\"@type\":\"ListItem\",\"position\":2,\"name\":\"Casa da Cultura tem exposi\u00e7\u00f5es gratuitas de arte e mostra na Pinacoteca\"}]},{\"@type\":\"WebSite\",\"@id\":\"https:\/\/verdadeon.com.br\/portal\/#website\",\"url\":\"https:\/\/verdadeon.com.br\/portal\/\",\"name\":\"VerdadeOn\",\"description\":\"Not\u00edcias di\u00e1rias sobre Franca, Regi\u00e3o, Esporte, Cultura, Cotidiano, Colunas. Cobertura nos principais eventos da cidade \u00e9 aqui - Verdadeon Franca\",\"potentialAction\":[{\"@type\":\"SearchAction\",\"target\":{\"@type\":\"EntryPoint\",\"urlTemplate\":\"https:\/\/verdadeon.com.br\/portal\/?s={search_term_string}\"},\"query-input\":{\"@type\":\"PropertyValueSpecification\",\"valueRequired\":true,\"valueName\":\"search_term_string\"}}],\"inLanguage\":\"pt-BR\"},{\"@type\":\"Person\",\"@id\":\"https:\/\/verdadeon.com.br\/portal\/#\/schema\/person\/a5060ad1e9ea3df545188fc93ce43d2f\",\"name\":\"Redacao VerdadeOn\",\"image\":{\"@type\":\"ImageObject\",\"inLanguage\":\"pt-BR\",\"@id\":\"https:\/\/verdadeon.com.br\/portal\/#\/schema\/person\/image\/\",\"url\":\"https:\/\/secure.gravatar.com\/avatar\/459a9613caaaf07f582c3d0841eea68bdd66f533e465e6ba8b9cb45619572cf4?s=96&d=mm&r=g\",\"contentUrl\":\"https:\/\/secure.gravatar.com\/avatar\/459a9613caaaf07f582c3d0841eea68bdd66f533e465e6ba8b9cb45619572cf4?s=96&d=mm&r=g\",\"caption\":\"Redacao VerdadeOn\"},\"url\":\"https:\/\/verdadeon.com.br\/portal\/author\/redacao\/\"}]}<\/script>\n<!-- \/ Yoast SEO plugin. -->","yoast_head_json":{"title":"Casa da Cultura tem exposi\u00e7\u00f5es gratuitas de arte e mostra na Pinacoteca - VerdadeOn","robots":{"index":"index","follow":"follow","max-snippet":"max-snippet:-1","max-image-preview":"max-image-preview:large","max-video-preview":"max-video-preview:-1"},"canonical":"https:\/\/verdadeon.com.br\/portal\/2023\/08\/17\/casa-da-cultura-tem-exposicoes-gratuitas-de-arte-e-mostra-na-pinacoteca\/","og_locale":"pt_BR","og_type":"article","og_title":"Casa da Cultura tem exposi\u00e7\u00f5es gratuitas de arte e mostra na Pinacoteca - VerdadeOn","og_description":"Visitas podem ser comuns ou agendadas A Casa da Cultura e do Artista Francano \u201cAbdias do Nascimento\u201d, no Centro de Franca, est\u00e1 com exposi\u00e7\u00f5es gratuitas e [\u2026]","og_url":"https:\/\/verdadeon.com.br\/portal\/2023\/08\/17\/casa-da-cultura-tem-exposicoes-gratuitas-de-arte-e-mostra-na-pinacoteca\/","og_site_name":"VerdadeOn","article_published_time":"2023-08-17T17:33:54+00:00","og_image":[{"width":2038,"height":1365,"url":"https:\/\/verdadeon.com.br\/portal\/wp-content\/uploads\/2023\/08\/cariolato-7.jpg","type":"image\/jpeg"}],"author":"Redacao VerdadeOn","twitter_card":"summary_large_image","twitter_misc":{"Escrito por":"Redacao VerdadeOn","Est. tempo de leitura":"3 minutos"},"schema":{"@context":"https:\/\/schema.org","@graph":[{"@type":"WebPage","@id":"https:\/\/verdadeon.com.br\/portal\/2023\/08\/17\/casa-da-cultura-tem-exposicoes-gratuitas-de-arte-e-mostra-na-pinacoteca\/","url":"https:\/\/verdadeon.com.br\/portal\/2023\/08\/17\/casa-da-cultura-tem-exposicoes-gratuitas-de-arte-e-mostra-na-pinacoteca\/","name":"Casa da Cultura tem exposi\u00e7\u00f5es gratuitas de arte e mostra na Pinacoteca - VerdadeOn","isPartOf":{"@id":"https:\/\/verdadeon.com.br\/portal\/#website"},"primaryImageOfPage":{"@id":"https:\/\/verdadeon.com.br\/portal\/2023\/08\/17\/casa-da-cultura-tem-exposicoes-gratuitas-de-arte-e-mostra-na-pinacoteca\/#primaryimage"},"image":{"@id":"https:\/\/verdadeon.com.br\/portal\/2023\/08\/17\/casa-da-cultura-tem-exposicoes-gratuitas-de-arte-e-mostra-na-pinacoteca\/#primaryimage"},"thumbnailUrl":"https:\/\/i0.wp.com\/verdadeon.com.br\/portal\/wp-content\/uploads\/2023\/08\/cariolato-7.jpg?fit=2038%2C1365&ssl=1","datePublished":"2023-08-17T17:33:54+00:00","author":{"@id":"https:\/\/verdadeon.com.br\/portal\/#\/schema\/person\/a5060ad1e9ea3df545188fc93ce43d2f"},"breadcrumb":{"@id":"https:\/\/verdadeon.com.br\/portal\/2023\/08\/17\/casa-da-cultura-tem-exposicoes-gratuitas-de-arte-e-mostra-na-pinacoteca\/#breadcrumb"},"inLanguage":"pt-BR","potentialAction":[{"@type":"ReadAction","target":["https:\/\/verdadeon.com.br\/portal\/2023\/08\/17\/casa-da-cultura-tem-exposicoes-gratuitas-de-arte-e-mostra-na-pinacoteca\/"]}]},{"@type":"ImageObject","inLanguage":"pt-BR","@id":"https:\/\/verdadeon.com.br\/portal\/2023\/08\/17\/casa-da-cultura-tem-exposicoes-gratuitas-de-arte-e-mostra-na-pinacoteca\/#primaryimage","url":"https:\/\/i0.wp.com\/verdadeon.com.br\/portal\/wp-content\/uploads\/2023\/08\/cariolato-7.jpg?fit=2038%2C1365&ssl=1","contentUrl":"https:\/\/i0.wp.com\/verdadeon.com.br\/portal\/wp-content\/uploads\/2023\/08\/cariolato-7.jpg?fit=2038%2C1365&ssl=1","width":2038,"height":1365,"caption":"Casa da Cultura e do Artista Francano \"Abdias do Nascimento\" fica na rua Oscar Brasilino Santos, 1531, Centro (\u00a9Divulga\u00e7\u00e3o)"},{"@type":"BreadcrumbList","@id":"https:\/\/verdadeon.com.br\/portal\/2023\/08\/17\/casa-da-cultura-tem-exposicoes-gratuitas-de-arte-e-mostra-na-pinacoteca\/#breadcrumb","itemListElement":[{"@type":"ListItem","position":1,"name":"In\u00edcio","item":"https:\/\/verdadeon.com.br\/portal\/"},{"@type":"ListItem","position":2,"name":"Casa da Cultura tem exposi\u00e7\u00f5es gratuitas de arte e mostra na Pinacoteca"}]},{"@type":"WebSite","@id":"https:\/\/verdadeon.com.br\/portal\/#website","url":"https:\/\/verdadeon.com.br\/portal\/","name":"VerdadeOn","description":"Not\u00edcias di\u00e1rias sobre Franca, Regi\u00e3o, Esporte, Cultura, Cotidiano, Colunas. Cobertura nos principais eventos da cidade \u00e9 aqui - Verdadeon Franca","potentialAction":[{"@type":"SearchAction","target":{"@type":"EntryPoint","urlTemplate":"https:\/\/verdadeon.com.br\/portal\/?s={search_term_string}"},"query-input":{"@type":"PropertyValueSpecification","valueRequired":true,"valueName":"search_term_string"}}],"inLanguage":"pt-BR"},{"@type":"Person","@id":"https:\/\/verdadeon.com.br\/portal\/#\/schema\/person\/a5060ad1e9ea3df545188fc93ce43d2f","name":"Redacao VerdadeOn","image":{"@type":"ImageObject","inLanguage":"pt-BR","@id":"https:\/\/verdadeon.com.br\/portal\/#\/schema\/person\/image\/","url":"https:\/\/secure.gravatar.com\/avatar\/459a9613caaaf07f582c3d0841eea68bdd66f533e465e6ba8b9cb45619572cf4?s=96&d=mm&r=g","contentUrl":"https:\/\/secure.gravatar.com\/avatar\/459a9613caaaf07f582c3d0841eea68bdd66f533e465e6ba8b9cb45619572cf4?s=96&d=mm&r=g","caption":"Redacao VerdadeOn"},"url":"https:\/\/verdadeon.com.br\/portal\/author\/redacao\/"}]}},"jetpack_publicize_connections":[],"jetpack_featured_media_url":"https:\/\/i0.wp.com\/verdadeon.com.br\/portal\/wp-content\/uploads\/2023\/08\/cariolato-7.jpg?fit=2038%2C1365&ssl=1","jetpack_sharing_enabled":true,"_links":{"self":[{"href":"https:\/\/verdadeon.com.br\/portal\/wp-json\/wp\/v2\/posts\/36862","targetHints":{"allow":["GET"]}}],"collection":[{"href":"https:\/\/verdadeon.com.br\/portal\/wp-json\/wp\/v2\/posts"}],"about":[{"href":"https:\/\/verdadeon.com.br\/portal\/wp-json\/wp\/v2\/types\/post"}],"author":[{"embeddable":true,"href":"https:\/\/verdadeon.com.br\/portal\/wp-json\/wp\/v2\/users\/10"}],"replies":[{"embeddable":true,"href":"https:\/\/verdadeon.com.br\/portal\/wp-json\/wp\/v2\/comments?post=36862"}],"version-history":[{"count":1,"href":"https:\/\/verdadeon.com.br\/portal\/wp-json\/wp\/v2\/posts\/36862\/revisions"}],"predecessor-version":[{"id":36864,"href":"https:\/\/verdadeon.com.br\/portal\/wp-json\/wp\/v2\/posts\/36862\/revisions\/36864"}],"wp:featuredmedia":[{"embeddable":true,"href":"https:\/\/verdadeon.com.br\/portal\/wp-json\/wp\/v2\/media\/36863"}],"wp:attachment":[{"href":"https:\/\/verdadeon.com.br\/portal\/wp-json\/wp\/v2\/media?parent=36862"}],"wp:term":[{"taxonomy":"category","embeddable":true,"href":"https:\/\/verdadeon.com.br\/portal\/wp-json\/wp\/v2\/categories?post=36862"},{"taxonomy":"post_tag","embeddable":true,"href":"https:\/\/verdadeon.com.br\/portal\/wp-json\/wp\/v2\/tags?post=36862"}],"curies":[{"name":"wp","href":"https:\/\/api.w.org\/{rel}","templated":true}]}}