{"id":36859,"date":"2023-08-17T14:21:57","date_gmt":"2023-08-17T17:21:57","guid":{"rendered":"https:\/\/verdadeon.com.br\/portal\/?p=36859"},"modified":"2023-08-17T14:21:57","modified_gmt":"2023-08-17T17:21:57","slug":"guardas-civis-participam-de-treinamento-para-central-de-monitoramento","status":"publish","type":"post","link":"https:\/\/verdadeon.com.br\/portal\/2023\/08\/17\/guardas-civis-participam-de-treinamento-para-central-de-monitoramento\/","title":{"rendered":"Guardas civis participam de treinamento para Central de Monitoramento"},"content":{"rendered":"<h2>Treinamento foi iniciado nesta quarta-feira, 16<\/h2>\n<p>A Prefeitura de Franca est\u00e1 com novos investimentos na seguran\u00e7a. As obras da Central de Monitoramento, que ter\u00e1 56 c\u00e2meras em diversos pontos da cidade, est\u00e3o sendo finalizadas e os guardas civis municipais j\u00e1 est\u00e3o passando por treinamento com o dispositivo.<\/p>\n<p>Este treinamento teve in\u00edcio nesta quarta-feira, 16, na pr\u00f3pria sede da Central de Monitoramento, localizada na rua Frederico Moura. O espa\u00e7o conta com monitores grandes, que mostram todas as c\u00e2meras, programadas em 360\u00ba nos locais, computadores e estrutura com tecnologia de ponta.<\/p>\n<p>O servi\u00e7o funcionar\u00e1 24 horas por dia, integrado com as Pol\u00edcias Civil e Militar, respons\u00e1veis pelas investiga\u00e7\u00f5es e patrulhamento ostensivo na cidade, respectivamente.\u00a0O secret\u00e1rio de Seguran\u00e7a, Marcus Ara\u00fajo, tamb\u00e9m destacou que o monitoramento \u00e9 uma ferramenta tecnol\u00f3gica com m\u00faltiplas fun\u00e7\u00f5es, que chega para ajudar na preven\u00e7\u00e3o de crimes e a seguran\u00e7a da popula\u00e7\u00e3o. De acordo com o secret\u00e1rio, a Central de Monitoramento ser\u00e1 colocada em pleno funcionamento nos pr\u00f3ximos dias.<\/p>\n<p>Al\u00e9m da Central de Monitoramento, a convoca\u00e7\u00e3o de mais guardas municipais, drone e outros equipamentos, 25 novas viaturas para PM, Bombeiros e Guarda Civil j\u00e1 foram adquiridas.<\/p>\n<p>Confira os 56 pontos da cidade que receber\u00e3o as c\u00e2meras de monitoramento:<\/p>\n<div>&#8211; Av. Brasil X Rua Acre<\/div>\n<div>&#8211; Av. Presidente Vargas X Rua Capit\u00e3o Anselmo<\/div>\n<div>&#8211; Av. Presidente Vargas X Rua Frederico Moura<\/div>\n<div>&#8211; Av. Major Nic\u00e1cio X Av. Presidente Vargas<\/div>\n<div>&#8211; Av. Major Nic\u00e1cio X Rua Padre Anchieta<\/div>\n<div>&#8211; Av. H\u00e9lio Palermo X Rua Sabina Rodrigues de Oliveira<\/div>\n<div>&#8211; Av. Ant\u00f4nio Barbosa Filho X Comandante Salgado<\/div>\n<div>&#8211; Rua Libero Badar\u00f3 X Rua Major Claudiano<\/div>\n<div>&#8211; Rua General Os\u00f3rio X Rua Monsenhor Rosa<\/div>\n<div>&#8211; Rua General Carneiro X Rua Campos Salles<\/div>\n<div>&#8211; Rua Marechal Deodoro X Rua J\u00falio Cardoso<\/div>\n<div>&#8211; Rua Major Claudiano X Rua Volunt\u00e1rios da Franca<\/div>\n<div>&#8211; Rua Monsenhor Rosa X Rua Saldanha Marinho<\/div>\n<div>&#8211; Rua Volunt\u00e1rios da Franca X Rua Couto Magalh\u00e3es<\/div>\n<div>&#8211; Rua General Telles X Rua Ouvidor Freire<\/div>\n<div>&#8211; Av. Ismael Alonso Y Alonso X Av. Champagnat<\/div>\n<div>&#8211; Av. Ismael Alonso Y Alonso X Rua Saldanha Marinho<\/div>\n<div>&#8211; Av. Major Nic\u00e1cio X Av. Ismael Alonso Y Alonso (Uni-FACEF)<\/div>\n<div>&#8211; Av. Major Nic\u00e1cio X Av. Ismael Alonso Y Alonso (Viaduto Dona Quita)<\/div>\n<div>&#8211; Av. Major Nic\u00e1cio X Av. Ismael Alonso Y Alonso (outro ponto)<\/div>\n<div>&#8211; Av. Adhemar de Barros X Rua Jo\u00e3o Zanuzzi<\/div>\n<div>&#8211; Av. Adhemar de Barros X Av. Brasil<\/div>\n<div>&#8211; Av. Adhemar de Barros X Rua Jos\u00e9 Garcia Gomes<\/div>\n<div>&#8211; Av. Brasil X Av. Alagoas<\/div>\n<div>&#8211; Av. Dom Pedro X Av. Eufr\u00e1sia M. Petr\u00e1glia<\/div>\n<div>&#8211; Av. Dom Pedro X Av. Nazira Aidar<\/div>\n<div>&#8211; Av. Orlando Dompieri X Rua Miguel Maniglia Sobrinho<\/div>\n<div>&#8211; Av. Orlando Dompieri X Av. H\u00e9lio Palermo<\/div>\n<div>&#8211; Av. Orlando Dompieri X Av. Chico J\u00falio<\/div>\n<div>&#8211; Av. Moacir Vieira Coelho X Rua Frei Agostinho da Piedade<\/div>\n<div>&#8211; Av. Abra\u00e3o Brickmann X Av. Geralda Rocha Silva<\/div>\n<div>&#8211; Av. Abra\u00e3o Brickmann X Rua Cl\u00f3vis Vieira de Andrade<\/div>\n<div>&#8211; Al. Vicente Leporace X Av. Chico J\u00falio<\/div>\n<div>&#8211; Av. Jos\u00e9 da Silva X Rua Ant\u00f4nio C\u00e2ndido de Mello<\/div>\n<div>&#8211; Av. Chico J\u00falio X Rua Antonio C\u00e2ndido de Melo<\/div>\n<div>&#8211; Av. Frei Germano X Rua Jos\u00e9 Bonif\u00e1cio<\/div>\n<div>&#8211; Av. Integra\u00e7\u00e3o X Rua Volunt\u00e1rio Adriano Cintra<\/div>\n<div>&#8211; Rua Volunt\u00e1rios da Franca X Rua Jos\u00e9 de Alencar<\/div>\n<div>&#8211; Rua General Telles X Av. Rio Branco<\/div>\n<div>&#8211; Av. Integra\u00e7\u00e3o X Rua Francisco Marques<\/div>\n<div>&#8211; Rua Francisco Marques X Rua Francisco de T\u00e1rsia<\/div>\n<div>&#8211; Rua Francisco Marques X Rua Am\u00e9lio Borges Campos<\/div>\n<div>&#8211; Rua Simpliciano Pombo X Rua Alberto Azevedo<\/div>\n<div>&#8211; Av. Santos Dumont X Av. Paschoal Pulicano<\/div>\n<div>&#8211; Av. Santos Dumont X Av. Amazonas<\/div>\n<div>&#8211; Av. Santos Dumont X Av. Elias Abra\u00e3o<\/div>\n<div>&#8211; Rua dos Pracinhas n\u00ba 510 (Gin\u00e1sio Poliesportivo Pedro Morilla Fuentes &#8211; Port\u00e3o de Entrada Principal)<\/div>\n<div>&#8211; Rua dos Pracinhas n\u00ba 510 (Gin\u00e1sio Poliesportivo Pedro Morilla Fuentes &#8211; Pista de Atletismo)<\/div>\n<div>&#8211; Rua dos Pracinhas n\u00ba 510 (Gin\u00e1sio Poliesportivo Pedro Morilla Fuentes &#8211; Academia ao ar livre e Quadras Esportivas)<\/div>\n<div>&#8211; Rua dos Pracinhas n\u00ba 510 (Gin\u00e1sio Poliesportivo Pedro Morilla Fuentes &#8211; Port\u00e3o de entrada da Rua Francisco Paulo Quintanilha Ribeiro)<\/div>\n<div>&#8211; Av. Abra\u00e3o Brickmann X Rodovia C\u00e2ndido Portinari<\/div>\n<div>&#8211; Rua Francisco Marques X Rua Nilton Cristiano<\/div>\n<div>&#8211; Parque dos Trabalhadores<\/div>\n<div>&#8211; Rua do Com\u00e9rcio X Rua Marechal Deodoro<\/div>\n<div>&#8211; Av. Frei Germano X Rua General Carneiro<\/div>\n<div>&#8211; Av. Wilson S\u00e1bio de Melo X Trist\u00e3o de Almeida<\/div>\n","protected":false},"excerpt":{"rendered":"<p>Treinamento foi iniciado nesta quarta-feira, 16 A Prefeitura de Franca est\u00e1 com novos investimentos na seguran\u00e7a. As obras da Central de Monitoramento, que ter\u00e1 56 c\u00e2meras<span class=\"excerpt-hellip\"> [\u2026]<\/span><\/p>\n","protected":false},"author":10,"featured_media":36860,"comment_status":"open","ping_status":"open","sticky":false,"template":"","format":"standard","meta":{"_jetpack_memberships_contains_paid_content":false,"footnotes":"","jetpack_publicize_message":"","jetpack_publicize_feature_enabled":true,"jetpack_social_post_already_shared":false,"jetpack_social_options":{"image_generator_settings":{"template":"highway","default_image_id":0,"enabled":false},"version":2}},"categories":[28,44],"tags":[],"class_list":["post-36859","post","type-post","status-publish","format-standard","has-post-thumbnail","hentry","category-cotidiano","category-noticias"],"yoast_head":"<!-- This site is optimized with the Yoast SEO plugin v25.6 - https:\/\/yoast.com\/wordpress\/plugins\/seo\/ -->\n<title>Guardas civis participam de treinamento para Central de Monitoramento - VerdadeOn<\/title>\n<meta name=\"robots\" content=\"index, follow, max-snippet:-1, max-image-preview:large, max-video-preview:-1\" \/>\n<link rel=\"canonical\" href=\"https:\/\/verdadeon.com.br\/portal\/2023\/08\/17\/guardas-civis-participam-de-treinamento-para-central-de-monitoramento\/\" \/>\n<meta property=\"og:locale\" content=\"pt_BR\" \/>\n<meta property=\"og:type\" content=\"article\" \/>\n<meta property=\"og:title\" content=\"Guardas civis participam de treinamento para Central de Monitoramento - VerdadeOn\" \/>\n<meta property=\"og:description\" content=\"Treinamento foi iniciado nesta quarta-feira, 16 A Prefeitura de Franca est\u00e1 com novos investimentos na seguran\u00e7a. As obras da Central de Monitoramento, que ter\u00e1 56 c\u00e2meras [\u2026]\" \/>\n<meta property=\"og:url\" content=\"https:\/\/verdadeon.com.br\/portal\/2023\/08\/17\/guardas-civis-participam-de-treinamento-para-central-de-monitoramento\/\" \/>\n<meta property=\"og:site_name\" content=\"VerdadeOn\" \/>\n<meta property=\"article:published_time\" content=\"2023-08-17T17:21:57+00:00\" \/>\n<meta property=\"og:image\" content=\"https:\/\/verdadeon.com.br\/portal\/wp-content\/uploads\/2023\/08\/IMG_8490.jpg\" \/>\n\t<meta property=\"og:image:width\" content=\"2038\" \/>\n\t<meta property=\"og:image:height\" content=\"1365\" \/>\n\t<meta property=\"og:image:type\" content=\"image\/jpeg\" \/>\n<meta name=\"author\" content=\"Redacao VerdadeOn\" \/>\n<meta name=\"twitter:card\" content=\"summary_large_image\" \/>\n<meta name=\"twitter:label1\" content=\"Escrito por\" \/>\n\t<meta name=\"twitter:data1\" content=\"Redacao VerdadeOn\" \/>\n\t<meta name=\"twitter:label2\" content=\"Est. tempo de leitura\" \/>\n\t<meta name=\"twitter:data2\" content=\"4 minutos\" \/>\n<script type=\"application\/ld+json\" class=\"yoast-schema-graph\">{\"@context\":\"https:\/\/schema.org\",\"@graph\":[{\"@type\":\"WebPage\",\"@id\":\"https:\/\/verdadeon.com.br\/portal\/2023\/08\/17\/guardas-civis-participam-de-treinamento-para-central-de-monitoramento\/\",\"url\":\"https:\/\/verdadeon.com.br\/portal\/2023\/08\/17\/guardas-civis-participam-de-treinamento-para-central-de-monitoramento\/\",\"name\":\"Guardas civis participam de treinamento para Central de Monitoramento - VerdadeOn\",\"isPartOf\":{\"@id\":\"https:\/\/verdadeon.com.br\/portal\/#website\"},\"primaryImageOfPage\":{\"@id\":\"https:\/\/verdadeon.com.br\/portal\/2023\/08\/17\/guardas-civis-participam-de-treinamento-para-central-de-monitoramento\/#primaryimage\"},\"image\":{\"@id\":\"https:\/\/verdadeon.com.br\/portal\/2023\/08\/17\/guardas-civis-participam-de-treinamento-para-central-de-monitoramento\/#primaryimage\"},\"thumbnailUrl\":\"https:\/\/i0.wp.com\/verdadeon.com.br\/portal\/wp-content\/uploads\/2023\/08\/IMG_8490.jpg?fit=2038%2C1365&ssl=1\",\"datePublished\":\"2023-08-17T17:21:57+00:00\",\"author\":{\"@id\":\"https:\/\/verdadeon.com.br\/portal\/#\/schema\/person\/a5060ad1e9ea3df545188fc93ce43d2f\"},\"breadcrumb\":{\"@id\":\"https:\/\/verdadeon.com.br\/portal\/2023\/08\/17\/guardas-civis-participam-de-treinamento-para-central-de-monitoramento\/#breadcrumb\"},\"inLanguage\":\"pt-BR\",\"potentialAction\":[{\"@type\":\"ReadAction\",\"target\":[\"https:\/\/verdadeon.com.br\/portal\/2023\/08\/17\/guardas-civis-participam-de-treinamento-para-central-de-monitoramento\/\"]}]},{\"@type\":\"ImageObject\",\"inLanguage\":\"pt-BR\",\"@id\":\"https:\/\/verdadeon.com.br\/portal\/2023\/08\/17\/guardas-civis-participam-de-treinamento-para-central-de-monitoramento\/#primaryimage\",\"url\":\"https:\/\/i0.wp.com\/verdadeon.com.br\/portal\/wp-content\/uploads\/2023\/08\/IMG_8490.jpg?fit=2038%2C1365&ssl=1\",\"contentUrl\":\"https:\/\/i0.wp.com\/verdadeon.com.br\/portal\/wp-content\/uploads\/2023\/08\/IMG_8490.jpg?fit=2038%2C1365&ssl=1\",\"width\":2038,\"height\":1365,\"caption\":\"Central de Monitoramento est\u00e1 localizada na rua Frederico Moura, 1530 (\u00a9Divulga\u00e7\u00e3o)\"},{\"@type\":\"BreadcrumbList\",\"@id\":\"https:\/\/verdadeon.com.br\/portal\/2023\/08\/17\/guardas-civis-participam-de-treinamento-para-central-de-monitoramento\/#breadcrumb\",\"itemListElement\":[{\"@type\":\"ListItem\",\"position\":1,\"name\":\"In\u00edcio\",\"item\":\"https:\/\/verdadeon.com.br\/portal\/\"},{\"@type\":\"ListItem\",\"position\":2,\"name\":\"Guardas civis participam de treinamento para Central de Monitoramento\"}]},{\"@type\":\"WebSite\",\"@id\":\"https:\/\/verdadeon.com.br\/portal\/#website\",\"url\":\"https:\/\/verdadeon.com.br\/portal\/\",\"name\":\"VerdadeOn\",\"description\":\"Not\u00edcias di\u00e1rias sobre Franca, Regi\u00e3o, Esporte, Cultura, Cotidiano, Colunas. Cobertura nos principais eventos da cidade \u00e9 aqui - Verdadeon Franca\",\"potentialAction\":[{\"@type\":\"SearchAction\",\"target\":{\"@type\":\"EntryPoint\",\"urlTemplate\":\"https:\/\/verdadeon.com.br\/portal\/?s={search_term_string}\"},\"query-input\":{\"@type\":\"PropertyValueSpecification\",\"valueRequired\":true,\"valueName\":\"search_term_string\"}}],\"inLanguage\":\"pt-BR\"},{\"@type\":\"Person\",\"@id\":\"https:\/\/verdadeon.com.br\/portal\/#\/schema\/person\/a5060ad1e9ea3df545188fc93ce43d2f\",\"name\":\"Redacao VerdadeOn\",\"image\":{\"@type\":\"ImageObject\",\"inLanguage\":\"pt-BR\",\"@id\":\"https:\/\/verdadeon.com.br\/portal\/#\/schema\/person\/image\/\",\"url\":\"https:\/\/secure.gravatar.com\/avatar\/459a9613caaaf07f582c3d0841eea68bdd66f533e465e6ba8b9cb45619572cf4?s=96&d=mm&r=g\",\"contentUrl\":\"https:\/\/secure.gravatar.com\/avatar\/459a9613caaaf07f582c3d0841eea68bdd66f533e465e6ba8b9cb45619572cf4?s=96&d=mm&r=g\",\"caption\":\"Redacao VerdadeOn\"},\"url\":\"https:\/\/verdadeon.com.br\/portal\/author\/redacao\/\"}]}<\/script>\n<!-- \/ Yoast SEO plugin. -->","yoast_head_json":{"title":"Guardas civis participam de treinamento para Central de Monitoramento - VerdadeOn","robots":{"index":"index","follow":"follow","max-snippet":"max-snippet:-1","max-image-preview":"max-image-preview:large","max-video-preview":"max-video-preview:-1"},"canonical":"https:\/\/verdadeon.com.br\/portal\/2023\/08\/17\/guardas-civis-participam-de-treinamento-para-central-de-monitoramento\/","og_locale":"pt_BR","og_type":"article","og_title":"Guardas civis participam de treinamento para Central de Monitoramento - VerdadeOn","og_description":"Treinamento foi iniciado nesta quarta-feira, 16 A Prefeitura de Franca est\u00e1 com novos investimentos na seguran\u00e7a. As obras da Central de Monitoramento, que ter\u00e1 56 c\u00e2meras [\u2026]","og_url":"https:\/\/verdadeon.com.br\/portal\/2023\/08\/17\/guardas-civis-participam-de-treinamento-para-central-de-monitoramento\/","og_site_name":"VerdadeOn","article_published_time":"2023-08-17T17:21:57+00:00","og_image":[{"width":2038,"height":1365,"url":"https:\/\/verdadeon.com.br\/portal\/wp-content\/uploads\/2023\/08\/IMG_8490.jpg","type":"image\/jpeg"}],"author":"Redacao VerdadeOn","twitter_card":"summary_large_image","twitter_misc":{"Escrito por":"Redacao VerdadeOn","Est. tempo de leitura":"4 minutos"},"schema":{"@context":"https:\/\/schema.org","@graph":[{"@type":"WebPage","@id":"https:\/\/verdadeon.com.br\/portal\/2023\/08\/17\/guardas-civis-participam-de-treinamento-para-central-de-monitoramento\/","url":"https:\/\/verdadeon.com.br\/portal\/2023\/08\/17\/guardas-civis-participam-de-treinamento-para-central-de-monitoramento\/","name":"Guardas civis participam de treinamento para Central de Monitoramento - VerdadeOn","isPartOf":{"@id":"https:\/\/verdadeon.com.br\/portal\/#website"},"primaryImageOfPage":{"@id":"https:\/\/verdadeon.com.br\/portal\/2023\/08\/17\/guardas-civis-participam-de-treinamento-para-central-de-monitoramento\/#primaryimage"},"image":{"@id":"https:\/\/verdadeon.com.br\/portal\/2023\/08\/17\/guardas-civis-participam-de-treinamento-para-central-de-monitoramento\/#primaryimage"},"thumbnailUrl":"https:\/\/i0.wp.com\/verdadeon.com.br\/portal\/wp-content\/uploads\/2023\/08\/IMG_8490.jpg?fit=2038%2C1365&ssl=1","datePublished":"2023-08-17T17:21:57+00:00","author":{"@id":"https:\/\/verdadeon.com.br\/portal\/#\/schema\/person\/a5060ad1e9ea3df545188fc93ce43d2f"},"breadcrumb":{"@id":"https:\/\/verdadeon.com.br\/portal\/2023\/08\/17\/guardas-civis-participam-de-treinamento-para-central-de-monitoramento\/#breadcrumb"},"inLanguage":"pt-BR","potentialAction":[{"@type":"ReadAction","target":["https:\/\/verdadeon.com.br\/portal\/2023\/08\/17\/guardas-civis-participam-de-treinamento-para-central-de-monitoramento\/"]}]},{"@type":"ImageObject","inLanguage":"pt-BR","@id":"https:\/\/verdadeon.com.br\/portal\/2023\/08\/17\/guardas-civis-participam-de-treinamento-para-central-de-monitoramento\/#primaryimage","url":"https:\/\/i0.wp.com\/verdadeon.com.br\/portal\/wp-content\/uploads\/2023\/08\/IMG_8490.jpg?fit=2038%2C1365&ssl=1","contentUrl":"https:\/\/i0.wp.com\/verdadeon.com.br\/portal\/wp-content\/uploads\/2023\/08\/IMG_8490.jpg?fit=2038%2C1365&ssl=1","width":2038,"height":1365,"caption":"Central de Monitoramento est\u00e1 localizada na rua Frederico Moura, 1530 (\u00a9Divulga\u00e7\u00e3o)"},{"@type":"BreadcrumbList","@id":"https:\/\/verdadeon.com.br\/portal\/2023\/08\/17\/guardas-civis-participam-de-treinamento-para-central-de-monitoramento\/#breadcrumb","itemListElement":[{"@type":"ListItem","position":1,"name":"In\u00edcio","item":"https:\/\/verdadeon.com.br\/portal\/"},{"@type":"ListItem","position":2,"name":"Guardas civis participam de treinamento para Central de Monitoramento"}]},{"@type":"WebSite","@id":"https:\/\/verdadeon.com.br\/portal\/#website","url":"https:\/\/verdadeon.com.br\/portal\/","name":"VerdadeOn","description":"Not\u00edcias di\u00e1rias sobre Franca, Regi\u00e3o, Esporte, Cultura, Cotidiano, Colunas. Cobertura nos principais eventos da cidade \u00e9 aqui - Verdadeon Franca","potentialAction":[{"@type":"SearchAction","target":{"@type":"EntryPoint","urlTemplate":"https:\/\/verdadeon.com.br\/portal\/?s={search_term_string}"},"query-input":{"@type":"PropertyValueSpecification","valueRequired":true,"valueName":"search_term_string"}}],"inLanguage":"pt-BR"},{"@type":"Person","@id":"https:\/\/verdadeon.com.br\/portal\/#\/schema\/person\/a5060ad1e9ea3df545188fc93ce43d2f","name":"Redacao VerdadeOn","image":{"@type":"ImageObject","inLanguage":"pt-BR","@id":"https:\/\/verdadeon.com.br\/portal\/#\/schema\/person\/image\/","url":"https:\/\/secure.gravatar.com\/avatar\/459a9613caaaf07f582c3d0841eea68bdd66f533e465e6ba8b9cb45619572cf4?s=96&d=mm&r=g","contentUrl":"https:\/\/secure.gravatar.com\/avatar\/459a9613caaaf07f582c3d0841eea68bdd66f533e465e6ba8b9cb45619572cf4?s=96&d=mm&r=g","caption":"Redacao VerdadeOn"},"url":"https:\/\/verdadeon.com.br\/portal\/author\/redacao\/"}]}},"jetpack_publicize_connections":[],"jetpack_featured_media_url":"https:\/\/i0.wp.com\/verdadeon.com.br\/portal\/wp-content\/uploads\/2023\/08\/IMG_8490.jpg?fit=2038%2C1365&ssl=1","jetpack_sharing_enabled":true,"_links":{"self":[{"href":"https:\/\/verdadeon.com.br\/portal\/wp-json\/wp\/v2\/posts\/36859","targetHints":{"allow":["GET"]}}],"collection":[{"href":"https:\/\/verdadeon.com.br\/portal\/wp-json\/wp\/v2\/posts"}],"about":[{"href":"https:\/\/verdadeon.com.br\/portal\/wp-json\/wp\/v2\/types\/post"}],"author":[{"embeddable":true,"href":"https:\/\/verdadeon.com.br\/portal\/wp-json\/wp\/v2\/users\/10"}],"replies":[{"embeddable":true,"href":"https:\/\/verdadeon.com.br\/portal\/wp-json\/wp\/v2\/comments?post=36859"}],"version-history":[{"count":1,"href":"https:\/\/verdadeon.com.br\/portal\/wp-json\/wp\/v2\/posts\/36859\/revisions"}],"predecessor-version":[{"id":36861,"href":"https:\/\/verdadeon.com.br\/portal\/wp-json\/wp\/v2\/posts\/36859\/revisions\/36861"}],"wp:featuredmedia":[{"embeddable":true,"href":"https:\/\/verdadeon.com.br\/portal\/wp-json\/wp\/v2\/media\/36860"}],"wp:attachment":[{"href":"https:\/\/verdadeon.com.br\/portal\/wp-json\/wp\/v2\/media?parent=36859"}],"wp:term":[{"taxonomy":"category","embeddable":true,"href":"https:\/\/verdadeon.com.br\/portal\/wp-json\/wp\/v2\/categories?post=36859"},{"taxonomy":"post_tag","embeddable":true,"href":"https:\/\/verdadeon.com.br\/portal\/wp-json\/wp\/v2\/tags?post=36859"}],"curies":[{"name":"wp","href":"https:\/\/api.w.org\/{rel}","templated":true}]}}