{"id":36827,"date":"2023-08-16T14:47:59","date_gmt":"2023-08-16T17:47:59","guid":{"rendered":"https:\/\/verdadeon.com.br\/portal\/?p=36827"},"modified":"2023-08-16T14:47:59","modified_gmt":"2023-08-16T17:47:59","slug":"biblioteca-municipal-promove-44a-degustacao-literaria-com-literatura-de-lygia-fagundes-telles","status":"publish","type":"post","link":"https:\/\/verdadeon.com.br\/portal\/2023\/08\/16\/biblioteca-municipal-promove-44a-degustacao-literaria-com-literatura-de-lygia-fagundes-telles\/","title":{"rendered":"Biblioteca Municipal promove 44\u00aa Degusta\u00e7\u00e3o Liter\u00e1ria com literatura de Lygia Fagundes Telles"},"content":{"rendered":"<h2>Evento contar\u00e1 com a media\u00e7\u00e3o da leitura dos textos selecionados da escritora e psicanalista Maria Luiza Salom\u00e3o<\/h2>\n<p>A Biblioteca Municipal \u201cAm\u00e9rico Maciel de Castro J\u00fanior\u201d, localizada no Col\u00e9gio Champagnat, realiza no dia 26 de agosto, s\u00e1bado, de 9h30 \u00e0s 11 horas, a 44\u00aa edi\u00e7\u00e3o do Projeto de Leitura \u201cDegusta\u00e7\u00e3o Liter\u00e1ria\u201d.<\/p>\n<p>Nesta edi\u00e7\u00e3o, a homenageada \u00e9 a escritora Lygia Fagundes Telles, que ter\u00e1 sua obra lida, avaliada e conduzida a reflex\u00f5es. Falecida em 2022, ela foi a autora de t\u00edtulos como \u201cAs Meninas\u201d, \u201cCiranda de Pedra\u201d e \u201cAntes do Baile Verde\u201d, e ganhadora de pr\u00eamios como o Jabuti e Cam\u00f5es. O evento contar\u00e1 com a media\u00e7\u00e3o da leitura dos textos selecionados da escritora e psicanalista Maria Luiza Salom\u00e3o, parceira do evento.<\/p>\n<p>A Degusta\u00e7\u00e3o Liter\u00e1ria \u00e9 um projeto da Biblioteca Municipal, de responsabilidade da FEAC (Funda\u00e7\u00e3o Esporte, Arte e Cultura), criado em 2015 que tem como objetivo estimular a leitura de autores brasileiros renomados e contempor\u00e2neos e a aquisi\u00e7\u00e3o de novos conhecimentos.<\/p>\n<p>Interessados em participar do evento poder\u00e3o entrar em contato com a Biblioteca Central, localizada \u00e0 Avenida Champagnat, 1808, Centro, pessoalmente ou pelo telefone (16) 3711-9323.<\/p>\n","protected":false},"excerpt":{"rendered":"<p>Evento contar\u00e1 com a media\u00e7\u00e3o da leitura dos textos selecionados da escritora e psicanalista Maria Luiza Salom\u00e3o A Biblioteca Municipal \u201cAm\u00e9rico Maciel de Castro J\u00fanior\u201d, localizada<span class=\"excerpt-hellip\"> [\u2026]<\/span><\/p>\n","protected":false},"author":10,"featured_media":36828,"comment_status":"open","ping_status":"open","sticky":false,"template":"","format":"standard","meta":{"_jetpack_memberships_contains_paid_content":false,"footnotes":"","jetpack_publicize_message":"","jetpack_publicize_feature_enabled":true,"jetpack_social_post_already_shared":false,"jetpack_social_options":{"image_generator_settings":{"template":"highway","default_image_id":0,"enabled":false},"version":2}},"categories":[28,44],"tags":[],"class_list":["post-36827","post","type-post","status-publish","format-standard","has-post-thumbnail","hentry","category-cotidiano","category-noticias"],"yoast_head":"<!-- This site is optimized with the Yoast SEO plugin v25.6 - https:\/\/yoast.com\/wordpress\/plugins\/seo\/ -->\n<title>Biblioteca Municipal promove 44\u00aa Degusta\u00e7\u00e3o Liter\u00e1ria com literatura de Lygia Fagundes Telles - VerdadeOn<\/title>\n<meta name=\"robots\" content=\"index, follow, max-snippet:-1, max-image-preview:large, max-video-preview:-1\" \/>\n<link rel=\"canonical\" href=\"https:\/\/verdadeon.com.br\/portal\/2023\/08\/16\/biblioteca-municipal-promove-44a-degustacao-literaria-com-literatura-de-lygia-fagundes-telles\/\" \/>\n<meta property=\"og:locale\" content=\"pt_BR\" \/>\n<meta property=\"og:type\" content=\"article\" \/>\n<meta property=\"og:title\" content=\"Biblioteca Municipal promove 44\u00aa Degusta\u00e7\u00e3o Liter\u00e1ria com literatura de Lygia Fagundes Telles - VerdadeOn\" \/>\n<meta property=\"og:description\" content=\"Evento contar\u00e1 com a media\u00e7\u00e3o da leitura dos textos selecionados da escritora e psicanalista Maria Luiza Salom\u00e3o A Biblioteca Municipal \u201cAm\u00e9rico Maciel de Castro J\u00fanior\u201d, localizada [\u2026]\" \/>\n<meta property=\"og:url\" content=\"https:\/\/verdadeon.com.br\/portal\/2023\/08\/16\/biblioteca-municipal-promove-44a-degustacao-literaria-com-literatura-de-lygia-fagundes-telles\/\" \/>\n<meta property=\"og:site_name\" content=\"VerdadeOn\" \/>\n<meta property=\"article:published_time\" content=\"2023-08-16T17:47:59+00:00\" \/>\n<meta property=\"og:image\" content=\"https:\/\/verdadeon.com.br\/portal\/wp-content\/uploads\/2023\/08\/IMG_9665-1-scaled.jpg\" \/>\n\t<meta property=\"og:image:width\" content=\"2560\" \/>\n\t<meta property=\"og:image:height\" content=\"1715\" \/>\n\t<meta property=\"og:image:type\" content=\"image\/jpeg\" \/>\n<meta name=\"author\" content=\"Redacao VerdadeOn\" \/>\n<meta name=\"twitter:card\" content=\"summary_large_image\" \/>\n<meta name=\"twitter:label1\" content=\"Escrito por\" \/>\n\t<meta name=\"twitter:data1\" content=\"Redacao VerdadeOn\" \/>\n\t<meta name=\"twitter:label2\" content=\"Est. tempo de leitura\" \/>\n\t<meta name=\"twitter:data2\" content=\"2 minutos\" \/>\n<script type=\"application\/ld+json\" class=\"yoast-schema-graph\">{\"@context\":\"https:\/\/schema.org\",\"@graph\":[{\"@type\":\"WebPage\",\"@id\":\"https:\/\/verdadeon.com.br\/portal\/2023\/08\/16\/biblioteca-municipal-promove-44a-degustacao-literaria-com-literatura-de-lygia-fagundes-telles\/\",\"url\":\"https:\/\/verdadeon.com.br\/portal\/2023\/08\/16\/biblioteca-municipal-promove-44a-degustacao-literaria-com-literatura-de-lygia-fagundes-telles\/\",\"name\":\"Biblioteca Municipal promove 44\u00aa Degusta\u00e7\u00e3o Liter\u00e1ria com literatura de Lygia Fagundes Telles - VerdadeOn\",\"isPartOf\":{\"@id\":\"https:\/\/verdadeon.com.br\/portal\/#website\"},\"primaryImageOfPage\":{\"@id\":\"https:\/\/verdadeon.com.br\/portal\/2023\/08\/16\/biblioteca-municipal-promove-44a-degustacao-literaria-com-literatura-de-lygia-fagundes-telles\/#primaryimage\"},\"image\":{\"@id\":\"https:\/\/verdadeon.com.br\/portal\/2023\/08\/16\/biblioteca-municipal-promove-44a-degustacao-literaria-com-literatura-de-lygia-fagundes-telles\/#primaryimage\"},\"thumbnailUrl\":\"https:\/\/i0.wp.com\/verdadeon.com.br\/portal\/wp-content\/uploads\/2023\/08\/IMG_9665-1-scaled.jpg?fit=2560%2C1715&ssl=1\",\"datePublished\":\"2023-08-16T17:47:59+00:00\",\"author\":{\"@id\":\"https:\/\/verdadeon.com.br\/portal\/#\/schema\/person\/a5060ad1e9ea3df545188fc93ce43d2f\"},\"breadcrumb\":{\"@id\":\"https:\/\/verdadeon.com.br\/portal\/2023\/08\/16\/biblioteca-municipal-promove-44a-degustacao-literaria-com-literatura-de-lygia-fagundes-telles\/#breadcrumb\"},\"inLanguage\":\"pt-BR\",\"potentialAction\":[{\"@type\":\"ReadAction\",\"target\":[\"https:\/\/verdadeon.com.br\/portal\/2023\/08\/16\/biblioteca-municipal-promove-44a-degustacao-literaria-com-literatura-de-lygia-fagundes-telles\/\"]}]},{\"@type\":\"ImageObject\",\"inLanguage\":\"pt-BR\",\"@id\":\"https:\/\/verdadeon.com.br\/portal\/2023\/08\/16\/biblioteca-municipal-promove-44a-degustacao-literaria-com-literatura-de-lygia-fagundes-telles\/#primaryimage\",\"url\":\"https:\/\/i0.wp.com\/verdadeon.com.br\/portal\/wp-content\/uploads\/2023\/08\/IMG_9665-1-scaled.jpg?fit=2560%2C1715&ssl=1\",\"contentUrl\":\"https:\/\/i0.wp.com\/verdadeon.com.br\/portal\/wp-content\/uploads\/2023\/08\/IMG_9665-1-scaled.jpg?fit=2560%2C1715&ssl=1\",\"width\":2560,\"height\":1715,\"caption\":\"Interessados em participar do evento poder\u00e3o entrar em contato com a Biblioteca Central em sua sede ou atrav\u00e9s de telefone (\u00a9Divulga\u00e7\u00e3o)\"},{\"@type\":\"BreadcrumbList\",\"@id\":\"https:\/\/verdadeon.com.br\/portal\/2023\/08\/16\/biblioteca-municipal-promove-44a-degustacao-literaria-com-literatura-de-lygia-fagundes-telles\/#breadcrumb\",\"itemListElement\":[{\"@type\":\"ListItem\",\"position\":1,\"name\":\"In\u00edcio\",\"item\":\"https:\/\/verdadeon.com.br\/portal\/\"},{\"@type\":\"ListItem\",\"position\":2,\"name\":\"Biblioteca Municipal promove 44\u00aa Degusta\u00e7\u00e3o Liter\u00e1ria com literatura de Lygia Fagundes Telles\"}]},{\"@type\":\"WebSite\",\"@id\":\"https:\/\/verdadeon.com.br\/portal\/#website\",\"url\":\"https:\/\/verdadeon.com.br\/portal\/\",\"name\":\"VerdadeOn\",\"description\":\"Not\u00edcias di\u00e1rias sobre Franca, Regi\u00e3o, Esporte, Cultura, Cotidiano, Colunas. Cobertura nos principais eventos da cidade \u00e9 aqui - Verdadeon Franca\",\"potentialAction\":[{\"@type\":\"SearchAction\",\"target\":{\"@type\":\"EntryPoint\",\"urlTemplate\":\"https:\/\/verdadeon.com.br\/portal\/?s={search_term_string}\"},\"query-input\":{\"@type\":\"PropertyValueSpecification\",\"valueRequired\":true,\"valueName\":\"search_term_string\"}}],\"inLanguage\":\"pt-BR\"},{\"@type\":\"Person\",\"@id\":\"https:\/\/verdadeon.com.br\/portal\/#\/schema\/person\/a5060ad1e9ea3df545188fc93ce43d2f\",\"name\":\"Redacao VerdadeOn\",\"image\":{\"@type\":\"ImageObject\",\"inLanguage\":\"pt-BR\",\"@id\":\"https:\/\/verdadeon.com.br\/portal\/#\/schema\/person\/image\/\",\"url\":\"https:\/\/secure.gravatar.com\/avatar\/459a9613caaaf07f582c3d0841eea68bdd66f533e465e6ba8b9cb45619572cf4?s=96&d=mm&r=g\",\"contentUrl\":\"https:\/\/secure.gravatar.com\/avatar\/459a9613caaaf07f582c3d0841eea68bdd66f533e465e6ba8b9cb45619572cf4?s=96&d=mm&r=g\",\"caption\":\"Redacao VerdadeOn\"},\"url\":\"https:\/\/verdadeon.com.br\/portal\/author\/redacao\/\"}]}<\/script>\n<!-- \/ Yoast SEO plugin. -->","yoast_head_json":{"title":"Biblioteca Municipal promove 44\u00aa Degusta\u00e7\u00e3o Liter\u00e1ria com literatura de Lygia Fagundes Telles - VerdadeOn","robots":{"index":"index","follow":"follow","max-snippet":"max-snippet:-1","max-image-preview":"max-image-preview:large","max-video-preview":"max-video-preview:-1"},"canonical":"https:\/\/verdadeon.com.br\/portal\/2023\/08\/16\/biblioteca-municipal-promove-44a-degustacao-literaria-com-literatura-de-lygia-fagundes-telles\/","og_locale":"pt_BR","og_type":"article","og_title":"Biblioteca Municipal promove 44\u00aa Degusta\u00e7\u00e3o Liter\u00e1ria com literatura de Lygia Fagundes Telles - VerdadeOn","og_description":"Evento contar\u00e1 com a media\u00e7\u00e3o da leitura dos textos selecionados da escritora e psicanalista Maria Luiza Salom\u00e3o A Biblioteca Municipal \u201cAm\u00e9rico Maciel de Castro J\u00fanior\u201d, localizada [\u2026]","og_url":"https:\/\/verdadeon.com.br\/portal\/2023\/08\/16\/biblioteca-municipal-promove-44a-degustacao-literaria-com-literatura-de-lygia-fagundes-telles\/","og_site_name":"VerdadeOn","article_published_time":"2023-08-16T17:47:59+00:00","og_image":[{"width":2560,"height":1715,"url":"https:\/\/verdadeon.com.br\/portal\/wp-content\/uploads\/2023\/08\/IMG_9665-1-scaled.jpg","type":"image\/jpeg"}],"author":"Redacao VerdadeOn","twitter_card":"summary_large_image","twitter_misc":{"Escrito por":"Redacao VerdadeOn","Est. tempo de leitura":"2 minutos"},"schema":{"@context":"https:\/\/schema.org","@graph":[{"@type":"WebPage","@id":"https:\/\/verdadeon.com.br\/portal\/2023\/08\/16\/biblioteca-municipal-promove-44a-degustacao-literaria-com-literatura-de-lygia-fagundes-telles\/","url":"https:\/\/verdadeon.com.br\/portal\/2023\/08\/16\/biblioteca-municipal-promove-44a-degustacao-literaria-com-literatura-de-lygia-fagundes-telles\/","name":"Biblioteca Municipal promove 44\u00aa Degusta\u00e7\u00e3o Liter\u00e1ria com literatura de Lygia Fagundes Telles - VerdadeOn","isPartOf":{"@id":"https:\/\/verdadeon.com.br\/portal\/#website"},"primaryImageOfPage":{"@id":"https:\/\/verdadeon.com.br\/portal\/2023\/08\/16\/biblioteca-municipal-promove-44a-degustacao-literaria-com-literatura-de-lygia-fagundes-telles\/#primaryimage"},"image":{"@id":"https:\/\/verdadeon.com.br\/portal\/2023\/08\/16\/biblioteca-municipal-promove-44a-degustacao-literaria-com-literatura-de-lygia-fagundes-telles\/#primaryimage"},"thumbnailUrl":"https:\/\/i0.wp.com\/verdadeon.com.br\/portal\/wp-content\/uploads\/2023\/08\/IMG_9665-1-scaled.jpg?fit=2560%2C1715&ssl=1","datePublished":"2023-08-16T17:47:59+00:00","author":{"@id":"https:\/\/verdadeon.com.br\/portal\/#\/schema\/person\/a5060ad1e9ea3df545188fc93ce43d2f"},"breadcrumb":{"@id":"https:\/\/verdadeon.com.br\/portal\/2023\/08\/16\/biblioteca-municipal-promove-44a-degustacao-literaria-com-literatura-de-lygia-fagundes-telles\/#breadcrumb"},"inLanguage":"pt-BR","potentialAction":[{"@type":"ReadAction","target":["https:\/\/verdadeon.com.br\/portal\/2023\/08\/16\/biblioteca-municipal-promove-44a-degustacao-literaria-com-literatura-de-lygia-fagundes-telles\/"]}]},{"@type":"ImageObject","inLanguage":"pt-BR","@id":"https:\/\/verdadeon.com.br\/portal\/2023\/08\/16\/biblioteca-municipal-promove-44a-degustacao-literaria-com-literatura-de-lygia-fagundes-telles\/#primaryimage","url":"https:\/\/i0.wp.com\/verdadeon.com.br\/portal\/wp-content\/uploads\/2023\/08\/IMG_9665-1-scaled.jpg?fit=2560%2C1715&ssl=1","contentUrl":"https:\/\/i0.wp.com\/verdadeon.com.br\/portal\/wp-content\/uploads\/2023\/08\/IMG_9665-1-scaled.jpg?fit=2560%2C1715&ssl=1","width":2560,"height":1715,"caption":"Interessados em participar do evento poder\u00e3o entrar em contato com a Biblioteca Central em sua sede ou atrav\u00e9s de telefone (\u00a9Divulga\u00e7\u00e3o)"},{"@type":"BreadcrumbList","@id":"https:\/\/verdadeon.com.br\/portal\/2023\/08\/16\/biblioteca-municipal-promove-44a-degustacao-literaria-com-literatura-de-lygia-fagundes-telles\/#breadcrumb","itemListElement":[{"@type":"ListItem","position":1,"name":"In\u00edcio","item":"https:\/\/verdadeon.com.br\/portal\/"},{"@type":"ListItem","position":2,"name":"Biblioteca Municipal promove 44\u00aa Degusta\u00e7\u00e3o Liter\u00e1ria com literatura de Lygia Fagundes Telles"}]},{"@type":"WebSite","@id":"https:\/\/verdadeon.com.br\/portal\/#website","url":"https:\/\/verdadeon.com.br\/portal\/","name":"VerdadeOn","description":"Not\u00edcias di\u00e1rias sobre Franca, Regi\u00e3o, Esporte, Cultura, Cotidiano, Colunas. Cobertura nos principais eventos da cidade \u00e9 aqui - Verdadeon Franca","potentialAction":[{"@type":"SearchAction","target":{"@type":"EntryPoint","urlTemplate":"https:\/\/verdadeon.com.br\/portal\/?s={search_term_string}"},"query-input":{"@type":"PropertyValueSpecification","valueRequired":true,"valueName":"search_term_string"}}],"inLanguage":"pt-BR"},{"@type":"Person","@id":"https:\/\/verdadeon.com.br\/portal\/#\/schema\/person\/a5060ad1e9ea3df545188fc93ce43d2f","name":"Redacao VerdadeOn","image":{"@type":"ImageObject","inLanguage":"pt-BR","@id":"https:\/\/verdadeon.com.br\/portal\/#\/schema\/person\/image\/","url":"https:\/\/secure.gravatar.com\/avatar\/459a9613caaaf07f582c3d0841eea68bdd66f533e465e6ba8b9cb45619572cf4?s=96&d=mm&r=g","contentUrl":"https:\/\/secure.gravatar.com\/avatar\/459a9613caaaf07f582c3d0841eea68bdd66f533e465e6ba8b9cb45619572cf4?s=96&d=mm&r=g","caption":"Redacao VerdadeOn"},"url":"https:\/\/verdadeon.com.br\/portal\/author\/redacao\/"}]}},"jetpack_publicize_connections":[],"jetpack_featured_media_url":"https:\/\/i0.wp.com\/verdadeon.com.br\/portal\/wp-content\/uploads\/2023\/08\/IMG_9665-1-scaled.jpg?fit=2560%2C1715&ssl=1","jetpack_sharing_enabled":true,"_links":{"self":[{"href":"https:\/\/verdadeon.com.br\/portal\/wp-json\/wp\/v2\/posts\/36827","targetHints":{"allow":["GET"]}}],"collection":[{"href":"https:\/\/verdadeon.com.br\/portal\/wp-json\/wp\/v2\/posts"}],"about":[{"href":"https:\/\/verdadeon.com.br\/portal\/wp-json\/wp\/v2\/types\/post"}],"author":[{"embeddable":true,"href":"https:\/\/verdadeon.com.br\/portal\/wp-json\/wp\/v2\/users\/10"}],"replies":[{"embeddable":true,"href":"https:\/\/verdadeon.com.br\/portal\/wp-json\/wp\/v2\/comments?post=36827"}],"version-history":[{"count":1,"href":"https:\/\/verdadeon.com.br\/portal\/wp-json\/wp\/v2\/posts\/36827\/revisions"}],"predecessor-version":[{"id":36829,"href":"https:\/\/verdadeon.com.br\/portal\/wp-json\/wp\/v2\/posts\/36827\/revisions\/36829"}],"wp:featuredmedia":[{"embeddable":true,"href":"https:\/\/verdadeon.com.br\/portal\/wp-json\/wp\/v2\/media\/36828"}],"wp:attachment":[{"href":"https:\/\/verdadeon.com.br\/portal\/wp-json\/wp\/v2\/media?parent=36827"}],"wp:term":[{"taxonomy":"category","embeddable":true,"href":"https:\/\/verdadeon.com.br\/portal\/wp-json\/wp\/v2\/categories?post=36827"},{"taxonomy":"post_tag","embeddable":true,"href":"https:\/\/verdadeon.com.br\/portal\/wp-json\/wp\/v2\/tags?post=36827"}],"curies":[{"name":"wp","href":"https:\/\/api.w.org\/{rel}","templated":true}]}}