{"id":36820,"date":"2023-08-16T14:33:37","date_gmt":"2023-08-16T17:33:37","guid":{"rendered":"https:\/\/verdadeon.com.br\/portal\/?p=36820"},"modified":"2023-08-19T11:50:45","modified_gmt":"2023-08-19T14:50:45","slug":"servidores-municipais-de-franca-protestam-em-frente-a-secretaria-da-educacao","status":"publish","type":"post","link":"https:\/\/verdadeon.com.br\/portal\/2023\/08\/16\/servidores-municipais-de-franca-protestam-em-frente-a-secretaria-da-educacao\/","title":{"rendered":"Servidores municipais de Franca protestam em frente \u00e0 Secretaria da Educa\u00e7\u00e3o"},"content":{"rendered":"<h2>Protesto ocorre ap\u00f3s caso de agress\u00e3o contra professora<\/h2>\n<p>Nesta quarta-feira, 16 de agosto, o dia amanheceu com manifesta\u00e7\u00f5es na porta da Secretaria da Educa\u00e7\u00e3o de Franca, na avenida Francisco de Paula Quintanilha Ribeiro, no Parque Francal. Protesto \u00e9 motivado em raz\u00e3o da agress\u00e3o de uma m\u00e3e contra uma professora da Escola Municipal &#8220;Dom\u00eanico Pugliesi&#8221;.<\/p>\n<p>&#8220;Estamos reivindicando&#8230; protocolamos um pedido na Secretaria da Educa\u00e7\u00e3o. \u00c9 um ato contra a viol\u00eancia e n\u00f3s queremos algum programa da prefeitura de seguran\u00e7a nas escolas, para proteger nossos servidores, proteger nossos alunos e toda a comunidade escolar&#8221;, afirma Fernando Nascimento, presidente do Sindicato dos Servidores Municipais.<\/p>\n<p><img data-recalc-dims=\"1\" loading=\"lazy\" decoding=\"async\" class=\"alignnone size-full wp-image-36822\" src=\"https:\/\/i0.wp.com\/verdadeon.com.br\/portal\/wp-content\/uploads\/2023\/08\/AnyConv.com__WhatsApp-Image-2023-08-16-at-11.50.34.jpg?resize=1220%2C817&#038;ssl=1\" alt=\"\" width=\"1220\" height=\"817\" srcset=\"https:\/\/i0.wp.com\/verdadeon.com.br\/portal\/wp-content\/uploads\/2023\/08\/AnyConv.com__WhatsApp-Image-2023-08-16-at-11.50.34.jpg?w=1344&amp;ssl=1 1344w, https:\/\/i0.wp.com\/verdadeon.com.br\/portal\/wp-content\/uploads\/2023\/08\/AnyConv.com__WhatsApp-Image-2023-08-16-at-11.50.34.jpg?resize=300%2C201&amp;ssl=1 300w, https:\/\/i0.wp.com\/verdadeon.com.br\/portal\/wp-content\/uploads\/2023\/08\/AnyConv.com__WhatsApp-Image-2023-08-16-at-11.50.34.jpg?resize=1024%2C686&amp;ssl=1 1024w, https:\/\/i0.wp.com\/verdadeon.com.br\/portal\/wp-content\/uploads\/2023\/08\/AnyConv.com__WhatsApp-Image-2023-08-16-at-11.50.34.jpg?resize=768%2C514&amp;ssl=1 768w, https:\/\/i0.wp.com\/verdadeon.com.br\/portal\/wp-content\/uploads\/2023\/08\/AnyConv.com__WhatsApp-Image-2023-08-16-at-11.50.34.jpg?resize=218%2C146&amp;ssl=1 218w, https:\/\/i0.wp.com\/verdadeon.com.br\/portal\/wp-content\/uploads\/2023\/08\/AnyConv.com__WhatsApp-Image-2023-08-16-at-11.50.34.jpg?resize=50%2C33&amp;ssl=1 50w, https:\/\/i0.wp.com\/verdadeon.com.br\/portal\/wp-content\/uploads\/2023\/08\/AnyConv.com__WhatsApp-Image-2023-08-16-at-11.50.34.jpg?resize=112%2C75&amp;ssl=1 112w, https:\/\/i0.wp.com\/verdadeon.com.br\/portal\/wp-content\/uploads\/2023\/08\/AnyConv.com__WhatsApp-Image-2023-08-16-at-11.50.34.jpg?resize=1000%2C670&amp;ssl=1 1000w\" sizes=\"auto, (max-width: 1220px) 100vw, 1220px\" \/><\/p>\n<p>De acordo com Fernando, a prefeitura &#8220;nem conversou&#8221;. Os professores tamb\u00e9m questionam a gest\u00e3o da secret\u00e1ria de educa\u00e7\u00e3o M\u00e1rcia Gatti, onde alegam sua falta de representatividade perante a classe e tamb\u00e9m de abertura ao di\u00e1logo para com os professores do munic\u00edpio.<\/p>\n<p>Em decorr\u00eancia das manifesta\u00e7\u00f5es, algumas escolas precisaram trabalhar com aulas &#8220;alternativas&#8221; para receberem os alunos.<\/p>\n<p>&#8220;Por enquanto estamos fazendo a manifesta\u00e7\u00e3o para tentar sensibilizar o prefeito a fazer alguma coisa; ver se ele apresenta algum projeto. Se ele n\u00e3o apresentar, a gente v\u00ea o que d\u00e1 pra fazer&#8221;, declara Fernando.<\/p>\n<p><strong>Posicionamento<\/strong><\/p>\n<p>A equipe do Jornal Verdade solicitou o posicionamento da Prefeitura\/Secretaria da Educa\u00e7\u00e3o a respeito das manifesta\u00e7\u00f5es, segue na sequencia a Nota na \u00edntegra.<\/p>\n<p>&#8220;A Secretaria de Educa\u00e7\u00e3o informa que nenhuma escola ou sala de aula ficou sem atendimento. Algumas tiveram hor\u00e1rios flex\u00edveis.<\/p>\n<p>De 2500 servidores, estima-se uma m\u00e9dia que 150 pessoas compareceram a manifesta\u00e7\u00e3o.<\/p>\n<p>A Prefeitura entrou em contato com o Fernando Nascimento, presidente do Sindicato, marcando um encontro com ele e mais 4 representantes, por\u00e9m n\u00e3o compareceram&#8221;<\/p>\n","protected":false},"excerpt":{"rendered":"<p>Protesto ocorre ap\u00f3s caso de agress\u00e3o contra professora Nesta quarta-feira, 16 de agosto, o dia amanheceu com manifesta\u00e7\u00f5es na porta da Secretaria da Educa\u00e7\u00e3o de Franca,<span class=\"excerpt-hellip\"> [\u2026]<\/span><\/p>\n","protected":false},"author":10,"featured_media":36821,"comment_status":"open","ping_status":"open","sticky":false,"template":"","format":"standard","meta":{"_jetpack_memberships_contains_paid_content":false,"footnotes":"","jetpack_publicize_message":"","jetpack_publicize_feature_enabled":true,"jetpack_social_post_already_shared":false,"jetpack_social_options":{"image_generator_settings":{"template":"highway","default_image_id":0,"enabled":false},"version":2}},"categories":[28,81],"tags":[],"class_list":["post-36820","post","type-post","status-publish","format-standard","has-post-thumbnail","hentry","category-cotidiano","category-manchete"],"yoast_head":"<!-- This site is optimized with the Yoast SEO plugin v25.6 - https:\/\/yoast.com\/wordpress\/plugins\/seo\/ -->\n<title>Servidores municipais de Franca protestam em frente \u00e0 Secretaria da Educa\u00e7\u00e3o - VerdadeOn<\/title>\n<meta name=\"robots\" content=\"index, follow, max-snippet:-1, max-image-preview:large, max-video-preview:-1\" \/>\n<link rel=\"canonical\" href=\"https:\/\/verdadeon.com.br\/portal\/2023\/08\/16\/servidores-municipais-de-franca-protestam-em-frente-a-secretaria-da-educacao\/\" \/>\n<meta property=\"og:locale\" content=\"pt_BR\" \/>\n<meta property=\"og:type\" content=\"article\" \/>\n<meta property=\"og:title\" content=\"Servidores municipais de Franca protestam em frente \u00e0 Secretaria da Educa\u00e7\u00e3o - VerdadeOn\" \/>\n<meta property=\"og:description\" content=\"Protesto ocorre ap\u00f3s caso de agress\u00e3o contra professora Nesta quarta-feira, 16 de agosto, o dia amanheceu com manifesta\u00e7\u00f5es na porta da Secretaria da Educa\u00e7\u00e3o de Franca, [\u2026]\" \/>\n<meta property=\"og:url\" content=\"https:\/\/verdadeon.com.br\/portal\/2023\/08\/16\/servidores-municipais-de-franca-protestam-em-frente-a-secretaria-da-educacao\/\" \/>\n<meta property=\"og:site_name\" content=\"VerdadeOn\" \/>\n<meta property=\"article:published_time\" content=\"2023-08-16T17:33:37+00:00\" \/>\n<meta property=\"article:modified_time\" content=\"2023-08-19T14:50:45+00:00\" \/>\n<meta property=\"og:image\" content=\"https:\/\/verdadeon.com.br\/portal\/wp-content\/uploads\/2023\/08\/AnyConv.com__WhatsApp-Image-2023-08-16-at-11.50.34-1.jpg\" \/>\n\t<meta property=\"og:image:width\" content=\"1344\" \/>\n\t<meta property=\"og:image:height\" content=\"900\" \/>\n\t<meta property=\"og:image:type\" content=\"image\/jpeg\" \/>\n<meta name=\"author\" content=\"Redacao VerdadeOn\" \/>\n<meta name=\"twitter:card\" content=\"summary_large_image\" \/>\n<meta name=\"twitter:label1\" content=\"Escrito por\" \/>\n\t<meta name=\"twitter:data1\" content=\"Redacao VerdadeOn\" \/>\n\t<meta name=\"twitter:label2\" content=\"Est. tempo de leitura\" \/>\n\t<meta name=\"twitter:data2\" content=\"2 minutos\" \/>\n<script type=\"application\/ld+json\" class=\"yoast-schema-graph\">{\"@context\":\"https:\/\/schema.org\",\"@graph\":[{\"@type\":\"WebPage\",\"@id\":\"https:\/\/verdadeon.com.br\/portal\/2023\/08\/16\/servidores-municipais-de-franca-protestam-em-frente-a-secretaria-da-educacao\/\",\"url\":\"https:\/\/verdadeon.com.br\/portal\/2023\/08\/16\/servidores-municipais-de-franca-protestam-em-frente-a-secretaria-da-educacao\/\",\"name\":\"Servidores municipais de Franca protestam em frente \u00e0 Secretaria da Educa\u00e7\u00e3o - VerdadeOn\",\"isPartOf\":{\"@id\":\"https:\/\/verdadeon.com.br\/portal\/#website\"},\"primaryImageOfPage\":{\"@id\":\"https:\/\/verdadeon.com.br\/portal\/2023\/08\/16\/servidores-municipais-de-franca-protestam-em-frente-a-secretaria-da-educacao\/#primaryimage\"},\"image\":{\"@id\":\"https:\/\/verdadeon.com.br\/portal\/2023\/08\/16\/servidores-municipais-de-franca-protestam-em-frente-a-secretaria-da-educacao\/#primaryimage\"},\"thumbnailUrl\":\"https:\/\/i0.wp.com\/verdadeon.com.br\/portal\/wp-content\/uploads\/2023\/08\/AnyConv.com__WhatsApp-Image-2023-08-16-at-11.50.34-1.jpg?fit=1344%2C900&ssl=1\",\"datePublished\":\"2023-08-16T17:33:37+00:00\",\"dateModified\":\"2023-08-19T14:50:45+00:00\",\"author\":{\"@id\":\"https:\/\/verdadeon.com.br\/portal\/#\/schema\/person\/a5060ad1e9ea3df545188fc93ce43d2f\"},\"breadcrumb\":{\"@id\":\"https:\/\/verdadeon.com.br\/portal\/2023\/08\/16\/servidores-municipais-de-franca-protestam-em-frente-a-secretaria-da-educacao\/#breadcrumb\"},\"inLanguage\":\"pt-BR\",\"potentialAction\":[{\"@type\":\"ReadAction\",\"target\":[\"https:\/\/verdadeon.com.br\/portal\/2023\/08\/16\/servidores-municipais-de-franca-protestam-em-frente-a-secretaria-da-educacao\/\"]}]},{\"@type\":\"ImageObject\",\"inLanguage\":\"pt-BR\",\"@id\":\"https:\/\/verdadeon.com.br\/portal\/2023\/08\/16\/servidores-municipais-de-franca-protestam-em-frente-a-secretaria-da-educacao\/#primaryimage\",\"url\":\"https:\/\/i0.wp.com\/verdadeon.com.br\/portal\/wp-content\/uploads\/2023\/08\/AnyConv.com__WhatsApp-Image-2023-08-16-at-11.50.34-1.jpg?fit=1344%2C900&ssl=1\",\"contentUrl\":\"https:\/\/i0.wp.com\/verdadeon.com.br\/portal\/wp-content\/uploads\/2023\/08\/AnyConv.com__WhatsApp-Image-2023-08-16-at-11.50.34-1.jpg?fit=1344%2C900&ssl=1\",\"width\":1344,\"height\":900,\"caption\":\"Manifestantes e Sindicato reivindicam \\\"seguran\u00e7a nas escolas\\\" do munic\u00edpio (\u00a9Divulga\u00e7\u00e3o)\"},{\"@type\":\"BreadcrumbList\",\"@id\":\"https:\/\/verdadeon.com.br\/portal\/2023\/08\/16\/servidores-municipais-de-franca-protestam-em-frente-a-secretaria-da-educacao\/#breadcrumb\",\"itemListElement\":[{\"@type\":\"ListItem\",\"position\":1,\"name\":\"In\u00edcio\",\"item\":\"https:\/\/verdadeon.com.br\/portal\/\"},{\"@type\":\"ListItem\",\"position\":2,\"name\":\"Servidores municipais de Franca protestam em frente \u00e0 Secretaria da Educa\u00e7\u00e3o\"}]},{\"@type\":\"WebSite\",\"@id\":\"https:\/\/verdadeon.com.br\/portal\/#website\",\"url\":\"https:\/\/verdadeon.com.br\/portal\/\",\"name\":\"VerdadeOn\",\"description\":\"Not\u00edcias di\u00e1rias sobre Franca, Regi\u00e3o, Esporte, Cultura, Cotidiano, Colunas. Cobertura nos principais eventos da cidade \u00e9 aqui - Verdadeon Franca\",\"potentialAction\":[{\"@type\":\"SearchAction\",\"target\":{\"@type\":\"EntryPoint\",\"urlTemplate\":\"https:\/\/verdadeon.com.br\/portal\/?s={search_term_string}\"},\"query-input\":{\"@type\":\"PropertyValueSpecification\",\"valueRequired\":true,\"valueName\":\"search_term_string\"}}],\"inLanguage\":\"pt-BR\"},{\"@type\":\"Person\",\"@id\":\"https:\/\/verdadeon.com.br\/portal\/#\/schema\/person\/a5060ad1e9ea3df545188fc93ce43d2f\",\"name\":\"Redacao VerdadeOn\",\"image\":{\"@type\":\"ImageObject\",\"inLanguage\":\"pt-BR\",\"@id\":\"https:\/\/verdadeon.com.br\/portal\/#\/schema\/person\/image\/\",\"url\":\"https:\/\/secure.gravatar.com\/avatar\/459a9613caaaf07f582c3d0841eea68bdd66f533e465e6ba8b9cb45619572cf4?s=96&d=mm&r=g\",\"contentUrl\":\"https:\/\/secure.gravatar.com\/avatar\/459a9613caaaf07f582c3d0841eea68bdd66f533e465e6ba8b9cb45619572cf4?s=96&d=mm&r=g\",\"caption\":\"Redacao VerdadeOn\"},\"url\":\"https:\/\/verdadeon.com.br\/portal\/author\/redacao\/\"}]}<\/script>\n<!-- \/ Yoast SEO plugin. -->","yoast_head_json":{"title":"Servidores municipais de Franca protestam em frente \u00e0 Secretaria da Educa\u00e7\u00e3o - VerdadeOn","robots":{"index":"index","follow":"follow","max-snippet":"max-snippet:-1","max-image-preview":"max-image-preview:large","max-video-preview":"max-video-preview:-1"},"canonical":"https:\/\/verdadeon.com.br\/portal\/2023\/08\/16\/servidores-municipais-de-franca-protestam-em-frente-a-secretaria-da-educacao\/","og_locale":"pt_BR","og_type":"article","og_title":"Servidores municipais de Franca protestam em frente \u00e0 Secretaria da Educa\u00e7\u00e3o - VerdadeOn","og_description":"Protesto ocorre ap\u00f3s caso de agress\u00e3o contra professora Nesta quarta-feira, 16 de agosto, o dia amanheceu com manifesta\u00e7\u00f5es na porta da Secretaria da Educa\u00e7\u00e3o de Franca, [\u2026]","og_url":"https:\/\/verdadeon.com.br\/portal\/2023\/08\/16\/servidores-municipais-de-franca-protestam-em-frente-a-secretaria-da-educacao\/","og_site_name":"VerdadeOn","article_published_time":"2023-08-16T17:33:37+00:00","article_modified_time":"2023-08-19T14:50:45+00:00","og_image":[{"width":1344,"height":900,"url":"https:\/\/verdadeon.com.br\/portal\/wp-content\/uploads\/2023\/08\/AnyConv.com__WhatsApp-Image-2023-08-16-at-11.50.34-1.jpg","type":"image\/jpeg"}],"author":"Redacao VerdadeOn","twitter_card":"summary_large_image","twitter_misc":{"Escrito por":"Redacao VerdadeOn","Est. tempo de leitura":"2 minutos"},"schema":{"@context":"https:\/\/schema.org","@graph":[{"@type":"WebPage","@id":"https:\/\/verdadeon.com.br\/portal\/2023\/08\/16\/servidores-municipais-de-franca-protestam-em-frente-a-secretaria-da-educacao\/","url":"https:\/\/verdadeon.com.br\/portal\/2023\/08\/16\/servidores-municipais-de-franca-protestam-em-frente-a-secretaria-da-educacao\/","name":"Servidores municipais de Franca protestam em frente \u00e0 Secretaria da Educa\u00e7\u00e3o - VerdadeOn","isPartOf":{"@id":"https:\/\/verdadeon.com.br\/portal\/#website"},"primaryImageOfPage":{"@id":"https:\/\/verdadeon.com.br\/portal\/2023\/08\/16\/servidores-municipais-de-franca-protestam-em-frente-a-secretaria-da-educacao\/#primaryimage"},"image":{"@id":"https:\/\/verdadeon.com.br\/portal\/2023\/08\/16\/servidores-municipais-de-franca-protestam-em-frente-a-secretaria-da-educacao\/#primaryimage"},"thumbnailUrl":"https:\/\/i0.wp.com\/verdadeon.com.br\/portal\/wp-content\/uploads\/2023\/08\/AnyConv.com__WhatsApp-Image-2023-08-16-at-11.50.34-1.jpg?fit=1344%2C900&ssl=1","datePublished":"2023-08-16T17:33:37+00:00","dateModified":"2023-08-19T14:50:45+00:00","author":{"@id":"https:\/\/verdadeon.com.br\/portal\/#\/schema\/person\/a5060ad1e9ea3df545188fc93ce43d2f"},"breadcrumb":{"@id":"https:\/\/verdadeon.com.br\/portal\/2023\/08\/16\/servidores-municipais-de-franca-protestam-em-frente-a-secretaria-da-educacao\/#breadcrumb"},"inLanguage":"pt-BR","potentialAction":[{"@type":"ReadAction","target":["https:\/\/verdadeon.com.br\/portal\/2023\/08\/16\/servidores-municipais-de-franca-protestam-em-frente-a-secretaria-da-educacao\/"]}]},{"@type":"ImageObject","inLanguage":"pt-BR","@id":"https:\/\/verdadeon.com.br\/portal\/2023\/08\/16\/servidores-municipais-de-franca-protestam-em-frente-a-secretaria-da-educacao\/#primaryimage","url":"https:\/\/i0.wp.com\/verdadeon.com.br\/portal\/wp-content\/uploads\/2023\/08\/AnyConv.com__WhatsApp-Image-2023-08-16-at-11.50.34-1.jpg?fit=1344%2C900&ssl=1","contentUrl":"https:\/\/i0.wp.com\/verdadeon.com.br\/portal\/wp-content\/uploads\/2023\/08\/AnyConv.com__WhatsApp-Image-2023-08-16-at-11.50.34-1.jpg?fit=1344%2C900&ssl=1","width":1344,"height":900,"caption":"Manifestantes e Sindicato reivindicam \"seguran\u00e7a nas escolas\" do munic\u00edpio (\u00a9Divulga\u00e7\u00e3o)"},{"@type":"BreadcrumbList","@id":"https:\/\/verdadeon.com.br\/portal\/2023\/08\/16\/servidores-municipais-de-franca-protestam-em-frente-a-secretaria-da-educacao\/#breadcrumb","itemListElement":[{"@type":"ListItem","position":1,"name":"In\u00edcio","item":"https:\/\/verdadeon.com.br\/portal\/"},{"@type":"ListItem","position":2,"name":"Servidores municipais de Franca protestam em frente \u00e0 Secretaria da Educa\u00e7\u00e3o"}]},{"@type":"WebSite","@id":"https:\/\/verdadeon.com.br\/portal\/#website","url":"https:\/\/verdadeon.com.br\/portal\/","name":"VerdadeOn","description":"Not\u00edcias di\u00e1rias sobre Franca, Regi\u00e3o, Esporte, Cultura, Cotidiano, Colunas. Cobertura nos principais eventos da cidade \u00e9 aqui - Verdadeon Franca","potentialAction":[{"@type":"SearchAction","target":{"@type":"EntryPoint","urlTemplate":"https:\/\/verdadeon.com.br\/portal\/?s={search_term_string}"},"query-input":{"@type":"PropertyValueSpecification","valueRequired":true,"valueName":"search_term_string"}}],"inLanguage":"pt-BR"},{"@type":"Person","@id":"https:\/\/verdadeon.com.br\/portal\/#\/schema\/person\/a5060ad1e9ea3df545188fc93ce43d2f","name":"Redacao VerdadeOn","image":{"@type":"ImageObject","inLanguage":"pt-BR","@id":"https:\/\/verdadeon.com.br\/portal\/#\/schema\/person\/image\/","url":"https:\/\/secure.gravatar.com\/avatar\/459a9613caaaf07f582c3d0841eea68bdd66f533e465e6ba8b9cb45619572cf4?s=96&d=mm&r=g","contentUrl":"https:\/\/secure.gravatar.com\/avatar\/459a9613caaaf07f582c3d0841eea68bdd66f533e465e6ba8b9cb45619572cf4?s=96&d=mm&r=g","caption":"Redacao VerdadeOn"},"url":"https:\/\/verdadeon.com.br\/portal\/author\/redacao\/"}]}},"jetpack_publicize_connections":[],"jetpack_featured_media_url":"https:\/\/i0.wp.com\/verdadeon.com.br\/portal\/wp-content\/uploads\/2023\/08\/AnyConv.com__WhatsApp-Image-2023-08-16-at-11.50.34-1.jpg?fit=1344%2C900&ssl=1","jetpack_sharing_enabled":true,"_links":{"self":[{"href":"https:\/\/verdadeon.com.br\/portal\/wp-json\/wp\/v2\/posts\/36820","targetHints":{"allow":["GET"]}}],"collection":[{"href":"https:\/\/verdadeon.com.br\/portal\/wp-json\/wp\/v2\/posts"}],"about":[{"href":"https:\/\/verdadeon.com.br\/portal\/wp-json\/wp\/v2\/types\/post"}],"author":[{"embeddable":true,"href":"https:\/\/verdadeon.com.br\/portal\/wp-json\/wp\/v2\/users\/10"}],"replies":[{"embeddable":true,"href":"https:\/\/verdadeon.com.br\/portal\/wp-json\/wp\/v2\/comments?post=36820"}],"version-history":[{"count":4,"href":"https:\/\/verdadeon.com.br\/portal\/wp-json\/wp\/v2\/posts\/36820\/revisions"}],"predecessor-version":[{"id":36956,"href":"https:\/\/verdadeon.com.br\/portal\/wp-json\/wp\/v2\/posts\/36820\/revisions\/36956"}],"wp:featuredmedia":[{"embeddable":true,"href":"https:\/\/verdadeon.com.br\/portal\/wp-json\/wp\/v2\/media\/36821"}],"wp:attachment":[{"href":"https:\/\/verdadeon.com.br\/portal\/wp-json\/wp\/v2\/media?parent=36820"}],"wp:term":[{"taxonomy":"category","embeddable":true,"href":"https:\/\/verdadeon.com.br\/portal\/wp-json\/wp\/v2\/categories?post=36820"},{"taxonomy":"post_tag","embeddable":true,"href":"https:\/\/verdadeon.com.br\/portal\/wp-json\/wp\/v2\/tags?post=36820"}],"curies":[{"name":"wp","href":"https:\/\/api.w.org\/{rel}","templated":true}]}}