{"id":36805,"date":"2023-08-15T13:45:33","date_gmt":"2023-08-15T16:45:33","guid":{"rendered":"https:\/\/verdadeon.com.br\/portal\/?p=36805"},"modified":"2023-08-15T13:45:33","modified_gmt":"2023-08-15T16:45:33","slug":"espanha-bate-suecia-e-disputa-final-da-copa-feminina-pela-primeira-vez","status":"publish","type":"post","link":"https:\/\/verdadeon.com.br\/portal\/2023\/08\/15\/espanha-bate-suecia-e-disputa-final-da-copa-feminina-pela-primeira-vez\/","title":{"rendered":"Espanha bate Su\u00e9cia e disputa final da Copa feminina pela primeira vez"},"content":{"rendered":"<div class=\"row\">\n<h2 class=\"col-10 offset-1 animated fadeInDown dealy-900 display-8 display-md-8 alt-font font-italic my-1 text-center\">F\u00faria derrotou n\u00f3rdicas por 2 a 1 com gols de Paralluelo e Carmona<\/h2>\n<p>A Espanha garantiu presen\u00e7a na final da Copa do Mundo de futebol feminino ap\u00f3s derrotar a Su\u00e9cia, no in\u00edcio da manh\u00e3 desta ter\u00e7a-feira (15) no Eden Park, em Auckland, na Nova Zel\u00e2ndia. Agora, a F\u00faria decide o t\u00edtulo da competi\u00e7\u00e3o com o vencedor de Inglaterra e Austr\u00e1lia, que fazem a outra semifinal da competi\u00e7\u00e3o na pr\u00f3xima quarta-feira (14).<img data-recalc-dims=\"1\" decoding=\"async\" src=\"https:\/\/i0.wp.com\/agenciabrasil.ebc.com.br\/ebc.png?w=1220&#038;ssl=1\" \/><img data-recalc-dims=\"1\" decoding=\"async\" src=\"https:\/\/i0.wp.com\/agenciabrasil.ebc.com.br\/ebc.gif?w=1220&#038;ssl=1\" \/><\/p>\n<p>Na partida, que teve a brasileira Edna Alves na arbitragem, a Espanha foi superior desde o princ\u00edpio, abusando da troca de passes para manter o dom\u00ednio da bola. Com isso, a F\u00faria criou as melhores oportunidades de marcar, mas a \u00f3tima goleira Musovic conseguiu manter o placar inalterado at\u00e9 o intervalo.<\/p>\n<p>Diante de um advers\u00e1rio que mostrou muita for\u00e7a na defesa, a Espanha s\u00f3 conseguiu abrir o placar aos 36 minutos do segundo tempo, quando Hermoso cruzou na \u00e1rea, Andersson cortou mal e a bola sobrou limpa para a jovem atacante Salma Paralluelo, que bateu de primeira para marcar um belo gol.<\/p>\n<p>Mas a Su\u00e9cia estava viva e buscou empate, j\u00e1 aos 43 minutos. Rolfo recebeu na ponta esquerda e deu um chut\u00e3o para o meio da \u00e1rea, onde Lina Hurtig escorou de cabe\u00e7a para Rebecka Blomqvist acertar linda finaliza\u00e7\u00e3o de chapa. Por\u00e9m, n\u00e3o deu tempo nem de comemorar, pois um minuto depois Teresa Abelleira cruzou escanteio rasteiro para a entrada da \u00e1rea, onde a lateral Olga Carmona acertou uma bomba para marcar o gol da vit\u00f3ria e da classifica\u00e7\u00e3o.<\/p>\n<p><strong>Classifica\u00e7\u00e3o in\u00e9dita<\/strong><\/p>\n<p>Esta \u00e9 a primeira vez que a Espanha chega a uma final de Copa do Mundo de futebol feminino. Um poss\u00edvel t\u00edtulo ser\u00e1 a coroa\u00e7\u00e3o de uma talentosa gera\u00e7\u00e3o que conta com v\u00e1rios jovens valores, como Paralluelo, que ajudaram na conquista Copa do Mundo sub-20 em 2022. Al\u00e9m disso, o trof\u00e9u seria uma demonstra\u00e7\u00e3o de supera\u00e7\u00e3o de um elenco que viveu um grande conflito com a federa\u00e7\u00e3o no ciclo de prepara\u00e7\u00e3o para o Mundial.<\/p>\n<p>Espanha e o vencedor de Inglaterra e Austr\u00e1lia jogam pelo t\u00edtulo da Copa do Mundo a partir das 7h (hor\u00e1rio de Bras\u00edlia) do pr\u00f3ximo domingo (20) no Est\u00e1dio Ol\u00edmpico de Sidney. J\u00e1 as suecas disputam o terceiro lugar um dia antes.<\/p>\n<p>Fonte: Ag\u00eancia Brasil<\/p>\n<\/div>\n","protected":false},"excerpt":{"rendered":"<p>F\u00faria derrotou n\u00f3rdicas por 2 a 1 com gols de Paralluelo e Carmona A Espanha garantiu presen\u00e7a na final da Copa do Mundo de futebol feminino<span class=\"excerpt-hellip\"> [\u2026]<\/span><\/p>\n","protected":false},"author":10,"featured_media":36806,"comment_status":"open","ping_status":"open","sticky":false,"template":"","format":"standard","meta":{"_jetpack_memberships_contains_paid_content":false,"footnotes":"","jetpack_publicize_message":"","jetpack_publicize_feature_enabled":true,"jetpack_social_post_already_shared":false,"jetpack_social_options":{"image_generator_settings":{"template":"highway","default_image_id":0,"enabled":false},"version":2}},"categories":[28,81],"tags":[],"class_list":["post-36805","post","type-post","status-publish","format-standard","has-post-thumbnail","hentry","category-cotidiano","category-manchete"],"yoast_head":"<!-- This site is optimized with the Yoast SEO plugin v25.6 - https:\/\/yoast.com\/wordpress\/plugins\/seo\/ -->\n<title>Espanha bate Su\u00e9cia e disputa final da Copa feminina pela primeira vez - VerdadeOn<\/title>\n<meta name=\"robots\" content=\"index, follow, max-snippet:-1, max-image-preview:large, max-video-preview:-1\" \/>\n<link rel=\"canonical\" href=\"https:\/\/verdadeon.com.br\/portal\/2023\/08\/15\/espanha-bate-suecia-e-disputa-final-da-copa-feminina-pela-primeira-vez\/\" \/>\n<meta property=\"og:locale\" content=\"pt_BR\" \/>\n<meta property=\"og:type\" content=\"article\" \/>\n<meta property=\"og:title\" content=\"Espanha bate Su\u00e9cia e disputa final da Copa feminina pela primeira vez - VerdadeOn\" \/>\n<meta property=\"og:description\" content=\"F\u00faria derrotou n\u00f3rdicas por 2 a 1 com gols de Paralluelo e Carmona A Espanha garantiu presen\u00e7a na final da Copa do Mundo de futebol feminino [\u2026]\" \/>\n<meta property=\"og:url\" content=\"https:\/\/verdadeon.com.br\/portal\/2023\/08\/15\/espanha-bate-suecia-e-disputa-final-da-copa-feminina-pela-primeira-vez\/\" \/>\n<meta property=\"og:site_name\" content=\"VerdadeOn\" \/>\n<meta property=\"article:published_time\" content=\"2023-08-15T16:45:33+00:00\" \/>\n<meta property=\"og:image\" content=\"https:\/\/verdadeon.com.br\/portal\/wp-content\/uploads\/2023\/08\/2023-08-15t094138z_690027297_up1ej8f0qxc78_rtrmadp_3_soccer-worldcup-esp-swe-report.jpg\" \/>\n\t<meta property=\"og:image:width\" content=\"1044\" \/>\n\t<meta property=\"og:image:height\" content=\"700\" \/>\n\t<meta property=\"og:image:type\" content=\"image\/jpeg\" \/>\n<meta name=\"author\" content=\"Redacao VerdadeOn\" \/>\n<meta name=\"twitter:card\" content=\"summary_large_image\" \/>\n<meta name=\"twitter:label1\" content=\"Escrito por\" \/>\n\t<meta name=\"twitter:data1\" content=\"Redacao VerdadeOn\" \/>\n\t<meta name=\"twitter:label2\" content=\"Est. tempo de leitura\" \/>\n\t<meta name=\"twitter:data2\" content=\"2 minutos\" \/>\n<script type=\"application\/ld+json\" class=\"yoast-schema-graph\">{\"@context\":\"https:\/\/schema.org\",\"@graph\":[{\"@type\":\"WebPage\",\"@id\":\"https:\/\/verdadeon.com.br\/portal\/2023\/08\/15\/espanha-bate-suecia-e-disputa-final-da-copa-feminina-pela-primeira-vez\/\",\"url\":\"https:\/\/verdadeon.com.br\/portal\/2023\/08\/15\/espanha-bate-suecia-e-disputa-final-da-copa-feminina-pela-primeira-vez\/\",\"name\":\"Espanha bate Su\u00e9cia e disputa final da Copa feminina pela primeira vez - VerdadeOn\",\"isPartOf\":{\"@id\":\"https:\/\/verdadeon.com.br\/portal\/#website\"},\"primaryImageOfPage\":{\"@id\":\"https:\/\/verdadeon.com.br\/portal\/2023\/08\/15\/espanha-bate-suecia-e-disputa-final-da-copa-feminina-pela-primeira-vez\/#primaryimage\"},\"image\":{\"@id\":\"https:\/\/verdadeon.com.br\/portal\/2023\/08\/15\/espanha-bate-suecia-e-disputa-final-da-copa-feminina-pela-primeira-vez\/#primaryimage\"},\"thumbnailUrl\":\"https:\/\/i0.wp.com\/verdadeon.com.br\/portal\/wp-content\/uploads\/2023\/08\/2023-08-15t094138z_690027297_up1ej8f0qxc78_rtrmadp_3_soccer-worldcup-esp-swe-report.jpg?fit=1044%2C700&ssl=1\",\"datePublished\":\"2023-08-15T16:45:33+00:00\",\"author\":{\"@id\":\"https:\/\/verdadeon.com.br\/portal\/#\/schema\/person\/a5060ad1e9ea3df545188fc93ce43d2f\"},\"breadcrumb\":{\"@id\":\"https:\/\/verdadeon.com.br\/portal\/2023\/08\/15\/espanha-bate-suecia-e-disputa-final-da-copa-feminina-pela-primeira-vez\/#breadcrumb\"},\"inLanguage\":\"pt-BR\",\"potentialAction\":[{\"@type\":\"ReadAction\",\"target\":[\"https:\/\/verdadeon.com.br\/portal\/2023\/08\/15\/espanha-bate-suecia-e-disputa-final-da-copa-feminina-pela-primeira-vez\/\"]}]},{\"@type\":\"ImageObject\",\"inLanguage\":\"pt-BR\",\"@id\":\"https:\/\/verdadeon.com.br\/portal\/2023\/08\/15\/espanha-bate-suecia-e-disputa-final-da-copa-feminina-pela-primeira-vez\/#primaryimage\",\"url\":\"https:\/\/i0.wp.com\/verdadeon.com.br\/portal\/wp-content\/uploads\/2023\/08\/2023-08-15t094138z_690027297_up1ej8f0qxc78_rtrmadp_3_soccer-worldcup-esp-swe-report.jpg?fit=1044%2C700&ssl=1\",\"contentUrl\":\"https:\/\/i0.wp.com\/verdadeon.com.br\/portal\/wp-content\/uploads\/2023\/08\/2023-08-15t094138z_690027297_up1ej8f0qxc78_rtrmadp_3_soccer-worldcup-esp-swe-report.jpg?fit=1044%2C700&ssl=1\",\"width\":1044,\"height\":700,\"caption\":\"Ap\u00f3s vencer Su\u00e9cia por 2 x 1, Espanha aguarda vencedor do jogo entre Austr\u00e1lia e Inglaterra (\u00a9Reuters\/David Rowland\/Direitos Reservados)\"},{\"@type\":\"BreadcrumbList\",\"@id\":\"https:\/\/verdadeon.com.br\/portal\/2023\/08\/15\/espanha-bate-suecia-e-disputa-final-da-copa-feminina-pela-primeira-vez\/#breadcrumb\",\"itemListElement\":[{\"@type\":\"ListItem\",\"position\":1,\"name\":\"In\u00edcio\",\"item\":\"https:\/\/verdadeon.com.br\/portal\/\"},{\"@type\":\"ListItem\",\"position\":2,\"name\":\"Espanha bate Su\u00e9cia e disputa final da Copa feminina pela primeira vez\"}]},{\"@type\":\"WebSite\",\"@id\":\"https:\/\/verdadeon.com.br\/portal\/#website\",\"url\":\"https:\/\/verdadeon.com.br\/portal\/\",\"name\":\"VerdadeOn\",\"description\":\"Not\u00edcias di\u00e1rias sobre Franca, Regi\u00e3o, Esporte, Cultura, Cotidiano, Colunas. Cobertura nos principais eventos da cidade \u00e9 aqui - Verdadeon Franca\",\"potentialAction\":[{\"@type\":\"SearchAction\",\"target\":{\"@type\":\"EntryPoint\",\"urlTemplate\":\"https:\/\/verdadeon.com.br\/portal\/?s={search_term_string}\"},\"query-input\":{\"@type\":\"PropertyValueSpecification\",\"valueRequired\":true,\"valueName\":\"search_term_string\"}}],\"inLanguage\":\"pt-BR\"},{\"@type\":\"Person\",\"@id\":\"https:\/\/verdadeon.com.br\/portal\/#\/schema\/person\/a5060ad1e9ea3df545188fc93ce43d2f\",\"name\":\"Redacao VerdadeOn\",\"image\":{\"@type\":\"ImageObject\",\"inLanguage\":\"pt-BR\",\"@id\":\"https:\/\/verdadeon.com.br\/portal\/#\/schema\/person\/image\/\",\"url\":\"https:\/\/secure.gravatar.com\/avatar\/459a9613caaaf07f582c3d0841eea68bdd66f533e465e6ba8b9cb45619572cf4?s=96&d=mm&r=g\",\"contentUrl\":\"https:\/\/secure.gravatar.com\/avatar\/459a9613caaaf07f582c3d0841eea68bdd66f533e465e6ba8b9cb45619572cf4?s=96&d=mm&r=g\",\"caption\":\"Redacao VerdadeOn\"},\"url\":\"https:\/\/verdadeon.com.br\/portal\/author\/redacao\/\"}]}<\/script>\n<!-- \/ Yoast SEO plugin. -->","yoast_head_json":{"title":"Espanha bate Su\u00e9cia e disputa final da Copa feminina pela primeira vez - VerdadeOn","robots":{"index":"index","follow":"follow","max-snippet":"max-snippet:-1","max-image-preview":"max-image-preview:large","max-video-preview":"max-video-preview:-1"},"canonical":"https:\/\/verdadeon.com.br\/portal\/2023\/08\/15\/espanha-bate-suecia-e-disputa-final-da-copa-feminina-pela-primeira-vez\/","og_locale":"pt_BR","og_type":"article","og_title":"Espanha bate Su\u00e9cia e disputa final da Copa feminina pela primeira vez - VerdadeOn","og_description":"F\u00faria derrotou n\u00f3rdicas por 2 a 1 com gols de Paralluelo e Carmona A Espanha garantiu presen\u00e7a na final da Copa do Mundo de futebol feminino [\u2026]","og_url":"https:\/\/verdadeon.com.br\/portal\/2023\/08\/15\/espanha-bate-suecia-e-disputa-final-da-copa-feminina-pela-primeira-vez\/","og_site_name":"VerdadeOn","article_published_time":"2023-08-15T16:45:33+00:00","og_image":[{"width":1044,"height":700,"url":"https:\/\/verdadeon.com.br\/portal\/wp-content\/uploads\/2023\/08\/2023-08-15t094138z_690027297_up1ej8f0qxc78_rtrmadp_3_soccer-worldcup-esp-swe-report.jpg","type":"image\/jpeg"}],"author":"Redacao VerdadeOn","twitter_card":"summary_large_image","twitter_misc":{"Escrito por":"Redacao VerdadeOn","Est. tempo de leitura":"2 minutos"},"schema":{"@context":"https:\/\/schema.org","@graph":[{"@type":"WebPage","@id":"https:\/\/verdadeon.com.br\/portal\/2023\/08\/15\/espanha-bate-suecia-e-disputa-final-da-copa-feminina-pela-primeira-vez\/","url":"https:\/\/verdadeon.com.br\/portal\/2023\/08\/15\/espanha-bate-suecia-e-disputa-final-da-copa-feminina-pela-primeira-vez\/","name":"Espanha bate Su\u00e9cia e disputa final da Copa feminina pela primeira vez - VerdadeOn","isPartOf":{"@id":"https:\/\/verdadeon.com.br\/portal\/#website"},"primaryImageOfPage":{"@id":"https:\/\/verdadeon.com.br\/portal\/2023\/08\/15\/espanha-bate-suecia-e-disputa-final-da-copa-feminina-pela-primeira-vez\/#primaryimage"},"image":{"@id":"https:\/\/verdadeon.com.br\/portal\/2023\/08\/15\/espanha-bate-suecia-e-disputa-final-da-copa-feminina-pela-primeira-vez\/#primaryimage"},"thumbnailUrl":"https:\/\/i0.wp.com\/verdadeon.com.br\/portal\/wp-content\/uploads\/2023\/08\/2023-08-15t094138z_690027297_up1ej8f0qxc78_rtrmadp_3_soccer-worldcup-esp-swe-report.jpg?fit=1044%2C700&ssl=1","datePublished":"2023-08-15T16:45:33+00:00","author":{"@id":"https:\/\/verdadeon.com.br\/portal\/#\/schema\/person\/a5060ad1e9ea3df545188fc93ce43d2f"},"breadcrumb":{"@id":"https:\/\/verdadeon.com.br\/portal\/2023\/08\/15\/espanha-bate-suecia-e-disputa-final-da-copa-feminina-pela-primeira-vez\/#breadcrumb"},"inLanguage":"pt-BR","potentialAction":[{"@type":"ReadAction","target":["https:\/\/verdadeon.com.br\/portal\/2023\/08\/15\/espanha-bate-suecia-e-disputa-final-da-copa-feminina-pela-primeira-vez\/"]}]},{"@type":"ImageObject","inLanguage":"pt-BR","@id":"https:\/\/verdadeon.com.br\/portal\/2023\/08\/15\/espanha-bate-suecia-e-disputa-final-da-copa-feminina-pela-primeira-vez\/#primaryimage","url":"https:\/\/i0.wp.com\/verdadeon.com.br\/portal\/wp-content\/uploads\/2023\/08\/2023-08-15t094138z_690027297_up1ej8f0qxc78_rtrmadp_3_soccer-worldcup-esp-swe-report.jpg?fit=1044%2C700&ssl=1","contentUrl":"https:\/\/i0.wp.com\/verdadeon.com.br\/portal\/wp-content\/uploads\/2023\/08\/2023-08-15t094138z_690027297_up1ej8f0qxc78_rtrmadp_3_soccer-worldcup-esp-swe-report.jpg?fit=1044%2C700&ssl=1","width":1044,"height":700,"caption":"Ap\u00f3s vencer Su\u00e9cia por 2 x 1, Espanha aguarda vencedor do jogo entre Austr\u00e1lia e Inglaterra (\u00a9Reuters\/David Rowland\/Direitos Reservados)"},{"@type":"BreadcrumbList","@id":"https:\/\/verdadeon.com.br\/portal\/2023\/08\/15\/espanha-bate-suecia-e-disputa-final-da-copa-feminina-pela-primeira-vez\/#breadcrumb","itemListElement":[{"@type":"ListItem","position":1,"name":"In\u00edcio","item":"https:\/\/verdadeon.com.br\/portal\/"},{"@type":"ListItem","position":2,"name":"Espanha bate Su\u00e9cia e disputa final da Copa feminina pela primeira vez"}]},{"@type":"WebSite","@id":"https:\/\/verdadeon.com.br\/portal\/#website","url":"https:\/\/verdadeon.com.br\/portal\/","name":"VerdadeOn","description":"Not\u00edcias di\u00e1rias sobre Franca, Regi\u00e3o, Esporte, Cultura, Cotidiano, Colunas. Cobertura nos principais eventos da cidade \u00e9 aqui - Verdadeon Franca","potentialAction":[{"@type":"SearchAction","target":{"@type":"EntryPoint","urlTemplate":"https:\/\/verdadeon.com.br\/portal\/?s={search_term_string}"},"query-input":{"@type":"PropertyValueSpecification","valueRequired":true,"valueName":"search_term_string"}}],"inLanguage":"pt-BR"},{"@type":"Person","@id":"https:\/\/verdadeon.com.br\/portal\/#\/schema\/person\/a5060ad1e9ea3df545188fc93ce43d2f","name":"Redacao VerdadeOn","image":{"@type":"ImageObject","inLanguage":"pt-BR","@id":"https:\/\/verdadeon.com.br\/portal\/#\/schema\/person\/image\/","url":"https:\/\/secure.gravatar.com\/avatar\/459a9613caaaf07f582c3d0841eea68bdd66f533e465e6ba8b9cb45619572cf4?s=96&d=mm&r=g","contentUrl":"https:\/\/secure.gravatar.com\/avatar\/459a9613caaaf07f582c3d0841eea68bdd66f533e465e6ba8b9cb45619572cf4?s=96&d=mm&r=g","caption":"Redacao VerdadeOn"},"url":"https:\/\/verdadeon.com.br\/portal\/author\/redacao\/"}]}},"jetpack_publicize_connections":[],"jetpack_featured_media_url":"https:\/\/i0.wp.com\/verdadeon.com.br\/portal\/wp-content\/uploads\/2023\/08\/2023-08-15t094138z_690027297_up1ej8f0qxc78_rtrmadp_3_soccer-worldcup-esp-swe-report.jpg?fit=1044%2C700&ssl=1","jetpack_sharing_enabled":true,"_links":{"self":[{"href":"https:\/\/verdadeon.com.br\/portal\/wp-json\/wp\/v2\/posts\/36805","targetHints":{"allow":["GET"]}}],"collection":[{"href":"https:\/\/verdadeon.com.br\/portal\/wp-json\/wp\/v2\/posts"}],"about":[{"href":"https:\/\/verdadeon.com.br\/portal\/wp-json\/wp\/v2\/types\/post"}],"author":[{"embeddable":true,"href":"https:\/\/verdadeon.com.br\/portal\/wp-json\/wp\/v2\/users\/10"}],"replies":[{"embeddable":true,"href":"https:\/\/verdadeon.com.br\/portal\/wp-json\/wp\/v2\/comments?post=36805"}],"version-history":[{"count":1,"href":"https:\/\/verdadeon.com.br\/portal\/wp-json\/wp\/v2\/posts\/36805\/revisions"}],"predecessor-version":[{"id":36807,"href":"https:\/\/verdadeon.com.br\/portal\/wp-json\/wp\/v2\/posts\/36805\/revisions\/36807"}],"wp:featuredmedia":[{"embeddable":true,"href":"https:\/\/verdadeon.com.br\/portal\/wp-json\/wp\/v2\/media\/36806"}],"wp:attachment":[{"href":"https:\/\/verdadeon.com.br\/portal\/wp-json\/wp\/v2\/media?parent=36805"}],"wp:term":[{"taxonomy":"category","embeddable":true,"href":"https:\/\/verdadeon.com.br\/portal\/wp-json\/wp\/v2\/categories?post=36805"},{"taxonomy":"post_tag","embeddable":true,"href":"https:\/\/verdadeon.com.br\/portal\/wp-json\/wp\/v2\/tags?post=36805"}],"curies":[{"name":"wp","href":"https:\/\/api.w.org\/{rel}","templated":true}]}}