{"id":36800,"date":"2023-08-15T11:39:16","date_gmt":"2023-08-15T14:39:16","guid":{"rendered":"https:\/\/verdadeon.com.br\/portal\/?p=36800"},"modified":"2023-08-15T11:39:16","modified_gmt":"2023-08-15T14:39:16","slug":"presidente-da-academia-francana-de-letras-recebe-titulo-de-cidadao-francano-nesta-sexta","status":"publish","type":"post","link":"https:\/\/verdadeon.com.br\/portal\/2023\/08\/15\/presidente-da-academia-francana-de-letras-recebe-titulo-de-cidadao-francano-nesta-sexta\/","title":{"rendered":"Presidente da Academia Francana de Letras recebe t\u00edtulo de Cidad\u00e3o Francano nesta sexta"},"content":{"rendered":"<h2>De acordo com a C\u00e2mara, t\u00edtulo foi concedido \u201cem reconhecimento aos relevantes servi\u00e7os prestados \u00e0 comunidade francana\u201d<\/h2>\n<p>O presidente da Academia Francana de Letras (AFL), o escritor e promotor de Justi\u00e7a aposentado, Jos\u00e9 Louren\u00e7o Alves, ser\u00e1 agraciado com o t\u00edtulo de Cidad\u00e3o Francano nesta sexta-feira, 18, no Plen\u00e1rio da C\u00e2mara Municipal de Franca. A cerim\u00f4nia \u00e9 aberta a toda a comunidade francana.<\/p>\n<p>A honraria foi destinada a Louren\u00e7o, como \u00e9 conhecido, por meio de um Projeto de Decreto Legislativo de autoria do vereador Gilson Pelizaro (PT). A propositura foi votada pelos parlamentares da C\u00e2mara em abril deste ano e aprovada por unanimidade. De acordo com o texto legal, o t\u00edtulo foi concedido a Alves \u201cem reconhecimento aos relevantes servi\u00e7os prestados \u00e0 comunidade francana\u201d.<\/p>\n<p>Na pr\u00f3xima sexta, o processo ser\u00e1 conclu\u00eddo com a entrega de uma placa met\u00e1lica a Louren\u00e7o, simbolizando o seu t\u00edtulo de Cidad\u00e3o Francano. O presidente da AFL nasceu em Botucatu (SP) em 15 de junho de 1964 e vive em Franca desde junho de 2003. \u201cAprendi a amar Franca. Esse t\u00edtulo, para mim, tem dois significados. O primeiro \u00e9 de uma alegria muito grande. Recebo como um reconhecimento, um pr\u00eamio, uma d\u00e1diva. Mas tamb\u00e9m tem um outro lado, que \u00e9 o da responsabilidade. A partir de ent\u00e3o [o recebimento do t\u00edtulo], vou tentar fazer o melhor por essa cidade\u201d, comentou Louren\u00e7o.<\/p>\n<p><strong>Sobre Jos\u00e9 Louren\u00e7o Alves<\/strong><\/p>\n<p>Ocupa a cadeira n\u00ba 05 da Academia Francana de Letras, cujo patrono \u00e9 Antonio Constantino.<\/p>\n<p>Nascido em Botucatu (SP). Bacharel em Ci\u00eancias Jur\u00eddicas e Sociais pela Universidade de Ribeir\u00e3o Preto (UNAERP), Mestre em Desenvolvimento Regional pela Uni-FACEF Franca, Doutor em Promo\u00e7\u00e3o de Sa\u00fade pela Universidade de Franca (UNIFRAN). Promotor de Justi\u00e7a (aposentado).<\/p>\n<p>Escreveu Compromisso e Realidade, 2007 (prosa autobiogr\u00e1fica); Nas Entrelinhas, 2011 (fic\u00e7\u00e3o realista); Liberdade \u2013 uma est\u00f3ria, 2013; Cinquenta e seis, 2020 (antologia em formato digital); Retrato Musical, 2020 (em versos), iSOLados reunidos, 2022; e Liberdade de Express\u00e3o, 2023. Participou da antologia Tanto mar entre n\u00f3s: di\u00e1sporas, 2021. Coordenou e participou da colet\u00e2nea Prosaversando \u2013 25 anos da AFL, em 2021. Coorganizou a colet\u00e2nea Contando quanto uma \u00e1rvore conta, em 2022.<\/p>\n","protected":false},"excerpt":{"rendered":"<p>De acordo com a C\u00e2mara, t\u00edtulo foi concedido \u201cem reconhecimento aos relevantes servi\u00e7os prestados \u00e0 comunidade francana\u201d O presidente da Academia Francana de Letras (AFL), o<span class=\"excerpt-hellip\"> [\u2026]<\/span><\/p>\n","protected":false},"author":10,"featured_media":36801,"comment_status":"open","ping_status":"open","sticky":false,"template":"","format":"standard","meta":{"_jetpack_memberships_contains_paid_content":false,"footnotes":"","jetpack_publicize_message":"","jetpack_publicize_feature_enabled":true,"jetpack_social_post_already_shared":false,"jetpack_social_options":{"image_generator_settings":{"template":"highway","default_image_id":0,"enabled":false},"version":2}},"categories":[28,81],"tags":[],"class_list":["post-36800","post","type-post","status-publish","format-standard","has-post-thumbnail","hentry","category-cotidiano","category-manchete"],"yoast_head":"<!-- This site is optimized with the Yoast SEO plugin v25.6 - https:\/\/yoast.com\/wordpress\/plugins\/seo\/ -->\n<title>Presidente da Academia Francana de Letras recebe t\u00edtulo de Cidad\u00e3o Francano nesta sexta - VerdadeOn<\/title>\n<meta name=\"robots\" content=\"index, follow, max-snippet:-1, max-image-preview:large, max-video-preview:-1\" \/>\n<link rel=\"canonical\" href=\"https:\/\/verdadeon.com.br\/portal\/2023\/08\/15\/presidente-da-academia-francana-de-letras-recebe-titulo-de-cidadao-francano-nesta-sexta\/\" \/>\n<meta property=\"og:locale\" content=\"pt_BR\" \/>\n<meta property=\"og:type\" content=\"article\" \/>\n<meta property=\"og:title\" content=\"Presidente da Academia Francana de Letras recebe t\u00edtulo de Cidad\u00e3o Francano nesta sexta - VerdadeOn\" \/>\n<meta property=\"og:description\" content=\"De acordo com a C\u00e2mara, t\u00edtulo foi concedido \u201cem reconhecimento aos relevantes servi\u00e7os prestados \u00e0 comunidade francana\u201d O presidente da Academia Francana de Letras (AFL), o [\u2026]\" \/>\n<meta property=\"og:url\" content=\"https:\/\/verdadeon.com.br\/portal\/2023\/08\/15\/presidente-da-academia-francana-de-letras-recebe-titulo-de-cidadao-francano-nesta-sexta\/\" \/>\n<meta property=\"og:site_name\" content=\"VerdadeOn\" \/>\n<meta property=\"article:published_time\" content=\"2023-08-15T14:39:16+00:00\" \/>\n<meta property=\"og:image\" content=\"https:\/\/verdadeon.com.br\/portal\/wp-content\/uploads\/2023\/08\/AnyConv.com__WhatsApp-Image-2023-08-14-at-20.08.03.jpg\" \/>\n\t<meta property=\"og:image:width\" content=\"1600\" \/>\n\t<meta property=\"og:image:height\" content=\"1072\" \/>\n\t<meta property=\"og:image:type\" content=\"image\/jpeg\" \/>\n<meta name=\"author\" content=\"Redacao VerdadeOn\" \/>\n<meta name=\"twitter:card\" content=\"summary_large_image\" \/>\n<meta name=\"twitter:label1\" content=\"Escrito por\" \/>\n\t<meta name=\"twitter:data1\" content=\"Redacao VerdadeOn\" \/>\n\t<meta name=\"twitter:label2\" content=\"Est. tempo de leitura\" \/>\n\t<meta name=\"twitter:data2\" content=\"2 minutos\" \/>\n<script type=\"application\/ld+json\" class=\"yoast-schema-graph\">{\"@context\":\"https:\/\/schema.org\",\"@graph\":[{\"@type\":\"WebPage\",\"@id\":\"https:\/\/verdadeon.com.br\/portal\/2023\/08\/15\/presidente-da-academia-francana-de-letras-recebe-titulo-de-cidadao-francano-nesta-sexta\/\",\"url\":\"https:\/\/verdadeon.com.br\/portal\/2023\/08\/15\/presidente-da-academia-francana-de-letras-recebe-titulo-de-cidadao-francano-nesta-sexta\/\",\"name\":\"Presidente da Academia Francana de Letras recebe t\u00edtulo de Cidad\u00e3o Francano nesta sexta - VerdadeOn\",\"isPartOf\":{\"@id\":\"https:\/\/verdadeon.com.br\/portal\/#website\"},\"primaryImageOfPage\":{\"@id\":\"https:\/\/verdadeon.com.br\/portal\/2023\/08\/15\/presidente-da-academia-francana-de-letras-recebe-titulo-de-cidadao-francano-nesta-sexta\/#primaryimage\"},\"image\":{\"@id\":\"https:\/\/verdadeon.com.br\/portal\/2023\/08\/15\/presidente-da-academia-francana-de-letras-recebe-titulo-de-cidadao-francano-nesta-sexta\/#primaryimage\"},\"thumbnailUrl\":\"https:\/\/i0.wp.com\/verdadeon.com.br\/portal\/wp-content\/uploads\/2023\/08\/AnyConv.com__WhatsApp-Image-2023-08-14-at-20.08.03.jpg?fit=1600%2C1072&ssl=1\",\"datePublished\":\"2023-08-15T14:39:16+00:00\",\"author\":{\"@id\":\"https:\/\/verdadeon.com.br\/portal\/#\/schema\/person\/a5060ad1e9ea3df545188fc93ce43d2f\"},\"breadcrumb\":{\"@id\":\"https:\/\/verdadeon.com.br\/portal\/2023\/08\/15\/presidente-da-academia-francana-de-letras-recebe-titulo-de-cidadao-francano-nesta-sexta\/#breadcrumb\"},\"inLanguage\":\"pt-BR\",\"potentialAction\":[{\"@type\":\"ReadAction\",\"target\":[\"https:\/\/verdadeon.com.br\/portal\/2023\/08\/15\/presidente-da-academia-francana-de-letras-recebe-titulo-de-cidadao-francano-nesta-sexta\/\"]}]},{\"@type\":\"ImageObject\",\"inLanguage\":\"pt-BR\",\"@id\":\"https:\/\/verdadeon.com.br\/portal\/2023\/08\/15\/presidente-da-academia-francana-de-letras-recebe-titulo-de-cidadao-francano-nesta-sexta\/#primaryimage\",\"url\":\"https:\/\/i0.wp.com\/verdadeon.com.br\/portal\/wp-content\/uploads\/2023\/08\/AnyConv.com__WhatsApp-Image-2023-08-14-at-20.08.03.jpg?fit=1600%2C1072&ssl=1\",\"contentUrl\":\"https:\/\/i0.wp.com\/verdadeon.com.br\/portal\/wp-content\/uploads\/2023\/08\/AnyConv.com__WhatsApp-Image-2023-08-14-at-20.08.03.jpg?fit=1600%2C1072&ssl=1\",\"width\":1600,\"height\":1072,\"caption\":\"Jos\u00e9 Louren\u00e7o Alves posa na sede da Academia Francana de Letras, na Casa da Cultura (\u00a9Divulga\u00e7\u00e3o)\"},{\"@type\":\"BreadcrumbList\",\"@id\":\"https:\/\/verdadeon.com.br\/portal\/2023\/08\/15\/presidente-da-academia-francana-de-letras-recebe-titulo-de-cidadao-francano-nesta-sexta\/#breadcrumb\",\"itemListElement\":[{\"@type\":\"ListItem\",\"position\":1,\"name\":\"In\u00edcio\",\"item\":\"https:\/\/verdadeon.com.br\/portal\/\"},{\"@type\":\"ListItem\",\"position\":2,\"name\":\"Presidente da Academia Francana de Letras recebe t\u00edtulo de Cidad\u00e3o Francano nesta sexta\"}]},{\"@type\":\"WebSite\",\"@id\":\"https:\/\/verdadeon.com.br\/portal\/#website\",\"url\":\"https:\/\/verdadeon.com.br\/portal\/\",\"name\":\"VerdadeOn\",\"description\":\"Not\u00edcias di\u00e1rias sobre Franca, Regi\u00e3o, Esporte, Cultura, Cotidiano, Colunas. Cobertura nos principais eventos da cidade \u00e9 aqui - Verdadeon Franca\",\"potentialAction\":[{\"@type\":\"SearchAction\",\"target\":{\"@type\":\"EntryPoint\",\"urlTemplate\":\"https:\/\/verdadeon.com.br\/portal\/?s={search_term_string}\"},\"query-input\":{\"@type\":\"PropertyValueSpecification\",\"valueRequired\":true,\"valueName\":\"search_term_string\"}}],\"inLanguage\":\"pt-BR\"},{\"@type\":\"Person\",\"@id\":\"https:\/\/verdadeon.com.br\/portal\/#\/schema\/person\/a5060ad1e9ea3df545188fc93ce43d2f\",\"name\":\"Redacao VerdadeOn\",\"image\":{\"@type\":\"ImageObject\",\"inLanguage\":\"pt-BR\",\"@id\":\"https:\/\/verdadeon.com.br\/portal\/#\/schema\/person\/image\/\",\"url\":\"https:\/\/secure.gravatar.com\/avatar\/459a9613caaaf07f582c3d0841eea68bdd66f533e465e6ba8b9cb45619572cf4?s=96&d=mm&r=g\",\"contentUrl\":\"https:\/\/secure.gravatar.com\/avatar\/459a9613caaaf07f582c3d0841eea68bdd66f533e465e6ba8b9cb45619572cf4?s=96&d=mm&r=g\",\"caption\":\"Redacao VerdadeOn\"},\"url\":\"https:\/\/verdadeon.com.br\/portal\/author\/redacao\/\"}]}<\/script>\n<!-- \/ Yoast SEO plugin. -->","yoast_head_json":{"title":"Presidente da Academia Francana de Letras recebe t\u00edtulo de Cidad\u00e3o Francano nesta sexta - VerdadeOn","robots":{"index":"index","follow":"follow","max-snippet":"max-snippet:-1","max-image-preview":"max-image-preview:large","max-video-preview":"max-video-preview:-1"},"canonical":"https:\/\/verdadeon.com.br\/portal\/2023\/08\/15\/presidente-da-academia-francana-de-letras-recebe-titulo-de-cidadao-francano-nesta-sexta\/","og_locale":"pt_BR","og_type":"article","og_title":"Presidente da Academia Francana de Letras recebe t\u00edtulo de Cidad\u00e3o Francano nesta sexta - VerdadeOn","og_description":"De acordo com a C\u00e2mara, t\u00edtulo foi concedido \u201cem reconhecimento aos relevantes servi\u00e7os prestados \u00e0 comunidade francana\u201d O presidente da Academia Francana de Letras (AFL), o [\u2026]","og_url":"https:\/\/verdadeon.com.br\/portal\/2023\/08\/15\/presidente-da-academia-francana-de-letras-recebe-titulo-de-cidadao-francano-nesta-sexta\/","og_site_name":"VerdadeOn","article_published_time":"2023-08-15T14:39:16+00:00","og_image":[{"width":1600,"height":1072,"url":"https:\/\/verdadeon.com.br\/portal\/wp-content\/uploads\/2023\/08\/AnyConv.com__WhatsApp-Image-2023-08-14-at-20.08.03.jpg","type":"image\/jpeg"}],"author":"Redacao VerdadeOn","twitter_card":"summary_large_image","twitter_misc":{"Escrito por":"Redacao VerdadeOn","Est. tempo de leitura":"2 minutos"},"schema":{"@context":"https:\/\/schema.org","@graph":[{"@type":"WebPage","@id":"https:\/\/verdadeon.com.br\/portal\/2023\/08\/15\/presidente-da-academia-francana-de-letras-recebe-titulo-de-cidadao-francano-nesta-sexta\/","url":"https:\/\/verdadeon.com.br\/portal\/2023\/08\/15\/presidente-da-academia-francana-de-letras-recebe-titulo-de-cidadao-francano-nesta-sexta\/","name":"Presidente da Academia Francana de Letras recebe t\u00edtulo de Cidad\u00e3o Francano nesta sexta - VerdadeOn","isPartOf":{"@id":"https:\/\/verdadeon.com.br\/portal\/#website"},"primaryImageOfPage":{"@id":"https:\/\/verdadeon.com.br\/portal\/2023\/08\/15\/presidente-da-academia-francana-de-letras-recebe-titulo-de-cidadao-francano-nesta-sexta\/#primaryimage"},"image":{"@id":"https:\/\/verdadeon.com.br\/portal\/2023\/08\/15\/presidente-da-academia-francana-de-letras-recebe-titulo-de-cidadao-francano-nesta-sexta\/#primaryimage"},"thumbnailUrl":"https:\/\/i0.wp.com\/verdadeon.com.br\/portal\/wp-content\/uploads\/2023\/08\/AnyConv.com__WhatsApp-Image-2023-08-14-at-20.08.03.jpg?fit=1600%2C1072&ssl=1","datePublished":"2023-08-15T14:39:16+00:00","author":{"@id":"https:\/\/verdadeon.com.br\/portal\/#\/schema\/person\/a5060ad1e9ea3df545188fc93ce43d2f"},"breadcrumb":{"@id":"https:\/\/verdadeon.com.br\/portal\/2023\/08\/15\/presidente-da-academia-francana-de-letras-recebe-titulo-de-cidadao-francano-nesta-sexta\/#breadcrumb"},"inLanguage":"pt-BR","potentialAction":[{"@type":"ReadAction","target":["https:\/\/verdadeon.com.br\/portal\/2023\/08\/15\/presidente-da-academia-francana-de-letras-recebe-titulo-de-cidadao-francano-nesta-sexta\/"]}]},{"@type":"ImageObject","inLanguage":"pt-BR","@id":"https:\/\/verdadeon.com.br\/portal\/2023\/08\/15\/presidente-da-academia-francana-de-letras-recebe-titulo-de-cidadao-francano-nesta-sexta\/#primaryimage","url":"https:\/\/i0.wp.com\/verdadeon.com.br\/portal\/wp-content\/uploads\/2023\/08\/AnyConv.com__WhatsApp-Image-2023-08-14-at-20.08.03.jpg?fit=1600%2C1072&ssl=1","contentUrl":"https:\/\/i0.wp.com\/verdadeon.com.br\/portal\/wp-content\/uploads\/2023\/08\/AnyConv.com__WhatsApp-Image-2023-08-14-at-20.08.03.jpg?fit=1600%2C1072&ssl=1","width":1600,"height":1072,"caption":"Jos\u00e9 Louren\u00e7o Alves posa na sede da Academia Francana de Letras, na Casa da Cultura (\u00a9Divulga\u00e7\u00e3o)"},{"@type":"BreadcrumbList","@id":"https:\/\/verdadeon.com.br\/portal\/2023\/08\/15\/presidente-da-academia-francana-de-letras-recebe-titulo-de-cidadao-francano-nesta-sexta\/#breadcrumb","itemListElement":[{"@type":"ListItem","position":1,"name":"In\u00edcio","item":"https:\/\/verdadeon.com.br\/portal\/"},{"@type":"ListItem","position":2,"name":"Presidente da Academia Francana de Letras recebe t\u00edtulo de Cidad\u00e3o Francano nesta sexta"}]},{"@type":"WebSite","@id":"https:\/\/verdadeon.com.br\/portal\/#website","url":"https:\/\/verdadeon.com.br\/portal\/","name":"VerdadeOn","description":"Not\u00edcias di\u00e1rias sobre Franca, Regi\u00e3o, Esporte, Cultura, Cotidiano, Colunas. Cobertura nos principais eventos da cidade \u00e9 aqui - Verdadeon Franca","potentialAction":[{"@type":"SearchAction","target":{"@type":"EntryPoint","urlTemplate":"https:\/\/verdadeon.com.br\/portal\/?s={search_term_string}"},"query-input":{"@type":"PropertyValueSpecification","valueRequired":true,"valueName":"search_term_string"}}],"inLanguage":"pt-BR"},{"@type":"Person","@id":"https:\/\/verdadeon.com.br\/portal\/#\/schema\/person\/a5060ad1e9ea3df545188fc93ce43d2f","name":"Redacao VerdadeOn","image":{"@type":"ImageObject","inLanguage":"pt-BR","@id":"https:\/\/verdadeon.com.br\/portal\/#\/schema\/person\/image\/","url":"https:\/\/secure.gravatar.com\/avatar\/459a9613caaaf07f582c3d0841eea68bdd66f533e465e6ba8b9cb45619572cf4?s=96&d=mm&r=g","contentUrl":"https:\/\/secure.gravatar.com\/avatar\/459a9613caaaf07f582c3d0841eea68bdd66f533e465e6ba8b9cb45619572cf4?s=96&d=mm&r=g","caption":"Redacao VerdadeOn"},"url":"https:\/\/verdadeon.com.br\/portal\/author\/redacao\/"}]}},"jetpack_publicize_connections":[],"jetpack_featured_media_url":"https:\/\/i0.wp.com\/verdadeon.com.br\/portal\/wp-content\/uploads\/2023\/08\/AnyConv.com__WhatsApp-Image-2023-08-14-at-20.08.03.jpg?fit=1600%2C1072&ssl=1","jetpack_sharing_enabled":true,"_links":{"self":[{"href":"https:\/\/verdadeon.com.br\/portal\/wp-json\/wp\/v2\/posts\/36800","targetHints":{"allow":["GET"]}}],"collection":[{"href":"https:\/\/verdadeon.com.br\/portal\/wp-json\/wp\/v2\/posts"}],"about":[{"href":"https:\/\/verdadeon.com.br\/portal\/wp-json\/wp\/v2\/types\/post"}],"author":[{"embeddable":true,"href":"https:\/\/verdadeon.com.br\/portal\/wp-json\/wp\/v2\/users\/10"}],"replies":[{"embeddable":true,"href":"https:\/\/verdadeon.com.br\/portal\/wp-json\/wp\/v2\/comments?post=36800"}],"version-history":[{"count":1,"href":"https:\/\/verdadeon.com.br\/portal\/wp-json\/wp\/v2\/posts\/36800\/revisions"}],"predecessor-version":[{"id":36802,"href":"https:\/\/verdadeon.com.br\/portal\/wp-json\/wp\/v2\/posts\/36800\/revisions\/36802"}],"wp:featuredmedia":[{"embeddable":true,"href":"https:\/\/verdadeon.com.br\/portal\/wp-json\/wp\/v2\/media\/36801"}],"wp:attachment":[{"href":"https:\/\/verdadeon.com.br\/portal\/wp-json\/wp\/v2\/media?parent=36800"}],"wp:term":[{"taxonomy":"category","embeddable":true,"href":"https:\/\/verdadeon.com.br\/portal\/wp-json\/wp\/v2\/categories?post=36800"},{"taxonomy":"post_tag","embeddable":true,"href":"https:\/\/verdadeon.com.br\/portal\/wp-json\/wp\/v2\/tags?post=36800"}],"curies":[{"name":"wp","href":"https:\/\/api.w.org\/{rel}","templated":true}]}}