{"id":36631,"date":"2023-08-09T16:50:57","date_gmt":"2023-08-09T19:50:57","guid":{"rendered":"https:\/\/verdadeon.com.br\/portal\/?p=36631"},"modified":"2023-08-09T16:50:57","modified_gmt":"2023-08-09T19:50:57","slug":"camara-aprova-creditos-de-r-94-milhoes-para-compra-de-fraldas-medicamentos-transito-e-outras-secretarias","status":"publish","type":"post","link":"https:\/\/verdadeon.com.br\/portal\/2023\/08\/09\/camara-aprova-creditos-de-r-94-milhoes-para-compra-de-fraldas-medicamentos-transito-e-outras-secretarias\/","title":{"rendered":"C\u00e2mara aprova cr\u00e9ditos de R$ 9,4 milh\u00f5es para compra de fraldas, medicamentos, tr\u00e2nsito e outras secretarias"},"content":{"rendered":"<h2>Conhe\u00e7a alguns projetos debatidos e aprovados na 27\u00aa Sess\u00e3o Ordin\u00e1ria da C\u00e2mara Municipal<\/h2>\n<p>Os vereadores se reuniram nesta ter\u00e7a-feira, 8 de agosto, para discuss\u00e3o e vota\u00e7\u00f5es de projetos na 27\u00aa Sess\u00e3o Ordin\u00e1ria.<\/p>\n<p>No per\u00edodo da manh\u00e3 aconteceu o Expediente com as leituras dos documentos e of\u00edcios, al\u00e9m de uso da Tribuna tanto pelos mun\u00edcipes inscritos previamente e os pr\u00f3prios parlamentares, a partir das 9h. \u00c0 tarde, a partir das 14h, foram debatidos e votados os temas que passaram por an\u00e1lise das comiss\u00f5es da Casa de Leis.<\/p>\n<p><strong>Cr\u00e9ditos adicionais<\/strong><\/p>\n<p>Foi aprovado o Projeto de Lei Ordin\u00e1ria n\u00ba 92\/2023 de autoria do prefeito Alexandre Ferreira (MDB) que autoriza a abertura de cr\u00e9ditos adicionais, no valor total de at\u00e9 R$ 9.460.659,96, e d\u00e1 outras disposi\u00e7\u00f5es.<\/p>\n<p>Trata-se de altera\u00e7\u00f5es no Or\u00e7amento que permitir\u00e3o, \u00e0 Prefeitura, realizar as seguintes despesas, em conformidade com os artigos do projeto:<\/p>\n<p>Secretaria de Sa\u00fade: complementa\u00e7\u00e3o de recursos para aquisi\u00e7\u00e3o de medicamentos e fraldas, no valor estimado de R$ 5 milh\u00f5es;<\/p>\n<p>Secretaria de A\u00e7\u00e3o Social: complementa\u00e7\u00e3o de recursos no valor total de at\u00e9 R$ 968.000,00, para pagamento do benef\u00edcio tempor\u00e1rio de transfer\u00eancia de renda \u00e0s fam\u00edlias de origem e Concess\u00e3o de Benef\u00edcios Eventuais;<\/p>\n<p>Secretaria de A\u00e7\u00e3o Social: recursos de origem de transfer\u00eancias da Uni\u00e3o (IGD Bolsa Fam\u00edlia), destinados \u00e0 aquisi\u00e7\u00e3o de equipamentos para implanta\u00e7\u00e3o de 2 CRAS novos, sendo um na regi\u00e3o nordeste e outro na regi\u00e3o sudeste;<\/p>\n<p>Secretaria de A\u00e7\u00e3o Social: recurso de origem de transfer\u00eancia da Uni\u00e3o, que ser\u00e1 destinado \u00e0 entidade sem fins lucrativos Casa de Apoio Dom Pedro Luiz, referente a Emenda Parlamentar Federal para custeio, cujo recurso est\u00e1 dispon\u00edvel em conta banc\u00e1ria;<\/p>\n<p>Secretaria de Educa\u00e7\u00e3o &#8211; Atividades de Apoio \u00e0 Educa\u00e7\u00e3o: complementa\u00e7\u00e3o de recursos, no valor de R$ 85.000,00, destinados \u00e0s despesas de consumo de \u00e1gua e equipamentos;<\/p>\n<p>Secretaria de Educa\u00e7\u00e3o &#8211; Departamento de Esporte, Arte, Cultura e Lazer: cr\u00e9dito para realiza\u00e7\u00e3o da obra de constru\u00e7\u00e3o de po\u00e7o artesiano no Poliesportivo;<\/p>\n<p>Secretaria de Seguran\u00e7a: recursos da receita de aliena\u00e7\u00e3o de ve\u00edculos do P\u00e1tio, destinados \u00e0 presta\u00e7\u00e3o de servi\u00e7os, inclusive a contrata\u00e7\u00e3o de empresa especializada para presta\u00e7\u00e3o de servi\u00e7os de vigil\u00e2ncia\/seguran\u00e7a patrimonial desarmada para o p\u00e1tio modelo de ve\u00edculo e recursos complementares para a aquisi\u00e7\u00e3o de material de consumo;<\/p>\n<p>Secretaria de Seguran\u00e7a &#8211; Bombeiros: recursos complementares, no valor de R$ 150.000,00, destinados \u00e0 aquisi\u00e7\u00e3o de alimenta\u00e7\u00e3o em conformidade com o conv\u00eanio celebrado com o Governo do Estado para a manuten\u00e7\u00e3o do Corpo de Bombeiros no munic\u00edpio de Franca;<\/p>\n<p>Secretaria de Seguran\u00e7a &#8211; Tr\u00e2nsito: remanejamento de recursos de material permanente (equipamentos) para material de consumo, para manuten\u00e7\u00e3o dos servi\u00e7os de tr\u00e2nsito (tinta para pintura das vias p\u00fablicas, pe\u00e7as para manuten\u00e7\u00e3o dos ve\u00edculos do tr\u00e2nsito, pedras, grades para boca de lobo, placas de sinaliza\u00e7\u00e3o, suporte de placas, material semaf\u00f3rico, microesfera de vidro, postes e bombonas, entre outros materiais);<\/p>\n<p>Secretaria de Administra\u00e7\u00e3o: remanejamento de recursos de investimentos para material de consumo, para a manuten\u00e7\u00e3o das atividades de administra\u00e7\u00e3o e recursos humanos at\u00e9 o final do exerc\u00edcio. S\u00e3o despesas de higiene, limpeza, materiais para manuten\u00e7\u00e3o predial (el\u00e9trica, hidr\u00e1ulica), pe\u00e7as para manuten\u00e7\u00e3o dos ve\u00edculos da frota, material de expediente, entre outros destinados \u00e0 manuten\u00e7\u00e3o do Pa\u00e7o municipal.<\/p>\n<p><strong>C\u00e2mara aprova homenagem \u00e0 Jos\u00e9 de Carvalho com nome de rua no Parque dos Coqueiros<\/strong><\/p>\n<p>Os vereadores ainda aprovaram durante a 27\u00aa Sess\u00e3o Ordin\u00e1ria o Projeto de Lei Ordin\u00e1ria 60\/2023 de autoria do vereador Gilson Pelizaro (PT) que denomina a Rua 3 do Parque dos Coqueiros com o nome de Jos\u00e9 de Carvalho, e d\u00e1 outras provid\u00eancias.<\/p>\n<p><strong>Vereadores aprovam requerimentos<\/strong><\/p>\n<p>Os vereadores ainda debateram e aprovaram o Requerimento 445\/2023 de autoria do vereador Marcelo Tidy (Uni\u00e3o) solicitando a Prefeitura para que promova estudos e provid\u00eancias para a instala\u00e7\u00e3o de ecopontos nas \u00e1reas rurais de Franca. Tidy comentou: &#8220;Tenho andado pelas vicinais e com todo respeito tem parte da popula\u00e7\u00e3o que n\u00e3o tem educa\u00e7\u00e3o. Durante uma Audi\u00eancia P\u00fablica conversamos que precisa ser pensado em locais para que a popula\u00e7\u00e3o fa\u00e7a esse descarte&#8221;.<\/p>\n<p>O vereador Gilson Pelizaro (PT) disse: &#8220;Realmente precisa ser tomada alguma medida, aquela regi\u00e3o do Bom Jardim \u00e9 horr\u00edvel para o Poder P\u00fablico uma situa\u00e7\u00e3o daquela! O Minist\u00e9rio P\u00fablico exigiu que fossem retiradas as ca\u00e7ambas, mas e a\u00ed? Atende o\u00a0 Minist\u00e9rio P\u00fablico e n\u00e3o tem como atender o que a popula\u00e7\u00e3o quer. Ent\u00e3o, tratando de \u00e1reas rurais acredito que n\u00e3o vai ter problemas em colocar ecoponto ou lugar adequado para receber esses res\u00edduos&#8221;.<\/p>\n<p>Tamb\u00e9m aprovado o Requerimento 446\/2023 de autoria dos vereadores Gilson Pelizaro (PT) e Marcelo Tidy (Uni\u00e3o) solicitando a Administra\u00e7\u00e3o P\u00fablica para reconsiderar a contagem de tempo que foi sobrestada durante a pandemia do Covid-19 para fins de quinqu\u00eanio, plano de carreira e demais benef\u00edcios trabalhistas de todos os servidores municipais de Franca.<\/p>\n<p>De autoria do vereador Zezinho Cabeleireiro (PP) foram aprovados o Requerimento 457\/2023 cobrando provid\u00eancias para agilizar os procedimentos, processos e recursos em andamento na prefeitura em todas as secretarias, pois eles s\u00e3o muito morosos e n\u00e3o oferecem a resposta em tempo h\u00e1bil para os cidad\u00e3os. Zezinho lembrou: &#8220;Quando aprovamos o projeto Prefeitura sem papel era para agilizar e n\u00e3o \u00e9 o que est\u00e1 acontecendo. N\u00e3o est\u00e1 funcionando de jeito nenhum. Est\u00e1 demorando muito. Estamos pedindo que melhore esse setor.&#8221;<\/p>\n<p>A vereadora Lurdinha Granzotte (Uni\u00e3o) parabenizou o autor do requerimento e mencionou: &#8220;Recebi uma resposta do Secret\u00e1rio de Infraestrutura Nicola Rossano dizendo que vai fazer estudos para melhorar e agilizar o atendimento. Hoje, recebi um pedido de um mun\u00edcipe que foi multado e notificado para desocupar uma \u00e1rea ao lado da casa dele, s\u00f3 que ele n\u00e3o consegue entender o que \u00e9. Vai na Prefeitura e n\u00e3o explicam!&#8221; Lurdinha cobrou: &#8220;Neste setor n\u00e3o tem atendimento f\u00edsico do fiscal de obras, somente por telefone. A pessoa n\u00e3o consegue entender o que est\u00e1 escrito na notifica\u00e7\u00e3o, n\u00e3o consegue falar no setor, tem que ligar e s\u00f3 d\u00e1 ocupado e o fiscal n\u00e3o atende balc\u00e3o. N\u00e3o consigo entender essa medida! Servidor p\u00fablico est\u00e1 l\u00e1 para servir o p\u00fablico, online, por telefone e pessoalmente.&#8221;<\/p>\n<p>Foi tamb\u00e9m aprovado o Requerimento 459\/2023 do vereador Zezinho Cabeleireiro (PP) solicitando a Prefeitura para que tome provid\u00eancias imediatas para melhorias na ilumina\u00e7\u00e3o do entorno do Gin\u00e1sio Esportivo Juca Vilhena, localizado na Rua Capit\u00e3o Zeca de Paula.<\/p>\n<p><strong>C\u00e2mara aprova Mo\u00e7\u00e3o de Aplausos \u00e0 Pastoral da Sa\u00fade pelos servi\u00e7os de coleta e doa\u00e7\u00e3o de medicamentos <\/strong><\/p>\n<p>Ainda foi aprovada na 27\u00aa Sess\u00e3o Ordin\u00e1ria a Mo\u00e7\u00e3o de Aplausos 50\/2023 de autoria da vereadora Lindsay Cardoso (Cidadania) \u00e0 Pastoral da Sa\u00fade, por ofertar o servi\u00e7o de coleta e doa\u00e7\u00e3o de medicamentos no munic\u00edpio de Franca.<\/p>\n<p><strong>Homenagem \u00e0 Igreja Alian\u00e7a do Calv\u00e1rio \u00e9 aprovada na C\u00e2mara<\/strong><\/p>\n<p>E por fim foi aprovada na 27\u00aa Sess\u00e3o Ordin\u00e1ria a Mo\u00e7\u00e3o de Aplausos 51\/2023 de autoria do vereador Daniel Bassi (PSDB) pela 4\u00aa edi\u00e7\u00e3o da Confer\u00eancia Old School, realizada pela igreja Alian\u00e7a do Calv\u00e1rio, por conduzir os ensinamentos b\u00edblicos, instruindo e capacitando a presente gera\u00e7\u00e3o para uma vida crist\u00e3 s\u00f3lida<\/p>\n","protected":false},"excerpt":{"rendered":"<p>Conhe\u00e7a alguns projetos debatidos e aprovados na 27\u00aa Sess\u00e3o Ordin\u00e1ria da C\u00e2mara Municipal Os vereadores se reuniram nesta ter\u00e7a-feira, 8 de agosto, para discuss\u00e3o e vota\u00e7\u00f5es<span class=\"excerpt-hellip\"> [\u2026]<\/span><\/p>\n","protected":false},"author":10,"featured_media":35650,"comment_status":"open","ping_status":"open","sticky":false,"template":"","format":"standard","meta":{"_jetpack_memberships_contains_paid_content":false,"footnotes":"","jetpack_publicize_message":"","jetpack_publicize_feature_enabled":true,"jetpack_social_post_already_shared":false,"jetpack_social_options":{"image_generator_settings":{"template":"highway","default_image_id":0,"enabled":false},"version":2}},"categories":[28,81],"tags":[],"class_list":["post-36631","post","type-post","status-publish","format-standard","has-post-thumbnail","hentry","category-cotidiano","category-manchete"],"yoast_head":"<!-- This site is optimized with the Yoast SEO plugin v25.6 - https:\/\/yoast.com\/wordpress\/plugins\/seo\/ -->\n<title>C\u00e2mara aprova cr\u00e9ditos de R$ 9,4 milh\u00f5es para compra de fraldas, medicamentos, tr\u00e2nsito e outras secretarias - VerdadeOn<\/title>\n<meta name=\"robots\" content=\"index, follow, max-snippet:-1, max-image-preview:large, max-video-preview:-1\" \/>\n<link rel=\"canonical\" href=\"https:\/\/verdadeon.com.br\/portal\/2023\/08\/09\/camara-aprova-creditos-de-r-94-milhoes-para-compra-de-fraldas-medicamentos-transito-e-outras-secretarias\/\" \/>\n<meta property=\"og:locale\" content=\"pt_BR\" \/>\n<meta property=\"og:type\" content=\"article\" \/>\n<meta property=\"og:title\" content=\"C\u00e2mara aprova cr\u00e9ditos de R$ 9,4 milh\u00f5es para compra de fraldas, medicamentos, tr\u00e2nsito e outras secretarias - VerdadeOn\" \/>\n<meta property=\"og:description\" content=\"Conhe\u00e7a alguns projetos debatidos e aprovados na 27\u00aa Sess\u00e3o Ordin\u00e1ria da C\u00e2mara Municipal Os vereadores se reuniram nesta ter\u00e7a-feira, 8 de agosto, para discuss\u00e3o e vota\u00e7\u00f5es [\u2026]\" \/>\n<meta property=\"og:url\" content=\"https:\/\/verdadeon.com.br\/portal\/2023\/08\/09\/camara-aprova-creditos-de-r-94-milhoes-para-compra-de-fraldas-medicamentos-transito-e-outras-secretarias\/\" \/>\n<meta property=\"og:site_name\" content=\"VerdadeOn\" \/>\n<meta property=\"article:published_time\" content=\"2023-08-09T19:50:57+00:00\" \/>\n<meta property=\"og:image\" content=\"https:\/\/verdadeon.com.br\/portal\/wp-content\/uploads\/2023\/07\/22sessao-3.jpg\" \/>\n\t<meta property=\"og:image:width\" content=\"1000\" \/>\n\t<meta property=\"og:image:height\" content=\"670\" \/>\n\t<meta property=\"og:image:type\" content=\"image\/jpeg\" \/>\n<meta name=\"author\" content=\"Redacao VerdadeOn\" \/>\n<meta name=\"twitter:card\" content=\"summary_large_image\" \/>\n<meta name=\"twitter:label1\" content=\"Escrito por\" \/>\n\t<meta name=\"twitter:data1\" content=\"Redacao VerdadeOn\" \/>\n\t<meta name=\"twitter:label2\" content=\"Est. tempo de leitura\" \/>\n\t<meta name=\"twitter:data2\" content=\"7 minutos\" \/>\n<script type=\"application\/ld+json\" class=\"yoast-schema-graph\">{\"@context\":\"https:\/\/schema.org\",\"@graph\":[{\"@type\":\"WebPage\",\"@id\":\"https:\/\/verdadeon.com.br\/portal\/2023\/08\/09\/camara-aprova-creditos-de-r-94-milhoes-para-compra-de-fraldas-medicamentos-transito-e-outras-secretarias\/\",\"url\":\"https:\/\/verdadeon.com.br\/portal\/2023\/08\/09\/camara-aprova-creditos-de-r-94-milhoes-para-compra-de-fraldas-medicamentos-transito-e-outras-secretarias\/\",\"name\":\"C\u00e2mara aprova cr\u00e9ditos de R$ 9,4 milh\u00f5es para compra de fraldas, medicamentos, tr\u00e2nsito e outras secretarias - VerdadeOn\",\"isPartOf\":{\"@id\":\"https:\/\/verdadeon.com.br\/portal\/#website\"},\"primaryImageOfPage\":{\"@id\":\"https:\/\/verdadeon.com.br\/portal\/2023\/08\/09\/camara-aprova-creditos-de-r-94-milhoes-para-compra-de-fraldas-medicamentos-transito-e-outras-secretarias\/#primaryimage\"},\"image\":{\"@id\":\"https:\/\/verdadeon.com.br\/portal\/2023\/08\/09\/camara-aprova-creditos-de-r-94-milhoes-para-compra-de-fraldas-medicamentos-transito-e-outras-secretarias\/#primaryimage\"},\"thumbnailUrl\":\"https:\/\/i0.wp.com\/verdadeon.com.br\/portal\/wp-content\/uploads\/2023\/07\/22sessao-3.jpg?fit=1000%2C670&ssl=1\",\"datePublished\":\"2023-08-09T19:50:57+00:00\",\"author\":{\"@id\":\"https:\/\/verdadeon.com.br\/portal\/#\/schema\/person\/a5060ad1e9ea3df545188fc93ce43d2f\"},\"breadcrumb\":{\"@id\":\"https:\/\/verdadeon.com.br\/portal\/2023\/08\/09\/camara-aprova-creditos-de-r-94-milhoes-para-compra-de-fraldas-medicamentos-transito-e-outras-secretarias\/#breadcrumb\"},\"inLanguage\":\"pt-BR\",\"potentialAction\":[{\"@type\":\"ReadAction\",\"target\":[\"https:\/\/verdadeon.com.br\/portal\/2023\/08\/09\/camara-aprova-creditos-de-r-94-milhoes-para-compra-de-fraldas-medicamentos-transito-e-outras-secretarias\/\"]}]},{\"@type\":\"ImageObject\",\"inLanguage\":\"pt-BR\",\"@id\":\"https:\/\/verdadeon.com.br\/portal\/2023\/08\/09\/camara-aprova-creditos-de-r-94-milhoes-para-compra-de-fraldas-medicamentos-transito-e-outras-secretarias\/#primaryimage\",\"url\":\"https:\/\/i0.wp.com\/verdadeon.com.br\/portal\/wp-content\/uploads\/2023\/07\/22sessao-3.jpg?fit=1000%2C670&ssl=1\",\"contentUrl\":\"https:\/\/i0.wp.com\/verdadeon.com.br\/portal\/wp-content\/uploads\/2023\/07\/22sessao-3.jpg?fit=1000%2C670&ssl=1\",\"width\":1000,\"height\":670,\"caption\":\"Conhe\u00e7a alguns dos projetos apreciados na 28\u00aa Sess\u00e3o Ordin\u00e1ria da C\u00e2mara Municipal de Franca (\u00a9Divulga\u00e7\u00e3o)\"},{\"@type\":\"BreadcrumbList\",\"@id\":\"https:\/\/verdadeon.com.br\/portal\/2023\/08\/09\/camara-aprova-creditos-de-r-94-milhoes-para-compra-de-fraldas-medicamentos-transito-e-outras-secretarias\/#breadcrumb\",\"itemListElement\":[{\"@type\":\"ListItem\",\"position\":1,\"name\":\"In\u00edcio\",\"item\":\"https:\/\/verdadeon.com.br\/portal\/\"},{\"@type\":\"ListItem\",\"position\":2,\"name\":\"C\u00e2mara aprova cr\u00e9ditos de R$ 9,4 milh\u00f5es para compra de fraldas, medicamentos, tr\u00e2nsito e outras secretarias\"}]},{\"@type\":\"WebSite\",\"@id\":\"https:\/\/verdadeon.com.br\/portal\/#website\",\"url\":\"https:\/\/verdadeon.com.br\/portal\/\",\"name\":\"VerdadeOn\",\"description\":\"Not\u00edcias di\u00e1rias sobre Franca, Regi\u00e3o, Esporte, Cultura, Cotidiano, Colunas. Cobertura nos principais eventos da cidade \u00e9 aqui - Verdadeon Franca\",\"potentialAction\":[{\"@type\":\"SearchAction\",\"target\":{\"@type\":\"EntryPoint\",\"urlTemplate\":\"https:\/\/verdadeon.com.br\/portal\/?s={search_term_string}\"},\"query-input\":{\"@type\":\"PropertyValueSpecification\",\"valueRequired\":true,\"valueName\":\"search_term_string\"}}],\"inLanguage\":\"pt-BR\"},{\"@type\":\"Person\",\"@id\":\"https:\/\/verdadeon.com.br\/portal\/#\/schema\/person\/a5060ad1e9ea3df545188fc93ce43d2f\",\"name\":\"Redacao VerdadeOn\",\"image\":{\"@type\":\"ImageObject\",\"inLanguage\":\"pt-BR\",\"@id\":\"https:\/\/verdadeon.com.br\/portal\/#\/schema\/person\/image\/\",\"url\":\"https:\/\/secure.gravatar.com\/avatar\/459a9613caaaf07f582c3d0841eea68bdd66f533e465e6ba8b9cb45619572cf4?s=96&d=mm&r=g\",\"contentUrl\":\"https:\/\/secure.gravatar.com\/avatar\/459a9613caaaf07f582c3d0841eea68bdd66f533e465e6ba8b9cb45619572cf4?s=96&d=mm&r=g\",\"caption\":\"Redacao VerdadeOn\"},\"url\":\"https:\/\/verdadeon.com.br\/portal\/author\/redacao\/\"}]}<\/script>\n<!-- \/ Yoast SEO plugin. -->","yoast_head_json":{"title":"C\u00e2mara aprova cr\u00e9ditos de R$ 9,4 milh\u00f5es para compra de fraldas, medicamentos, tr\u00e2nsito e outras secretarias - VerdadeOn","robots":{"index":"index","follow":"follow","max-snippet":"max-snippet:-1","max-image-preview":"max-image-preview:large","max-video-preview":"max-video-preview:-1"},"canonical":"https:\/\/verdadeon.com.br\/portal\/2023\/08\/09\/camara-aprova-creditos-de-r-94-milhoes-para-compra-de-fraldas-medicamentos-transito-e-outras-secretarias\/","og_locale":"pt_BR","og_type":"article","og_title":"C\u00e2mara aprova cr\u00e9ditos de R$ 9,4 milh\u00f5es para compra de fraldas, medicamentos, tr\u00e2nsito e outras secretarias - VerdadeOn","og_description":"Conhe\u00e7a alguns projetos debatidos e aprovados na 27\u00aa Sess\u00e3o Ordin\u00e1ria da C\u00e2mara Municipal Os vereadores se reuniram nesta ter\u00e7a-feira, 8 de agosto, para discuss\u00e3o e vota\u00e7\u00f5es [\u2026]","og_url":"https:\/\/verdadeon.com.br\/portal\/2023\/08\/09\/camara-aprova-creditos-de-r-94-milhoes-para-compra-de-fraldas-medicamentos-transito-e-outras-secretarias\/","og_site_name":"VerdadeOn","article_published_time":"2023-08-09T19:50:57+00:00","og_image":[{"width":1000,"height":670,"url":"https:\/\/verdadeon.com.br\/portal\/wp-content\/uploads\/2023\/07\/22sessao-3.jpg","type":"image\/jpeg"}],"author":"Redacao VerdadeOn","twitter_card":"summary_large_image","twitter_misc":{"Escrito por":"Redacao VerdadeOn","Est. tempo de leitura":"7 minutos"},"schema":{"@context":"https:\/\/schema.org","@graph":[{"@type":"WebPage","@id":"https:\/\/verdadeon.com.br\/portal\/2023\/08\/09\/camara-aprova-creditos-de-r-94-milhoes-para-compra-de-fraldas-medicamentos-transito-e-outras-secretarias\/","url":"https:\/\/verdadeon.com.br\/portal\/2023\/08\/09\/camara-aprova-creditos-de-r-94-milhoes-para-compra-de-fraldas-medicamentos-transito-e-outras-secretarias\/","name":"C\u00e2mara aprova cr\u00e9ditos de R$ 9,4 milh\u00f5es para compra de fraldas, medicamentos, tr\u00e2nsito e outras secretarias - VerdadeOn","isPartOf":{"@id":"https:\/\/verdadeon.com.br\/portal\/#website"},"primaryImageOfPage":{"@id":"https:\/\/verdadeon.com.br\/portal\/2023\/08\/09\/camara-aprova-creditos-de-r-94-milhoes-para-compra-de-fraldas-medicamentos-transito-e-outras-secretarias\/#primaryimage"},"image":{"@id":"https:\/\/verdadeon.com.br\/portal\/2023\/08\/09\/camara-aprova-creditos-de-r-94-milhoes-para-compra-de-fraldas-medicamentos-transito-e-outras-secretarias\/#primaryimage"},"thumbnailUrl":"https:\/\/i0.wp.com\/verdadeon.com.br\/portal\/wp-content\/uploads\/2023\/07\/22sessao-3.jpg?fit=1000%2C670&ssl=1","datePublished":"2023-08-09T19:50:57+00:00","author":{"@id":"https:\/\/verdadeon.com.br\/portal\/#\/schema\/person\/a5060ad1e9ea3df545188fc93ce43d2f"},"breadcrumb":{"@id":"https:\/\/verdadeon.com.br\/portal\/2023\/08\/09\/camara-aprova-creditos-de-r-94-milhoes-para-compra-de-fraldas-medicamentos-transito-e-outras-secretarias\/#breadcrumb"},"inLanguage":"pt-BR","potentialAction":[{"@type":"ReadAction","target":["https:\/\/verdadeon.com.br\/portal\/2023\/08\/09\/camara-aprova-creditos-de-r-94-milhoes-para-compra-de-fraldas-medicamentos-transito-e-outras-secretarias\/"]}]},{"@type":"ImageObject","inLanguage":"pt-BR","@id":"https:\/\/verdadeon.com.br\/portal\/2023\/08\/09\/camara-aprova-creditos-de-r-94-milhoes-para-compra-de-fraldas-medicamentos-transito-e-outras-secretarias\/#primaryimage","url":"https:\/\/i0.wp.com\/verdadeon.com.br\/portal\/wp-content\/uploads\/2023\/07\/22sessao-3.jpg?fit=1000%2C670&ssl=1","contentUrl":"https:\/\/i0.wp.com\/verdadeon.com.br\/portal\/wp-content\/uploads\/2023\/07\/22sessao-3.jpg?fit=1000%2C670&ssl=1","width":1000,"height":670,"caption":"Conhe\u00e7a alguns dos projetos apreciados na 28\u00aa Sess\u00e3o Ordin\u00e1ria da C\u00e2mara Municipal de Franca (\u00a9Divulga\u00e7\u00e3o)"},{"@type":"BreadcrumbList","@id":"https:\/\/verdadeon.com.br\/portal\/2023\/08\/09\/camara-aprova-creditos-de-r-94-milhoes-para-compra-de-fraldas-medicamentos-transito-e-outras-secretarias\/#breadcrumb","itemListElement":[{"@type":"ListItem","position":1,"name":"In\u00edcio","item":"https:\/\/verdadeon.com.br\/portal\/"},{"@type":"ListItem","position":2,"name":"C\u00e2mara aprova cr\u00e9ditos de R$ 9,4 milh\u00f5es para compra de fraldas, medicamentos, tr\u00e2nsito e outras secretarias"}]},{"@type":"WebSite","@id":"https:\/\/verdadeon.com.br\/portal\/#website","url":"https:\/\/verdadeon.com.br\/portal\/","name":"VerdadeOn","description":"Not\u00edcias di\u00e1rias sobre Franca, Regi\u00e3o, Esporte, Cultura, Cotidiano, Colunas. Cobertura nos principais eventos da cidade \u00e9 aqui - Verdadeon Franca","potentialAction":[{"@type":"SearchAction","target":{"@type":"EntryPoint","urlTemplate":"https:\/\/verdadeon.com.br\/portal\/?s={search_term_string}"},"query-input":{"@type":"PropertyValueSpecification","valueRequired":true,"valueName":"search_term_string"}}],"inLanguage":"pt-BR"},{"@type":"Person","@id":"https:\/\/verdadeon.com.br\/portal\/#\/schema\/person\/a5060ad1e9ea3df545188fc93ce43d2f","name":"Redacao VerdadeOn","image":{"@type":"ImageObject","inLanguage":"pt-BR","@id":"https:\/\/verdadeon.com.br\/portal\/#\/schema\/person\/image\/","url":"https:\/\/secure.gravatar.com\/avatar\/459a9613caaaf07f582c3d0841eea68bdd66f533e465e6ba8b9cb45619572cf4?s=96&d=mm&r=g","contentUrl":"https:\/\/secure.gravatar.com\/avatar\/459a9613caaaf07f582c3d0841eea68bdd66f533e465e6ba8b9cb45619572cf4?s=96&d=mm&r=g","caption":"Redacao VerdadeOn"},"url":"https:\/\/verdadeon.com.br\/portal\/author\/redacao\/"}]}},"jetpack_publicize_connections":[],"jetpack_featured_media_url":"https:\/\/i0.wp.com\/verdadeon.com.br\/portal\/wp-content\/uploads\/2023\/07\/22sessao-3.jpg?fit=1000%2C670&ssl=1","jetpack_sharing_enabled":true,"_links":{"self":[{"href":"https:\/\/verdadeon.com.br\/portal\/wp-json\/wp\/v2\/posts\/36631","targetHints":{"allow":["GET"]}}],"collection":[{"href":"https:\/\/verdadeon.com.br\/portal\/wp-json\/wp\/v2\/posts"}],"about":[{"href":"https:\/\/verdadeon.com.br\/portal\/wp-json\/wp\/v2\/types\/post"}],"author":[{"embeddable":true,"href":"https:\/\/verdadeon.com.br\/portal\/wp-json\/wp\/v2\/users\/10"}],"replies":[{"embeddable":true,"href":"https:\/\/verdadeon.com.br\/portal\/wp-json\/wp\/v2\/comments?post=36631"}],"version-history":[{"count":2,"href":"https:\/\/verdadeon.com.br\/portal\/wp-json\/wp\/v2\/posts\/36631\/revisions"}],"predecessor-version":[{"id":36634,"href":"https:\/\/verdadeon.com.br\/portal\/wp-json\/wp\/v2\/posts\/36631\/revisions\/36634"}],"wp:featuredmedia":[{"embeddable":true,"href":"https:\/\/verdadeon.com.br\/portal\/wp-json\/wp\/v2\/media\/35650"}],"wp:attachment":[{"href":"https:\/\/verdadeon.com.br\/portal\/wp-json\/wp\/v2\/media?parent=36631"}],"wp:term":[{"taxonomy":"category","embeddable":true,"href":"https:\/\/verdadeon.com.br\/portal\/wp-json\/wp\/v2\/categories?post=36631"},{"taxonomy":"post_tag","embeddable":true,"href":"https:\/\/verdadeon.com.br\/portal\/wp-json\/wp\/v2\/tags?post=36631"}],"curies":[{"name":"wp","href":"https:\/\/api.w.org\/{rel}","templated":true}]}}