{"id":36615,"date":"2023-08-09T10:00:34","date_gmt":"2023-08-09T13:00:34","guid":{"rendered":"https:\/\/verdadeon.com.br\/portal\/?p=36615"},"modified":"2023-08-08T18:52:33","modified_gmt":"2023-08-08T21:52:33","slug":"cpfl-paulista-faz-alerta-contra-queimadas-nas-regioes-de-ribeirao-preto-e-franca","status":"publish","type":"post","link":"https:\/\/verdadeon.com.br\/portal\/2023\/08\/09\/cpfl-paulista-faz-alerta-contra-queimadas-nas-regioes-de-ribeirao-preto-e-franca\/","title":{"rendered":"CPFL Paulista faz alerta contra queimadas nas regi\u00f5es de Ribeir\u00e3o Preto e Franca"},"content":{"rendered":"<div>\n<h2><span lang=\"PT-BR\">Nos\u00a0seis primeiros meses de 2023\u00a0os inc\u00eandios j\u00e1 provocaram 127\u00a0ocorr\u00eancias de interrup\u00e7\u00e3o no fornecimento de energia para clientes\u00a0na regi\u00e3o<\/span><\/h2>\n<\/div>\n<div>\n<div>\n<p><span lang=\"PT-BR\">As queimadas\u00a0recebem especial aten\u00e7\u00e3o das concession\u00e1rias de energia el\u00e9trica nessa \u00e9poca do ano. Tudo porque a\u00a0baixa umidade\u00a0oferece condi\u00e7\u00e3o\u00a0prop\u00edcia aos inc\u00eandios\u00a0e a a\u00e7\u00e3o dos ventos pode\u00a0contribuir para\u00a0propagar as chamas, agravando\u00a0seus\u00a0efeitos\u00a0nas linhas de transmiss\u00e3o e distribui\u00e7\u00e3o.<\/span><\/p>\n<\/div>\n<div>\n<p><span lang=\"PT-BR\">Na\u00a0regi\u00e3o de Ribeir\u00e3o Preto e Franca,\u00a0as queimadas causaram 127\u00a0ocorr\u00eancias de interrup\u00e7\u00e3o no fornecimento de energia\u00a0no primeiro semestre de 2023. Em todo o ano de 2022 foram 353\u00a0casos. O levantamento, feito pelo Centro de Opera\u00e7\u00f5es da\u00a0CPFL Paulista,\u00a0considerou interfer\u00eancias provocadas na rede de distribui\u00e7\u00e3o por inc\u00eandios de todas as propor\u00e7\u00f5es, em \u00e1rea urbana ou rural.<\/span><\/p>\n<\/div>\n<div>\n<p><span lang=\"PT-BR\">Ainda que o n\u00famero permane\u00e7a alto,\u00a0o balan\u00e7o\u00a0regional\u00a0indica\u00a0a diminui\u00e7\u00e3o proporcional das interfer\u00eancias provocadas na rede\u00a0da concession\u00e1ria\u00a0por queimadas, pelo comparativo semestral. De janeiro a junho de 2022 foram registradas\u00a0154\u00a0interrup\u00e7\u00f5es de energia; considerando as\u00a0127\u00a0do primeiro semestre desse ano, a queda foi de\u00a017%.<\/span><\/p>\n<\/div>\n<div>\n<p><span lang=\"PT-BR\">Nesse aspecto,\u00a0Marcos Victor Lopes,\u00a0gerente de Sa\u00fade e Seguran\u00e7a do Trabalho da CPFL Energia,\u00a0destaca a atua\u00e7\u00e3o permanente da\u00a0empresa\u00a0em a\u00e7\u00f5es de conscientiza\u00e7\u00e3o sobre o tema, por meio da campanha Guardi\u00e3o da Vida.\u00a0\u201cInvestimos os nossos esfor\u00e7os constantemente em alertas para a popula\u00e7\u00e3o sobre os s\u00e9rios impactos gerados pelas\u00a0queimadas. Respons\u00e1vel por acarretar destrui\u00e7\u00e3o ambiental e danos \u00e0 sa\u00fade\u00a0das pessoas, com a emiss\u00e3o de gases poluentes, elas tamb\u00e9m podem afetar o fornecimento de energia. Dependendo do trecho afetado, estabelecimentos essenciais como com\u00e9rcios e hospitais podem ser prejudicados de maneira substancial\u201d, afirma.\u202f<\/span><\/p>\n<\/div>\n<div>\n<p><span lang=\"PT-BR\">O gerente observa ainda que os inc\u00eandios sob a rede de distribui\u00e7\u00e3o de energia\u00a0t\u00eam, muitas vezes,\u00a0origem criminosa ou s\u00e3o\u00a0causados pelo uso do fogo como m\u00e9todo de limpeza em alguns cultivos. Assim, um\u00a0inc\u00eandio criminoso ou uma queimada mal controlada para atividades agr\u00edcolas tamb\u00e9m podem\u00a0colocar em risco o fornecimento de energia, provocando preju\u00edzos.\u202fE para que haja\u00a0interfer\u00eancias ou danos na rede el\u00e9trica\u00a0n\u00e3o \u00e9\u00a0necess\u00e1rio\u00a0que as chamas alcancem os cabos de energia. O\u00a0calor do fogo\u00a0gera um campo ionizado, que pode provocar curtos-circuitos, acionar os sistemas de\u00a0prote\u00e7\u00e3o do sistema e desligar as linhas ou at\u00e9 romper a fia\u00e7\u00e3o,\u00a0interrompendo o\u00a0fornecimento.<\/span><\/p>\n<\/div>\n<div>\n<p><strong><span lang=\"PT-BR\">Interrup\u00e7\u00f5es de energia\u00a0<\/span>\u00a0<\/strong><\/p>\n<\/div>\n<div>\n<p><span lang=\"PT-BR\">Na regi\u00e3o, a cidade de\u00a0Ribeir\u00e3o Preto\u00a0lidera o ranking de interrup\u00e7\u00f5es de energia causadas por queimadas no primeiro semestre de 2023, com\u00a026\u00a0ocorr\u00eancias.\u00a0Franca\u00a0ocupa a segunda posi\u00e7\u00e3o com\u00a022\u00a0casos e\u00a0Bebedouro\u00a0fica em terceiro,\u00a0com 9.<\/span><\/p>\n<\/div>\n<div>\n<p><span lang=\"PT-BR\">As 10 cidades com mais ocorr\u00eancias por queimadas na regi\u00e3o:<\/span><\/p>\n<\/div>\n<div>\n<p><img data-recalc-dims=\"1\" loading=\"lazy\" decoding=\"async\" class=\"alignnone size-full wp-image-36616\" src=\"https:\/\/i0.wp.com\/verdadeon.com.br\/portal\/wp-content\/uploads\/2023\/08\/Capturar.jpg?resize=554%2C235&#038;ssl=1\" alt=\"\" width=\"554\" height=\"235\" srcset=\"https:\/\/i0.wp.com\/verdadeon.com.br\/portal\/wp-content\/uploads\/2023\/08\/Capturar.jpg?w=554&amp;ssl=1 554w, https:\/\/i0.wp.com\/verdadeon.com.br\/portal\/wp-content\/uploads\/2023\/08\/Capturar.jpg?resize=300%2C127&amp;ssl=1 300w, https:\/\/i0.wp.com\/verdadeon.com.br\/portal\/wp-content\/uploads\/2023\/08\/Capturar.jpg?resize=260%2C110&amp;ssl=1 260w, https:\/\/i0.wp.com\/verdadeon.com.br\/portal\/wp-content\/uploads\/2023\/08\/Capturar.jpg?resize=50%2C21&amp;ssl=1 50w, https:\/\/i0.wp.com\/verdadeon.com.br\/portal\/wp-content\/uploads\/2023\/08\/Capturar.jpg?resize=150%2C64&amp;ssl=1 150w\" sizes=\"auto, (max-width: 554px) 100vw, 554px\" \/><\/p>\n<\/div>\n<div>\n<p><strong><span lang=\"PT-BR\">Guardi\u00e3o da Vida<\/span>\u00a0<\/strong><\/p>\n<\/div>\n<div>\n<p><span lang=\"PT-BR\">Considerando o impacto\u00a0das queimadas sobre o meio ambiente e\u00a0a popula\u00e7\u00e3o,\u00a0tanto pelo aspecto da seguran\u00e7a quando da\u00a0qualidade do fornecimento de energia, o grupo CPFL Energia\u00a0incentiva\u00a0de forma permanente\u00a0a discuss\u00e3o sobre o tema\u00a0por meio da campanha Guardi\u00e3o da Vida. O objetivo das a\u00e7\u00f5es, que envolvem atividades junto \u00e0s comunidades e a divulga\u00e7\u00e3o de orienta\u00e7\u00f5es para a preven\u00e7\u00e3o de acidentes, \u00e9 propor\u00a0reflex\u00e3o sobre as atitudes que poderiam ser evitadas, reduzindo transtornos e at\u00e9 salvando vidas.<\/span><\/p>\n<\/div>\n<div>\n<p><span lang=\"PT-BR\">Ao identificar um foco de inc\u00eandio, acione\u00a0o Corpo de Bombeiros\u00a0e as autoridades competentes; se for \u00e0s margens de uma rodovia, ou pr\u00f3ximo de uma rede el\u00e9trica,\u00a0avise tamb\u00e9m a concession\u00e1ria ou \u00f3rg\u00e3o estadual respons\u00e1vel.<\/span><\/p>\n<\/div>\n<div>\n<p><span lang=\"PT-BR\">Em caso de falta de energia\u00a0ou de inc\u00eandio sob a rede el\u00e9trica, a popula\u00e7\u00e3o deve entrar em contato com os canais de atendimento da CPFL\u00a0Paulista:<\/span><\/p>\n<\/div>\n<div>\n<ul>\n<li><span lang=\"PT-BR\">Site:\u00a0<\/span><a id=\"m_-4434800908694140095m_4958019767290146897OWAecf35b17-b043-0d14-b1c2-a1114d8c8f4a\" href=\"http:\/\/www.cpfl.com.br\/\" target=\"_blank\" rel=\"noreferrer noopener\" data-saferedirecturl=\"https:\/\/www.google.com\/url?q=http:\/\/www.cpfl.com.br\/&amp;source=gmail&amp;ust=1691607055926000&amp;usg=AOvVaw3X80cvwnG4Q5F3P10NV4he\"><span lang=\"PT-BR\">www.cpfl.com.br<\/span><\/a><span lang=\"PT-BR\">\u00a0\u00a0<\/span><\/li>\n<li><span lang=\"PT-BR\">App \u201cCPFL Energia\u201d, dispon\u00edvel para smartphones Android ou iOS<\/span><\/li>\n<li><span lang=\"PT-BR\">SMS: enviar para\u00a027351\u00a0(em casos de falta de energia, o cliente envia seu c\u00f3digo de consumidor para este n\u00famero e recebe tamb\u00e9m via SMS a previs\u00e3o de restabelecimento)<\/span><\/li>\n<li><span lang=\"PT-BR\">Call\u00a0Center:\u00a00800 010 10 10\u00a0(liga\u00e7\u00e3o gratuita)<\/span><\/li>\n<li><span lang=\"PT-BR\">WhatsApp: (19) 99908-8888<\/span><\/li>\n<\/ul>\n<\/div>\n<div>\n<p><strong><span lang=\"PT-BR\">O que diz a legisla\u00e7\u00e3o<\/span>\u00a0<\/strong><\/p>\n<\/div>\n<div>\n<p><span lang=\"PT-BR\">As\u00a0queimadas podem ser autorizadas pela legisla\u00e7\u00e3o\u00a0brasileira\u00a0mediante<wbr \/>\u00a0crit\u00e9rios t\u00e9cnicos que impe\u00e7am\u00a0a propaga\u00e7\u00e3o do fogo al\u00e9m dos limites estabelecidos.<\/span><\/p>\n<\/div>\n<div>\n<p><span lang=\"PT-BR\">O\u202fC\u00f3digo Florestal\u202f(Lei 12.651\/12) pro\u00edbe o uso de fogo na vegeta\u00e7\u00e3o, mas abre pelo menos tr\u00eas exce\u00e7\u00f5es: em locais ou regi\u00f5es cujas peculiaridades justifiquem o emprego\u202fdo fogo em pr\u00e1ticas agropastoris ou florestais, desde que com autoriza\u00e7\u00e3o do \u00f3rg\u00e3o ambiental; emprego da queima controlada em unidades de conserva\u00e7\u00e3o para conservar a vegeta\u00e7\u00e3o nativa, quando\u00a0suas\u00a0caracter\u00edsticas se associarem evolutivamente \u00e0 ocorr\u00eancia de fogo e atividade de pesquisa cient\u00edfica.<\/span><\/p>\n<\/div>\n<div>\n<p><span lang=\"PT-BR\">Como forma de prevenir inc\u00eandios pr\u00f3ximos \u00e0s redes el\u00e9tricas, conforme os Decretos Federais 24.643\/34, 35.851\/54, 41.019\/57 e 84.398\/80, uma das medidas que devem ser respeitadas pelos produtores no cultivo \u00e9 o respeito \u00e0s faixas de servid\u00e3o, que s\u00e3o os corredores de 30 ou 40 metros de largura.<\/span><\/p>\n<\/div>\n<div>\n<p><span lang=\"PT-BR\">Fora das \u00e1reas permitidas,\u00a0os inc\u00eandios provocados inclusive em \u00e1rea urbana, como a queima de lixo,\u00a0podem ser\u00a0enquadrados pelas autoridades\u00a0como crime ambiental, conforme\u00a0o mesmo C\u00f3digo Florestal, que estabelece, em seu artigo 54, ser pass\u00edvel de puni\u00e7\u00e3o \u201ccausar polui\u00e7\u00e3o de qualquer natureza em n\u00edveis tais que resultem ou possam resultar em danos \u00e0 sa\u00fade humana, ou que provoquem a mortandade de animais ou a destrui\u00e7\u00e3o significativa da flora\u201d.\u00a0 Os inc\u00eandios criminosos tamb\u00e9m t\u00eam puni\u00e7\u00e3o prevista no Artigo 250 do C\u00f3digo Penal. Para esses casos, as penas podem ser multa, deten\u00e7\u00e3o ou reclus\u00e3o para os autores, de acordo com a extens\u00e3o dos danos causados.\u00a0<\/span><\/p>\n<\/div>\n<div>\n<p><strong><span lang=\"PT-BR\">Sobre a CPFL Energia\u202f\u202f<\/span><\/strong><span lang=\"PT-BR\"><strong>\u00a0\u00a0<\/strong>\u00a0\u00a0<\/span><\/p>\n<\/div>\n<div>\n<p><span lang=\"PT-BR\">A CPFL Energia est\u00e1 h\u00e1 110 anos no setor el\u00e9trico e atua nos segmentos de distribui\u00e7\u00e3o, gera\u00e7\u00e3o, transmiss\u00e3o, comercializa\u00e7\u00e3o e servi\u00e7os. Desde 2017, o Grupo faz parte da\u202fState\u202fGrid, estatal chinesa que \u00e9 a segunda maior organiza\u00e7\u00e3o empresarial do mundo e a maior empresa de energia el\u00e9trica, atendendo 88% do territ\u00f3rio chin\u00eas.\u202f\u202f\u00a0<\/span><\/p>\n<\/div>\n<div>\n<p><span lang=\"PT-BR\">Focada em uma forma mais sustent\u00e1vel de produzir energia, tem na CPFL Renov\u00e1veis uma das maiores empresas de gera\u00e7\u00e3o da Am\u00e9rica Latina a partir de fontes alternativas, com um portf\u00f3lio baseado em fontes limpas como grandes hidrel\u00e9tricas, usinas e\u00f3licas, t\u00e9rmicas a\u202fbiomassa, Pequenas Centrais Hidrel\u00e9tricas (PCH) e usina solar. Em gera\u00e7\u00e3o \u00e9 a terceira maior agente privada do Pa\u00eds, com capacidade instalada de 4.303 MW.\u202f\u202f\u202f\u00a0\u00a0\u00a0\u00a0<\/span><\/p>\n<\/div>\n<div>\n<p><span lang=\"PT-BR\">Com 14% de participa\u00e7\u00e3o, a CPFL Energia \u00e9 uma das maiores empresas no mercado de distribui\u00e7\u00e3o, totalizando mais de 10 milh\u00f5es de clientes em 687 cidades, entre os estados de S\u00e3o Paulo, Rio Grande do Sul, Minas Gerais e Paran\u00e1. Na comercializa\u00e7\u00e3o, \u00e9 uma das l\u00edderes no mercado livre, com participa\u00e7\u00e3o de mercado de 4%. \u00c9 l\u00edder na comercializa\u00e7\u00e3o de energia incentivada para clientes livres entre as comercializadoras.\u202f<\/span><\/p>\n<\/div>\n<div>\n<p><span lang=\"PT-BR\">A CPFL Energia possui a\u00e7\u00f5es listadas no Novo Mercado da B3. O Grupo tamb\u00e9m ocupa posi\u00e7\u00e3o de destaque em arte e cultura, entre os maiores investidores brasileiros, por meio do Instituto CPFL.\u202f\u202f\u00a0\u00a0\u00a0\u00a0<\/span><\/p>\n<\/div>\n<\/div>\n","protected":false},"excerpt":{"rendered":"<p>Nos\u00a0seis primeiros meses de 2023\u00a0os inc\u00eandios j\u00e1 provocaram 127\u00a0ocorr\u00eancias de interrup\u00e7\u00e3o no fornecimento de energia para clientes\u00a0na regi\u00e3o As queimadas\u00a0recebem especial aten\u00e7\u00e3o das concession\u00e1rias de energia<span class=\"excerpt-hellip\"> [\u2026]<\/span><\/p>\n","protected":false},"author":10,"featured_media":36618,"comment_status":"open","ping_status":"open","sticky":false,"template":"","format":"standard","meta":{"_jetpack_memberships_contains_paid_content":false,"footnotes":"","jetpack_publicize_message":"","jetpack_publicize_feature_enabled":true,"jetpack_social_post_already_shared":false,"jetpack_social_options":{"image_generator_settings":{"template":"highway","default_image_id":0,"enabled":false},"version":2}},"categories":[28,81],"tags":[],"class_list":["post-36615","post","type-post","status-publish","format-standard","has-post-thumbnail","hentry","category-cotidiano","category-manchete"],"yoast_head":"<!-- This site is optimized with the Yoast SEO plugin v25.6 - https:\/\/yoast.com\/wordpress\/plugins\/seo\/ -->\n<title>CPFL Paulista faz alerta contra queimadas nas regi\u00f5es de Ribeir\u00e3o Preto e Franca - VerdadeOn<\/title>\n<meta name=\"robots\" content=\"index, follow, max-snippet:-1, max-image-preview:large, max-video-preview:-1\" \/>\n<link rel=\"canonical\" href=\"https:\/\/verdadeon.com.br\/portal\/2023\/08\/09\/cpfl-paulista-faz-alerta-contra-queimadas-nas-regioes-de-ribeirao-preto-e-franca\/\" \/>\n<meta property=\"og:locale\" content=\"pt_BR\" \/>\n<meta property=\"og:type\" content=\"article\" \/>\n<meta property=\"og:title\" content=\"CPFL Paulista faz alerta contra queimadas nas regi\u00f5es de Ribeir\u00e3o Preto e Franca - VerdadeOn\" \/>\n<meta property=\"og:description\" content=\"Nos\u00a0seis primeiros meses de 2023\u00a0os inc\u00eandios j\u00e1 provocaram 127\u00a0ocorr\u00eancias de interrup\u00e7\u00e3o no fornecimento de energia para clientes\u00a0na regi\u00e3o As queimadas\u00a0recebem especial aten\u00e7\u00e3o das concession\u00e1rias de energia [\u2026]\" \/>\n<meta property=\"og:url\" content=\"https:\/\/verdadeon.com.br\/portal\/2023\/08\/09\/cpfl-paulista-faz-alerta-contra-queimadas-nas-regioes-de-ribeirao-preto-e-franca\/\" \/>\n<meta property=\"og:site_name\" content=\"VerdadeOn\" \/>\n<meta property=\"article:published_time\" content=\"2023-08-09T13:00:34+00:00\" \/>\n<meta property=\"og:image\" content=\"https:\/\/verdadeon.com.br\/portal\/wp-content\/uploads\/2023\/08\/image-1.png\" \/>\n\t<meta property=\"og:image:width\" content=\"430\" \/>\n\t<meta property=\"og:image:height\" content=\"288\" \/>\n\t<meta property=\"og:image:type\" content=\"image\/png\" \/>\n<meta name=\"author\" content=\"Redacao VerdadeOn\" \/>\n<meta name=\"twitter:card\" content=\"summary_large_image\" \/>\n<meta name=\"twitter:label1\" content=\"Escrito por\" \/>\n\t<meta name=\"twitter:data1\" content=\"Redacao VerdadeOn\" \/>\n\t<meta name=\"twitter:label2\" content=\"Est. tempo de leitura\" \/>\n\t<meta name=\"twitter:data2\" content=\"7 minutos\" \/>\n<script type=\"application\/ld+json\" class=\"yoast-schema-graph\">{\"@context\":\"https:\/\/schema.org\",\"@graph\":[{\"@type\":\"WebPage\",\"@id\":\"https:\/\/verdadeon.com.br\/portal\/2023\/08\/09\/cpfl-paulista-faz-alerta-contra-queimadas-nas-regioes-de-ribeirao-preto-e-franca\/\",\"url\":\"https:\/\/verdadeon.com.br\/portal\/2023\/08\/09\/cpfl-paulista-faz-alerta-contra-queimadas-nas-regioes-de-ribeirao-preto-e-franca\/\",\"name\":\"CPFL Paulista faz alerta contra queimadas nas regi\u00f5es de Ribeir\u00e3o Preto e Franca - VerdadeOn\",\"isPartOf\":{\"@id\":\"https:\/\/verdadeon.com.br\/portal\/#website\"},\"primaryImageOfPage\":{\"@id\":\"https:\/\/verdadeon.com.br\/portal\/2023\/08\/09\/cpfl-paulista-faz-alerta-contra-queimadas-nas-regioes-de-ribeirao-preto-e-franca\/#primaryimage\"},\"image\":{\"@id\":\"https:\/\/verdadeon.com.br\/portal\/2023\/08\/09\/cpfl-paulista-faz-alerta-contra-queimadas-nas-regioes-de-ribeirao-preto-e-franca\/#primaryimage\"},\"thumbnailUrl\":\"https:\/\/i0.wp.com\/verdadeon.com.br\/portal\/wp-content\/uploads\/2023\/08\/image-1.png?fit=430%2C288&ssl=1\",\"datePublished\":\"2023-08-09T13:00:34+00:00\",\"author\":{\"@id\":\"https:\/\/verdadeon.com.br\/portal\/#\/schema\/person\/a5060ad1e9ea3df545188fc93ce43d2f\"},\"breadcrumb\":{\"@id\":\"https:\/\/verdadeon.com.br\/portal\/2023\/08\/09\/cpfl-paulista-faz-alerta-contra-queimadas-nas-regioes-de-ribeirao-preto-e-franca\/#breadcrumb\"},\"inLanguage\":\"pt-BR\",\"potentialAction\":[{\"@type\":\"ReadAction\",\"target\":[\"https:\/\/verdadeon.com.br\/portal\/2023\/08\/09\/cpfl-paulista-faz-alerta-contra-queimadas-nas-regioes-de-ribeirao-preto-e-franca\/\"]}]},{\"@type\":\"ImageObject\",\"inLanguage\":\"pt-BR\",\"@id\":\"https:\/\/verdadeon.com.br\/portal\/2023\/08\/09\/cpfl-paulista-faz-alerta-contra-queimadas-nas-regioes-de-ribeirao-preto-e-franca\/#primaryimage\",\"url\":\"https:\/\/i0.wp.com\/verdadeon.com.br\/portal\/wp-content\/uploads\/2023\/08\/image-1.png?fit=430%2C288&ssl=1\",\"contentUrl\":\"https:\/\/i0.wp.com\/verdadeon.com.br\/portal\/wp-content\/uploads\/2023\/08\/image-1.png?fit=430%2C288&ssl=1\",\"width\":430,\"height\":288,\"caption\":\"Equipes da CPFL reparam danos na rede, causados por queimadas (\u00a9Divulga\u00e7\u00e3o)\"},{\"@type\":\"BreadcrumbList\",\"@id\":\"https:\/\/verdadeon.com.br\/portal\/2023\/08\/09\/cpfl-paulista-faz-alerta-contra-queimadas-nas-regioes-de-ribeirao-preto-e-franca\/#breadcrumb\",\"itemListElement\":[{\"@type\":\"ListItem\",\"position\":1,\"name\":\"In\u00edcio\",\"item\":\"https:\/\/verdadeon.com.br\/portal\/\"},{\"@type\":\"ListItem\",\"position\":2,\"name\":\"CPFL Paulista faz alerta contra queimadas nas regi\u00f5es de Ribeir\u00e3o Preto e Franca\"}]},{\"@type\":\"WebSite\",\"@id\":\"https:\/\/verdadeon.com.br\/portal\/#website\",\"url\":\"https:\/\/verdadeon.com.br\/portal\/\",\"name\":\"VerdadeOn\",\"description\":\"Not\u00edcias di\u00e1rias sobre Franca, Regi\u00e3o, Esporte, Cultura, Cotidiano, Colunas. Cobertura nos principais eventos da cidade \u00e9 aqui - Verdadeon Franca\",\"potentialAction\":[{\"@type\":\"SearchAction\",\"target\":{\"@type\":\"EntryPoint\",\"urlTemplate\":\"https:\/\/verdadeon.com.br\/portal\/?s={search_term_string}\"},\"query-input\":{\"@type\":\"PropertyValueSpecification\",\"valueRequired\":true,\"valueName\":\"search_term_string\"}}],\"inLanguage\":\"pt-BR\"},{\"@type\":\"Person\",\"@id\":\"https:\/\/verdadeon.com.br\/portal\/#\/schema\/person\/a5060ad1e9ea3df545188fc93ce43d2f\",\"name\":\"Redacao VerdadeOn\",\"image\":{\"@type\":\"ImageObject\",\"inLanguage\":\"pt-BR\",\"@id\":\"https:\/\/verdadeon.com.br\/portal\/#\/schema\/person\/image\/\",\"url\":\"https:\/\/secure.gravatar.com\/avatar\/459a9613caaaf07f582c3d0841eea68bdd66f533e465e6ba8b9cb45619572cf4?s=96&d=mm&r=g\",\"contentUrl\":\"https:\/\/secure.gravatar.com\/avatar\/459a9613caaaf07f582c3d0841eea68bdd66f533e465e6ba8b9cb45619572cf4?s=96&d=mm&r=g\",\"caption\":\"Redacao VerdadeOn\"},\"url\":\"https:\/\/verdadeon.com.br\/portal\/author\/redacao\/\"}]}<\/script>\n<!-- \/ Yoast SEO plugin. -->","yoast_head_json":{"title":"CPFL Paulista faz alerta contra queimadas nas regi\u00f5es de Ribeir\u00e3o Preto e Franca - VerdadeOn","robots":{"index":"index","follow":"follow","max-snippet":"max-snippet:-1","max-image-preview":"max-image-preview:large","max-video-preview":"max-video-preview:-1"},"canonical":"https:\/\/verdadeon.com.br\/portal\/2023\/08\/09\/cpfl-paulista-faz-alerta-contra-queimadas-nas-regioes-de-ribeirao-preto-e-franca\/","og_locale":"pt_BR","og_type":"article","og_title":"CPFL Paulista faz alerta contra queimadas nas regi\u00f5es de Ribeir\u00e3o Preto e Franca - VerdadeOn","og_description":"Nos\u00a0seis primeiros meses de 2023\u00a0os inc\u00eandios j\u00e1 provocaram 127\u00a0ocorr\u00eancias de interrup\u00e7\u00e3o no fornecimento de energia para clientes\u00a0na regi\u00e3o As queimadas\u00a0recebem especial aten\u00e7\u00e3o das concession\u00e1rias de energia [\u2026]","og_url":"https:\/\/verdadeon.com.br\/portal\/2023\/08\/09\/cpfl-paulista-faz-alerta-contra-queimadas-nas-regioes-de-ribeirao-preto-e-franca\/","og_site_name":"VerdadeOn","article_published_time":"2023-08-09T13:00:34+00:00","og_image":[{"width":430,"height":288,"url":"https:\/\/verdadeon.com.br\/portal\/wp-content\/uploads\/2023\/08\/image-1.png","type":"image\/png"}],"author":"Redacao VerdadeOn","twitter_card":"summary_large_image","twitter_misc":{"Escrito por":"Redacao VerdadeOn","Est. tempo de leitura":"7 minutos"},"schema":{"@context":"https:\/\/schema.org","@graph":[{"@type":"WebPage","@id":"https:\/\/verdadeon.com.br\/portal\/2023\/08\/09\/cpfl-paulista-faz-alerta-contra-queimadas-nas-regioes-de-ribeirao-preto-e-franca\/","url":"https:\/\/verdadeon.com.br\/portal\/2023\/08\/09\/cpfl-paulista-faz-alerta-contra-queimadas-nas-regioes-de-ribeirao-preto-e-franca\/","name":"CPFL Paulista faz alerta contra queimadas nas regi\u00f5es de Ribeir\u00e3o Preto e Franca - VerdadeOn","isPartOf":{"@id":"https:\/\/verdadeon.com.br\/portal\/#website"},"primaryImageOfPage":{"@id":"https:\/\/verdadeon.com.br\/portal\/2023\/08\/09\/cpfl-paulista-faz-alerta-contra-queimadas-nas-regioes-de-ribeirao-preto-e-franca\/#primaryimage"},"image":{"@id":"https:\/\/verdadeon.com.br\/portal\/2023\/08\/09\/cpfl-paulista-faz-alerta-contra-queimadas-nas-regioes-de-ribeirao-preto-e-franca\/#primaryimage"},"thumbnailUrl":"https:\/\/i0.wp.com\/verdadeon.com.br\/portal\/wp-content\/uploads\/2023\/08\/image-1.png?fit=430%2C288&ssl=1","datePublished":"2023-08-09T13:00:34+00:00","author":{"@id":"https:\/\/verdadeon.com.br\/portal\/#\/schema\/person\/a5060ad1e9ea3df545188fc93ce43d2f"},"breadcrumb":{"@id":"https:\/\/verdadeon.com.br\/portal\/2023\/08\/09\/cpfl-paulista-faz-alerta-contra-queimadas-nas-regioes-de-ribeirao-preto-e-franca\/#breadcrumb"},"inLanguage":"pt-BR","potentialAction":[{"@type":"ReadAction","target":["https:\/\/verdadeon.com.br\/portal\/2023\/08\/09\/cpfl-paulista-faz-alerta-contra-queimadas-nas-regioes-de-ribeirao-preto-e-franca\/"]}]},{"@type":"ImageObject","inLanguage":"pt-BR","@id":"https:\/\/verdadeon.com.br\/portal\/2023\/08\/09\/cpfl-paulista-faz-alerta-contra-queimadas-nas-regioes-de-ribeirao-preto-e-franca\/#primaryimage","url":"https:\/\/i0.wp.com\/verdadeon.com.br\/portal\/wp-content\/uploads\/2023\/08\/image-1.png?fit=430%2C288&ssl=1","contentUrl":"https:\/\/i0.wp.com\/verdadeon.com.br\/portal\/wp-content\/uploads\/2023\/08\/image-1.png?fit=430%2C288&ssl=1","width":430,"height":288,"caption":"Equipes da CPFL reparam danos na rede, causados por queimadas (\u00a9Divulga\u00e7\u00e3o)"},{"@type":"BreadcrumbList","@id":"https:\/\/verdadeon.com.br\/portal\/2023\/08\/09\/cpfl-paulista-faz-alerta-contra-queimadas-nas-regioes-de-ribeirao-preto-e-franca\/#breadcrumb","itemListElement":[{"@type":"ListItem","position":1,"name":"In\u00edcio","item":"https:\/\/verdadeon.com.br\/portal\/"},{"@type":"ListItem","position":2,"name":"CPFL Paulista faz alerta contra queimadas nas regi\u00f5es de Ribeir\u00e3o Preto e Franca"}]},{"@type":"WebSite","@id":"https:\/\/verdadeon.com.br\/portal\/#website","url":"https:\/\/verdadeon.com.br\/portal\/","name":"VerdadeOn","description":"Not\u00edcias di\u00e1rias sobre Franca, Regi\u00e3o, Esporte, Cultura, Cotidiano, Colunas. Cobertura nos principais eventos da cidade \u00e9 aqui - Verdadeon Franca","potentialAction":[{"@type":"SearchAction","target":{"@type":"EntryPoint","urlTemplate":"https:\/\/verdadeon.com.br\/portal\/?s={search_term_string}"},"query-input":{"@type":"PropertyValueSpecification","valueRequired":true,"valueName":"search_term_string"}}],"inLanguage":"pt-BR"},{"@type":"Person","@id":"https:\/\/verdadeon.com.br\/portal\/#\/schema\/person\/a5060ad1e9ea3df545188fc93ce43d2f","name":"Redacao VerdadeOn","image":{"@type":"ImageObject","inLanguage":"pt-BR","@id":"https:\/\/verdadeon.com.br\/portal\/#\/schema\/person\/image\/","url":"https:\/\/secure.gravatar.com\/avatar\/459a9613caaaf07f582c3d0841eea68bdd66f533e465e6ba8b9cb45619572cf4?s=96&d=mm&r=g","contentUrl":"https:\/\/secure.gravatar.com\/avatar\/459a9613caaaf07f582c3d0841eea68bdd66f533e465e6ba8b9cb45619572cf4?s=96&d=mm&r=g","caption":"Redacao VerdadeOn"},"url":"https:\/\/verdadeon.com.br\/portal\/author\/redacao\/"}]}},"jetpack_publicize_connections":[],"jetpack_featured_media_url":"https:\/\/i0.wp.com\/verdadeon.com.br\/portal\/wp-content\/uploads\/2023\/08\/image-1.png?fit=430%2C288&ssl=1","jetpack_sharing_enabled":true,"_links":{"self":[{"href":"https:\/\/verdadeon.com.br\/portal\/wp-json\/wp\/v2\/posts\/36615","targetHints":{"allow":["GET"]}}],"collection":[{"href":"https:\/\/verdadeon.com.br\/portal\/wp-json\/wp\/v2\/posts"}],"about":[{"href":"https:\/\/verdadeon.com.br\/portal\/wp-json\/wp\/v2\/types\/post"}],"author":[{"embeddable":true,"href":"https:\/\/verdadeon.com.br\/portal\/wp-json\/wp\/v2\/users\/10"}],"replies":[{"embeddable":true,"href":"https:\/\/verdadeon.com.br\/portal\/wp-json\/wp\/v2\/comments?post=36615"}],"version-history":[{"count":1,"href":"https:\/\/verdadeon.com.br\/portal\/wp-json\/wp\/v2\/posts\/36615\/revisions"}],"predecessor-version":[{"id":36619,"href":"https:\/\/verdadeon.com.br\/portal\/wp-json\/wp\/v2\/posts\/36615\/revisions\/36619"}],"wp:featuredmedia":[{"embeddable":true,"href":"https:\/\/verdadeon.com.br\/portal\/wp-json\/wp\/v2\/media\/36618"}],"wp:attachment":[{"href":"https:\/\/verdadeon.com.br\/portal\/wp-json\/wp\/v2\/media?parent=36615"}],"wp:term":[{"taxonomy":"category","embeddable":true,"href":"https:\/\/verdadeon.com.br\/portal\/wp-json\/wp\/v2\/categories?post=36615"},{"taxonomy":"post_tag","embeddable":true,"href":"https:\/\/verdadeon.com.br\/portal\/wp-json\/wp\/v2\/tags?post=36615"}],"curies":[{"name":"wp","href":"https:\/\/api.w.org\/{rel}","templated":true}]}}