{"id":36484,"date":"2023-08-03T22:31:48","date_gmt":"2023-08-04T01:31:48","guid":{"rendered":"https:\/\/verdadeon.com.br\/portal\/?p=36484"},"modified":"2023-08-03T22:31:48","modified_gmt":"2023-08-04T01:31:48","slug":"comissoes-avaliam-abertura-de-creditos-de-r-94-milhoes-para-varias-secretarias","status":"publish","type":"post","link":"https:\/\/verdadeon.com.br\/portal\/2023\/08\/03\/comissoes-avaliam-abertura-de-creditos-de-r-94-milhoes-para-varias-secretarias\/","title":{"rendered":"Comiss\u00f5es avaliam abertura de cr\u00e9ditos de R$ 9,4 milh\u00f5es para v\u00e1rias secretarias"},"content":{"rendered":"<h2><span style=\"font-family: verdana, helvetica, sans-serif;\">Trata-se de altera\u00e7\u00f5es no Or\u00e7amento que permitir\u00e3o, \u00e0 Prefeitura, realizar despesas, em conformidade com os artigos de projetos<\/span><\/h2>\n<p><span style=\"font-family: verdana, helvetica, sans-serif;\">As comiss\u00f5es\u00a0de\u00a0<a href=\"https:\/\/sapl.franca.sp.leg.br\/comissao\/1\" target=\"_blank\" rel=\"nofollow noopener\" data-saferedirecturl=\"https:\/\/www.google.com\/url?q=https:\/\/sapl.franca.sp.leg.br\/comissao\/1&amp;source=gmail&amp;ust=1691198008220000&amp;usg=AOvVaw3Ria6NDno4hAYkchKdx1fO\"><strong>Legisla\u00e7\u00e3o, Justi\u00e7a e Reda\u00e7\u00e3o<\/strong><\/a>\u00a0e\u00a0<a href=\"https:\/\/sapl.franca.sp.leg.br\/comissao\/2\" target=\"_blank\" rel=\"nofollow noopener\" data-saferedirecturl=\"https:\/\/www.google.com\/url?q=https:\/\/sapl.franca.sp.leg.br\/comissao\/2&amp;source=gmail&amp;ust=1691198008220000&amp;usg=AOvVaw0mb8nFg60iay52iCr-WA5_\"><strong>de Finan\u00e7as e Or\u00e7amento<\/strong><\/a>\u00a0se re\u00fanem nesta sexta-feira, 4 de agosto, a partir das 9h, no Plen\u00e1rio para an\u00e1lise dos projetos em tramita\u00e7\u00e3o na C\u00e2mara Municipal de Franca.<\/span><\/p>\n<p><span style=\"font-family: verdana, helvetica, sans-serif;\">Em pauta ser\u00e1 analisado o\u00a0<strong><a href=\"https:\/\/sapl.franca.sp.leg.br\/materia\/8756\" target=\"_blank\" rel=\"nofollow noopener\" data-saferedirecturl=\"https:\/\/www.google.com\/url?q=https:\/\/sapl.franca.sp.leg.br\/materia\/8756&amp;source=gmail&amp;ust=1691198008220000&amp;usg=AOvVaw3y6ktojiFLjy1Ecr4hWpvQ\">Projeto de Lei Ordin\u00e1ria n\u00ba 92\/2023<\/a><\/strong>\u00a0de autoria do prefeito Alexandre Ferreira (MDB) que autoriza a abertura de cr\u00e9ditos adicionais, no valor total de at\u00e9 R$ 9.460.659,96, e d\u00e1 outras disposi\u00e7\u00f5es.<\/span><\/p>\n<p><span style=\"font-family: verdana, helvetica, sans-serif;\">Trata-se de altera\u00e7\u00f5es no Or\u00e7amento que permitir\u00e3o, \u00e0 Prefeitura, realizar as seguintes despesas, em conformidade com os artigos do projeto:<\/span><\/p>\n<p><span style=\"font-family: verdana, helvetica, sans-serif;\">Secretaria de Sa\u00fade: complementa\u00e7\u00e3o de recursos para aquisi\u00e7\u00e3o de medicamentos e fraldas, no valor estimado de R$ 5 milh\u00f5es.<\/span><\/p>\n<p><span style=\"font-family: verdana, helvetica, sans-serif;\">Secretaria de A\u00e7\u00e3o Social: complementa\u00e7\u00e3o de recursos no valor total de at\u00e9 R$ 968.000,00, para pagamento do benef\u00edcio tempor\u00e1rio de transfer\u00eancia de renda \u00e0s fam\u00edlias de origem e Concess\u00e3o de Benef\u00edcios Eventuais.<\/span><\/p>\n<p><span style=\"font-family: verdana, helvetica, sans-serif;\">Secretaria de A\u00e7\u00e3o Social: recursos de origem de transfer\u00eancias da Uni\u00e3o (IGD Bolsa Fam\u00edlia), destinados \u00e0 aquisi\u00e7\u00e3o de equipamentos para implanta\u00e7\u00e3o de 2 CRAS novos, sendo um na regi\u00e3o nordeste e outro na regi\u00e3o sudeste.<\/span><\/p>\n<p><span style=\"font-family: verdana, helvetica, sans-serif;\">Secretaria de A\u00e7\u00e3o Social: recurso de origem de transfer\u00eancia da Uni\u00e3o, que ser\u00e1 destinado \u00e0 entidade sem fins lucrativos Casa de Apoio Dom Pedro Luiz, referente a Emenda Parlamentar Federal para custeio, cujo recurso est\u00e1 dispon\u00edvel em conta banc\u00e1ria.<\/span><\/p>\n<p><span style=\"font-family: verdana, helvetica, sans-serif;\">Secretaria de Educa\u00e7\u00e3o &#8211; Atividades de Apoio \u00e0 Educa\u00e7\u00e3o: complementa\u00e7\u00e3o de recursos, no valor de R$ 85.000,00, destinados \u00e0s despesas de consumo de \u00e1gua e equipamentos.<\/span><\/p>\n<p><span style=\"font-family: verdana, helvetica, sans-serif;\">Secretaria de Educa\u00e7\u00e3o &#8211; Departamento de Esporte, Arte, Cultura e Lazer: cr\u00e9dito para realiza\u00e7\u00e3o da obra de constru\u00e7\u00e3o de po\u00e7o artesiano no Poliesportivo.<\/span><\/p>\n<p><span style=\"font-family: verdana, helvetica, sans-serif;\">Secretaria de Seguran\u00e7a: recursos da receita de aliena\u00e7\u00e3o de ve\u00edculos do P\u00e1tio, destinados \u00e0 presta\u00e7\u00e3o de servi\u00e7os, inclusive a contrata\u00e7\u00e3o de empresa especializada para presta\u00e7\u00e3o de servi\u00e7os de vigil\u00e2ncia\/seguran\u00e7a patrimonial desarmada para o p\u00e1tio modelo de ve\u00edculo e recursos complementares para a aquisi\u00e7\u00e3o de material de consumo.<\/span><\/p>\n<p><span style=\"font-family: verdana, helvetica, sans-serif;\">Secretaria de Seguran\u00e7a &#8211; Bombeiros: recursos complementares, no valor de R$ 150.000,00, destinados \u00e0 aquisi\u00e7\u00e3o de alimenta\u00e7\u00e3o em conformidade com o conv\u00eanio celebrado com o Governo do Estado para a manuten\u00e7\u00e3o do Corpo de Bombeiros no munic\u00edpio de Franca.<\/span><\/p>\n<p><span style=\"font-family: verdana, helvetica, sans-serif;\">Secretaria de Seguran\u00e7a &#8211; Tr\u00e2nsito: remanejamento de recursos de material permanente (equipamentos) para material de consumo, para manuten\u00e7\u00e3o dos servi\u00e7os de tr\u00e2nsito (tinta para pintura das vias p\u00fablicas, pe\u00e7as para manuten\u00e7\u00e3o dos ve\u00edculos do tr\u00e2nsito, pedras, grades para boca de lobo, placas de sinaliza\u00e7\u00e3o, suporte de placas, material semaf\u00f3rico, microesfera de vidro, postes e bombonas, entre outros materiais).<\/span><\/p>\n<div><span style=\"font-family: verdana, helvetica, sans-serif;\">Secretaria de Administra\u00e7\u00e3o: remanejamento de recursos de investimentos para material de consumo, para a manuten\u00e7\u00e3o das atividades de administra\u00e7\u00e3o e recursos humanos at\u00e9 o final do exerc\u00edcio. S\u00e3o despesas de higiene, limpeza, materiais para manuten\u00e7\u00e3o predial (el\u00e9trica, hidr\u00e1ulica), pe\u00e7as para manuten\u00e7\u00e3o dos ve\u00edculos da frota, material de expediente, entre outros destinados \u00e0 manuten\u00e7\u00e3o do Pa\u00e7o municipal.<\/span><\/div>\n","protected":false},"excerpt":{"rendered":"<p>Trata-se de altera\u00e7\u00f5es no Or\u00e7amento que permitir\u00e3o, \u00e0 Prefeitura, realizar despesas, em conformidade com os artigos de projetos As comiss\u00f5es\u00a0de\u00a0Legisla\u00e7\u00e3o, Justi\u00e7a e Reda\u00e7\u00e3o\u00a0e\u00a0de Finan\u00e7as e Or\u00e7amento\u00a0se<span class=\"excerpt-hellip\"> [\u2026]<\/span><\/p>\n","protected":false},"author":4,"featured_media":36485,"comment_status":"open","ping_status":"open","sticky":false,"template":"","format":"standard","meta":{"_jetpack_memberships_contains_paid_content":false,"footnotes":"","jetpack_publicize_message":"","jetpack_publicize_feature_enabled":true,"jetpack_social_post_already_shared":false,"jetpack_social_options":{"image_generator_settings":{"template":"highway","default_image_id":0,"enabled":false},"version":2}},"categories":[28,81],"tags":[],"class_list":["post-36484","post","type-post","status-publish","format-standard","has-post-thumbnail","hentry","category-cotidiano","category-manchete"],"yoast_head":"<!-- This site is optimized with the Yoast SEO plugin v25.6 - https:\/\/yoast.com\/wordpress\/plugins\/seo\/ -->\n<title>Comiss\u00f5es avaliam abertura de cr\u00e9ditos de R$ 9,4 milh\u00f5es para v\u00e1rias secretarias - VerdadeOn<\/title>\n<meta name=\"robots\" content=\"index, follow, max-snippet:-1, max-image-preview:large, max-video-preview:-1\" \/>\n<link rel=\"canonical\" href=\"https:\/\/verdadeon.com.br\/portal\/2023\/08\/03\/comissoes-avaliam-abertura-de-creditos-de-r-94-milhoes-para-varias-secretarias\/\" \/>\n<meta property=\"og:locale\" content=\"pt_BR\" \/>\n<meta property=\"og:type\" content=\"article\" \/>\n<meta property=\"og:title\" content=\"Comiss\u00f5es avaliam abertura de cr\u00e9ditos de R$ 9,4 milh\u00f5es para v\u00e1rias secretarias - VerdadeOn\" \/>\n<meta property=\"og:description\" content=\"Trata-se de altera\u00e7\u00f5es no Or\u00e7amento que permitir\u00e3o, \u00e0 Prefeitura, realizar despesas, em conformidade com os artigos de projetos As comiss\u00f5es\u00a0de\u00a0Legisla\u00e7\u00e3o, Justi\u00e7a e Reda\u00e7\u00e3o\u00a0e\u00a0de Finan\u00e7as e Or\u00e7amento\u00a0se [\u2026]\" \/>\n<meta property=\"og:url\" content=\"https:\/\/verdadeon.com.br\/portal\/2023\/08\/03\/comissoes-avaliam-abertura-de-creditos-de-r-94-milhoes-para-varias-secretarias\/\" \/>\n<meta property=\"og:site_name\" content=\"VerdadeOn\" \/>\n<meta property=\"article:published_time\" content=\"2023-08-04T01:31:48+00:00\" \/>\n<meta property=\"og:image\" content=\"https:\/\/verdadeon.com.br\/portal\/wp-content\/uploads\/2023\/08\/unnamed-12.jpg\" \/>\n\t<meta property=\"og:image:width\" content=\"1000\" \/>\n\t<meta property=\"og:image:height\" content=\"670\" \/>\n\t<meta property=\"og:image:type\" content=\"image\/jpeg\" \/>\n<meta name=\"author\" content=\"Fernando Calixto\" \/>\n<meta name=\"twitter:card\" content=\"summary_large_image\" \/>\n<meta name=\"twitter:label1\" content=\"Escrito por\" \/>\n\t<meta name=\"twitter:data1\" content=\"Fernando Calixto\" \/>\n\t<meta name=\"twitter:label2\" content=\"Est. tempo de leitura\" \/>\n\t<meta name=\"twitter:data2\" content=\"3 minutos\" \/>\n<script type=\"application\/ld+json\" class=\"yoast-schema-graph\">{\"@context\":\"https:\/\/schema.org\",\"@graph\":[{\"@type\":\"WebPage\",\"@id\":\"https:\/\/verdadeon.com.br\/portal\/2023\/08\/03\/comissoes-avaliam-abertura-de-creditos-de-r-94-milhoes-para-varias-secretarias\/\",\"url\":\"https:\/\/verdadeon.com.br\/portal\/2023\/08\/03\/comissoes-avaliam-abertura-de-creditos-de-r-94-milhoes-para-varias-secretarias\/\",\"name\":\"Comiss\u00f5es avaliam abertura de cr\u00e9ditos de R$ 9,4 milh\u00f5es para v\u00e1rias secretarias - VerdadeOn\",\"isPartOf\":{\"@id\":\"https:\/\/verdadeon.com.br\/portal\/#website\"},\"primaryImageOfPage\":{\"@id\":\"https:\/\/verdadeon.com.br\/portal\/2023\/08\/03\/comissoes-avaliam-abertura-de-creditos-de-r-94-milhoes-para-varias-secretarias\/#primaryimage\"},\"image\":{\"@id\":\"https:\/\/verdadeon.com.br\/portal\/2023\/08\/03\/comissoes-avaliam-abertura-de-creditos-de-r-94-milhoes-para-varias-secretarias\/#primaryimage\"},\"thumbnailUrl\":\"https:\/\/i0.wp.com\/verdadeon.com.br\/portal\/wp-content\/uploads\/2023\/08\/unnamed-12.jpg?fit=1000%2C670&ssl=1\",\"datePublished\":\"2023-08-04T01:31:48+00:00\",\"author\":{\"@id\":\"https:\/\/verdadeon.com.br\/portal\/#\/schema\/person\/8994718f49ee62ba5610471e29ca1f62\"},\"breadcrumb\":{\"@id\":\"https:\/\/verdadeon.com.br\/portal\/2023\/08\/03\/comissoes-avaliam-abertura-de-creditos-de-r-94-milhoes-para-varias-secretarias\/#breadcrumb\"},\"inLanguage\":\"pt-BR\",\"potentialAction\":[{\"@type\":\"ReadAction\",\"target\":[\"https:\/\/verdadeon.com.br\/portal\/2023\/08\/03\/comissoes-avaliam-abertura-de-creditos-de-r-94-milhoes-para-varias-secretarias\/\"]}]},{\"@type\":\"ImageObject\",\"inLanguage\":\"pt-BR\",\"@id\":\"https:\/\/verdadeon.com.br\/portal\/2023\/08\/03\/comissoes-avaliam-abertura-de-creditos-de-r-94-milhoes-para-varias-secretarias\/#primaryimage\",\"url\":\"https:\/\/i0.wp.com\/verdadeon.com.br\/portal\/wp-content\/uploads\/2023\/08\/unnamed-12.jpg?fit=1000%2C670&ssl=1\",\"contentUrl\":\"https:\/\/i0.wp.com\/verdadeon.com.br\/portal\/wp-content\/uploads\/2023\/08\/unnamed-12.jpg?fit=1000%2C670&ssl=1\",\"width\":1000,\"height\":670},{\"@type\":\"BreadcrumbList\",\"@id\":\"https:\/\/verdadeon.com.br\/portal\/2023\/08\/03\/comissoes-avaliam-abertura-de-creditos-de-r-94-milhoes-para-varias-secretarias\/#breadcrumb\",\"itemListElement\":[{\"@type\":\"ListItem\",\"position\":1,\"name\":\"In\u00edcio\",\"item\":\"https:\/\/verdadeon.com.br\/portal\/\"},{\"@type\":\"ListItem\",\"position\":2,\"name\":\"Comiss\u00f5es avaliam abertura de cr\u00e9ditos de R$ 9,4 milh\u00f5es para v\u00e1rias secretarias\"}]},{\"@type\":\"WebSite\",\"@id\":\"https:\/\/verdadeon.com.br\/portal\/#website\",\"url\":\"https:\/\/verdadeon.com.br\/portal\/\",\"name\":\"VerdadeOn\",\"description\":\"Not\u00edcias di\u00e1rias sobre Franca, Regi\u00e3o, Esporte, Cultura, Cotidiano, Colunas. Cobertura nos principais eventos da cidade \u00e9 aqui - Verdadeon Franca\",\"potentialAction\":[{\"@type\":\"SearchAction\",\"target\":{\"@type\":\"EntryPoint\",\"urlTemplate\":\"https:\/\/verdadeon.com.br\/portal\/?s={search_term_string}\"},\"query-input\":{\"@type\":\"PropertyValueSpecification\",\"valueRequired\":true,\"valueName\":\"search_term_string\"}}],\"inLanguage\":\"pt-BR\"},{\"@type\":\"Person\",\"@id\":\"https:\/\/verdadeon.com.br\/portal\/#\/schema\/person\/8994718f49ee62ba5610471e29ca1f62\",\"name\":\"Fernando Calixto\",\"image\":{\"@type\":\"ImageObject\",\"inLanguage\":\"pt-BR\",\"@id\":\"https:\/\/verdadeon.com.br\/portal\/#\/schema\/person\/image\/\",\"url\":\"https:\/\/secure.gravatar.com\/avatar\/7578910c24966c0316c340f9dbd601e93ee9f9212e1033968b367af9306bd9fb?s=96&d=mm&r=g\",\"contentUrl\":\"https:\/\/secure.gravatar.com\/avatar\/7578910c24966c0316c340f9dbd601e93ee9f9212e1033968b367af9306bd9fb?s=96&d=mm&r=g\",\"caption\":\"Fernando Calixto\"},\"url\":\"https:\/\/verdadeon.com.br\/portal\/author\/fernando-calixto\/\"}]}<\/script>\n<!-- \/ Yoast SEO plugin. -->","yoast_head_json":{"title":"Comiss\u00f5es avaliam abertura de cr\u00e9ditos de R$ 9,4 milh\u00f5es para v\u00e1rias secretarias - VerdadeOn","robots":{"index":"index","follow":"follow","max-snippet":"max-snippet:-1","max-image-preview":"max-image-preview:large","max-video-preview":"max-video-preview:-1"},"canonical":"https:\/\/verdadeon.com.br\/portal\/2023\/08\/03\/comissoes-avaliam-abertura-de-creditos-de-r-94-milhoes-para-varias-secretarias\/","og_locale":"pt_BR","og_type":"article","og_title":"Comiss\u00f5es avaliam abertura de cr\u00e9ditos de R$ 9,4 milh\u00f5es para v\u00e1rias secretarias - VerdadeOn","og_description":"Trata-se de altera\u00e7\u00f5es no Or\u00e7amento que permitir\u00e3o, \u00e0 Prefeitura, realizar despesas, em conformidade com os artigos de projetos As comiss\u00f5es\u00a0de\u00a0Legisla\u00e7\u00e3o, Justi\u00e7a e Reda\u00e7\u00e3o\u00a0e\u00a0de Finan\u00e7as e Or\u00e7amento\u00a0se [\u2026]","og_url":"https:\/\/verdadeon.com.br\/portal\/2023\/08\/03\/comissoes-avaliam-abertura-de-creditos-de-r-94-milhoes-para-varias-secretarias\/","og_site_name":"VerdadeOn","article_published_time":"2023-08-04T01:31:48+00:00","og_image":[{"width":1000,"height":670,"url":"https:\/\/verdadeon.com.br\/portal\/wp-content\/uploads\/2023\/08\/unnamed-12.jpg","type":"image\/jpeg"}],"author":"Fernando Calixto","twitter_card":"summary_large_image","twitter_misc":{"Escrito por":"Fernando Calixto","Est. tempo de leitura":"3 minutos"},"schema":{"@context":"https:\/\/schema.org","@graph":[{"@type":"WebPage","@id":"https:\/\/verdadeon.com.br\/portal\/2023\/08\/03\/comissoes-avaliam-abertura-de-creditos-de-r-94-milhoes-para-varias-secretarias\/","url":"https:\/\/verdadeon.com.br\/portal\/2023\/08\/03\/comissoes-avaliam-abertura-de-creditos-de-r-94-milhoes-para-varias-secretarias\/","name":"Comiss\u00f5es avaliam abertura de cr\u00e9ditos de R$ 9,4 milh\u00f5es para v\u00e1rias secretarias - VerdadeOn","isPartOf":{"@id":"https:\/\/verdadeon.com.br\/portal\/#website"},"primaryImageOfPage":{"@id":"https:\/\/verdadeon.com.br\/portal\/2023\/08\/03\/comissoes-avaliam-abertura-de-creditos-de-r-94-milhoes-para-varias-secretarias\/#primaryimage"},"image":{"@id":"https:\/\/verdadeon.com.br\/portal\/2023\/08\/03\/comissoes-avaliam-abertura-de-creditos-de-r-94-milhoes-para-varias-secretarias\/#primaryimage"},"thumbnailUrl":"https:\/\/i0.wp.com\/verdadeon.com.br\/portal\/wp-content\/uploads\/2023\/08\/unnamed-12.jpg?fit=1000%2C670&ssl=1","datePublished":"2023-08-04T01:31:48+00:00","author":{"@id":"https:\/\/verdadeon.com.br\/portal\/#\/schema\/person\/8994718f49ee62ba5610471e29ca1f62"},"breadcrumb":{"@id":"https:\/\/verdadeon.com.br\/portal\/2023\/08\/03\/comissoes-avaliam-abertura-de-creditos-de-r-94-milhoes-para-varias-secretarias\/#breadcrumb"},"inLanguage":"pt-BR","potentialAction":[{"@type":"ReadAction","target":["https:\/\/verdadeon.com.br\/portal\/2023\/08\/03\/comissoes-avaliam-abertura-de-creditos-de-r-94-milhoes-para-varias-secretarias\/"]}]},{"@type":"ImageObject","inLanguage":"pt-BR","@id":"https:\/\/verdadeon.com.br\/portal\/2023\/08\/03\/comissoes-avaliam-abertura-de-creditos-de-r-94-milhoes-para-varias-secretarias\/#primaryimage","url":"https:\/\/i0.wp.com\/verdadeon.com.br\/portal\/wp-content\/uploads\/2023\/08\/unnamed-12.jpg?fit=1000%2C670&ssl=1","contentUrl":"https:\/\/i0.wp.com\/verdadeon.com.br\/portal\/wp-content\/uploads\/2023\/08\/unnamed-12.jpg?fit=1000%2C670&ssl=1","width":1000,"height":670},{"@type":"BreadcrumbList","@id":"https:\/\/verdadeon.com.br\/portal\/2023\/08\/03\/comissoes-avaliam-abertura-de-creditos-de-r-94-milhoes-para-varias-secretarias\/#breadcrumb","itemListElement":[{"@type":"ListItem","position":1,"name":"In\u00edcio","item":"https:\/\/verdadeon.com.br\/portal\/"},{"@type":"ListItem","position":2,"name":"Comiss\u00f5es avaliam abertura de cr\u00e9ditos de R$ 9,4 milh\u00f5es para v\u00e1rias secretarias"}]},{"@type":"WebSite","@id":"https:\/\/verdadeon.com.br\/portal\/#website","url":"https:\/\/verdadeon.com.br\/portal\/","name":"VerdadeOn","description":"Not\u00edcias di\u00e1rias sobre Franca, Regi\u00e3o, Esporte, Cultura, Cotidiano, Colunas. Cobertura nos principais eventos da cidade \u00e9 aqui - Verdadeon Franca","potentialAction":[{"@type":"SearchAction","target":{"@type":"EntryPoint","urlTemplate":"https:\/\/verdadeon.com.br\/portal\/?s={search_term_string}"},"query-input":{"@type":"PropertyValueSpecification","valueRequired":true,"valueName":"search_term_string"}}],"inLanguage":"pt-BR"},{"@type":"Person","@id":"https:\/\/verdadeon.com.br\/portal\/#\/schema\/person\/8994718f49ee62ba5610471e29ca1f62","name":"Fernando Calixto","image":{"@type":"ImageObject","inLanguage":"pt-BR","@id":"https:\/\/verdadeon.com.br\/portal\/#\/schema\/person\/image\/","url":"https:\/\/secure.gravatar.com\/avatar\/7578910c24966c0316c340f9dbd601e93ee9f9212e1033968b367af9306bd9fb?s=96&d=mm&r=g","contentUrl":"https:\/\/secure.gravatar.com\/avatar\/7578910c24966c0316c340f9dbd601e93ee9f9212e1033968b367af9306bd9fb?s=96&d=mm&r=g","caption":"Fernando Calixto"},"url":"https:\/\/verdadeon.com.br\/portal\/author\/fernando-calixto\/"}]}},"jetpack_publicize_connections":[],"jetpack_featured_media_url":"https:\/\/i0.wp.com\/verdadeon.com.br\/portal\/wp-content\/uploads\/2023\/08\/unnamed-12.jpg?fit=1000%2C670&ssl=1","jetpack_sharing_enabled":true,"_links":{"self":[{"href":"https:\/\/verdadeon.com.br\/portal\/wp-json\/wp\/v2\/posts\/36484","targetHints":{"allow":["GET"]}}],"collection":[{"href":"https:\/\/verdadeon.com.br\/portal\/wp-json\/wp\/v2\/posts"}],"about":[{"href":"https:\/\/verdadeon.com.br\/portal\/wp-json\/wp\/v2\/types\/post"}],"author":[{"embeddable":true,"href":"https:\/\/verdadeon.com.br\/portal\/wp-json\/wp\/v2\/users\/4"}],"replies":[{"embeddable":true,"href":"https:\/\/verdadeon.com.br\/portal\/wp-json\/wp\/v2\/comments?post=36484"}],"version-history":[{"count":1,"href":"https:\/\/verdadeon.com.br\/portal\/wp-json\/wp\/v2\/posts\/36484\/revisions"}],"predecessor-version":[{"id":36486,"href":"https:\/\/verdadeon.com.br\/portal\/wp-json\/wp\/v2\/posts\/36484\/revisions\/36486"}],"wp:featuredmedia":[{"embeddable":true,"href":"https:\/\/verdadeon.com.br\/portal\/wp-json\/wp\/v2\/media\/36485"}],"wp:attachment":[{"href":"https:\/\/verdadeon.com.br\/portal\/wp-json\/wp\/v2\/media?parent=36484"}],"wp:term":[{"taxonomy":"category","embeddable":true,"href":"https:\/\/verdadeon.com.br\/portal\/wp-json\/wp\/v2\/categories?post=36484"},{"taxonomy":"post_tag","embeddable":true,"href":"https:\/\/verdadeon.com.br\/portal\/wp-json\/wp\/v2\/tags?post=36484"}],"curies":[{"name":"wp","href":"https:\/\/api.w.org\/{rel}","templated":true}]}}