{"id":36364,"date":"2023-07-31T15:10:53","date_gmt":"2023-07-31T18:10:53","guid":{"rendered":"https:\/\/verdadeon.com.br\/portal\/?p=36364"},"modified":"2023-07-31T15:10:53","modified_gmt":"2023-07-31T18:10:53","slug":"vereadores-debatem-sobre-contratacao-irregular-de-atletas-destinacao-de-predios-da-francal-e-antigo-4o-dp","status":"publish","type":"post","link":"https:\/\/verdadeon.com.br\/portal\/2023\/07\/31\/vereadores-debatem-sobre-contratacao-irregular-de-atletas-destinacao-de-predios-da-francal-e-antigo-4o-dp\/","title":{"rendered":"Vereadores debatem sobre contrata\u00e7\u00e3o irregular de atletas, destina\u00e7\u00e3o de pr\u00e9dios da Francal e antigo 4\u00ba DP"},"content":{"rendered":"<h2>Conhe\u00e7a alguns projetos que ser\u00e3o apreciados na 26\u00aa Sess\u00e3o Ordin\u00e1ria<\/h2>\n<p>Os vereadores se re\u00fanem nesta ter\u00e7a-feira, 1\u00ba de agosto, para discuss\u00e3o e vota\u00e7\u00f5es de projetos na 26\u00aa Sess\u00e3o Ordin\u00e1ria.<\/p>\n<p>No per\u00edodo da manh\u00e3 acontece o Expediente com as leituras dos documentos e of\u00edcios, al\u00e9m de uso da Tribuna tanto pelos mun\u00edcipes inscritos previamente e os pr\u00f3prios parlamentares, a partir das 9h. \u00c0 tarde, a partir das 14h, ser\u00e3o debatidos e votados os temas que passaram por an\u00e1lise das comiss\u00f5es da Casa de Leis e ou propostas que sejam inclu\u00eddas em regime de urg\u00eancia.<\/p>\n<p><strong>Atletas contratados irregularmente<\/strong><\/p>\n<p>Ser\u00e1 debatido e votado o Requerimento 408\/2023 de autoria do vereador Gilson Pelizaro (PT) a respeito do caso dos atletas contratados irregularmente pela Funda\u00e7\u00e3o para o Esporte, Arte e Cultura de Franca \u2013 FEAC.<\/p>\n<p>O vereador ressalta: &#8220;Tr\u00eas atletas foram contratados pela FEAC para disputar os Jogos Regionais na cidade de Barretos \u2013 SP, contrariando disposi\u00e7\u00e3o legal. Tal proibi\u00e7\u00e3o ensejou o ingresso de Representa\u00e7\u00e3o contra o Munic\u00edpio, que fora penalizado juntamente com os atletas irregulares&#8221;.<\/p>\n<p>Pelizaro questiona &#8220;a rela\u00e7\u00e3o de jogadores e t\u00e9cnicos pagos atrav\u00e9s do programa \u201cBolsa Atleta\u201d e \u201cBolsa T\u00e9cnico\u201d, em todas as modalidades; as raz\u00f5es pelas quais o portal da transpar\u00eancia da FEAC n\u00e3o se encontra atualizado com regularidade e a qual t\u00edtulo os atletas Gabriela da Silva Ara\u00fajo de S\u00e1, Bruna Let\u00edcia Ferreira Maia e Jossemar Silvestre de Lima foram pagos pelo munic\u00edpio de Franca&#8221;.<\/p>\n<p><strong>Estudos e provid\u00eancias<\/strong><\/p>\n<p>Ser\u00e1 analisado o Requerimento 428\/2023 de autoria do vereador Marcelo Tidy (Uni\u00e3o) solicitando estudos e provid\u00eancias para a compra de outro caminh\u00e3o para pintura de solo e sinaliza\u00e7\u00e3o de tr\u00e2nsito.<\/p>\n<p>Tamb\u00e9m do parlamentar, ainda ser\u00e1 apreciado o Requerimento 429\/2023 sobre estudos e provid\u00eancias para propor Projeto de Lei com a finalidade de garantir os direitos de trabalhadores terceirizados e para que n\u00e3o sejam prejudicados por eventuais desmanches de acordos entre o governo e as empresas privadas, nos moldes do Projeto de Lei n.\u00ba 624\/2023, da Assembleia Legislativa do Estado de S\u00e3o Paulo, conhecido como projeto \u201canticalote\u201d<\/p>\n<p>O vereador ainda apresentou o Requerimento 430\/2023 pedindo provid\u00eancias para a ilumina\u00e7\u00e3o p\u00fablica na \u00e1rea pr\u00f3xima ao ponto de \u00f4nibus e ponto de t\u00e1xi, tendo, como refer\u00eancia, a loja Irm\u00e3os Patroc\u00ednio e Pra\u00e7a Primeiro de Maio (Pra\u00e7a da Jussara).<\/p>\n<p>E tamb\u00e9m o Requerimento 431\/2023 questionando sobre estudos e provid\u00eancias para a reforma do piso da prefeitura e instala\u00e7\u00e3o de piso t\u00e1til na cal\u00e7ada externa e p\u00e1tio do estacionamento.<\/p>\n<p><strong>Pr\u00e9dio da Francal<\/strong><\/p>\n<p>Ser\u00e1 apresentado o Requerimento 439\/2023 cobrando informa\u00e7\u00f5es se h\u00e1 planejamento para reforma do pr\u00e9dio conhecido como Pavilh\u00e3o da Francal.<\/p>\n<p>De autoria do vereador Daniel Bassi (PSDB) os vereadores debatem e votam o Requerimento 437\/2023 questionando a Prefeitura se existem estudos visando um prop\u00f3sito ou se j\u00e1 h\u00e1 finalidade definida para o pr\u00e9dio do antigo 4\u00ba DP da Pol\u00edcia Civil, localizado na Av. Carlos Roberto Haddad, 290, no Jardim Aeroporto I.<\/p>\n","protected":false},"excerpt":{"rendered":"<p>Conhe\u00e7a alguns projetos que ser\u00e3o apreciados na 26\u00aa Sess\u00e3o Ordin\u00e1ria Os vereadores se re\u00fanem nesta ter\u00e7a-feira, 1\u00ba de agosto, para discuss\u00e3o e vota\u00e7\u00f5es de projetos na<span class=\"excerpt-hellip\"> [\u2026]<\/span><\/p>\n","protected":false},"author":10,"featured_media":36030,"comment_status":"open","ping_status":"open","sticky":false,"template":"","format":"standard","meta":{"_jetpack_memberships_contains_paid_content":false,"footnotes":"","jetpack_publicize_message":"","jetpack_publicize_feature_enabled":true,"jetpack_social_post_already_shared":false,"jetpack_social_options":{"image_generator_settings":{"template":"highway","default_image_id":0,"enabled":false},"version":2}},"categories":[28,44],"tags":[],"class_list":["post-36364","post","type-post","status-publish","format-standard","has-post-thumbnail","hentry","category-cotidiano","category-noticias"],"yoast_head":"<!-- This site is optimized with the Yoast SEO plugin v25.6 - https:\/\/yoast.com\/wordpress\/plugins\/seo\/ -->\n<title>Vereadores debatem sobre contrata\u00e7\u00e3o irregular de atletas, destina\u00e7\u00e3o de pr\u00e9dios da Francal e antigo 4\u00ba DP - VerdadeOn<\/title>\n<meta name=\"robots\" content=\"index, follow, max-snippet:-1, max-image-preview:large, max-video-preview:-1\" \/>\n<link rel=\"canonical\" href=\"https:\/\/verdadeon.com.br\/portal\/2023\/07\/31\/vereadores-debatem-sobre-contratacao-irregular-de-atletas-destinacao-de-predios-da-francal-e-antigo-4o-dp\/\" \/>\n<meta property=\"og:locale\" content=\"pt_BR\" \/>\n<meta property=\"og:type\" content=\"article\" \/>\n<meta property=\"og:title\" content=\"Vereadores debatem sobre contrata\u00e7\u00e3o irregular de atletas, destina\u00e7\u00e3o de pr\u00e9dios da Francal e antigo 4\u00ba DP - VerdadeOn\" \/>\n<meta property=\"og:description\" content=\"Conhe\u00e7a alguns projetos que ser\u00e3o apreciados na 26\u00aa Sess\u00e3o Ordin\u00e1ria Os vereadores se re\u00fanem nesta ter\u00e7a-feira, 1\u00ba de agosto, para discuss\u00e3o e vota\u00e7\u00f5es de projetos na [\u2026]\" \/>\n<meta property=\"og:url\" content=\"https:\/\/verdadeon.com.br\/portal\/2023\/07\/31\/vereadores-debatem-sobre-contratacao-irregular-de-atletas-destinacao-de-predios-da-francal-e-antigo-4o-dp\/\" \/>\n<meta property=\"og:site_name\" content=\"VerdadeOn\" \/>\n<meta property=\"article:published_time\" content=\"2023-07-31T18:10:53+00:00\" \/>\n<meta property=\"og:image\" content=\"https:\/\/verdadeon.com.br\/portal\/wp-content\/uploads\/2023\/07\/24sessao-3.jpg\" \/>\n\t<meta property=\"og:image:width\" content=\"994\" \/>\n\t<meta property=\"og:image:height\" content=\"666\" \/>\n\t<meta property=\"og:image:type\" content=\"image\/jpeg\" \/>\n<meta name=\"author\" content=\"Redacao VerdadeOn\" \/>\n<meta name=\"twitter:card\" content=\"summary_large_image\" \/>\n<meta name=\"twitter:label1\" content=\"Escrito por\" \/>\n\t<meta name=\"twitter:data1\" content=\"Redacao VerdadeOn\" \/>\n\t<meta name=\"twitter:label2\" content=\"Est. tempo de leitura\" \/>\n\t<meta name=\"twitter:data2\" content=\"3 minutos\" \/>\n<script type=\"application\/ld+json\" class=\"yoast-schema-graph\">{\"@context\":\"https:\/\/schema.org\",\"@graph\":[{\"@type\":\"WebPage\",\"@id\":\"https:\/\/verdadeon.com.br\/portal\/2023\/07\/31\/vereadores-debatem-sobre-contratacao-irregular-de-atletas-destinacao-de-predios-da-francal-e-antigo-4o-dp\/\",\"url\":\"https:\/\/verdadeon.com.br\/portal\/2023\/07\/31\/vereadores-debatem-sobre-contratacao-irregular-de-atletas-destinacao-de-predios-da-francal-e-antigo-4o-dp\/\",\"name\":\"Vereadores debatem sobre contrata\u00e7\u00e3o irregular de atletas, destina\u00e7\u00e3o de pr\u00e9dios da Francal e antigo 4\u00ba DP - VerdadeOn\",\"isPartOf\":{\"@id\":\"https:\/\/verdadeon.com.br\/portal\/#website\"},\"primaryImageOfPage\":{\"@id\":\"https:\/\/verdadeon.com.br\/portal\/2023\/07\/31\/vereadores-debatem-sobre-contratacao-irregular-de-atletas-destinacao-de-predios-da-francal-e-antigo-4o-dp\/#primaryimage\"},\"image\":{\"@id\":\"https:\/\/verdadeon.com.br\/portal\/2023\/07\/31\/vereadores-debatem-sobre-contratacao-irregular-de-atletas-destinacao-de-predios-da-francal-e-antigo-4o-dp\/#primaryimage\"},\"thumbnailUrl\":\"https:\/\/i0.wp.com\/verdadeon.com.br\/portal\/wp-content\/uploads\/2023\/07\/24sessao-3.jpg?fit=994%2C666&ssl=1\",\"datePublished\":\"2023-07-31T18:10:53+00:00\",\"author\":{\"@id\":\"https:\/\/verdadeon.com.br\/portal\/#\/schema\/person\/a5060ad1e9ea3df545188fc93ce43d2f\"},\"breadcrumb\":{\"@id\":\"https:\/\/verdadeon.com.br\/portal\/2023\/07\/31\/vereadores-debatem-sobre-contratacao-irregular-de-atletas-destinacao-de-predios-da-francal-e-antigo-4o-dp\/#breadcrumb\"},\"inLanguage\":\"pt-BR\",\"potentialAction\":[{\"@type\":\"ReadAction\",\"target\":[\"https:\/\/verdadeon.com.br\/portal\/2023\/07\/31\/vereadores-debatem-sobre-contratacao-irregular-de-atletas-destinacao-de-predios-da-francal-e-antigo-4o-dp\/\"]}]},{\"@type\":\"ImageObject\",\"inLanguage\":\"pt-BR\",\"@id\":\"https:\/\/verdadeon.com.br\/portal\/2023\/07\/31\/vereadores-debatem-sobre-contratacao-irregular-de-atletas-destinacao-de-predios-da-francal-e-antigo-4o-dp\/#primaryimage\",\"url\":\"https:\/\/i0.wp.com\/verdadeon.com.br\/portal\/wp-content\/uploads\/2023\/07\/24sessao-3.jpg?fit=994%2C666&ssl=1\",\"contentUrl\":\"https:\/\/i0.wp.com\/verdadeon.com.br\/portal\/wp-content\/uploads\/2023\/07\/24sessao-3.jpg?fit=994%2C666&ssl=1\",\"width\":994,\"height\":666},{\"@type\":\"BreadcrumbList\",\"@id\":\"https:\/\/verdadeon.com.br\/portal\/2023\/07\/31\/vereadores-debatem-sobre-contratacao-irregular-de-atletas-destinacao-de-predios-da-francal-e-antigo-4o-dp\/#breadcrumb\",\"itemListElement\":[{\"@type\":\"ListItem\",\"position\":1,\"name\":\"In\u00edcio\",\"item\":\"https:\/\/verdadeon.com.br\/portal\/\"},{\"@type\":\"ListItem\",\"position\":2,\"name\":\"Vereadores debatem sobre contrata\u00e7\u00e3o irregular de atletas, destina\u00e7\u00e3o de pr\u00e9dios da Francal e antigo 4\u00ba DP\"}]},{\"@type\":\"WebSite\",\"@id\":\"https:\/\/verdadeon.com.br\/portal\/#website\",\"url\":\"https:\/\/verdadeon.com.br\/portal\/\",\"name\":\"VerdadeOn\",\"description\":\"Not\u00edcias di\u00e1rias sobre Franca, Regi\u00e3o, Esporte, Cultura, Cotidiano, Colunas. Cobertura nos principais eventos da cidade \u00e9 aqui - Verdadeon Franca\",\"potentialAction\":[{\"@type\":\"SearchAction\",\"target\":{\"@type\":\"EntryPoint\",\"urlTemplate\":\"https:\/\/verdadeon.com.br\/portal\/?s={search_term_string}\"},\"query-input\":{\"@type\":\"PropertyValueSpecification\",\"valueRequired\":true,\"valueName\":\"search_term_string\"}}],\"inLanguage\":\"pt-BR\"},{\"@type\":\"Person\",\"@id\":\"https:\/\/verdadeon.com.br\/portal\/#\/schema\/person\/a5060ad1e9ea3df545188fc93ce43d2f\",\"name\":\"Redacao VerdadeOn\",\"image\":{\"@type\":\"ImageObject\",\"inLanguage\":\"pt-BR\",\"@id\":\"https:\/\/verdadeon.com.br\/portal\/#\/schema\/person\/image\/\",\"url\":\"https:\/\/secure.gravatar.com\/avatar\/459a9613caaaf07f582c3d0841eea68bdd66f533e465e6ba8b9cb45619572cf4?s=96&d=mm&r=g\",\"contentUrl\":\"https:\/\/secure.gravatar.com\/avatar\/459a9613caaaf07f582c3d0841eea68bdd66f533e465e6ba8b9cb45619572cf4?s=96&d=mm&r=g\",\"caption\":\"Redacao VerdadeOn\"},\"url\":\"https:\/\/verdadeon.com.br\/portal\/author\/redacao\/\"}]}<\/script>\n<!-- \/ Yoast SEO plugin. -->","yoast_head_json":{"title":"Vereadores debatem sobre contrata\u00e7\u00e3o irregular de atletas, destina\u00e7\u00e3o de pr\u00e9dios da Francal e antigo 4\u00ba DP - VerdadeOn","robots":{"index":"index","follow":"follow","max-snippet":"max-snippet:-1","max-image-preview":"max-image-preview:large","max-video-preview":"max-video-preview:-1"},"canonical":"https:\/\/verdadeon.com.br\/portal\/2023\/07\/31\/vereadores-debatem-sobre-contratacao-irregular-de-atletas-destinacao-de-predios-da-francal-e-antigo-4o-dp\/","og_locale":"pt_BR","og_type":"article","og_title":"Vereadores debatem sobre contrata\u00e7\u00e3o irregular de atletas, destina\u00e7\u00e3o de pr\u00e9dios da Francal e antigo 4\u00ba DP - VerdadeOn","og_description":"Conhe\u00e7a alguns projetos que ser\u00e3o apreciados na 26\u00aa Sess\u00e3o Ordin\u00e1ria Os vereadores se re\u00fanem nesta ter\u00e7a-feira, 1\u00ba de agosto, para discuss\u00e3o e vota\u00e7\u00f5es de projetos na [\u2026]","og_url":"https:\/\/verdadeon.com.br\/portal\/2023\/07\/31\/vereadores-debatem-sobre-contratacao-irregular-de-atletas-destinacao-de-predios-da-francal-e-antigo-4o-dp\/","og_site_name":"VerdadeOn","article_published_time":"2023-07-31T18:10:53+00:00","og_image":[{"width":994,"height":666,"url":"https:\/\/verdadeon.com.br\/portal\/wp-content\/uploads\/2023\/07\/24sessao-3.jpg","type":"image\/jpeg"}],"author":"Redacao VerdadeOn","twitter_card":"summary_large_image","twitter_misc":{"Escrito por":"Redacao VerdadeOn","Est. tempo de leitura":"3 minutos"},"schema":{"@context":"https:\/\/schema.org","@graph":[{"@type":"WebPage","@id":"https:\/\/verdadeon.com.br\/portal\/2023\/07\/31\/vereadores-debatem-sobre-contratacao-irregular-de-atletas-destinacao-de-predios-da-francal-e-antigo-4o-dp\/","url":"https:\/\/verdadeon.com.br\/portal\/2023\/07\/31\/vereadores-debatem-sobre-contratacao-irregular-de-atletas-destinacao-de-predios-da-francal-e-antigo-4o-dp\/","name":"Vereadores debatem sobre contrata\u00e7\u00e3o irregular de atletas, destina\u00e7\u00e3o de pr\u00e9dios da Francal e antigo 4\u00ba DP - VerdadeOn","isPartOf":{"@id":"https:\/\/verdadeon.com.br\/portal\/#website"},"primaryImageOfPage":{"@id":"https:\/\/verdadeon.com.br\/portal\/2023\/07\/31\/vereadores-debatem-sobre-contratacao-irregular-de-atletas-destinacao-de-predios-da-francal-e-antigo-4o-dp\/#primaryimage"},"image":{"@id":"https:\/\/verdadeon.com.br\/portal\/2023\/07\/31\/vereadores-debatem-sobre-contratacao-irregular-de-atletas-destinacao-de-predios-da-francal-e-antigo-4o-dp\/#primaryimage"},"thumbnailUrl":"https:\/\/i0.wp.com\/verdadeon.com.br\/portal\/wp-content\/uploads\/2023\/07\/24sessao-3.jpg?fit=994%2C666&ssl=1","datePublished":"2023-07-31T18:10:53+00:00","author":{"@id":"https:\/\/verdadeon.com.br\/portal\/#\/schema\/person\/a5060ad1e9ea3df545188fc93ce43d2f"},"breadcrumb":{"@id":"https:\/\/verdadeon.com.br\/portal\/2023\/07\/31\/vereadores-debatem-sobre-contratacao-irregular-de-atletas-destinacao-de-predios-da-francal-e-antigo-4o-dp\/#breadcrumb"},"inLanguage":"pt-BR","potentialAction":[{"@type":"ReadAction","target":["https:\/\/verdadeon.com.br\/portal\/2023\/07\/31\/vereadores-debatem-sobre-contratacao-irregular-de-atletas-destinacao-de-predios-da-francal-e-antigo-4o-dp\/"]}]},{"@type":"ImageObject","inLanguage":"pt-BR","@id":"https:\/\/verdadeon.com.br\/portal\/2023\/07\/31\/vereadores-debatem-sobre-contratacao-irregular-de-atletas-destinacao-de-predios-da-francal-e-antigo-4o-dp\/#primaryimage","url":"https:\/\/i0.wp.com\/verdadeon.com.br\/portal\/wp-content\/uploads\/2023\/07\/24sessao-3.jpg?fit=994%2C666&ssl=1","contentUrl":"https:\/\/i0.wp.com\/verdadeon.com.br\/portal\/wp-content\/uploads\/2023\/07\/24sessao-3.jpg?fit=994%2C666&ssl=1","width":994,"height":666},{"@type":"BreadcrumbList","@id":"https:\/\/verdadeon.com.br\/portal\/2023\/07\/31\/vereadores-debatem-sobre-contratacao-irregular-de-atletas-destinacao-de-predios-da-francal-e-antigo-4o-dp\/#breadcrumb","itemListElement":[{"@type":"ListItem","position":1,"name":"In\u00edcio","item":"https:\/\/verdadeon.com.br\/portal\/"},{"@type":"ListItem","position":2,"name":"Vereadores debatem sobre contrata\u00e7\u00e3o irregular de atletas, destina\u00e7\u00e3o de pr\u00e9dios da Francal e antigo 4\u00ba DP"}]},{"@type":"WebSite","@id":"https:\/\/verdadeon.com.br\/portal\/#website","url":"https:\/\/verdadeon.com.br\/portal\/","name":"VerdadeOn","description":"Not\u00edcias di\u00e1rias sobre Franca, Regi\u00e3o, Esporte, Cultura, Cotidiano, Colunas. Cobertura nos principais eventos da cidade \u00e9 aqui - Verdadeon Franca","potentialAction":[{"@type":"SearchAction","target":{"@type":"EntryPoint","urlTemplate":"https:\/\/verdadeon.com.br\/portal\/?s={search_term_string}"},"query-input":{"@type":"PropertyValueSpecification","valueRequired":true,"valueName":"search_term_string"}}],"inLanguage":"pt-BR"},{"@type":"Person","@id":"https:\/\/verdadeon.com.br\/portal\/#\/schema\/person\/a5060ad1e9ea3df545188fc93ce43d2f","name":"Redacao VerdadeOn","image":{"@type":"ImageObject","inLanguage":"pt-BR","@id":"https:\/\/verdadeon.com.br\/portal\/#\/schema\/person\/image\/","url":"https:\/\/secure.gravatar.com\/avatar\/459a9613caaaf07f582c3d0841eea68bdd66f533e465e6ba8b9cb45619572cf4?s=96&d=mm&r=g","contentUrl":"https:\/\/secure.gravatar.com\/avatar\/459a9613caaaf07f582c3d0841eea68bdd66f533e465e6ba8b9cb45619572cf4?s=96&d=mm&r=g","caption":"Redacao VerdadeOn"},"url":"https:\/\/verdadeon.com.br\/portal\/author\/redacao\/"}]}},"jetpack_publicize_connections":[],"jetpack_featured_media_url":"https:\/\/i0.wp.com\/verdadeon.com.br\/portal\/wp-content\/uploads\/2023\/07\/24sessao-3.jpg?fit=994%2C666&ssl=1","jetpack_sharing_enabled":true,"_links":{"self":[{"href":"https:\/\/verdadeon.com.br\/portal\/wp-json\/wp\/v2\/posts\/36364","targetHints":{"allow":["GET"]}}],"collection":[{"href":"https:\/\/verdadeon.com.br\/portal\/wp-json\/wp\/v2\/posts"}],"about":[{"href":"https:\/\/verdadeon.com.br\/portal\/wp-json\/wp\/v2\/types\/post"}],"author":[{"embeddable":true,"href":"https:\/\/verdadeon.com.br\/portal\/wp-json\/wp\/v2\/users\/10"}],"replies":[{"embeddable":true,"href":"https:\/\/verdadeon.com.br\/portal\/wp-json\/wp\/v2\/comments?post=36364"}],"version-history":[{"count":1,"href":"https:\/\/verdadeon.com.br\/portal\/wp-json\/wp\/v2\/posts\/36364\/revisions"}],"predecessor-version":[{"id":36365,"href":"https:\/\/verdadeon.com.br\/portal\/wp-json\/wp\/v2\/posts\/36364\/revisions\/36365"}],"wp:featuredmedia":[{"embeddable":true,"href":"https:\/\/verdadeon.com.br\/portal\/wp-json\/wp\/v2\/media\/36030"}],"wp:attachment":[{"href":"https:\/\/verdadeon.com.br\/portal\/wp-json\/wp\/v2\/media?parent=36364"}],"wp:term":[{"taxonomy":"category","embeddable":true,"href":"https:\/\/verdadeon.com.br\/portal\/wp-json\/wp\/v2\/categories?post=36364"},{"taxonomy":"post_tag","embeddable":true,"href":"https:\/\/verdadeon.com.br\/portal\/wp-json\/wp\/v2\/tags?post=36364"}],"curies":[{"name":"wp","href":"https:\/\/api.w.org\/{rel}","templated":true}]}}