{"id":36356,"date":"2023-07-31T13:09:47","date_gmt":"2023-07-31T16:09:47","guid":{"rendered":"https:\/\/verdadeon.com.br\/portal\/?p=36356"},"modified":"2023-07-31T13:09:47","modified_gmt":"2023-07-31T16:09:47","slug":"sindrome-de-turner-agora-pode-ser-detectada-no-teste-genetico-da-bochechinha","status":"publish","type":"post","link":"https:\/\/verdadeon.com.br\/portal\/2023\/07\/31\/sindrome-de-turner-agora-pode-ser-detectada-no-teste-genetico-da-bochechinha\/","title":{"rendered":"S\u00edndrome de Turner agora pode ser detectada no Teste Gen\u00e9tico da Bochechinha"},"content":{"rendered":"<h2>Hoje, at\u00e9 50% das meninas afetadas por essa condi\u00e7\u00e3o gen\u00e9tica rara s\u00f3 recebe o diagn\u00f3stico ap\u00f3s os 15 anos. A novidade j\u00e1 est\u00e1 dispon\u00edvel nas unidades do Sabin Diagn\u00f3stico e Sa\u00fade de Franca<\/h2>\n<p>A S\u00edndrome de Turner \u00e9 uma condi\u00e7\u00e3o gen\u00e9tica rara que afeta apenas mulheres e ocorre quando h\u00e1 a aus\u00eancia total ou parcial do segundo cromossomo sexual (monossomia). Cerca de 1 para cada 2.500 nascimentos femininos em todo o mundo possuem essa condi\u00e7\u00e3o. Atento ao impacto do diagn\u00f3stico precoce na qualidade de vida dos portadores dessa condi\u00e7\u00e3o, a equipe de Gen\u00f4mica do Sabin Diagn\u00f3stico e Sa\u00fade desenvolveu m\u00e9todo para a detec\u00e7\u00e3o no Teste Gen\u00e9tico da Bochechinha oferecido em sua rede.<\/p>\n<p>Desta forma, a partir de agora, ser\u00e1 poss\u00edvel j\u00e1 nos primeiros dias de vida, realizar a triagem para a s\u00edndrome e outras doen\u00e7as gen\u00e9ticas, a partir da amostra \u00fanica de saliva da bochecha da rec\u00e9m-nascida, colhida por profissionais com um cotonete especial.<\/p>\n<p>As manifesta\u00e7\u00f5es da s\u00edndrome de Turner incluem baixa estatura, excesso de pele no pesco\u00e7o, t\u00f3rax largo e atraso do desenvolvimento de caracter\u00edsticas sexuais secund\u00e1rias na puberdade. A doen\u00e7a pode causar uma s\u00e9rie de complica\u00e7\u00f5es, como altera\u00e7\u00f5es cardiovasculares, hipotireoidismo, defici\u00eancia auditiva e infertilidade. O tratamento adequado pode ajudar a prevenir ou minimizar complica\u00e7\u00f5es associadas \u00e0 s\u00edndrome, por isso o diagn\u00f3stico precoce \u00e9 fundamental.<\/p>\n<p>O quadro cl\u00ednico associado \u00e0 s\u00edndrome de Turner pode variar entre pacientes e algumas manifesta\u00e7\u00f5es podem ocorrer em fases diferentes do desenvolvimento da crian\u00e7a, por isso o seu processo de diagn\u00f3stico pode ser demorado. Hoje estima-se que cerca de metade das portadoras dessa condi\u00e7\u00e3o, s\u00f3 cheguem ao diagn\u00f3stico ap\u00f3s a puberdade, quando parte de suas complica\u00e7\u00f5es j\u00e1 se apresentou. O tratamento da s\u00edndrome de Turner depende das altera\u00e7\u00f5es cl\u00ednicas apresentadas pela paciente. Algumas op\u00e7\u00f5es incluem terapia hormonal para estimular o crescimento e desenvolvimento sexual e tratamento para problemas card\u00edacos e renais.<\/p>\n<p>\u201cOs estudos de sequenciamento gen\u00e9tico de nova gera\u00e7\u00e3o (NGS), t\u00e9cnica utilizada para an\u00e1lise das amostras dos testes gen\u00e9ticos da bochechinha, t\u00eam contribu\u00eddo de forma significativa para diagn\u00f3sticos cada vez mais eficazes de altera\u00e7\u00f5es gen\u00e9ticas, permitindo identificar variantes clinicamente relevantes, que podem auxiliar na defini\u00e7\u00e3o do tratamento ideal para cada paciente\u201d, explica a m\u00e9dica geneticista do Sabin Diagn\u00f3stico e Sa\u00fade, Rosenelle Araujo.<\/p>\n<p>S\u00e3o doen\u00e7as que, se diagnosticadas precocemente, podem ser acompanhadas e tratadas corretamente desde os primeiros dias de vida. No caso da S\u00edndrome de Turner, a identifica\u00e7\u00e3o vai permitir que o beb\u00ea seja adequadamente acompanhado por especialistas, a fim de rastrear altera\u00e7\u00f5es cong\u00eanitas e identificar precocemente altera\u00e7\u00f5es cl\u00ednicas que podem surgir meses ou at\u00e9 anos ap\u00f3s o nascimento.<\/p>\n<p>\u201cO NGS produz um volume muito grande de informa\u00e7\u00f5es e nossa equipe de Gen\u00f4mica tem trabalhado para identificar, com base nos estudos cient\u00edficos mais atuais, quais condi\u00e7\u00f5es gen\u00e9ticas poder\u00e3o trazer benef\u00edcios cl\u00ednicos \u00e0s crian\u00e7as com o diagn\u00f3stico precoce e fazendo a sua inclus\u00e3o no Teste Gen\u00e9tico da Bochechinha. Fizemos isso com a Atrofia Muscular Espinhal (AME) em 2022, com o Citomegalov\u00edrus Cong\u00eanito no in\u00edcio de 2023, e agora com a S\u00edndrome de Turner. Desta forma, oferecemos um exame de triagem cada vez mais amplo, que poder\u00e1 apoiar o m\u00e9dico a entender, se antecipar \u00e0s poss\u00edveis complica\u00e7\u00f5es e tratar de forma mais adequada as manifesta\u00e7\u00f5es que possam aparecer ao longo do per\u00edodo de desenvolvimento dessa crian\u00e7a\u201d, explica o coordenador da Gen\u00f4mica no Sabin Diagn\u00f3stico e Sa\u00fade, Gustavo Barra.<\/p>\n","protected":false},"excerpt":{"rendered":"<p>Hoje, at\u00e9 50% das meninas afetadas por essa condi\u00e7\u00e3o gen\u00e9tica rara s\u00f3 recebe o diagn\u00f3stico ap\u00f3s os 15 anos. A novidade j\u00e1 est\u00e1 dispon\u00edvel nas unidades<span class=\"excerpt-hellip\"> [\u2026]<\/span><\/p>\n","protected":false},"author":10,"featured_media":36357,"comment_status":"open","ping_status":"open","sticky":false,"template":"","format":"standard","meta":{"_jetpack_memberships_contains_paid_content":false,"footnotes":"","jetpack_publicize_message":"","jetpack_publicize_feature_enabled":true,"jetpack_social_post_already_shared":false,"jetpack_social_options":{"image_generator_settings":{"template":"highway","default_image_id":0,"enabled":false},"version":2}},"categories":[28,44],"tags":[],"class_list":["post-36356","post","type-post","status-publish","format-standard","has-post-thumbnail","hentry","category-cotidiano","category-noticias"],"yoast_head":"<!-- This site is optimized with the Yoast SEO plugin v25.6 - https:\/\/yoast.com\/wordpress\/plugins\/seo\/ -->\n<title>S\u00edndrome de Turner agora pode ser detectada no Teste Gen\u00e9tico da Bochechinha - VerdadeOn<\/title>\n<meta name=\"robots\" content=\"index, follow, max-snippet:-1, max-image-preview:large, max-video-preview:-1\" \/>\n<link rel=\"canonical\" href=\"https:\/\/verdadeon.com.br\/portal\/2023\/07\/31\/sindrome-de-turner-agora-pode-ser-detectada-no-teste-genetico-da-bochechinha\/\" \/>\n<meta property=\"og:locale\" content=\"pt_BR\" \/>\n<meta property=\"og:type\" content=\"article\" \/>\n<meta property=\"og:title\" content=\"S\u00edndrome de Turner agora pode ser detectada no Teste Gen\u00e9tico da Bochechinha - VerdadeOn\" \/>\n<meta property=\"og:description\" content=\"Hoje, at\u00e9 50% das meninas afetadas por essa condi\u00e7\u00e3o gen\u00e9tica rara s\u00f3 recebe o diagn\u00f3stico ap\u00f3s os 15 anos. A novidade j\u00e1 est\u00e1 dispon\u00edvel nas unidades [\u2026]\" \/>\n<meta property=\"og:url\" content=\"https:\/\/verdadeon.com.br\/portal\/2023\/07\/31\/sindrome-de-turner-agora-pode-ser-detectada-no-teste-genetico-da-bochechinha\/\" \/>\n<meta property=\"og:site_name\" content=\"VerdadeOn\" \/>\n<meta property=\"article:published_time\" content=\"2023-07-31T16:09:47+00:00\" \/>\n<meta property=\"og:image\" content=\"https:\/\/verdadeon.com.br\/portal\/wp-content\/uploads\/2023\/07\/unnamed-9.jpg\" \/>\n\t<meta property=\"og:image:width\" content=\"796\" \/>\n\t<meta property=\"og:image:height\" content=\"533\" \/>\n\t<meta property=\"og:image:type\" content=\"image\/jpeg\" \/>\n<meta name=\"author\" content=\"Redacao VerdadeOn\" \/>\n<meta name=\"twitter:card\" content=\"summary_large_image\" \/>\n<meta name=\"twitter:label1\" content=\"Escrito por\" \/>\n\t<meta name=\"twitter:data1\" content=\"Redacao VerdadeOn\" \/>\n\t<meta name=\"twitter:label2\" content=\"Est. tempo de leitura\" \/>\n\t<meta name=\"twitter:data2\" content=\"3 minutos\" \/>\n<script type=\"application\/ld+json\" class=\"yoast-schema-graph\">{\"@context\":\"https:\/\/schema.org\",\"@graph\":[{\"@type\":\"WebPage\",\"@id\":\"https:\/\/verdadeon.com.br\/portal\/2023\/07\/31\/sindrome-de-turner-agora-pode-ser-detectada-no-teste-genetico-da-bochechinha\/\",\"url\":\"https:\/\/verdadeon.com.br\/portal\/2023\/07\/31\/sindrome-de-turner-agora-pode-ser-detectada-no-teste-genetico-da-bochechinha\/\",\"name\":\"S\u00edndrome de Turner agora pode ser detectada no Teste Gen\u00e9tico da Bochechinha - VerdadeOn\",\"isPartOf\":{\"@id\":\"https:\/\/verdadeon.com.br\/portal\/#website\"},\"primaryImageOfPage\":{\"@id\":\"https:\/\/verdadeon.com.br\/portal\/2023\/07\/31\/sindrome-de-turner-agora-pode-ser-detectada-no-teste-genetico-da-bochechinha\/#primaryimage\"},\"image\":{\"@id\":\"https:\/\/verdadeon.com.br\/portal\/2023\/07\/31\/sindrome-de-turner-agora-pode-ser-detectada-no-teste-genetico-da-bochechinha\/#primaryimage\"},\"thumbnailUrl\":\"https:\/\/i0.wp.com\/verdadeon.com.br\/portal\/wp-content\/uploads\/2023\/07\/unnamed-9.jpg?fit=796%2C533&ssl=1\",\"datePublished\":\"2023-07-31T16:09:47+00:00\",\"author\":{\"@id\":\"https:\/\/verdadeon.com.br\/portal\/#\/schema\/person\/a5060ad1e9ea3df545188fc93ce43d2f\"},\"breadcrumb\":{\"@id\":\"https:\/\/verdadeon.com.br\/portal\/2023\/07\/31\/sindrome-de-turner-agora-pode-ser-detectada-no-teste-genetico-da-bochechinha\/#breadcrumb\"},\"inLanguage\":\"pt-BR\",\"potentialAction\":[{\"@type\":\"ReadAction\",\"target\":[\"https:\/\/verdadeon.com.br\/portal\/2023\/07\/31\/sindrome-de-turner-agora-pode-ser-detectada-no-teste-genetico-da-bochechinha\/\"]}]},{\"@type\":\"ImageObject\",\"inLanguage\":\"pt-BR\",\"@id\":\"https:\/\/verdadeon.com.br\/portal\/2023\/07\/31\/sindrome-de-turner-agora-pode-ser-detectada-no-teste-genetico-da-bochechinha\/#primaryimage\",\"url\":\"https:\/\/i0.wp.com\/verdadeon.com.br\/portal\/wp-content\/uploads\/2023\/07\/unnamed-9.jpg?fit=796%2C533&ssl=1\",\"contentUrl\":\"https:\/\/i0.wp.com\/verdadeon.com.br\/portal\/wp-content\/uploads\/2023\/07\/unnamed-9.jpg?fit=796%2C533&ssl=1\",\"width\":796,\"height\":533,\"caption\":\"Atualmente, doen\u00e7a costuma ser percebida apenas ap\u00f3s os 15 anos (\u00a9Divulga\u00e7\u00e3o)\"},{\"@type\":\"BreadcrumbList\",\"@id\":\"https:\/\/verdadeon.com.br\/portal\/2023\/07\/31\/sindrome-de-turner-agora-pode-ser-detectada-no-teste-genetico-da-bochechinha\/#breadcrumb\",\"itemListElement\":[{\"@type\":\"ListItem\",\"position\":1,\"name\":\"In\u00edcio\",\"item\":\"https:\/\/verdadeon.com.br\/portal\/\"},{\"@type\":\"ListItem\",\"position\":2,\"name\":\"S\u00edndrome de Turner agora pode ser detectada no Teste Gen\u00e9tico da Bochechinha\"}]},{\"@type\":\"WebSite\",\"@id\":\"https:\/\/verdadeon.com.br\/portal\/#website\",\"url\":\"https:\/\/verdadeon.com.br\/portal\/\",\"name\":\"VerdadeOn\",\"description\":\"Not\u00edcias di\u00e1rias sobre Franca, Regi\u00e3o, Esporte, Cultura, Cotidiano, Colunas. Cobertura nos principais eventos da cidade \u00e9 aqui - Verdadeon Franca\",\"potentialAction\":[{\"@type\":\"SearchAction\",\"target\":{\"@type\":\"EntryPoint\",\"urlTemplate\":\"https:\/\/verdadeon.com.br\/portal\/?s={search_term_string}\"},\"query-input\":{\"@type\":\"PropertyValueSpecification\",\"valueRequired\":true,\"valueName\":\"search_term_string\"}}],\"inLanguage\":\"pt-BR\"},{\"@type\":\"Person\",\"@id\":\"https:\/\/verdadeon.com.br\/portal\/#\/schema\/person\/a5060ad1e9ea3df545188fc93ce43d2f\",\"name\":\"Redacao VerdadeOn\",\"image\":{\"@type\":\"ImageObject\",\"inLanguage\":\"pt-BR\",\"@id\":\"https:\/\/verdadeon.com.br\/portal\/#\/schema\/person\/image\/\",\"url\":\"https:\/\/secure.gravatar.com\/avatar\/459a9613caaaf07f582c3d0841eea68bdd66f533e465e6ba8b9cb45619572cf4?s=96&d=mm&r=g\",\"contentUrl\":\"https:\/\/secure.gravatar.com\/avatar\/459a9613caaaf07f582c3d0841eea68bdd66f533e465e6ba8b9cb45619572cf4?s=96&d=mm&r=g\",\"caption\":\"Redacao VerdadeOn\"},\"url\":\"https:\/\/verdadeon.com.br\/portal\/author\/redacao\/\"}]}<\/script>\n<!-- \/ Yoast SEO plugin. -->","yoast_head_json":{"title":"S\u00edndrome de Turner agora pode ser detectada no Teste Gen\u00e9tico da Bochechinha - VerdadeOn","robots":{"index":"index","follow":"follow","max-snippet":"max-snippet:-1","max-image-preview":"max-image-preview:large","max-video-preview":"max-video-preview:-1"},"canonical":"https:\/\/verdadeon.com.br\/portal\/2023\/07\/31\/sindrome-de-turner-agora-pode-ser-detectada-no-teste-genetico-da-bochechinha\/","og_locale":"pt_BR","og_type":"article","og_title":"S\u00edndrome de Turner agora pode ser detectada no Teste Gen\u00e9tico da Bochechinha - VerdadeOn","og_description":"Hoje, at\u00e9 50% das meninas afetadas por essa condi\u00e7\u00e3o gen\u00e9tica rara s\u00f3 recebe o diagn\u00f3stico ap\u00f3s os 15 anos. A novidade j\u00e1 est\u00e1 dispon\u00edvel nas unidades [\u2026]","og_url":"https:\/\/verdadeon.com.br\/portal\/2023\/07\/31\/sindrome-de-turner-agora-pode-ser-detectada-no-teste-genetico-da-bochechinha\/","og_site_name":"VerdadeOn","article_published_time":"2023-07-31T16:09:47+00:00","og_image":[{"width":796,"height":533,"url":"https:\/\/verdadeon.com.br\/portal\/wp-content\/uploads\/2023\/07\/unnamed-9.jpg","type":"image\/jpeg"}],"author":"Redacao VerdadeOn","twitter_card":"summary_large_image","twitter_misc":{"Escrito por":"Redacao VerdadeOn","Est. tempo de leitura":"3 minutos"},"schema":{"@context":"https:\/\/schema.org","@graph":[{"@type":"WebPage","@id":"https:\/\/verdadeon.com.br\/portal\/2023\/07\/31\/sindrome-de-turner-agora-pode-ser-detectada-no-teste-genetico-da-bochechinha\/","url":"https:\/\/verdadeon.com.br\/portal\/2023\/07\/31\/sindrome-de-turner-agora-pode-ser-detectada-no-teste-genetico-da-bochechinha\/","name":"S\u00edndrome de Turner agora pode ser detectada no Teste Gen\u00e9tico da Bochechinha - VerdadeOn","isPartOf":{"@id":"https:\/\/verdadeon.com.br\/portal\/#website"},"primaryImageOfPage":{"@id":"https:\/\/verdadeon.com.br\/portal\/2023\/07\/31\/sindrome-de-turner-agora-pode-ser-detectada-no-teste-genetico-da-bochechinha\/#primaryimage"},"image":{"@id":"https:\/\/verdadeon.com.br\/portal\/2023\/07\/31\/sindrome-de-turner-agora-pode-ser-detectada-no-teste-genetico-da-bochechinha\/#primaryimage"},"thumbnailUrl":"https:\/\/i0.wp.com\/verdadeon.com.br\/portal\/wp-content\/uploads\/2023\/07\/unnamed-9.jpg?fit=796%2C533&ssl=1","datePublished":"2023-07-31T16:09:47+00:00","author":{"@id":"https:\/\/verdadeon.com.br\/portal\/#\/schema\/person\/a5060ad1e9ea3df545188fc93ce43d2f"},"breadcrumb":{"@id":"https:\/\/verdadeon.com.br\/portal\/2023\/07\/31\/sindrome-de-turner-agora-pode-ser-detectada-no-teste-genetico-da-bochechinha\/#breadcrumb"},"inLanguage":"pt-BR","potentialAction":[{"@type":"ReadAction","target":["https:\/\/verdadeon.com.br\/portal\/2023\/07\/31\/sindrome-de-turner-agora-pode-ser-detectada-no-teste-genetico-da-bochechinha\/"]}]},{"@type":"ImageObject","inLanguage":"pt-BR","@id":"https:\/\/verdadeon.com.br\/portal\/2023\/07\/31\/sindrome-de-turner-agora-pode-ser-detectada-no-teste-genetico-da-bochechinha\/#primaryimage","url":"https:\/\/i0.wp.com\/verdadeon.com.br\/portal\/wp-content\/uploads\/2023\/07\/unnamed-9.jpg?fit=796%2C533&ssl=1","contentUrl":"https:\/\/i0.wp.com\/verdadeon.com.br\/portal\/wp-content\/uploads\/2023\/07\/unnamed-9.jpg?fit=796%2C533&ssl=1","width":796,"height":533,"caption":"Atualmente, doen\u00e7a costuma ser percebida apenas ap\u00f3s os 15 anos (\u00a9Divulga\u00e7\u00e3o)"},{"@type":"BreadcrumbList","@id":"https:\/\/verdadeon.com.br\/portal\/2023\/07\/31\/sindrome-de-turner-agora-pode-ser-detectada-no-teste-genetico-da-bochechinha\/#breadcrumb","itemListElement":[{"@type":"ListItem","position":1,"name":"In\u00edcio","item":"https:\/\/verdadeon.com.br\/portal\/"},{"@type":"ListItem","position":2,"name":"S\u00edndrome de Turner agora pode ser detectada no Teste Gen\u00e9tico da Bochechinha"}]},{"@type":"WebSite","@id":"https:\/\/verdadeon.com.br\/portal\/#website","url":"https:\/\/verdadeon.com.br\/portal\/","name":"VerdadeOn","description":"Not\u00edcias di\u00e1rias sobre Franca, Regi\u00e3o, Esporte, Cultura, Cotidiano, Colunas. Cobertura nos principais eventos da cidade \u00e9 aqui - Verdadeon Franca","potentialAction":[{"@type":"SearchAction","target":{"@type":"EntryPoint","urlTemplate":"https:\/\/verdadeon.com.br\/portal\/?s={search_term_string}"},"query-input":{"@type":"PropertyValueSpecification","valueRequired":true,"valueName":"search_term_string"}}],"inLanguage":"pt-BR"},{"@type":"Person","@id":"https:\/\/verdadeon.com.br\/portal\/#\/schema\/person\/a5060ad1e9ea3df545188fc93ce43d2f","name":"Redacao VerdadeOn","image":{"@type":"ImageObject","inLanguage":"pt-BR","@id":"https:\/\/verdadeon.com.br\/portal\/#\/schema\/person\/image\/","url":"https:\/\/secure.gravatar.com\/avatar\/459a9613caaaf07f582c3d0841eea68bdd66f533e465e6ba8b9cb45619572cf4?s=96&d=mm&r=g","contentUrl":"https:\/\/secure.gravatar.com\/avatar\/459a9613caaaf07f582c3d0841eea68bdd66f533e465e6ba8b9cb45619572cf4?s=96&d=mm&r=g","caption":"Redacao VerdadeOn"},"url":"https:\/\/verdadeon.com.br\/portal\/author\/redacao\/"}]}},"jetpack_publicize_connections":[],"jetpack_featured_media_url":"https:\/\/i0.wp.com\/verdadeon.com.br\/portal\/wp-content\/uploads\/2023\/07\/unnamed-9.jpg?fit=796%2C533&ssl=1","jetpack_sharing_enabled":true,"_links":{"self":[{"href":"https:\/\/verdadeon.com.br\/portal\/wp-json\/wp\/v2\/posts\/36356","targetHints":{"allow":["GET"]}}],"collection":[{"href":"https:\/\/verdadeon.com.br\/portal\/wp-json\/wp\/v2\/posts"}],"about":[{"href":"https:\/\/verdadeon.com.br\/portal\/wp-json\/wp\/v2\/types\/post"}],"author":[{"embeddable":true,"href":"https:\/\/verdadeon.com.br\/portal\/wp-json\/wp\/v2\/users\/10"}],"replies":[{"embeddable":true,"href":"https:\/\/verdadeon.com.br\/portal\/wp-json\/wp\/v2\/comments?post=36356"}],"version-history":[{"count":1,"href":"https:\/\/verdadeon.com.br\/portal\/wp-json\/wp\/v2\/posts\/36356\/revisions"}],"predecessor-version":[{"id":36358,"href":"https:\/\/verdadeon.com.br\/portal\/wp-json\/wp\/v2\/posts\/36356\/revisions\/36358"}],"wp:featuredmedia":[{"embeddable":true,"href":"https:\/\/verdadeon.com.br\/portal\/wp-json\/wp\/v2\/media\/36357"}],"wp:attachment":[{"href":"https:\/\/verdadeon.com.br\/portal\/wp-json\/wp\/v2\/media?parent=36356"}],"wp:term":[{"taxonomy":"category","embeddable":true,"href":"https:\/\/verdadeon.com.br\/portal\/wp-json\/wp\/v2\/categories?post=36356"},{"taxonomy":"post_tag","embeddable":true,"href":"https:\/\/verdadeon.com.br\/portal\/wp-json\/wp\/v2\/tags?post=36356"}],"curies":[{"name":"wp","href":"https:\/\/api.w.org\/{rel}","templated":true}]}}