{"id":35838,"date":"2023-07-12T11:30:22","date_gmt":"2023-07-12T14:30:22","guid":{"rendered":"https:\/\/verdadeon.com.br\/portal\/?p=35838"},"modified":"2023-07-12T15:03:33","modified_gmt":"2023-07-12T18:03:33","slug":"emdef-segue-com-inscricoes-abertas-para-jovens-aprendizes-ate-o-dia-18","status":"publish","type":"post","link":"https:\/\/verdadeon.com.br\/portal\/2023\/07\/12\/emdef-segue-com-inscricoes-abertas-para-jovens-aprendizes-ate-o-dia-18\/","title":{"rendered":"EMDEF segue com inscri\u00e7\u00f5es abertas para jovens aprendizes at\u00e9 o dia 18"},"content":{"rendered":"<h2>As provas est\u00e3o previstas para acontecer no dia 30 de julho<\/h2>\n<p>A EMDEF (Empresa Municipal para o Desenvolvimento de Franca) segue com inscri\u00e7\u00f5es abertas do processo seletivo para a contrata\u00e7\u00e3o de jovens aprendizes, que estejam cursando o Ensino Fundamental e tenham entre 14 e 22 anos.<\/p>\n<p>As inscri\u00e7\u00f5es v\u00e3o at\u00e9 o dia 18 de julho pelo site\u00a0<a href=\"http:\/\/www.msconcursos.com.br\/\" target=\"_blank\" rel=\"noopener\" data-saferedirecturl=\"https:\/\/www.google.com\/url?q=http:\/\/www.msconcursos.com.br&amp;source=gmail&amp;ust=1689253730930000&amp;usg=AOvVaw3hbK5kzh-16bghuvRy0JKs\">www.msconcursos.com.br<\/a>. As provas est\u00e3o previstas para acontecer no dia 30 de julho, com hor\u00e1rio e local a serem divulgados. Seis vagas est\u00e3o abertas, sendo tr\u00eas de ampla concorr\u00eancia, uma para pessoa com defici\u00eancia, uma para candidato em situa\u00e7\u00e3o de vulnerabilidade e risco social, e outra da cota racial.<\/p>\n<p>De acordo com Milena Bernardino, presidente da EMDEF, at\u00e9 a tarde de segunda-feira, mais de 150 inscri\u00e7\u00f5es foram recebidas. O edital estabelece que a taxa \u00e9 de R$ 50. A carga hor\u00e1ria de trabalho dos jovens aprendizes \u00e9 de seis horas por dia.<\/p>\n<p>O processo seletivo ter\u00e1 20 quest\u00f5es de m\u00faltipla escolha, sendo 10 de portugu\u00eas, 5 de matem\u00e1tica e 5 de no\u00e7\u00f5es de inform\u00e1tica. A previs\u00e3o \u00e9 que a publica\u00e7\u00e3o da homologa\u00e7\u00e3o do processo seletivo seja feita em 18 de agosto. A validade do processo seletivo \u00e9 de um ano, podendo ser prorrogado por igual per\u00edodo.<\/p>\n<p>Para ler o edital na \u00edntegra, acesse\u00a0<a href=\"https:\/\/www.franca.sp.gov.br\/arquivos\/diario-oficial\/documentos\/2317-05072023.pdf\" target=\"_blank\" rel=\"noopener\" data-saferedirecturl=\"https:\/\/www.google.com\/url?q=https:\/\/www.franca.sp.gov.br\/arquivos\/diario-oficial\/documentos\/2317-05072023.pdf&amp;source=gmail&amp;ust=1689253730930000&amp;usg=AOvVaw2EpaVQxfieOeh7aP4-okJB\">https:\/\/www.franca.sp.gov.br\/<wbr \/>arquivos\/diario-oficial\/<wbr \/>documentos\/2317-05072023.pdf<\/a>\u00a0ou\u00a0<a href=\"https:\/\/www.msconcursos.com.br\/concurso\/979586\/emdef-franca-sp-2023\" target=\"_blank\" rel=\"noopener\" data-saferedirecturl=\"https:\/\/www.google.com\/url?q=https:\/\/www.msconcursos.com.br\/concurso\/979586\/emdef-franca-sp-2023&amp;source=gmail&amp;ust=1689253730930000&amp;usg=AOvVaw057O9XVi6BA9vh_F4Ta07q\">https:\/\/www.msconcursos.com.<wbr \/>br\/concurso\/979586\/emdef-<wbr \/>franca-sp-2023<\/a>.<\/p>\n","protected":false},"excerpt":{"rendered":"<p>As provas est\u00e3o previstas para acontecer no dia 30 de julho A EMDEF (Empresa Municipal para o Desenvolvimento de Franca) segue com inscri\u00e7\u00f5es abertas do processo<span class=\"excerpt-hellip\"> [\u2026]<\/span><\/p>\n","protected":false},"author":10,"featured_media":35839,"comment_status":"open","ping_status":"open","sticky":false,"template":"","format":"standard","meta":{"_jetpack_memberships_contains_paid_content":false,"footnotes":"","jetpack_publicize_message":"","jetpack_publicize_feature_enabled":true,"jetpack_social_post_already_shared":false,"jetpack_social_options":{"image_generator_settings":{"template":"highway","default_image_id":0,"enabled":false},"version":2}},"categories":[28,81],"tags":[],"class_list":["post-35838","post","type-post","status-publish","format-standard","has-post-thumbnail","hentry","category-cotidiano","category-manchete"],"yoast_head":"<!-- This site is optimized with the Yoast SEO plugin v25.6 - https:\/\/yoast.com\/wordpress\/plugins\/seo\/ -->\n<title>EMDEF segue com inscri\u00e7\u00f5es abertas para jovens aprendizes at\u00e9 o dia 18 - VerdadeOn<\/title>\n<meta name=\"robots\" content=\"index, follow, max-snippet:-1, max-image-preview:large, max-video-preview:-1\" \/>\n<link rel=\"canonical\" href=\"https:\/\/verdadeon.com.br\/portal\/2023\/07\/12\/emdef-segue-com-inscricoes-abertas-para-jovens-aprendizes-ate-o-dia-18\/\" \/>\n<meta property=\"og:locale\" content=\"pt_BR\" \/>\n<meta property=\"og:type\" content=\"article\" \/>\n<meta property=\"og:title\" content=\"EMDEF segue com inscri\u00e7\u00f5es abertas para jovens aprendizes at\u00e9 o dia 18 - VerdadeOn\" \/>\n<meta property=\"og:description\" content=\"As provas est\u00e3o previstas para acontecer no dia 30 de julho A EMDEF (Empresa Municipal para o Desenvolvimento de Franca) segue com inscri\u00e7\u00f5es abertas do processo [\u2026]\" \/>\n<meta property=\"og:url\" content=\"https:\/\/verdadeon.com.br\/portal\/2023\/07\/12\/emdef-segue-com-inscricoes-abertas-para-jovens-aprendizes-ate-o-dia-18\/\" \/>\n<meta property=\"og:site_name\" content=\"VerdadeOn\" \/>\n<meta property=\"article:published_time\" content=\"2023-07-12T14:30:22+00:00\" \/>\n<meta property=\"article:modified_time\" content=\"2023-07-12T18:03:33+00:00\" \/>\n<meta property=\"og:image\" content=\"https:\/\/verdadeon.com.br\/portal\/wp-content\/uploads\/2023\/07\/jovem-muculmano-estudante-classe-scaled.jpg\" \/>\n\t<meta property=\"og:image:width\" content=\"2560\" \/>\n\t<meta property=\"og:image:height\" content=\"1715\" \/>\n\t<meta property=\"og:image:type\" content=\"image\/jpeg\" \/>\n<meta name=\"author\" content=\"Redacao VerdadeOn\" \/>\n<meta name=\"twitter:card\" content=\"summary_large_image\" \/>\n<meta name=\"twitter:label1\" content=\"Escrito por\" \/>\n\t<meta name=\"twitter:data1\" content=\"Redacao VerdadeOn\" \/>\n\t<meta name=\"twitter:label2\" content=\"Est. tempo de leitura\" \/>\n\t<meta name=\"twitter:data2\" content=\"2 minutos\" \/>\n<script type=\"application\/ld+json\" class=\"yoast-schema-graph\">{\"@context\":\"https:\/\/schema.org\",\"@graph\":[{\"@type\":\"WebPage\",\"@id\":\"https:\/\/verdadeon.com.br\/portal\/2023\/07\/12\/emdef-segue-com-inscricoes-abertas-para-jovens-aprendizes-ate-o-dia-18\/\",\"url\":\"https:\/\/verdadeon.com.br\/portal\/2023\/07\/12\/emdef-segue-com-inscricoes-abertas-para-jovens-aprendizes-ate-o-dia-18\/\",\"name\":\"EMDEF segue com inscri\u00e7\u00f5es abertas para jovens aprendizes at\u00e9 o dia 18 - VerdadeOn\",\"isPartOf\":{\"@id\":\"https:\/\/verdadeon.com.br\/portal\/#website\"},\"primaryImageOfPage\":{\"@id\":\"https:\/\/verdadeon.com.br\/portal\/2023\/07\/12\/emdef-segue-com-inscricoes-abertas-para-jovens-aprendizes-ate-o-dia-18\/#primaryimage\"},\"image\":{\"@id\":\"https:\/\/verdadeon.com.br\/portal\/2023\/07\/12\/emdef-segue-com-inscricoes-abertas-para-jovens-aprendizes-ate-o-dia-18\/#primaryimage\"},\"thumbnailUrl\":\"https:\/\/i0.wp.com\/verdadeon.com.br\/portal\/wp-content\/uploads\/2023\/07\/jovem-muculmano-estudante-classe-scaled.jpg?fit=2560%2C1715&ssl=1\",\"datePublished\":\"2023-07-12T14:30:22+00:00\",\"dateModified\":\"2023-07-12T18:03:33+00:00\",\"author\":{\"@id\":\"https:\/\/verdadeon.com.br\/portal\/#\/schema\/person\/a5060ad1e9ea3df545188fc93ce43d2f\"},\"breadcrumb\":{\"@id\":\"https:\/\/verdadeon.com.br\/portal\/2023\/07\/12\/emdef-segue-com-inscricoes-abertas-para-jovens-aprendizes-ate-o-dia-18\/#breadcrumb\"},\"inLanguage\":\"pt-BR\",\"potentialAction\":[{\"@type\":\"ReadAction\",\"target\":[\"https:\/\/verdadeon.com.br\/portal\/2023\/07\/12\/emdef-segue-com-inscricoes-abertas-para-jovens-aprendizes-ate-o-dia-18\/\"]}]},{\"@type\":\"ImageObject\",\"inLanguage\":\"pt-BR\",\"@id\":\"https:\/\/verdadeon.com.br\/portal\/2023\/07\/12\/emdef-segue-com-inscricoes-abertas-para-jovens-aprendizes-ate-o-dia-18\/#primaryimage\",\"url\":\"https:\/\/i0.wp.com\/verdadeon.com.br\/portal\/wp-content\/uploads\/2023\/07\/jovem-muculmano-estudante-classe-scaled.jpg?fit=2560%2C1715&ssl=1\",\"contentUrl\":\"https:\/\/i0.wp.com\/verdadeon.com.br\/portal\/wp-content\/uploads\/2023\/07\/jovem-muculmano-estudante-classe-scaled.jpg?fit=2560%2C1715&ssl=1\",\"width\":2560,\"height\":1715,\"caption\":\"Jovens entre 14 e 22 anos, que estejam cursando o ensino fundamental, podem participar de processo seletivo da EMDEF (\u00a9Freepik)\"},{\"@type\":\"BreadcrumbList\",\"@id\":\"https:\/\/verdadeon.com.br\/portal\/2023\/07\/12\/emdef-segue-com-inscricoes-abertas-para-jovens-aprendizes-ate-o-dia-18\/#breadcrumb\",\"itemListElement\":[{\"@type\":\"ListItem\",\"position\":1,\"name\":\"In\u00edcio\",\"item\":\"https:\/\/verdadeon.com.br\/portal\/\"},{\"@type\":\"ListItem\",\"position\":2,\"name\":\"EMDEF segue com inscri\u00e7\u00f5es abertas para jovens aprendizes at\u00e9 o dia 18\"}]},{\"@type\":\"WebSite\",\"@id\":\"https:\/\/verdadeon.com.br\/portal\/#website\",\"url\":\"https:\/\/verdadeon.com.br\/portal\/\",\"name\":\"VerdadeOn\",\"description\":\"Not\u00edcias di\u00e1rias sobre Franca, Regi\u00e3o, Esporte, Cultura, Cotidiano, Colunas. Cobertura nos principais eventos da cidade \u00e9 aqui - Verdadeon Franca\",\"potentialAction\":[{\"@type\":\"SearchAction\",\"target\":{\"@type\":\"EntryPoint\",\"urlTemplate\":\"https:\/\/verdadeon.com.br\/portal\/?s={search_term_string}\"},\"query-input\":{\"@type\":\"PropertyValueSpecification\",\"valueRequired\":true,\"valueName\":\"search_term_string\"}}],\"inLanguage\":\"pt-BR\"},{\"@type\":\"Person\",\"@id\":\"https:\/\/verdadeon.com.br\/portal\/#\/schema\/person\/a5060ad1e9ea3df545188fc93ce43d2f\",\"name\":\"Redacao VerdadeOn\",\"image\":{\"@type\":\"ImageObject\",\"inLanguage\":\"pt-BR\",\"@id\":\"https:\/\/verdadeon.com.br\/portal\/#\/schema\/person\/image\/\",\"url\":\"https:\/\/secure.gravatar.com\/avatar\/459a9613caaaf07f582c3d0841eea68bdd66f533e465e6ba8b9cb45619572cf4?s=96&d=mm&r=g\",\"contentUrl\":\"https:\/\/secure.gravatar.com\/avatar\/459a9613caaaf07f582c3d0841eea68bdd66f533e465e6ba8b9cb45619572cf4?s=96&d=mm&r=g\",\"caption\":\"Redacao VerdadeOn\"},\"url\":\"https:\/\/verdadeon.com.br\/portal\/author\/redacao\/\"}]}<\/script>\n<!-- \/ Yoast SEO plugin. -->","yoast_head_json":{"title":"EMDEF segue com inscri\u00e7\u00f5es abertas para jovens aprendizes at\u00e9 o dia 18 - VerdadeOn","robots":{"index":"index","follow":"follow","max-snippet":"max-snippet:-1","max-image-preview":"max-image-preview:large","max-video-preview":"max-video-preview:-1"},"canonical":"https:\/\/verdadeon.com.br\/portal\/2023\/07\/12\/emdef-segue-com-inscricoes-abertas-para-jovens-aprendizes-ate-o-dia-18\/","og_locale":"pt_BR","og_type":"article","og_title":"EMDEF segue com inscri\u00e7\u00f5es abertas para jovens aprendizes at\u00e9 o dia 18 - VerdadeOn","og_description":"As provas est\u00e3o previstas para acontecer no dia 30 de julho A EMDEF (Empresa Municipal para o Desenvolvimento de Franca) segue com inscri\u00e7\u00f5es abertas do processo [\u2026]","og_url":"https:\/\/verdadeon.com.br\/portal\/2023\/07\/12\/emdef-segue-com-inscricoes-abertas-para-jovens-aprendizes-ate-o-dia-18\/","og_site_name":"VerdadeOn","article_published_time":"2023-07-12T14:30:22+00:00","article_modified_time":"2023-07-12T18:03:33+00:00","og_image":[{"width":2560,"height":1715,"url":"https:\/\/verdadeon.com.br\/portal\/wp-content\/uploads\/2023\/07\/jovem-muculmano-estudante-classe-scaled.jpg","type":"image\/jpeg"}],"author":"Redacao VerdadeOn","twitter_card":"summary_large_image","twitter_misc":{"Escrito por":"Redacao VerdadeOn","Est. tempo de leitura":"2 minutos"},"schema":{"@context":"https:\/\/schema.org","@graph":[{"@type":"WebPage","@id":"https:\/\/verdadeon.com.br\/portal\/2023\/07\/12\/emdef-segue-com-inscricoes-abertas-para-jovens-aprendizes-ate-o-dia-18\/","url":"https:\/\/verdadeon.com.br\/portal\/2023\/07\/12\/emdef-segue-com-inscricoes-abertas-para-jovens-aprendizes-ate-o-dia-18\/","name":"EMDEF segue com inscri\u00e7\u00f5es abertas para jovens aprendizes at\u00e9 o dia 18 - VerdadeOn","isPartOf":{"@id":"https:\/\/verdadeon.com.br\/portal\/#website"},"primaryImageOfPage":{"@id":"https:\/\/verdadeon.com.br\/portal\/2023\/07\/12\/emdef-segue-com-inscricoes-abertas-para-jovens-aprendizes-ate-o-dia-18\/#primaryimage"},"image":{"@id":"https:\/\/verdadeon.com.br\/portal\/2023\/07\/12\/emdef-segue-com-inscricoes-abertas-para-jovens-aprendizes-ate-o-dia-18\/#primaryimage"},"thumbnailUrl":"https:\/\/i0.wp.com\/verdadeon.com.br\/portal\/wp-content\/uploads\/2023\/07\/jovem-muculmano-estudante-classe-scaled.jpg?fit=2560%2C1715&ssl=1","datePublished":"2023-07-12T14:30:22+00:00","dateModified":"2023-07-12T18:03:33+00:00","author":{"@id":"https:\/\/verdadeon.com.br\/portal\/#\/schema\/person\/a5060ad1e9ea3df545188fc93ce43d2f"},"breadcrumb":{"@id":"https:\/\/verdadeon.com.br\/portal\/2023\/07\/12\/emdef-segue-com-inscricoes-abertas-para-jovens-aprendizes-ate-o-dia-18\/#breadcrumb"},"inLanguage":"pt-BR","potentialAction":[{"@type":"ReadAction","target":["https:\/\/verdadeon.com.br\/portal\/2023\/07\/12\/emdef-segue-com-inscricoes-abertas-para-jovens-aprendizes-ate-o-dia-18\/"]}]},{"@type":"ImageObject","inLanguage":"pt-BR","@id":"https:\/\/verdadeon.com.br\/portal\/2023\/07\/12\/emdef-segue-com-inscricoes-abertas-para-jovens-aprendizes-ate-o-dia-18\/#primaryimage","url":"https:\/\/i0.wp.com\/verdadeon.com.br\/portal\/wp-content\/uploads\/2023\/07\/jovem-muculmano-estudante-classe-scaled.jpg?fit=2560%2C1715&ssl=1","contentUrl":"https:\/\/i0.wp.com\/verdadeon.com.br\/portal\/wp-content\/uploads\/2023\/07\/jovem-muculmano-estudante-classe-scaled.jpg?fit=2560%2C1715&ssl=1","width":2560,"height":1715,"caption":"Jovens entre 14 e 22 anos, que estejam cursando o ensino fundamental, podem participar de processo seletivo da EMDEF (\u00a9Freepik)"},{"@type":"BreadcrumbList","@id":"https:\/\/verdadeon.com.br\/portal\/2023\/07\/12\/emdef-segue-com-inscricoes-abertas-para-jovens-aprendizes-ate-o-dia-18\/#breadcrumb","itemListElement":[{"@type":"ListItem","position":1,"name":"In\u00edcio","item":"https:\/\/verdadeon.com.br\/portal\/"},{"@type":"ListItem","position":2,"name":"EMDEF segue com inscri\u00e7\u00f5es abertas para jovens aprendizes at\u00e9 o dia 18"}]},{"@type":"WebSite","@id":"https:\/\/verdadeon.com.br\/portal\/#website","url":"https:\/\/verdadeon.com.br\/portal\/","name":"VerdadeOn","description":"Not\u00edcias di\u00e1rias sobre Franca, Regi\u00e3o, Esporte, Cultura, Cotidiano, Colunas. Cobertura nos principais eventos da cidade \u00e9 aqui - Verdadeon Franca","potentialAction":[{"@type":"SearchAction","target":{"@type":"EntryPoint","urlTemplate":"https:\/\/verdadeon.com.br\/portal\/?s={search_term_string}"},"query-input":{"@type":"PropertyValueSpecification","valueRequired":true,"valueName":"search_term_string"}}],"inLanguage":"pt-BR"},{"@type":"Person","@id":"https:\/\/verdadeon.com.br\/portal\/#\/schema\/person\/a5060ad1e9ea3df545188fc93ce43d2f","name":"Redacao VerdadeOn","image":{"@type":"ImageObject","inLanguage":"pt-BR","@id":"https:\/\/verdadeon.com.br\/portal\/#\/schema\/person\/image\/","url":"https:\/\/secure.gravatar.com\/avatar\/459a9613caaaf07f582c3d0841eea68bdd66f533e465e6ba8b9cb45619572cf4?s=96&d=mm&r=g","contentUrl":"https:\/\/secure.gravatar.com\/avatar\/459a9613caaaf07f582c3d0841eea68bdd66f533e465e6ba8b9cb45619572cf4?s=96&d=mm&r=g","caption":"Redacao VerdadeOn"},"url":"https:\/\/verdadeon.com.br\/portal\/author\/redacao\/"}]}},"jetpack_publicize_connections":[],"jetpack_featured_media_url":"https:\/\/i0.wp.com\/verdadeon.com.br\/portal\/wp-content\/uploads\/2023\/07\/jovem-muculmano-estudante-classe-scaled.jpg?fit=2560%2C1715&ssl=1","jetpack_sharing_enabled":true,"_links":{"self":[{"href":"https:\/\/verdadeon.com.br\/portal\/wp-json\/wp\/v2\/posts\/35838","targetHints":{"allow":["GET"]}}],"collection":[{"href":"https:\/\/verdadeon.com.br\/portal\/wp-json\/wp\/v2\/posts"}],"about":[{"href":"https:\/\/verdadeon.com.br\/portal\/wp-json\/wp\/v2\/types\/post"}],"author":[{"embeddable":true,"href":"https:\/\/verdadeon.com.br\/portal\/wp-json\/wp\/v2\/users\/10"}],"replies":[{"embeddable":true,"href":"https:\/\/verdadeon.com.br\/portal\/wp-json\/wp\/v2\/comments?post=35838"}],"version-history":[{"count":1,"href":"https:\/\/verdadeon.com.br\/portal\/wp-json\/wp\/v2\/posts\/35838\/revisions"}],"predecessor-version":[{"id":35840,"href":"https:\/\/verdadeon.com.br\/portal\/wp-json\/wp\/v2\/posts\/35838\/revisions\/35840"}],"wp:featuredmedia":[{"embeddable":true,"href":"https:\/\/verdadeon.com.br\/portal\/wp-json\/wp\/v2\/media\/35839"}],"wp:attachment":[{"href":"https:\/\/verdadeon.com.br\/portal\/wp-json\/wp\/v2\/media?parent=35838"}],"wp:term":[{"taxonomy":"category","embeddable":true,"href":"https:\/\/verdadeon.com.br\/portal\/wp-json\/wp\/v2\/categories?post=35838"},{"taxonomy":"post_tag","embeddable":true,"href":"https:\/\/verdadeon.com.br\/portal\/wp-json\/wp\/v2\/tags?post=35838"}],"curies":[{"name":"wp","href":"https:\/\/api.w.org\/{rel}","templated":true}]}}