{"id":35819,"date":"2023-07-12T11:05:36","date_gmt":"2023-07-12T14:05:36","guid":{"rendered":"https:\/\/verdadeon.com.br\/portal\/?p=35819"},"modified":"2023-07-12T11:05:36","modified_gmt":"2023-07-12T14:05:36","slug":"leitos-para-internacao-e-falta-de-telefone-em-unidade-geram-debate-na-camara","status":"publish","type":"post","link":"https:\/\/verdadeon.com.br\/portal\/2023\/07\/12\/leitos-para-internacao-e-falta-de-telefone-em-unidade-geram-debate-na-camara\/","title":{"rendered":"Leitos para interna\u00e7\u00e3o e falta de telefone em unidade geram debate na C\u00e2mara"},"content":{"rendered":"<h2>Confira as aprecia\u00e7\u00f5es da 23\u00aa Sess\u00e3o Ordin\u00e1ria da C\u00e2mara Municipal<\/h2>\n<p>Os vereadores se reuniram nesta ter\u00e7a-feira, 11 de julho, para discuss\u00e3o e vota\u00e7\u00f5es de projetos na 23\u00aa Sess\u00e3o Ordin\u00e1ria.<\/p>\n<p>Pela manh\u00e3, aconteceu o Expediente com as leituras dos documentos e of\u00edcios, al\u00e9m de uso da Tribuna tanto pelos mun\u00edcipes inscritos previamente e os pr\u00f3prios parlamentares, a partir das 9h. No per\u00edodo da tarde, a partir das 14h, foram debatidos e votados os temas que passaram por an\u00e1lise das comiss\u00f5es da Casa de Leis.<\/p>\n<p><strong>Adiamento da Mo\u00e7\u00e3o de Rep\u00fadio<\/strong><\/p>\n<p>Os parlamentares adiaram por seis sess\u00f5es a Mo\u00e7\u00e3o de Rep\u00fadio 4\/2023 de autoria dos vereadores Zezinho Cabeleireiro (PP), Gilson Pelizaro (PT), Ronaldo Carvalho (Cidadania) e Marcelo Tidy (Uni\u00e3o) ao Governo do Estado pela n\u00e3o abertura de leitos SUS prometidos ao Munic\u00edpio de Franca.<\/p>\n<p>Os parlamentares argumentam: &#8220;O Governo Estadual, como respons\u00e1vel pela gest\u00e3o da sa\u00fade p\u00fablica, obrigado \u00e0 abertura e credenciamento de leitos junto ao SUS, n\u00e3o se sensibiliza \u00e0 periclitante situa\u00e7\u00e3o em que se encontra a oferta de vagas de interna\u00e7\u00e3o, colocando seus pacientes em grave situa\u00e7\u00e3o de espera&#8221;.<\/p>\n<p>Al\u00e9m dos novos leitos, os vereadores questionam: &#8220;O Governo Estadual tamb\u00e9m prometera a implanta\u00e7\u00e3o de \u201cleitos de retaguarda\u201d, que \u00e9 a regionaliza\u00e7\u00e3o do atendimento, o que ainda n\u00e3o foi executado&#8221;. E defendem: &#8220;A C\u00e2mara Municipal de Franca, em especial a Comiss\u00e3o de Assuntos Relevantes \u2013 CEAR, constitu\u00edda pela Resolu\u00e7\u00e3o n\u00ba649\/2023, com o fito de averiguar a escassez de leitos SUS no Munic\u00edpio, manifesta o seu total rep\u00fadio ao Governo do Estado de S\u00e3o Paulo, pelo descaso com a gest\u00e3o da sa\u00fade p\u00fablica no Munic\u00edpio&#8221;.<\/p>\n<p>O assunto gerou debate, o vereador Marcelo Tidy (Uni\u00e3o) justificou o pedido de adiamento: &#8220;Conversei com os colegas e o Governo do Estado que, ap\u00f3s 110 dias de atraso, cumpriu parcialmente com o que prometeu, ent\u00e3o, deixando claro, parcialmente. Ent\u00e3o, conforme anunciou o representante do Estado at\u00e9 dia 15 de agosto, os outros 10 leitos ser\u00e3o instalados, vou torcer muito para que cumpram&#8221;.<\/p>\n<p>O vereador Ronaldo Carvalho (Cidadania) comentou: &#8220;Somos uma C\u00e2mara que preza muito pelo di\u00e1logo, e resolvemos deixar essa Mo\u00e7\u00e3o em stand by porque a gente acredita sempre que vai conseguir o objetivo da CEAR que s\u00e3o os 50 leitos para nossa cidade&#8221;.<\/p>\n<p>O vereador Della Motta (Podemos) enalteceu o papel protagonista da C\u00e2mara e questionou: &#8220;N\u00e3o vejo muitas a\u00e7\u00f5es do Cons\u00f3rcio de Munic\u00edpios da Alta Mogiana (COMAM), n\u00e3o sei se os prefeitos se re\u00fanem para tomar caf\u00e9 ou comer p\u00e3o de queijo, n\u00e3o vejo muitas a\u00e7\u00f5es (&#8230;) fico preocupado \u00e0s vezes, n\u00e3o vi o COMAM falar sobre leitos ou sobre a Sabesp, ou ser\u00e1 que estou desatualizado? Aqui j\u00e1 se fez representa\u00e7\u00f5es no Minist\u00e9rio P\u00fablico Federal, Minist\u00e9rio P\u00fablico Estadual, ent\u00e3o, eu acho que quando a \u00e1gua bater a\u00ed vai ficar tarde! \u00c9 importante se posicionar em coisas s\u00e9rias!&#8221;<\/p>\n<p>O vereador Zezinho Cabeleireiro (PP) lembrou: &#8220;Tudo come\u00e7ou aqui na C\u00e2mara, a gente n\u00e3o entende porque o sistema n\u00e3o funciona, e se n\u00e3o fosse a C\u00e2mara dar o ponta p\u00e9 inicial tenho certeza que nem esses 20 leitos chegariam, mas enquanto n\u00e3o chegarem os 50 leitos n\u00e3o vamos parar&#8221;.<\/p>\n<p>O vereador Gilson Pelizaro (PT) lembrou que os representantes da DRS VIII n\u00e3o compareceram na Audi\u00eancia P\u00fablica convocada pela CEAR para explicar os motivos pela demora da abertura de leitos e ressaltou: &#8220;Os hospitais de retaguarda para aqueles pacientes que est\u00e3o em condi\u00e7\u00f5es para se usar leitos regionais, era regionaliza\u00e7\u00e3o do sistema, essa promessa n\u00e3o foi cumprida e se fez foi muito mal feito porque tem muita gente esperando um leito [&#8230;] mas concordo com o adiamento, vamos esperar mais um pouco, porque t\u00e1 devendo e est\u00e1 faltando com os compromissos que foram feitos na regi\u00e3o!&#8221;<\/p>\n<p><strong>Linha telef\u00f4nica cortada<\/strong><\/p>\n<p>Ainda foi debatido e aprovado o Requerimento 368\/2023 de autoria dos vereadores Della Motta (Podemos) e Kak\u00e1 (PSDB) questionando a Prefeitura se j\u00e1 foi solucionado o problema da linha telef\u00f4nica do Ambulat\u00f3rio da Crian\u00e7a de Alto Risco &#8211; ACAR, que est\u00e1 cortada h\u00e1 algum tempo, bem como, se j\u00e1 est\u00e1 funcionando normalmente, e que em caso negativo, quando ser\u00e1 providenciada a solu\u00e7\u00e3o de tal problema, j\u00e1 que o telefone \u00e9 a \u00fanica forma de comunica\u00e7\u00e3o entre os funcion\u00e1rios e os usu\u00e1rios do local.<\/p>\n<p>O vereadores argumentam: &#8220;Em visita ao Ambulat\u00f3rio da Crian\u00e7a de Alto Risco \u2013 ACAR, localizado na Avenida Santos Dumont, n\u00b0 288, Vila Santos Dumont, os funcion\u00e1rios nos informaram que a linha telef\u00f4nica do local est\u00e1 cortada h\u00e1 algum tempo, que n\u00e3o conseguem fazer e nem receber liga\u00e7\u00f5es, tendo inclusive que usar os celulares pessoais para se comunicarem com os usu\u00e1rios&#8221;.<\/p>\n<p>O vereador Della Motta (Podemos) comentou: &#8220;N\u00f3s extra\u00edmos uma apostila que fala do Ambulat\u00f3rio de Crian\u00e7as de Alto Risco (ACAR), e na capa tem o telefone (16) 3723 9279. O telefone n\u00e3o est\u00e1 funcionando! E as pessoas que trabalham est\u00e3o utilizando o pr\u00f3prio celular, e se estamos falando de crian\u00e7a de alto risco, imagina uma m\u00e3e sair l\u00e1 do Residencial Zanetti sair de l\u00e1 para ir at\u00e9 a UBS da Esta\u00e7\u00e3o que fica anexa a ACAR&#8221;. O parlamentar lembrou: &#8220;Quando fiz uso da Tribuna para falar da ACAR tinha uma pediatra que estava se aposentando, e n\u00f3s cobramos exatamente isso, algu\u00e9m para ficar no lugar dela&#8221;. E finalizou: &#8220;\u00c9 um local essencial na Prefeitura, eles fazem um trabalho extraordin\u00e1rio, mas estamos em 2023 e n\u00e3o ter um telefone? \u00c9 inadmiss\u00edvel&#8221;.<\/p>\n<p><strong>Gastos com publicidade<\/strong><\/p>\n<p>Tamb\u00e9m aprovado o Requerimento 370\/2023 de autoria do vereador Daniel Bassi (PSDB) que novamente, em virtude da falta de transpar\u00eancia e publicidade em resposta a requerimentos anteriores, solicita informa\u00e7\u00f5es sobre o aumento de aproximadamente 855,56% nos gastos do gabinete do prefeito fixado na LOA de 2022 (R$ 450.000,00) para a LOA de 2023 (R$ 4.300.000,00), referente a a\u00e7\u00e3o 2204 &#8211; publicidade institucional, realizadas no m\u00eas de janeiro de 2023.<\/p>\n<p>O parlamentar questiona: &#8220;Valores dos gastos individuais de cada item; as respectivas notas fiscais de cada item; os contratos individuais de presta\u00e7\u00e3o de servi\u00e7os de cada item&#8221;. E defende: &#8220;Tem a finalidade de contribuir para o fortalecimento da democracia local, tendo em vista que a transpar\u00eancia nos gastos p\u00fablicos compreende princ\u00edpio fundamental para a constru\u00e7\u00e3o de uma gest\u00e3o eficiente e \u00e9tica&#8221;.<\/p>\n<p>Bassi ressaltou que &#8220;a resposta veio daquele jeito, e quase todos os requerimentos passam pela anu\u00eancia e conhecimento do prefeito, e esse n\u00e3o sei por que n\u00e3o tem a anu\u00eancia dele. E no documento fala que a publicidade institucional \u00e9 regida pela Lei 12.232\/2010. Portanto foi realizada uma concorr\u00eancia p\u00fablica em 2019&#8221;. O parlamentar questionou: &#8220;Que concorr\u00eancia \u00e9 essa que aumentou o gasto de R$ 430 mil para R$ 4,5 milh\u00f5es?&#8221;<\/p>\n<p>O vereador acrescentou: &#8220;Em 2019, o Alexandre nem na cadeira estava, e isso est\u00e1 muito d\u00fabio e n\u00e3o entendi nada. Fiz novamente o requerimento, e a gente espera que n\u00e3o seja uma resposta dessa e que veja com a devida educa\u00e7\u00e3o ao Poder Legislativo&#8221;.<\/p>\n","protected":false},"excerpt":{"rendered":"<p>Confira as aprecia\u00e7\u00f5es da 23\u00aa Sess\u00e3o Ordin\u00e1ria da C\u00e2mara Municipal Os vereadores se reuniram nesta ter\u00e7a-feira, 11 de julho, para discuss\u00e3o e vota\u00e7\u00f5es de projetos na<span class=\"excerpt-hellip\"> [\u2026]<\/span><\/p>\n","protected":false},"author":10,"featured_media":35820,"comment_status":"open","ping_status":"open","sticky":false,"template":"","format":"standard","meta":{"_jetpack_memberships_contains_paid_content":false,"footnotes":"","jetpack_publicize_message":"","jetpack_publicize_feature_enabled":true,"jetpack_social_post_already_shared":false,"jetpack_social_options":{"image_generator_settings":{"template":"highway","default_image_id":0,"enabled":false},"version":2}},"categories":[28,81],"tags":[],"class_list":["post-35819","post","type-post","status-publish","format-standard","has-post-thumbnail","hentry","category-cotidiano","category-manchete"],"yoast_head":"<!-- This site is optimized with the Yoast SEO plugin v25.6 - https:\/\/yoast.com\/wordpress\/plugins\/seo\/ -->\n<title>Leitos para interna\u00e7\u00e3o e falta de telefone em unidade geram debate na C\u00e2mara - VerdadeOn<\/title>\n<meta name=\"robots\" content=\"index, follow, max-snippet:-1, max-image-preview:large, max-video-preview:-1\" \/>\n<link rel=\"canonical\" href=\"https:\/\/verdadeon.com.br\/portal\/2023\/07\/12\/leitos-para-internacao-e-falta-de-telefone-em-unidade-geram-debate-na-camara\/\" \/>\n<meta property=\"og:locale\" content=\"pt_BR\" \/>\n<meta property=\"og:type\" content=\"article\" \/>\n<meta property=\"og:title\" content=\"Leitos para interna\u00e7\u00e3o e falta de telefone em unidade geram debate na C\u00e2mara - VerdadeOn\" \/>\n<meta property=\"og:description\" content=\"Confira as aprecia\u00e7\u00f5es da 23\u00aa Sess\u00e3o Ordin\u00e1ria da C\u00e2mara Municipal Os vereadores se reuniram nesta ter\u00e7a-feira, 11 de julho, para discuss\u00e3o e vota\u00e7\u00f5es de projetos na [\u2026]\" \/>\n<meta property=\"og:url\" content=\"https:\/\/verdadeon.com.br\/portal\/2023\/07\/12\/leitos-para-internacao-e-falta-de-telefone-em-unidade-geram-debate-na-camara\/\" \/>\n<meta property=\"og:site_name\" content=\"VerdadeOn\" \/>\n<meta property=\"article:published_time\" content=\"2023-07-12T14:05:36+00:00\" \/>\n<meta property=\"og:image\" content=\"https:\/\/verdadeon.com.br\/portal\/wp-content\/uploads\/2023\/07\/23sessao-2.jpg\" \/>\n\t<meta property=\"og:image:width\" content=\"920\" \/>\n\t<meta property=\"og:image:height\" content=\"617\" \/>\n\t<meta property=\"og:image:type\" content=\"image\/jpeg\" \/>\n<meta name=\"author\" content=\"Redacao VerdadeOn\" \/>\n<meta name=\"twitter:card\" content=\"summary_large_image\" \/>\n<meta name=\"twitter:label1\" content=\"Escrito por\" \/>\n\t<meta name=\"twitter:data1\" content=\"Redacao VerdadeOn\" \/>\n\t<meta name=\"twitter:label2\" content=\"Est. tempo de leitura\" \/>\n\t<meta name=\"twitter:data2\" content=\"7 minutos\" \/>\n<script type=\"application\/ld+json\" class=\"yoast-schema-graph\">{\"@context\":\"https:\/\/schema.org\",\"@graph\":[{\"@type\":\"WebPage\",\"@id\":\"https:\/\/verdadeon.com.br\/portal\/2023\/07\/12\/leitos-para-internacao-e-falta-de-telefone-em-unidade-geram-debate-na-camara\/\",\"url\":\"https:\/\/verdadeon.com.br\/portal\/2023\/07\/12\/leitos-para-internacao-e-falta-de-telefone-em-unidade-geram-debate-na-camara\/\",\"name\":\"Leitos para interna\u00e7\u00e3o e falta de telefone em unidade geram debate na C\u00e2mara - VerdadeOn\",\"isPartOf\":{\"@id\":\"https:\/\/verdadeon.com.br\/portal\/#website\"},\"primaryImageOfPage\":{\"@id\":\"https:\/\/verdadeon.com.br\/portal\/2023\/07\/12\/leitos-para-internacao-e-falta-de-telefone-em-unidade-geram-debate-na-camara\/#primaryimage\"},\"image\":{\"@id\":\"https:\/\/verdadeon.com.br\/portal\/2023\/07\/12\/leitos-para-internacao-e-falta-de-telefone-em-unidade-geram-debate-na-camara\/#primaryimage\"},\"thumbnailUrl\":\"https:\/\/i0.wp.com\/verdadeon.com.br\/portal\/wp-content\/uploads\/2023\/07\/23sessao-2.jpg?fit=920%2C617&ssl=1\",\"datePublished\":\"2023-07-12T14:05:36+00:00\",\"author\":{\"@id\":\"https:\/\/verdadeon.com.br\/portal\/#\/schema\/person\/a5060ad1e9ea3df545188fc93ce43d2f\"},\"breadcrumb\":{\"@id\":\"https:\/\/verdadeon.com.br\/portal\/2023\/07\/12\/leitos-para-internacao-e-falta-de-telefone-em-unidade-geram-debate-na-camara\/#breadcrumb\"},\"inLanguage\":\"pt-BR\",\"potentialAction\":[{\"@type\":\"ReadAction\",\"target\":[\"https:\/\/verdadeon.com.br\/portal\/2023\/07\/12\/leitos-para-internacao-e-falta-de-telefone-em-unidade-geram-debate-na-camara\/\"]}]},{\"@type\":\"ImageObject\",\"inLanguage\":\"pt-BR\",\"@id\":\"https:\/\/verdadeon.com.br\/portal\/2023\/07\/12\/leitos-para-internacao-e-falta-de-telefone-em-unidade-geram-debate-na-camara\/#primaryimage\",\"url\":\"https:\/\/i0.wp.com\/verdadeon.com.br\/portal\/wp-content\/uploads\/2023\/07\/23sessao-2.jpg?fit=920%2C617&ssl=1\",\"contentUrl\":\"https:\/\/i0.wp.com\/verdadeon.com.br\/portal\/wp-content\/uploads\/2023\/07\/23sessao-2.jpg?fit=920%2C617&ssl=1\",\"width\":920,\"height\":617,\"caption\":\"C\u00e3mara Municipal promove Audi\u00eancia P\u00fablica a respeito do Piso da Enfermagem (\u00a9Divulga\u00e7\u00e3o)\"},{\"@type\":\"BreadcrumbList\",\"@id\":\"https:\/\/verdadeon.com.br\/portal\/2023\/07\/12\/leitos-para-internacao-e-falta-de-telefone-em-unidade-geram-debate-na-camara\/#breadcrumb\",\"itemListElement\":[{\"@type\":\"ListItem\",\"position\":1,\"name\":\"In\u00edcio\",\"item\":\"https:\/\/verdadeon.com.br\/portal\/\"},{\"@type\":\"ListItem\",\"position\":2,\"name\":\"Leitos para interna\u00e7\u00e3o e falta de telefone em unidade geram debate na C\u00e2mara\"}]},{\"@type\":\"WebSite\",\"@id\":\"https:\/\/verdadeon.com.br\/portal\/#website\",\"url\":\"https:\/\/verdadeon.com.br\/portal\/\",\"name\":\"VerdadeOn\",\"description\":\"Not\u00edcias di\u00e1rias sobre Franca, Regi\u00e3o, Esporte, Cultura, Cotidiano, Colunas. Cobertura nos principais eventos da cidade \u00e9 aqui - Verdadeon Franca\",\"potentialAction\":[{\"@type\":\"SearchAction\",\"target\":{\"@type\":\"EntryPoint\",\"urlTemplate\":\"https:\/\/verdadeon.com.br\/portal\/?s={search_term_string}\"},\"query-input\":{\"@type\":\"PropertyValueSpecification\",\"valueRequired\":true,\"valueName\":\"search_term_string\"}}],\"inLanguage\":\"pt-BR\"},{\"@type\":\"Person\",\"@id\":\"https:\/\/verdadeon.com.br\/portal\/#\/schema\/person\/a5060ad1e9ea3df545188fc93ce43d2f\",\"name\":\"Redacao VerdadeOn\",\"image\":{\"@type\":\"ImageObject\",\"inLanguage\":\"pt-BR\",\"@id\":\"https:\/\/verdadeon.com.br\/portal\/#\/schema\/person\/image\/\",\"url\":\"https:\/\/secure.gravatar.com\/avatar\/459a9613caaaf07f582c3d0841eea68bdd66f533e465e6ba8b9cb45619572cf4?s=96&d=mm&r=g\",\"contentUrl\":\"https:\/\/secure.gravatar.com\/avatar\/459a9613caaaf07f582c3d0841eea68bdd66f533e465e6ba8b9cb45619572cf4?s=96&d=mm&r=g\",\"caption\":\"Redacao VerdadeOn\"},\"url\":\"https:\/\/verdadeon.com.br\/portal\/author\/redacao\/\"}]}<\/script>\n<!-- \/ Yoast SEO plugin. -->","yoast_head_json":{"title":"Leitos para interna\u00e7\u00e3o e falta de telefone em unidade geram debate na C\u00e2mara - VerdadeOn","robots":{"index":"index","follow":"follow","max-snippet":"max-snippet:-1","max-image-preview":"max-image-preview:large","max-video-preview":"max-video-preview:-1"},"canonical":"https:\/\/verdadeon.com.br\/portal\/2023\/07\/12\/leitos-para-internacao-e-falta-de-telefone-em-unidade-geram-debate-na-camara\/","og_locale":"pt_BR","og_type":"article","og_title":"Leitos para interna\u00e7\u00e3o e falta de telefone em unidade geram debate na C\u00e2mara - VerdadeOn","og_description":"Confira as aprecia\u00e7\u00f5es da 23\u00aa Sess\u00e3o Ordin\u00e1ria da C\u00e2mara Municipal Os vereadores se reuniram nesta ter\u00e7a-feira, 11 de julho, para discuss\u00e3o e vota\u00e7\u00f5es de projetos na [\u2026]","og_url":"https:\/\/verdadeon.com.br\/portal\/2023\/07\/12\/leitos-para-internacao-e-falta-de-telefone-em-unidade-geram-debate-na-camara\/","og_site_name":"VerdadeOn","article_published_time":"2023-07-12T14:05:36+00:00","og_image":[{"width":920,"height":617,"url":"https:\/\/verdadeon.com.br\/portal\/wp-content\/uploads\/2023\/07\/23sessao-2.jpg","type":"image\/jpeg"}],"author":"Redacao VerdadeOn","twitter_card":"summary_large_image","twitter_misc":{"Escrito por":"Redacao VerdadeOn","Est. tempo de leitura":"7 minutos"},"schema":{"@context":"https:\/\/schema.org","@graph":[{"@type":"WebPage","@id":"https:\/\/verdadeon.com.br\/portal\/2023\/07\/12\/leitos-para-internacao-e-falta-de-telefone-em-unidade-geram-debate-na-camara\/","url":"https:\/\/verdadeon.com.br\/portal\/2023\/07\/12\/leitos-para-internacao-e-falta-de-telefone-em-unidade-geram-debate-na-camara\/","name":"Leitos para interna\u00e7\u00e3o e falta de telefone em unidade geram debate na C\u00e2mara - VerdadeOn","isPartOf":{"@id":"https:\/\/verdadeon.com.br\/portal\/#website"},"primaryImageOfPage":{"@id":"https:\/\/verdadeon.com.br\/portal\/2023\/07\/12\/leitos-para-internacao-e-falta-de-telefone-em-unidade-geram-debate-na-camara\/#primaryimage"},"image":{"@id":"https:\/\/verdadeon.com.br\/portal\/2023\/07\/12\/leitos-para-internacao-e-falta-de-telefone-em-unidade-geram-debate-na-camara\/#primaryimage"},"thumbnailUrl":"https:\/\/i0.wp.com\/verdadeon.com.br\/portal\/wp-content\/uploads\/2023\/07\/23sessao-2.jpg?fit=920%2C617&ssl=1","datePublished":"2023-07-12T14:05:36+00:00","author":{"@id":"https:\/\/verdadeon.com.br\/portal\/#\/schema\/person\/a5060ad1e9ea3df545188fc93ce43d2f"},"breadcrumb":{"@id":"https:\/\/verdadeon.com.br\/portal\/2023\/07\/12\/leitos-para-internacao-e-falta-de-telefone-em-unidade-geram-debate-na-camara\/#breadcrumb"},"inLanguage":"pt-BR","potentialAction":[{"@type":"ReadAction","target":["https:\/\/verdadeon.com.br\/portal\/2023\/07\/12\/leitos-para-internacao-e-falta-de-telefone-em-unidade-geram-debate-na-camara\/"]}]},{"@type":"ImageObject","inLanguage":"pt-BR","@id":"https:\/\/verdadeon.com.br\/portal\/2023\/07\/12\/leitos-para-internacao-e-falta-de-telefone-em-unidade-geram-debate-na-camara\/#primaryimage","url":"https:\/\/i0.wp.com\/verdadeon.com.br\/portal\/wp-content\/uploads\/2023\/07\/23sessao-2.jpg?fit=920%2C617&ssl=1","contentUrl":"https:\/\/i0.wp.com\/verdadeon.com.br\/portal\/wp-content\/uploads\/2023\/07\/23sessao-2.jpg?fit=920%2C617&ssl=1","width":920,"height":617,"caption":"C\u00e3mara Municipal promove Audi\u00eancia P\u00fablica a respeito do Piso da Enfermagem (\u00a9Divulga\u00e7\u00e3o)"},{"@type":"BreadcrumbList","@id":"https:\/\/verdadeon.com.br\/portal\/2023\/07\/12\/leitos-para-internacao-e-falta-de-telefone-em-unidade-geram-debate-na-camara\/#breadcrumb","itemListElement":[{"@type":"ListItem","position":1,"name":"In\u00edcio","item":"https:\/\/verdadeon.com.br\/portal\/"},{"@type":"ListItem","position":2,"name":"Leitos para interna\u00e7\u00e3o e falta de telefone em unidade geram debate na C\u00e2mara"}]},{"@type":"WebSite","@id":"https:\/\/verdadeon.com.br\/portal\/#website","url":"https:\/\/verdadeon.com.br\/portal\/","name":"VerdadeOn","description":"Not\u00edcias di\u00e1rias sobre Franca, Regi\u00e3o, Esporte, Cultura, Cotidiano, Colunas. Cobertura nos principais eventos da cidade \u00e9 aqui - Verdadeon Franca","potentialAction":[{"@type":"SearchAction","target":{"@type":"EntryPoint","urlTemplate":"https:\/\/verdadeon.com.br\/portal\/?s={search_term_string}"},"query-input":{"@type":"PropertyValueSpecification","valueRequired":true,"valueName":"search_term_string"}}],"inLanguage":"pt-BR"},{"@type":"Person","@id":"https:\/\/verdadeon.com.br\/portal\/#\/schema\/person\/a5060ad1e9ea3df545188fc93ce43d2f","name":"Redacao VerdadeOn","image":{"@type":"ImageObject","inLanguage":"pt-BR","@id":"https:\/\/verdadeon.com.br\/portal\/#\/schema\/person\/image\/","url":"https:\/\/secure.gravatar.com\/avatar\/459a9613caaaf07f582c3d0841eea68bdd66f533e465e6ba8b9cb45619572cf4?s=96&d=mm&r=g","contentUrl":"https:\/\/secure.gravatar.com\/avatar\/459a9613caaaf07f582c3d0841eea68bdd66f533e465e6ba8b9cb45619572cf4?s=96&d=mm&r=g","caption":"Redacao VerdadeOn"},"url":"https:\/\/verdadeon.com.br\/portal\/author\/redacao\/"}]}},"jetpack_publicize_connections":[],"jetpack_featured_media_url":"https:\/\/i0.wp.com\/verdadeon.com.br\/portal\/wp-content\/uploads\/2023\/07\/23sessao-2.jpg?fit=920%2C617&ssl=1","jetpack_sharing_enabled":true,"_links":{"self":[{"href":"https:\/\/verdadeon.com.br\/portal\/wp-json\/wp\/v2\/posts\/35819","targetHints":{"allow":["GET"]}}],"collection":[{"href":"https:\/\/verdadeon.com.br\/portal\/wp-json\/wp\/v2\/posts"}],"about":[{"href":"https:\/\/verdadeon.com.br\/portal\/wp-json\/wp\/v2\/types\/post"}],"author":[{"embeddable":true,"href":"https:\/\/verdadeon.com.br\/portal\/wp-json\/wp\/v2\/users\/10"}],"replies":[{"embeddable":true,"href":"https:\/\/verdadeon.com.br\/portal\/wp-json\/wp\/v2\/comments?post=35819"}],"version-history":[{"count":1,"href":"https:\/\/verdadeon.com.br\/portal\/wp-json\/wp\/v2\/posts\/35819\/revisions"}],"predecessor-version":[{"id":35821,"href":"https:\/\/verdadeon.com.br\/portal\/wp-json\/wp\/v2\/posts\/35819\/revisions\/35821"}],"wp:featuredmedia":[{"embeddable":true,"href":"https:\/\/verdadeon.com.br\/portal\/wp-json\/wp\/v2\/media\/35820"}],"wp:attachment":[{"href":"https:\/\/verdadeon.com.br\/portal\/wp-json\/wp\/v2\/media?parent=35819"}],"wp:term":[{"taxonomy":"category","embeddable":true,"href":"https:\/\/verdadeon.com.br\/portal\/wp-json\/wp\/v2\/categories?post=35819"},{"taxonomy":"post_tag","embeddable":true,"href":"https:\/\/verdadeon.com.br\/portal\/wp-json\/wp\/v2\/tags?post=35819"}],"curies":[{"name":"wp","href":"https:\/\/api.w.org\/{rel}","templated":true}]}}