{"id":35813,"date":"2023-07-11T11:00:08","date_gmt":"2023-07-11T14:00:08","guid":{"rendered":"https:\/\/verdadeon.com.br\/portal\/?p=35813"},"modified":"2023-07-11T15:56:38","modified_gmt":"2023-07-11T18:56:38","slug":"inflacao-oficial-de-junho-fica-negativa-em-008","status":"publish","type":"post","link":"https:\/\/verdadeon.com.br\/portal\/2023\/07\/11\/inflacao-oficial-de-junho-fica-negativa-em-008\/","title":{"rendered":"Infla\u00e7\u00e3o oficial de junho fica negativa em 0,08%"},"content":{"rendered":"<div class=\"row\">\n<h2 class=\"col-10 offset-1 animated fadeInDown dealy-900 display-8 display-md-8 alt-font font-italic my-1 text-center\">Alimenta\u00e7\u00e3o e carros novos contribu\u00edram para a queda do \u00edndice<\/h2>\n<p>O m\u00eas de junho teve defla\u00e7\u00e3o, ou seja, houve um recuo nos pre\u00e7os na compara\u00e7\u00e3o com maio. A infla\u00e7\u00e3o oficial &#8211; calculada pelo IBGE (Instituto Brasileiro de Geografia e Estat\u00edstica) &#8211; ficou em -0,08%. \u00c9 a primeira vez no ano que a infla\u00e7\u00e3o fica abaixo de zero. A \u00faltima vez em que a infla\u00e7\u00e3o apresentou queda foi em setembro do ano passado. Esse \u00e9 tamb\u00e9m o menor resultado do \u00cdndice Nacional de Pre\u00e7os ao Consumidor Amplo (IPCA) para um m\u00eas de junho desde 2017 &#8211; quando o \u00edndice foi de -0,23%. \u00a0Esse \u00e9 tamb\u00e9m o menor resultado do \u00cdndice Nacional de Pre\u00e7os ao Consumidor Amplo (IPCA \u2013 a infla\u00e7\u00e3o oficial do pa\u00eds) para um m\u00eas de junho desde 2017, quando o \u00edndice foi de -0,23%. \u00a0<img data-recalc-dims=\"1\" decoding=\"async\" src=\"https:\/\/i0.wp.com\/agenciabrasil.ebc.com.br\/ebc.png?w=1220&#038;ssl=1\" \/><img data-recalc-dims=\"1\" decoding=\"async\" src=\"https:\/\/i0.wp.com\/agenciabrasil.ebc.com.br\/ebc.gif?w=1220&#038;ssl=1\" \/><\/p>\n<p>O resultado, divulgado nesta ter\u00e7a-feira (11) pelo IBGE, no Rio de Janeiro, representa o quarto m\u00eas seguido em que a infla\u00e7\u00e3o perde for\u00e7a. Em maio, o IPCA foi de 0,23%. No ano, o \u00edndice soma 2,87% e, nos \u00faltimos 12 meses, 3,16%, abaixo dos 3,94% observados nos 12 meses imediatamente anteriores.<\/p>\n<p>Na compara\u00e7\u00e3o com maio, os grupos que mais ajudaram a colocar a infla\u00e7\u00e3o no campo negativo foram alimenta\u00e7\u00e3o e bebidas (-0,66%) e transportes (-0,41%), que contribu\u00edram com -0,14 e -0,08 ponto percentual (pp) no \u00edndice geral, respectivamente.<\/p>\n<p><strong>Fator de influ\u00eancia<\/strong><\/p>\n<p>Segundo o IBGE, alimenta\u00e7\u00e3o e bebidas e transportes integram o grupo com maior influ\u00eancia dentro da cesta de consumo das fam\u00edlias. Juntos, eles representam cerca de 42% do IPCA.<\/p>\n<p>O grupo alimenta\u00e7\u00e3o e bebidas foi influenciado, principalmente, pelo recuo nos pre\u00e7os da alimenta\u00e7\u00e3o em casa (-1,07%). Contribu\u00edram para isso as quedas do \u00f3leo de soja (-8,96%), das frutas (-3,38%), do leite longa vida (-2,68%) e das carnes (-2,10%). J\u00e1 o custo da alimenta\u00e7\u00e3o fora de casa subiu, por\u00e9m, com menos for\u00e7a (0,46%) em rela\u00e7\u00e3o ao m\u00eas anterior (0,58%).<\/p>\n<p>\u201cNos \u00faltimos meses, os pre\u00e7os dos gr\u00e3os, como a soja, ca\u00edram. Isso impactou diretamente o pre\u00e7o do \u00f3leo de soja e indiretamente os pre\u00e7os das carnes e do leite, por exemplo. Essas\u00a0<em>commodities\u00a0<\/em>s\u00e3o insumos para a ra\u00e7\u00e3o animal, e um pre\u00e7o mais baixo contribui para reduzir os custos de produ\u00e7\u00e3o. No caso do leite, h\u00e1 tamb\u00e9m uma maior oferta no mercado\u201d, explicou Andr\u00e9 Almeida, analista da pesquisa, no\u00a0<em>site\u00a0<\/em>do IBGE.<\/p>\n<p>Em transportes, o recuo de pre\u00e7os foi motivado por queda nos <a href=\"http:\/\/agenciabrasil.ebc.com.br\/economia\/noticia\/2023-06\/mp-que-da-desconto-carros-populares-e-publicada\" target=\"_blank\" rel=\"noopener\">pre\u00e7os dos autom\u00f3veis novos (-2,76%) e dos usados (-0,93%)<\/a>. Esse comportamento tem a ver com a medida do governo federal para baixar o pre\u00e7o dos carros novos.<\/p>\n<p>\u201cO subitem autom\u00f3vel novo foi o de maior impacto individual no m\u00eas, com -0,09 pp. Essa redu\u00e7\u00e3o nos pre\u00e7os est\u00e1 relacionada ao programa de descontos para compra de ve\u00edculos novos, lan\u00e7ado em 6 de junho pelo governo federal. Isso pode ter rela\u00e7\u00e3o tamb\u00e9m com a queda dos pre\u00e7os dos autom\u00f3veis usados\u201d, explica o IBGE.<\/p>\n<p>Fonte: Ag\u00eancia Brasil<\/p>\n<\/div>\n","protected":false},"excerpt":{"rendered":"<p>Alimenta\u00e7\u00e3o e carros novos contribu\u00edram para a queda do \u00edndice O m\u00eas de junho teve defla\u00e7\u00e3o, ou seja, houve um recuo nos pre\u00e7os na compara\u00e7\u00e3o com<span class=\"excerpt-hellip\"> [\u2026]<\/span><\/p>\n","protected":false},"author":10,"featured_media":35814,"comment_status":"open","ping_status":"open","sticky":false,"template":"","format":"standard","meta":{"_jetpack_memberships_contains_paid_content":false,"footnotes":"","jetpack_publicize_message":"","jetpack_publicize_feature_enabled":true,"jetpack_social_post_already_shared":false,"jetpack_social_options":{"image_generator_settings":{"template":"highway","default_image_id":0,"enabled":false},"version":2}},"categories":[28,44],"tags":[],"class_list":["post-35813","post","type-post","status-publish","format-standard","has-post-thumbnail","hentry","category-cotidiano","category-noticias"],"yoast_head":"<!-- This site is optimized with the Yoast SEO plugin v25.6 - https:\/\/yoast.com\/wordpress\/plugins\/seo\/ -->\n<title>Infla\u00e7\u00e3o oficial de junho fica negativa em 0,08% - VerdadeOn<\/title>\n<meta name=\"robots\" content=\"index, follow, max-snippet:-1, max-image-preview:large, max-video-preview:-1\" \/>\n<link rel=\"canonical\" href=\"https:\/\/verdadeon.com.br\/portal\/2023\/07\/11\/inflacao-oficial-de-junho-fica-negativa-em-008\/\" \/>\n<meta property=\"og:locale\" content=\"pt_BR\" \/>\n<meta property=\"og:type\" content=\"article\" \/>\n<meta property=\"og:title\" content=\"Infla\u00e7\u00e3o oficial de junho fica negativa em 0,08% - VerdadeOn\" \/>\n<meta property=\"og:description\" content=\"Alimenta\u00e7\u00e3o e carros novos contribu\u00edram para a queda do \u00edndice O m\u00eas de junho teve defla\u00e7\u00e3o, ou seja, houve um recuo nos pre\u00e7os na compara\u00e7\u00e3o com [\u2026]\" \/>\n<meta property=\"og:url\" content=\"https:\/\/verdadeon.com.br\/portal\/2023\/07\/11\/inflacao-oficial-de-junho-fica-negativa-em-008\/\" \/>\n<meta property=\"og:site_name\" content=\"VerdadeOn\" \/>\n<meta property=\"article:published_time\" content=\"2023-07-11T14:00:08+00:00\" \/>\n<meta property=\"article:modified_time\" content=\"2023-07-11T18:56:38+00:00\" \/>\n<meta property=\"og:image\" content=\"https:\/\/verdadeon.com.br\/portal\/wp-content\/uploads\/2023\/07\/feijao.jpg\" \/>\n\t<meta property=\"og:image:width\" content=\"1044\" \/>\n\t<meta property=\"og:image:height\" content=\"700\" \/>\n\t<meta property=\"og:image:type\" content=\"image\/jpeg\" \/>\n<meta name=\"author\" content=\"Redacao VerdadeOn\" \/>\n<meta name=\"twitter:card\" content=\"summary_large_image\" \/>\n<meta name=\"twitter:label1\" content=\"Escrito por\" \/>\n\t<meta name=\"twitter:data1\" content=\"Redacao VerdadeOn\" \/>\n\t<meta name=\"twitter:label2\" content=\"Est. tempo de leitura\" \/>\n\t<meta name=\"twitter:data2\" content=\"3 minutos\" \/>\n<script type=\"application\/ld+json\" class=\"yoast-schema-graph\">{\"@context\":\"https:\/\/schema.org\",\"@graph\":[{\"@type\":\"WebPage\",\"@id\":\"https:\/\/verdadeon.com.br\/portal\/2023\/07\/11\/inflacao-oficial-de-junho-fica-negativa-em-008\/\",\"url\":\"https:\/\/verdadeon.com.br\/portal\/2023\/07\/11\/inflacao-oficial-de-junho-fica-negativa-em-008\/\",\"name\":\"Infla\u00e7\u00e3o oficial de junho fica negativa em 0,08% - VerdadeOn\",\"isPartOf\":{\"@id\":\"https:\/\/verdadeon.com.br\/portal\/#website\"},\"primaryImageOfPage\":{\"@id\":\"https:\/\/verdadeon.com.br\/portal\/2023\/07\/11\/inflacao-oficial-de-junho-fica-negativa-em-008\/#primaryimage\"},\"image\":{\"@id\":\"https:\/\/verdadeon.com.br\/portal\/2023\/07\/11\/inflacao-oficial-de-junho-fica-negativa-em-008\/#primaryimage\"},\"thumbnailUrl\":\"https:\/\/i0.wp.com\/verdadeon.com.br\/portal\/wp-content\/uploads\/2023\/07\/feijao.jpg?fit=1044%2C700&ssl=1\",\"datePublished\":\"2023-07-11T14:00:08+00:00\",\"dateModified\":\"2023-07-11T18:56:38+00:00\",\"author\":{\"@id\":\"https:\/\/verdadeon.com.br\/portal\/#\/schema\/person\/a5060ad1e9ea3df545188fc93ce43d2f\"},\"breadcrumb\":{\"@id\":\"https:\/\/verdadeon.com.br\/portal\/2023\/07\/11\/inflacao-oficial-de-junho-fica-negativa-em-008\/#breadcrumb\"},\"inLanguage\":\"pt-BR\",\"potentialAction\":[{\"@type\":\"ReadAction\",\"target\":[\"https:\/\/verdadeon.com.br\/portal\/2023\/07\/11\/inflacao-oficial-de-junho-fica-negativa-em-008\/\"]}]},{\"@type\":\"ImageObject\",\"inLanguage\":\"pt-BR\",\"@id\":\"https:\/\/verdadeon.com.br\/portal\/2023\/07\/11\/inflacao-oficial-de-junho-fica-negativa-em-008\/#primaryimage\",\"url\":\"https:\/\/i0.wp.com\/verdadeon.com.br\/portal\/wp-content\/uploads\/2023\/07\/feijao.jpg?fit=1044%2C700&ssl=1\",\"contentUrl\":\"https:\/\/i0.wp.com\/verdadeon.com.br\/portal\/wp-content\/uploads\/2023\/07\/feijao.jpg?fit=1044%2C700&ssl=1\",\"width\":1044,\"height\":700,\"caption\":\"Infla\u00e7\u00e3o fica abaixo de zero pela primeira vez no ano (\u00a9Ant\u00f4nio Cruz\/ABr)\"},{\"@type\":\"BreadcrumbList\",\"@id\":\"https:\/\/verdadeon.com.br\/portal\/2023\/07\/11\/inflacao-oficial-de-junho-fica-negativa-em-008\/#breadcrumb\",\"itemListElement\":[{\"@type\":\"ListItem\",\"position\":1,\"name\":\"In\u00edcio\",\"item\":\"https:\/\/verdadeon.com.br\/portal\/\"},{\"@type\":\"ListItem\",\"position\":2,\"name\":\"Infla\u00e7\u00e3o oficial de junho fica negativa em 0,08%\"}]},{\"@type\":\"WebSite\",\"@id\":\"https:\/\/verdadeon.com.br\/portal\/#website\",\"url\":\"https:\/\/verdadeon.com.br\/portal\/\",\"name\":\"VerdadeOn\",\"description\":\"Not\u00edcias di\u00e1rias sobre Franca, Regi\u00e3o, Esporte, Cultura, Cotidiano, Colunas. Cobertura nos principais eventos da cidade \u00e9 aqui - Verdadeon Franca\",\"potentialAction\":[{\"@type\":\"SearchAction\",\"target\":{\"@type\":\"EntryPoint\",\"urlTemplate\":\"https:\/\/verdadeon.com.br\/portal\/?s={search_term_string}\"},\"query-input\":{\"@type\":\"PropertyValueSpecification\",\"valueRequired\":true,\"valueName\":\"search_term_string\"}}],\"inLanguage\":\"pt-BR\"},{\"@type\":\"Person\",\"@id\":\"https:\/\/verdadeon.com.br\/portal\/#\/schema\/person\/a5060ad1e9ea3df545188fc93ce43d2f\",\"name\":\"Redacao VerdadeOn\",\"image\":{\"@type\":\"ImageObject\",\"inLanguage\":\"pt-BR\",\"@id\":\"https:\/\/verdadeon.com.br\/portal\/#\/schema\/person\/image\/\",\"url\":\"https:\/\/secure.gravatar.com\/avatar\/459a9613caaaf07f582c3d0841eea68bdd66f533e465e6ba8b9cb45619572cf4?s=96&d=mm&r=g\",\"contentUrl\":\"https:\/\/secure.gravatar.com\/avatar\/459a9613caaaf07f582c3d0841eea68bdd66f533e465e6ba8b9cb45619572cf4?s=96&d=mm&r=g\",\"caption\":\"Redacao VerdadeOn\"},\"url\":\"https:\/\/verdadeon.com.br\/portal\/author\/redacao\/\"}]}<\/script>\n<!-- \/ Yoast SEO plugin. -->","yoast_head_json":{"title":"Infla\u00e7\u00e3o oficial de junho fica negativa em 0,08% - VerdadeOn","robots":{"index":"index","follow":"follow","max-snippet":"max-snippet:-1","max-image-preview":"max-image-preview:large","max-video-preview":"max-video-preview:-1"},"canonical":"https:\/\/verdadeon.com.br\/portal\/2023\/07\/11\/inflacao-oficial-de-junho-fica-negativa-em-008\/","og_locale":"pt_BR","og_type":"article","og_title":"Infla\u00e7\u00e3o oficial de junho fica negativa em 0,08% - VerdadeOn","og_description":"Alimenta\u00e7\u00e3o e carros novos contribu\u00edram para a queda do \u00edndice O m\u00eas de junho teve defla\u00e7\u00e3o, ou seja, houve um recuo nos pre\u00e7os na compara\u00e7\u00e3o com [\u2026]","og_url":"https:\/\/verdadeon.com.br\/portal\/2023\/07\/11\/inflacao-oficial-de-junho-fica-negativa-em-008\/","og_site_name":"VerdadeOn","article_published_time":"2023-07-11T14:00:08+00:00","article_modified_time":"2023-07-11T18:56:38+00:00","og_image":[{"width":1044,"height":700,"url":"https:\/\/verdadeon.com.br\/portal\/wp-content\/uploads\/2023\/07\/feijao.jpg","type":"image\/jpeg"}],"author":"Redacao VerdadeOn","twitter_card":"summary_large_image","twitter_misc":{"Escrito por":"Redacao VerdadeOn","Est. tempo de leitura":"3 minutos"},"schema":{"@context":"https:\/\/schema.org","@graph":[{"@type":"WebPage","@id":"https:\/\/verdadeon.com.br\/portal\/2023\/07\/11\/inflacao-oficial-de-junho-fica-negativa-em-008\/","url":"https:\/\/verdadeon.com.br\/portal\/2023\/07\/11\/inflacao-oficial-de-junho-fica-negativa-em-008\/","name":"Infla\u00e7\u00e3o oficial de junho fica negativa em 0,08% - VerdadeOn","isPartOf":{"@id":"https:\/\/verdadeon.com.br\/portal\/#website"},"primaryImageOfPage":{"@id":"https:\/\/verdadeon.com.br\/portal\/2023\/07\/11\/inflacao-oficial-de-junho-fica-negativa-em-008\/#primaryimage"},"image":{"@id":"https:\/\/verdadeon.com.br\/portal\/2023\/07\/11\/inflacao-oficial-de-junho-fica-negativa-em-008\/#primaryimage"},"thumbnailUrl":"https:\/\/i0.wp.com\/verdadeon.com.br\/portal\/wp-content\/uploads\/2023\/07\/feijao.jpg?fit=1044%2C700&ssl=1","datePublished":"2023-07-11T14:00:08+00:00","dateModified":"2023-07-11T18:56:38+00:00","author":{"@id":"https:\/\/verdadeon.com.br\/portal\/#\/schema\/person\/a5060ad1e9ea3df545188fc93ce43d2f"},"breadcrumb":{"@id":"https:\/\/verdadeon.com.br\/portal\/2023\/07\/11\/inflacao-oficial-de-junho-fica-negativa-em-008\/#breadcrumb"},"inLanguage":"pt-BR","potentialAction":[{"@type":"ReadAction","target":["https:\/\/verdadeon.com.br\/portal\/2023\/07\/11\/inflacao-oficial-de-junho-fica-negativa-em-008\/"]}]},{"@type":"ImageObject","inLanguage":"pt-BR","@id":"https:\/\/verdadeon.com.br\/portal\/2023\/07\/11\/inflacao-oficial-de-junho-fica-negativa-em-008\/#primaryimage","url":"https:\/\/i0.wp.com\/verdadeon.com.br\/portal\/wp-content\/uploads\/2023\/07\/feijao.jpg?fit=1044%2C700&ssl=1","contentUrl":"https:\/\/i0.wp.com\/verdadeon.com.br\/portal\/wp-content\/uploads\/2023\/07\/feijao.jpg?fit=1044%2C700&ssl=1","width":1044,"height":700,"caption":"Infla\u00e7\u00e3o fica abaixo de zero pela primeira vez no ano (\u00a9Ant\u00f4nio Cruz\/ABr)"},{"@type":"BreadcrumbList","@id":"https:\/\/verdadeon.com.br\/portal\/2023\/07\/11\/inflacao-oficial-de-junho-fica-negativa-em-008\/#breadcrumb","itemListElement":[{"@type":"ListItem","position":1,"name":"In\u00edcio","item":"https:\/\/verdadeon.com.br\/portal\/"},{"@type":"ListItem","position":2,"name":"Infla\u00e7\u00e3o oficial de junho fica negativa em 0,08%"}]},{"@type":"WebSite","@id":"https:\/\/verdadeon.com.br\/portal\/#website","url":"https:\/\/verdadeon.com.br\/portal\/","name":"VerdadeOn","description":"Not\u00edcias di\u00e1rias sobre Franca, Regi\u00e3o, Esporte, Cultura, Cotidiano, Colunas. Cobertura nos principais eventos da cidade \u00e9 aqui - Verdadeon Franca","potentialAction":[{"@type":"SearchAction","target":{"@type":"EntryPoint","urlTemplate":"https:\/\/verdadeon.com.br\/portal\/?s={search_term_string}"},"query-input":{"@type":"PropertyValueSpecification","valueRequired":true,"valueName":"search_term_string"}}],"inLanguage":"pt-BR"},{"@type":"Person","@id":"https:\/\/verdadeon.com.br\/portal\/#\/schema\/person\/a5060ad1e9ea3df545188fc93ce43d2f","name":"Redacao VerdadeOn","image":{"@type":"ImageObject","inLanguage":"pt-BR","@id":"https:\/\/verdadeon.com.br\/portal\/#\/schema\/person\/image\/","url":"https:\/\/secure.gravatar.com\/avatar\/459a9613caaaf07f582c3d0841eea68bdd66f533e465e6ba8b9cb45619572cf4?s=96&d=mm&r=g","contentUrl":"https:\/\/secure.gravatar.com\/avatar\/459a9613caaaf07f582c3d0841eea68bdd66f533e465e6ba8b9cb45619572cf4?s=96&d=mm&r=g","caption":"Redacao VerdadeOn"},"url":"https:\/\/verdadeon.com.br\/portal\/author\/redacao\/"}]}},"jetpack_publicize_connections":[],"jetpack_featured_media_url":"https:\/\/i0.wp.com\/verdadeon.com.br\/portal\/wp-content\/uploads\/2023\/07\/feijao.jpg?fit=1044%2C700&ssl=1","jetpack_sharing_enabled":true,"_links":{"self":[{"href":"https:\/\/verdadeon.com.br\/portal\/wp-json\/wp\/v2\/posts\/35813","targetHints":{"allow":["GET"]}}],"collection":[{"href":"https:\/\/verdadeon.com.br\/portal\/wp-json\/wp\/v2\/posts"}],"about":[{"href":"https:\/\/verdadeon.com.br\/portal\/wp-json\/wp\/v2\/types\/post"}],"author":[{"embeddable":true,"href":"https:\/\/verdadeon.com.br\/portal\/wp-json\/wp\/v2\/users\/10"}],"replies":[{"embeddable":true,"href":"https:\/\/verdadeon.com.br\/portal\/wp-json\/wp\/v2\/comments?post=35813"}],"version-history":[{"count":1,"href":"https:\/\/verdadeon.com.br\/portal\/wp-json\/wp\/v2\/posts\/35813\/revisions"}],"predecessor-version":[{"id":35815,"href":"https:\/\/verdadeon.com.br\/portal\/wp-json\/wp\/v2\/posts\/35813\/revisions\/35815"}],"wp:featuredmedia":[{"embeddable":true,"href":"https:\/\/verdadeon.com.br\/portal\/wp-json\/wp\/v2\/media\/35814"}],"wp:attachment":[{"href":"https:\/\/verdadeon.com.br\/portal\/wp-json\/wp\/v2\/media?parent=35813"}],"wp:term":[{"taxonomy":"category","embeddable":true,"href":"https:\/\/verdadeon.com.br\/portal\/wp-json\/wp\/v2\/categories?post=35813"},{"taxonomy":"post_tag","embeddable":true,"href":"https:\/\/verdadeon.com.br\/portal\/wp-json\/wp\/v2\/tags?post=35813"}],"curies":[{"name":"wp","href":"https:\/\/api.w.org\/{rel}","templated":true}]}}