{"id":35776,"date":"2023-07-10T15:10:42","date_gmt":"2023-07-10T18:10:42","guid":{"rendered":"https:\/\/verdadeon.com.br\/portal\/?p=35776"},"modified":"2023-07-10T15:10:42","modified_gmt":"2023-07-10T18:10:42","slug":"internacoes-por-infarto-aumentam-mais-de-150-no-brasil","status":"publish","type":"post","link":"https:\/\/verdadeon.com.br\/portal\/2023\/07\/10\/internacoes-por-infarto-aumentam-mais-de-150-no-brasil\/","title":{"rendered":"Interna\u00e7\u00f5es por infarto aumentam mais de 150% no Brasil"},"content":{"rendered":"<div class=\"row\">\n<h2 class=\"col-10 offset-1 animated fadeInDown dealy-900 display-8 display-md-8 alt-font font-italic my-1 text-center\">Envelhecimento e obesidade est\u00e3o entre os fatores de risco<\/h2>\n<p>Um levantamento do Instituto Nacional de Cardiologia (INC) mostra que, entre 2008 e 2022, o n\u00famero de interna\u00e7\u00f5es por infarto aumentou no Brasil. Entre os homens, a m\u00e9dia mensal passou de\u00a05.282 para 13.645, alta de 158%. Entre as mulheres, a m\u00e9dia foi de\u00a01.930 para 4.973, aumento de 157%.<img data-recalc-dims=\"1\" decoding=\"async\" src=\"https:\/\/i0.wp.com\/agenciabrasil.ebc.com.br\/ebc.png?w=1220&#038;ssl=1\" \/><img data-recalc-dims=\"1\" decoding=\"async\" src=\"https:\/\/i0.wp.com\/agenciabrasil.ebc.com.br\/ebc.gif?w=1220&#038;ssl=1\" \/><\/p>\n<p>O estudo leva em considera\u00e7\u00e3o dados do\u00a0Sistema de Interna\u00e7\u00e3o Hospitalar do Datasus, do Minist\u00e9rio da Sa\u00fade.\u00a0Por isso, cobre todos os pacientes brasileiros que usam os servi\u00e7os do Sistema \u00danico de Sa\u00fade (SUS), seja nos hospitais p\u00fablicos ou nos privados que t\u00eam conv\u00eanios. Isso representa de 70% a 75% de todos os pacientes do pa\u00eds.<\/p>\n<p>Alguns fatores aumentam os riscos de infarto, informa o Instituto Nacional de Cardiologia. \u201cO infarto do mioc\u00e1rdio acontece em popula\u00e7\u00f5es mais idosas. E sabemos tamb\u00e9m do aumento da preval\u00eancia da obesidade na popula\u00e7\u00e3o brasileira\u201d, explica a\u00a0diretora-geral do INC, Aurora Issa.<\/p>\n<p>Segundo Aurora, o frio tamb\u00e9m aumenta as chances de infarto. Dados do INC indicam que os casos s\u00e3o mais frequentes durante o inverno. No ano passado, o n\u00famero de infartos nessa esta\u00e7\u00e3o foi 27,8% maior em mulheres e 27,4% maior em homens na compara\u00e7\u00e3o com o ver\u00e3o.<\/p>\n<p>\u201cO frio leva \u00e0 contra\u00e7\u00e3o dos vasos [sangu\u00edneos]\u201d, diz a especialista. \u201cA pessoa que tem um infarto, na maioria das vezes, j\u00e1 tem a placa de gordura nas art\u00e9rias. O que leva ao infarto \u00e9 uma inflama\u00e7\u00e3o na placa e a forma\u00e7\u00e3o de um trombo em cima dessa placa. As infec\u00e7\u00f5es, muitas vezes, s\u00e3o um gatilho para a inflama\u00e7\u00e3o.\u201d<\/p>\n<p>As doen\u00e7as cardiovasculares s\u00e3o a principal causa de morte entre homens e mulheres no Brasil. Entre 2017 a 2021, 7.368.654 pessoas morreram por esse motivo no pa\u00eds. De acordo com o INC, as principais formas de preven\u00e7\u00e3o s\u00e3o a pr\u00e1tica de exerc\u00edcios f\u00edsicos e a alimenta\u00e7\u00e3o balanceada.<\/p>\n<p>Fonte: Ag\u00eancia Brasil<\/p>\n<\/div>\n","protected":false},"excerpt":{"rendered":"<p>Envelhecimento e obesidade est\u00e3o entre os fatores de risco Um levantamento do Instituto Nacional de Cardiologia (INC) mostra que, entre 2008 e 2022, o n\u00famero de<span class=\"excerpt-hellip\"> [\u2026]<\/span><\/p>\n","protected":false},"author":10,"featured_media":35777,"comment_status":"open","ping_status":"open","sticky":false,"template":"","format":"standard","meta":{"_jetpack_memberships_contains_paid_content":false,"footnotes":"","jetpack_publicize_message":"","jetpack_publicize_feature_enabled":true,"jetpack_social_post_already_shared":false,"jetpack_social_options":{"image_generator_settings":{"template":"highway","default_image_id":0,"enabled":false},"version":2}},"categories":[28,81],"tags":[],"class_list":["post-35776","post","type-post","status-publish","format-standard","has-post-thumbnail","hentry","category-cotidiano","category-manchete"],"yoast_head":"<!-- This site is optimized with the Yoast SEO plugin v25.6 - https:\/\/yoast.com\/wordpress\/plugins\/seo\/ -->\n<title>Interna\u00e7\u00f5es por infarto aumentam mais de 150% no Brasil - VerdadeOn<\/title>\n<meta name=\"robots\" content=\"index, follow, max-snippet:-1, max-image-preview:large, max-video-preview:-1\" \/>\n<link rel=\"canonical\" href=\"https:\/\/verdadeon.com.br\/portal\/2023\/07\/10\/internacoes-por-infarto-aumentam-mais-de-150-no-brasil\/\" \/>\n<meta property=\"og:locale\" content=\"pt_BR\" \/>\n<meta property=\"og:type\" content=\"article\" \/>\n<meta property=\"og:title\" content=\"Interna\u00e7\u00f5es por infarto aumentam mais de 150% no Brasil - VerdadeOn\" \/>\n<meta property=\"og:description\" content=\"Envelhecimento e obesidade est\u00e3o entre os fatores de risco Um levantamento do Instituto Nacional de Cardiologia (INC) mostra que, entre 2008 e 2022, o n\u00famero de [\u2026]\" \/>\n<meta property=\"og:url\" content=\"https:\/\/verdadeon.com.br\/portal\/2023\/07\/10\/internacoes-por-infarto-aumentam-mais-de-150-no-brasil\/\" \/>\n<meta property=\"og:site_name\" content=\"VerdadeOn\" \/>\n<meta property=\"article:published_time\" content=\"2023-07-10T18:10:42+00:00\" \/>\n<meta property=\"og:image\" content=\"https:\/\/verdadeon.com.br\/portal\/wp-content\/uploads\/2023\/07\/1023611-capa_03062016-_dsc5706_1.jpg\" \/>\n\t<meta property=\"og:image:width\" content=\"1044\" \/>\n\t<meta property=\"og:image:height\" content=\"700\" \/>\n\t<meta property=\"og:image:type\" content=\"image\/jpeg\" \/>\n<meta name=\"author\" content=\"Redacao VerdadeOn\" \/>\n<meta name=\"twitter:card\" content=\"summary_large_image\" \/>\n<meta name=\"twitter:label1\" content=\"Escrito por\" \/>\n\t<meta name=\"twitter:data1\" content=\"Redacao VerdadeOn\" \/>\n\t<meta name=\"twitter:label2\" content=\"Est. tempo de leitura\" \/>\n\t<meta name=\"twitter:data2\" content=\"3 minutos\" \/>\n<script type=\"application\/ld+json\" class=\"yoast-schema-graph\">{\"@context\":\"https:\/\/schema.org\",\"@graph\":[{\"@type\":\"WebPage\",\"@id\":\"https:\/\/verdadeon.com.br\/portal\/2023\/07\/10\/internacoes-por-infarto-aumentam-mais-de-150-no-brasil\/\",\"url\":\"https:\/\/verdadeon.com.br\/portal\/2023\/07\/10\/internacoes-por-infarto-aumentam-mais-de-150-no-brasil\/\",\"name\":\"Interna\u00e7\u00f5es por infarto aumentam mais de 150% no Brasil - VerdadeOn\",\"isPartOf\":{\"@id\":\"https:\/\/verdadeon.com.br\/portal\/#website\"},\"primaryImageOfPage\":{\"@id\":\"https:\/\/verdadeon.com.br\/portal\/2023\/07\/10\/internacoes-por-infarto-aumentam-mais-de-150-no-brasil\/#primaryimage\"},\"image\":{\"@id\":\"https:\/\/verdadeon.com.br\/portal\/2023\/07\/10\/internacoes-por-infarto-aumentam-mais-de-150-no-brasil\/#primaryimage\"},\"thumbnailUrl\":\"https:\/\/i0.wp.com\/verdadeon.com.br\/portal\/wp-content\/uploads\/2023\/07\/1023611-capa_03062016-_dsc5706_1.jpg?fit=1044%2C700&ssl=1\",\"datePublished\":\"2023-07-10T18:10:42+00:00\",\"author\":{\"@id\":\"https:\/\/verdadeon.com.br\/portal\/#\/schema\/person\/a5060ad1e9ea3df545188fc93ce43d2f\"},\"breadcrumb\":{\"@id\":\"https:\/\/verdadeon.com.br\/portal\/2023\/07\/10\/internacoes-por-infarto-aumentam-mais-de-150-no-brasil\/#breadcrumb\"},\"inLanguage\":\"pt-BR\",\"potentialAction\":[{\"@type\":\"ReadAction\",\"target\":[\"https:\/\/verdadeon.com.br\/portal\/2023\/07\/10\/internacoes-por-infarto-aumentam-mais-de-150-no-brasil\/\"]}]},{\"@type\":\"ImageObject\",\"inLanguage\":\"pt-BR\",\"@id\":\"https:\/\/verdadeon.com.br\/portal\/2023\/07\/10\/internacoes-por-infarto-aumentam-mais-de-150-no-brasil\/#primaryimage\",\"url\":\"https:\/\/i0.wp.com\/verdadeon.com.br\/portal\/wp-content\/uploads\/2023\/07\/1023611-capa_03062016-_dsc5706_1.jpg?fit=1044%2C700&ssl=1\",\"contentUrl\":\"https:\/\/i0.wp.com\/verdadeon.com.br\/portal\/wp-content\/uploads\/2023\/07\/1023611-capa_03062016-_dsc5706_1.jpg?fit=1044%2C700&ssl=1\",\"width\":1044,\"height\":700,\"caption\":\"Doen\u00e7as cardiovasculares s\u00e3o a principal causa de morte entre homens e mulheres no Brasil (\u00a9Tomaz Silva\/Ag\u00eancia Brasil)\"},{\"@type\":\"BreadcrumbList\",\"@id\":\"https:\/\/verdadeon.com.br\/portal\/2023\/07\/10\/internacoes-por-infarto-aumentam-mais-de-150-no-brasil\/#breadcrumb\",\"itemListElement\":[{\"@type\":\"ListItem\",\"position\":1,\"name\":\"In\u00edcio\",\"item\":\"https:\/\/verdadeon.com.br\/portal\/\"},{\"@type\":\"ListItem\",\"position\":2,\"name\":\"Interna\u00e7\u00f5es por infarto aumentam mais de 150% no Brasil\"}]},{\"@type\":\"WebSite\",\"@id\":\"https:\/\/verdadeon.com.br\/portal\/#website\",\"url\":\"https:\/\/verdadeon.com.br\/portal\/\",\"name\":\"VerdadeOn\",\"description\":\"Not\u00edcias di\u00e1rias sobre Franca, Regi\u00e3o, Esporte, Cultura, Cotidiano, Colunas. Cobertura nos principais eventos da cidade \u00e9 aqui - Verdadeon Franca\",\"potentialAction\":[{\"@type\":\"SearchAction\",\"target\":{\"@type\":\"EntryPoint\",\"urlTemplate\":\"https:\/\/verdadeon.com.br\/portal\/?s={search_term_string}\"},\"query-input\":{\"@type\":\"PropertyValueSpecification\",\"valueRequired\":true,\"valueName\":\"search_term_string\"}}],\"inLanguage\":\"pt-BR\"},{\"@type\":\"Person\",\"@id\":\"https:\/\/verdadeon.com.br\/portal\/#\/schema\/person\/a5060ad1e9ea3df545188fc93ce43d2f\",\"name\":\"Redacao VerdadeOn\",\"image\":{\"@type\":\"ImageObject\",\"inLanguage\":\"pt-BR\",\"@id\":\"https:\/\/verdadeon.com.br\/portal\/#\/schema\/person\/image\/\",\"url\":\"https:\/\/secure.gravatar.com\/avatar\/459a9613caaaf07f582c3d0841eea68bdd66f533e465e6ba8b9cb45619572cf4?s=96&d=mm&r=g\",\"contentUrl\":\"https:\/\/secure.gravatar.com\/avatar\/459a9613caaaf07f582c3d0841eea68bdd66f533e465e6ba8b9cb45619572cf4?s=96&d=mm&r=g\",\"caption\":\"Redacao VerdadeOn\"},\"url\":\"https:\/\/verdadeon.com.br\/portal\/author\/redacao\/\"}]}<\/script>\n<!-- \/ Yoast SEO plugin. -->","yoast_head_json":{"title":"Interna\u00e7\u00f5es por infarto aumentam mais de 150% no Brasil - VerdadeOn","robots":{"index":"index","follow":"follow","max-snippet":"max-snippet:-1","max-image-preview":"max-image-preview:large","max-video-preview":"max-video-preview:-1"},"canonical":"https:\/\/verdadeon.com.br\/portal\/2023\/07\/10\/internacoes-por-infarto-aumentam-mais-de-150-no-brasil\/","og_locale":"pt_BR","og_type":"article","og_title":"Interna\u00e7\u00f5es por infarto aumentam mais de 150% no Brasil - VerdadeOn","og_description":"Envelhecimento e obesidade est\u00e3o entre os fatores de risco Um levantamento do Instituto Nacional de Cardiologia (INC) mostra que, entre 2008 e 2022, o n\u00famero de [\u2026]","og_url":"https:\/\/verdadeon.com.br\/portal\/2023\/07\/10\/internacoes-por-infarto-aumentam-mais-de-150-no-brasil\/","og_site_name":"VerdadeOn","article_published_time":"2023-07-10T18:10:42+00:00","og_image":[{"width":1044,"height":700,"url":"https:\/\/verdadeon.com.br\/portal\/wp-content\/uploads\/2023\/07\/1023611-capa_03062016-_dsc5706_1.jpg","type":"image\/jpeg"}],"author":"Redacao VerdadeOn","twitter_card":"summary_large_image","twitter_misc":{"Escrito por":"Redacao VerdadeOn","Est. tempo de leitura":"3 minutos"},"schema":{"@context":"https:\/\/schema.org","@graph":[{"@type":"WebPage","@id":"https:\/\/verdadeon.com.br\/portal\/2023\/07\/10\/internacoes-por-infarto-aumentam-mais-de-150-no-brasil\/","url":"https:\/\/verdadeon.com.br\/portal\/2023\/07\/10\/internacoes-por-infarto-aumentam-mais-de-150-no-brasil\/","name":"Interna\u00e7\u00f5es por infarto aumentam mais de 150% no Brasil - VerdadeOn","isPartOf":{"@id":"https:\/\/verdadeon.com.br\/portal\/#website"},"primaryImageOfPage":{"@id":"https:\/\/verdadeon.com.br\/portal\/2023\/07\/10\/internacoes-por-infarto-aumentam-mais-de-150-no-brasil\/#primaryimage"},"image":{"@id":"https:\/\/verdadeon.com.br\/portal\/2023\/07\/10\/internacoes-por-infarto-aumentam-mais-de-150-no-brasil\/#primaryimage"},"thumbnailUrl":"https:\/\/i0.wp.com\/verdadeon.com.br\/portal\/wp-content\/uploads\/2023\/07\/1023611-capa_03062016-_dsc5706_1.jpg?fit=1044%2C700&ssl=1","datePublished":"2023-07-10T18:10:42+00:00","author":{"@id":"https:\/\/verdadeon.com.br\/portal\/#\/schema\/person\/a5060ad1e9ea3df545188fc93ce43d2f"},"breadcrumb":{"@id":"https:\/\/verdadeon.com.br\/portal\/2023\/07\/10\/internacoes-por-infarto-aumentam-mais-de-150-no-brasil\/#breadcrumb"},"inLanguage":"pt-BR","potentialAction":[{"@type":"ReadAction","target":["https:\/\/verdadeon.com.br\/portal\/2023\/07\/10\/internacoes-por-infarto-aumentam-mais-de-150-no-brasil\/"]}]},{"@type":"ImageObject","inLanguage":"pt-BR","@id":"https:\/\/verdadeon.com.br\/portal\/2023\/07\/10\/internacoes-por-infarto-aumentam-mais-de-150-no-brasil\/#primaryimage","url":"https:\/\/i0.wp.com\/verdadeon.com.br\/portal\/wp-content\/uploads\/2023\/07\/1023611-capa_03062016-_dsc5706_1.jpg?fit=1044%2C700&ssl=1","contentUrl":"https:\/\/i0.wp.com\/verdadeon.com.br\/portal\/wp-content\/uploads\/2023\/07\/1023611-capa_03062016-_dsc5706_1.jpg?fit=1044%2C700&ssl=1","width":1044,"height":700,"caption":"Doen\u00e7as cardiovasculares s\u00e3o a principal causa de morte entre homens e mulheres no Brasil (\u00a9Tomaz Silva\/Ag\u00eancia Brasil)"},{"@type":"BreadcrumbList","@id":"https:\/\/verdadeon.com.br\/portal\/2023\/07\/10\/internacoes-por-infarto-aumentam-mais-de-150-no-brasil\/#breadcrumb","itemListElement":[{"@type":"ListItem","position":1,"name":"In\u00edcio","item":"https:\/\/verdadeon.com.br\/portal\/"},{"@type":"ListItem","position":2,"name":"Interna\u00e7\u00f5es por infarto aumentam mais de 150% no Brasil"}]},{"@type":"WebSite","@id":"https:\/\/verdadeon.com.br\/portal\/#website","url":"https:\/\/verdadeon.com.br\/portal\/","name":"VerdadeOn","description":"Not\u00edcias di\u00e1rias sobre Franca, Regi\u00e3o, Esporte, Cultura, Cotidiano, Colunas. Cobertura nos principais eventos da cidade \u00e9 aqui - Verdadeon Franca","potentialAction":[{"@type":"SearchAction","target":{"@type":"EntryPoint","urlTemplate":"https:\/\/verdadeon.com.br\/portal\/?s={search_term_string}"},"query-input":{"@type":"PropertyValueSpecification","valueRequired":true,"valueName":"search_term_string"}}],"inLanguage":"pt-BR"},{"@type":"Person","@id":"https:\/\/verdadeon.com.br\/portal\/#\/schema\/person\/a5060ad1e9ea3df545188fc93ce43d2f","name":"Redacao VerdadeOn","image":{"@type":"ImageObject","inLanguage":"pt-BR","@id":"https:\/\/verdadeon.com.br\/portal\/#\/schema\/person\/image\/","url":"https:\/\/secure.gravatar.com\/avatar\/459a9613caaaf07f582c3d0841eea68bdd66f533e465e6ba8b9cb45619572cf4?s=96&d=mm&r=g","contentUrl":"https:\/\/secure.gravatar.com\/avatar\/459a9613caaaf07f582c3d0841eea68bdd66f533e465e6ba8b9cb45619572cf4?s=96&d=mm&r=g","caption":"Redacao VerdadeOn"},"url":"https:\/\/verdadeon.com.br\/portal\/author\/redacao\/"}]}},"jetpack_publicize_connections":[],"jetpack_featured_media_url":"https:\/\/i0.wp.com\/verdadeon.com.br\/portal\/wp-content\/uploads\/2023\/07\/1023611-capa_03062016-_dsc5706_1.jpg?fit=1044%2C700&ssl=1","jetpack_sharing_enabled":true,"_links":{"self":[{"href":"https:\/\/verdadeon.com.br\/portal\/wp-json\/wp\/v2\/posts\/35776","targetHints":{"allow":["GET"]}}],"collection":[{"href":"https:\/\/verdadeon.com.br\/portal\/wp-json\/wp\/v2\/posts"}],"about":[{"href":"https:\/\/verdadeon.com.br\/portal\/wp-json\/wp\/v2\/types\/post"}],"author":[{"embeddable":true,"href":"https:\/\/verdadeon.com.br\/portal\/wp-json\/wp\/v2\/users\/10"}],"replies":[{"embeddable":true,"href":"https:\/\/verdadeon.com.br\/portal\/wp-json\/wp\/v2\/comments?post=35776"}],"version-history":[{"count":1,"href":"https:\/\/verdadeon.com.br\/portal\/wp-json\/wp\/v2\/posts\/35776\/revisions"}],"predecessor-version":[{"id":35778,"href":"https:\/\/verdadeon.com.br\/portal\/wp-json\/wp\/v2\/posts\/35776\/revisions\/35778"}],"wp:featuredmedia":[{"embeddable":true,"href":"https:\/\/verdadeon.com.br\/portal\/wp-json\/wp\/v2\/media\/35777"}],"wp:attachment":[{"href":"https:\/\/verdadeon.com.br\/portal\/wp-json\/wp\/v2\/media?parent=35776"}],"wp:term":[{"taxonomy":"category","embeddable":true,"href":"https:\/\/verdadeon.com.br\/portal\/wp-json\/wp\/v2\/categories?post=35776"},{"taxonomy":"post_tag","embeddable":true,"href":"https:\/\/verdadeon.com.br\/portal\/wp-json\/wp\/v2\/tags?post=35776"}],"curies":[{"name":"wp","href":"https:\/\/api.w.org\/{rel}","templated":true}]}}