{"id":35773,"date":"2023-07-10T14:17:45","date_gmt":"2023-07-10T17:17:45","guid":{"rendered":"https:\/\/verdadeon.com.br\/portal\/?p=35773"},"modified":"2023-07-10T14:17:45","modified_gmt":"2023-07-10T17:17:45","slug":"crea-sp-atua-com-fiscalizacao-na-regiao-de-franca","status":"publish","type":"post","link":"https:\/\/verdadeon.com.br\/portal\/2023\/07\/10\/crea-sp-atua-com-fiscalizacao-na-regiao-de-franca\/","title":{"rendered":"Crea-SP atua com fiscaliza\u00e7\u00e3o na regi\u00e3o de Franca"},"content":{"rendered":"<h2>Constru\u00e7\u00f5es civis e po\u00e7os artesianos s\u00e3o focos da opera\u00e7\u00e3o<\/h2>\n<p>At\u00e9 o dia 14 de julho, o Conselho Regional de Engenharia e Agronomia do Estado de S\u00e3o Paulo (Crea-SP) realiza for\u00e7a-tarefa de fiscaliza\u00e7\u00e3o na regi\u00e3o de Franca. A a\u00e7\u00e3o, de car\u00e1ter orientativo e preventivo, visa assegurar a presen\u00e7a de profissionais habilitados \u00e0 frente das atividades abrangidas pelo Conselho para garantir a seguran\u00e7a da popula\u00e7\u00e3o.<\/p>\n<p>Ao todo, est\u00e3o previstas 800 dilig\u00eancias em oito munic\u00edpios: Franca, Rifaina, Miguel\u00f3polis, Igarapava, Jeriquara, Cristais Paulista, Restinga e Patroc\u00ednio. Os agentes do Crea-SP atuam identificados para verificar o exerc\u00edcio profissional de atividades de Engenharia, Agronomia e Geoci\u00eancias em constru\u00e7\u00f5es civis em loteamentos e perfura\u00e7\u00e3o de po\u00e7os artesianos, al\u00e9m de averiguar os quadros t\u00e9cnicos das prefeituras.<\/p>\n<p>\u201cEssa opera\u00e7\u00e3o tem como objetivo verificar grandes loteamentos na regi\u00e3o de divisa com Minas Gerais, al\u00e9m de focar tamb\u00e9m na \u00e1rea n\u00e1utica e geologia, j\u00e1 que existem muitas empresas que fazem perfura\u00e7\u00f5es de po\u00e7os artesianos. Averiguar que essa fun\u00e7\u00e3o est\u00e1 sendo acompanhada por um profissional habilitado \u00e9 de extrema import\u00e2ncia para a seguran\u00e7a da sociedade, j\u00e1 que este servi\u00e7o pode contaminar o len\u00e7ol fre\u00e1tico, acarretando preju\u00edzos ambientais\u201d, destacou o gerente regional do Conselho, Engenheiro Araken Mutran.<\/p>\n<p><strong>Balan\u00e7o 2023<\/strong><\/p>\n<p>O Crea-SP j\u00e1 realizou mais de 192 mil a\u00e7\u00f5es de fiscaliza\u00e7\u00e3o entre janeiro e maio deste ano. Em 2022, foram cerca de 462 mil opera\u00e7\u00f5es executadas em territ\u00f3rio paulista, um recorde hist\u00f3rico para o Conselho, que ultrapassou a meta de 400 mil a\u00e7\u00f5es fiscalizat\u00f3rias estabelecida para o per\u00edodo. Este ano, o objetivo \u00e9 realizar 600 mil opera\u00e7\u00f5es.<\/p>\n<p>De 2015 a 2022, as fiscaliza\u00e7\u00f5es aumentaram cerca de 1.600%. O crescimento se deve ao planejamento do Crea-SP, parcerias com outras institui\u00e7\u00f5es e o uso de tecnologias para apoio \u00e0s atividades, com pesquisas e apura\u00e7\u00f5es remotas, antes e durante atua\u00e7\u00e3o dos agentes fiscais em campo, caso do FiscalizApp, aplicativo desenvolvido para suporte ao trabalho da fiscaliza\u00e7\u00e3o do Conselho.<\/p>\n<p><strong>Den\u00fancia\u00a0<\/strong><\/p>\n<p>O Crea-SP abre canais em todas as unidades de atendimento para o registro de queixas, al\u00e9m do\u00a0<a href=\"https:\/\/s2307.imxsnd10.com\/link.php?code=bDpodHRwcyUzQSUyRiUyRnd3dy5jcmVhc3Aub3JnLmJyJTJGOjY5NjczMTgxMjpmZXJuYW5kb2NhbGl4dG9AZ21haWwuY29tOjk4NWVmOTo0Zg==\" target=\"_blank\" rel=\"noopener\" data-saferedirecturl=\"https:\/\/www.google.com\/url?q=https:\/\/s2307.imxsnd10.com\/link.php?code%3DbDpodHRwcyUzQSUyRiUyRnd3dy5jcmVhc3Aub3JnLmJyJTJGOjY5NjczMTgxMjpmZXJuYW5kb2NhbGl4dG9AZ21haWwuY29tOjk4NWVmOTo0Zg%3D%3D&amp;source=gmail&amp;ust=1689094391812000&amp;usg=AOvVaw0X3fSttuTVjzboYvZVj7Gn\"><u>site<\/u><\/a>; dos telefones 0800 017 18 11 ou 0800 770 27 32 e do e-mail:\u00a0<u><a href=\"https:\/\/s2307.imxsnd10.com\/link.php?code=bDpodHRwcyUzQSUyRiUyRmZhbGVjb25vc2NvJTQwY3JlYXNwLm9yZy5icjo2OTY3MzE4MTI6ZmVybmFuZG9jYWxpeHRvQGdtYWlsLmNvbTo2MzczNDE6NGY=\" target=\"_blank\" rel=\"noopener\" data-saferedirecturl=\"https:\/\/www.google.com\/url?q=https:\/\/s2307.imxsnd10.com\/link.php?code%3DbDpodHRwcyUzQSUyRiUyRmZhbGVjb25vc2NvJTQwY3JlYXNwLm9yZy5icjo2OTY3MzE4MTI6ZmVybmFuZG9jYWxpeHRvQGdtYWlsLmNvbTo2MzczNDE6NGY%3D&amp;source=gmail&amp;ust=1689094391812000&amp;usg=AOvVaw3oIaJB8UEe67dM_mnQBKVm\">faleconosco@creasp.org.br<\/a><\/u>.<\/p>\n<p>S\u00e3o infra\u00e7\u00f5es \u00e0 legisla\u00e7\u00e3o profissional: a aus\u00eancia de respons\u00e1vel t\u00e9cnico em projetos, execu\u00e7\u00f5es ou prescri\u00e7\u00f5es; obras clandestinas; falta de placa na obra ou de identifica\u00e7\u00e3o de respons\u00e1vel em atividades sujeitas \u00e0 fiscaliza\u00e7\u00e3o; produ\u00e7\u00e3o irregular de material ou insumo aplic\u00e1veis na Engenharia, Agronomia e Geoci\u00eancias; e outras situa\u00e7\u00f5es relacionadas \u00e0 viola\u00e7\u00e3o do exerc\u00edcio t\u00e9cnico.<\/p>\n<p><strong>Sobre o Crea-SP\u202f-<\/strong>\u00a0Instalada h\u00e1 89 anos, a autarquia federal \u00e9 respons\u00e1vel pela fiscaliza\u00e7\u00e3o, controle, orienta\u00e7\u00e3o e aprimoramento do exerc\u00edcio e das atividades profissionais nas \u00e1reas da Engenharia, Agronomia e Geoci\u00eancias. O Crea-SP est\u00e1 presente nos 645 munic\u00edpios do Estado, conta com cerca de 350 mil profissionais registrados e 95 mil empresas registradas.<\/p>\n","protected":false},"excerpt":{"rendered":"<p>Constru\u00e7\u00f5es civis e po\u00e7os artesianos s\u00e3o focos da opera\u00e7\u00e3o At\u00e9 o dia 14 de julho, o Conselho Regional de Engenharia e Agronomia do Estado de S\u00e3o<span class=\"excerpt-hellip\"> [\u2026]<\/span><\/p>\n","protected":false},"author":10,"featured_media":21163,"comment_status":"open","ping_status":"open","sticky":false,"template":"","format":"standard","meta":{"_jetpack_memberships_contains_paid_content":false,"footnotes":"","jetpack_publicize_message":"","jetpack_publicize_feature_enabled":true,"jetpack_social_post_already_shared":false,"jetpack_social_options":{"image_generator_settings":{"template":"highway","default_image_id":0,"enabled":false},"version":2}},"categories":[28,81],"tags":[],"class_list":["post-35773","post","type-post","status-publish","format-standard","has-post-thumbnail","hentry","category-cotidiano","category-manchete"],"yoast_head":"<!-- This site is optimized with the Yoast SEO plugin v25.6 - https:\/\/yoast.com\/wordpress\/plugins\/seo\/ -->\n<title>Crea-SP atua com fiscaliza\u00e7\u00e3o na regi\u00e3o de Franca - VerdadeOn<\/title>\n<meta name=\"robots\" content=\"index, follow, max-snippet:-1, max-image-preview:large, max-video-preview:-1\" \/>\n<link rel=\"canonical\" href=\"https:\/\/verdadeon.com.br\/portal\/2023\/07\/10\/crea-sp-atua-com-fiscalizacao-na-regiao-de-franca\/\" \/>\n<meta property=\"og:locale\" content=\"pt_BR\" \/>\n<meta property=\"og:type\" content=\"article\" \/>\n<meta property=\"og:title\" content=\"Crea-SP atua com fiscaliza\u00e7\u00e3o na regi\u00e3o de Franca - VerdadeOn\" \/>\n<meta property=\"og:description\" content=\"Constru\u00e7\u00f5es civis e po\u00e7os artesianos s\u00e3o focos da opera\u00e7\u00e3o At\u00e9 o dia 14 de julho, o Conselho Regional de Engenharia e Agronomia do Estado de S\u00e3o [\u2026]\" \/>\n<meta property=\"og:url\" content=\"https:\/\/verdadeon.com.br\/portal\/2023\/07\/10\/crea-sp-atua-com-fiscalizacao-na-regiao-de-franca\/\" \/>\n<meta property=\"og:site_name\" content=\"VerdadeOn\" \/>\n<meta property=\"article:published_time\" content=\"2023-07-10T17:17:45+00:00\" \/>\n<meta property=\"og:image\" content=\"https:\/\/verdadeon.com.br\/portal\/wp-content\/uploads\/2021\/11\/FISCALIZACAO-DO-CREA-NA-REGIAO-e1637703082657.jpeg\" \/>\n\t<meta property=\"og:image:width\" content=\"1235\" \/>\n\t<meta property=\"og:image:height\" content=\"838\" \/>\n\t<meta property=\"og:image:type\" content=\"image\/jpeg\" \/>\n<meta name=\"author\" content=\"Redacao VerdadeOn\" \/>\n<meta name=\"twitter:card\" content=\"summary_large_image\" \/>\n<meta name=\"twitter:label1\" content=\"Escrito por\" \/>\n\t<meta name=\"twitter:data1\" content=\"Redacao VerdadeOn\" \/>\n\t<meta name=\"twitter:label2\" content=\"Est. tempo de leitura\" \/>\n\t<meta name=\"twitter:data2\" content=\"3 minutos\" \/>\n<script type=\"application\/ld+json\" class=\"yoast-schema-graph\">{\"@context\":\"https:\/\/schema.org\",\"@graph\":[{\"@type\":\"WebPage\",\"@id\":\"https:\/\/verdadeon.com.br\/portal\/2023\/07\/10\/crea-sp-atua-com-fiscalizacao-na-regiao-de-franca\/\",\"url\":\"https:\/\/verdadeon.com.br\/portal\/2023\/07\/10\/crea-sp-atua-com-fiscalizacao-na-regiao-de-franca\/\",\"name\":\"Crea-SP atua com fiscaliza\u00e7\u00e3o na regi\u00e3o de Franca - VerdadeOn\",\"isPartOf\":{\"@id\":\"https:\/\/verdadeon.com.br\/portal\/#website\"},\"primaryImageOfPage\":{\"@id\":\"https:\/\/verdadeon.com.br\/portal\/2023\/07\/10\/crea-sp-atua-com-fiscalizacao-na-regiao-de-franca\/#primaryimage\"},\"image\":{\"@id\":\"https:\/\/verdadeon.com.br\/portal\/2023\/07\/10\/crea-sp-atua-com-fiscalizacao-na-regiao-de-franca\/#primaryimage\"},\"thumbnailUrl\":\"https:\/\/i0.wp.com\/verdadeon.com.br\/portal\/wp-content\/uploads\/2021\/11\/FISCALIZACAO-DO-CREA-NA-REGIAO-e1637703082657.jpeg?fit=1235%2C838&ssl=1\",\"datePublished\":\"2023-07-10T17:17:45+00:00\",\"author\":{\"@id\":\"https:\/\/verdadeon.com.br\/portal\/#\/schema\/person\/a5060ad1e9ea3df545188fc93ce43d2f\"},\"breadcrumb\":{\"@id\":\"https:\/\/verdadeon.com.br\/portal\/2023\/07\/10\/crea-sp-atua-com-fiscalizacao-na-regiao-de-franca\/#breadcrumb\"},\"inLanguage\":\"pt-BR\",\"potentialAction\":[{\"@type\":\"ReadAction\",\"target\":[\"https:\/\/verdadeon.com.br\/portal\/2023\/07\/10\/crea-sp-atua-com-fiscalizacao-na-regiao-de-franca\/\"]}]},{\"@type\":\"ImageObject\",\"inLanguage\":\"pt-BR\",\"@id\":\"https:\/\/verdadeon.com.br\/portal\/2023\/07\/10\/crea-sp-atua-com-fiscalizacao-na-regiao-de-franca\/#primaryimage\",\"url\":\"https:\/\/i0.wp.com\/verdadeon.com.br\/portal\/wp-content\/uploads\/2021\/11\/FISCALIZACAO-DO-CREA-NA-REGIAO-e1637703082657.jpeg?fit=1235%2C838&ssl=1\",\"contentUrl\":\"https:\/\/i0.wp.com\/verdadeon.com.br\/portal\/wp-content\/uploads\/2021\/11\/FISCALIZACAO-DO-CREA-NA-REGIAO-e1637703082657.jpeg?fit=1235%2C838&ssl=1\",\"width\":1235,\"height\":838,\"caption\":\"Crea fiscaliza constru\u00e7\u00f5es civis e po\u00e7os artesianos a fim de identificar se instala\u00e7\u00f5es n\u00e3o comprometem o meio-ambiente (\u00a9Divulga\u00e7\u00e3o)\"},{\"@type\":\"BreadcrumbList\",\"@id\":\"https:\/\/verdadeon.com.br\/portal\/2023\/07\/10\/crea-sp-atua-com-fiscalizacao-na-regiao-de-franca\/#breadcrumb\",\"itemListElement\":[{\"@type\":\"ListItem\",\"position\":1,\"name\":\"In\u00edcio\",\"item\":\"https:\/\/verdadeon.com.br\/portal\/\"},{\"@type\":\"ListItem\",\"position\":2,\"name\":\"Crea-SP atua com fiscaliza\u00e7\u00e3o na regi\u00e3o de Franca\"}]},{\"@type\":\"WebSite\",\"@id\":\"https:\/\/verdadeon.com.br\/portal\/#website\",\"url\":\"https:\/\/verdadeon.com.br\/portal\/\",\"name\":\"VerdadeOn\",\"description\":\"Not\u00edcias di\u00e1rias sobre Franca, Regi\u00e3o, Esporte, Cultura, Cotidiano, Colunas. Cobertura nos principais eventos da cidade \u00e9 aqui - Verdadeon Franca\",\"potentialAction\":[{\"@type\":\"SearchAction\",\"target\":{\"@type\":\"EntryPoint\",\"urlTemplate\":\"https:\/\/verdadeon.com.br\/portal\/?s={search_term_string}\"},\"query-input\":{\"@type\":\"PropertyValueSpecification\",\"valueRequired\":true,\"valueName\":\"search_term_string\"}}],\"inLanguage\":\"pt-BR\"},{\"@type\":\"Person\",\"@id\":\"https:\/\/verdadeon.com.br\/portal\/#\/schema\/person\/a5060ad1e9ea3df545188fc93ce43d2f\",\"name\":\"Redacao VerdadeOn\",\"image\":{\"@type\":\"ImageObject\",\"inLanguage\":\"pt-BR\",\"@id\":\"https:\/\/verdadeon.com.br\/portal\/#\/schema\/person\/image\/\",\"url\":\"https:\/\/secure.gravatar.com\/avatar\/459a9613caaaf07f582c3d0841eea68bdd66f533e465e6ba8b9cb45619572cf4?s=96&d=mm&r=g\",\"contentUrl\":\"https:\/\/secure.gravatar.com\/avatar\/459a9613caaaf07f582c3d0841eea68bdd66f533e465e6ba8b9cb45619572cf4?s=96&d=mm&r=g\",\"caption\":\"Redacao VerdadeOn\"},\"url\":\"https:\/\/verdadeon.com.br\/portal\/author\/redacao\/\"}]}<\/script>\n<!-- \/ Yoast SEO plugin. -->","yoast_head_json":{"title":"Crea-SP atua com fiscaliza\u00e7\u00e3o na regi\u00e3o de Franca - VerdadeOn","robots":{"index":"index","follow":"follow","max-snippet":"max-snippet:-1","max-image-preview":"max-image-preview:large","max-video-preview":"max-video-preview:-1"},"canonical":"https:\/\/verdadeon.com.br\/portal\/2023\/07\/10\/crea-sp-atua-com-fiscalizacao-na-regiao-de-franca\/","og_locale":"pt_BR","og_type":"article","og_title":"Crea-SP atua com fiscaliza\u00e7\u00e3o na regi\u00e3o de Franca - VerdadeOn","og_description":"Constru\u00e7\u00f5es civis e po\u00e7os artesianos s\u00e3o focos da opera\u00e7\u00e3o At\u00e9 o dia 14 de julho, o Conselho Regional de Engenharia e Agronomia do Estado de S\u00e3o [\u2026]","og_url":"https:\/\/verdadeon.com.br\/portal\/2023\/07\/10\/crea-sp-atua-com-fiscalizacao-na-regiao-de-franca\/","og_site_name":"VerdadeOn","article_published_time":"2023-07-10T17:17:45+00:00","og_image":[{"width":1235,"height":838,"url":"https:\/\/verdadeon.com.br\/portal\/wp-content\/uploads\/2021\/11\/FISCALIZACAO-DO-CREA-NA-REGIAO-e1637703082657.jpeg","type":"image\/jpeg"}],"author":"Redacao VerdadeOn","twitter_card":"summary_large_image","twitter_misc":{"Escrito por":"Redacao VerdadeOn","Est. tempo de leitura":"3 minutos"},"schema":{"@context":"https:\/\/schema.org","@graph":[{"@type":"WebPage","@id":"https:\/\/verdadeon.com.br\/portal\/2023\/07\/10\/crea-sp-atua-com-fiscalizacao-na-regiao-de-franca\/","url":"https:\/\/verdadeon.com.br\/portal\/2023\/07\/10\/crea-sp-atua-com-fiscalizacao-na-regiao-de-franca\/","name":"Crea-SP atua com fiscaliza\u00e7\u00e3o na regi\u00e3o de Franca - VerdadeOn","isPartOf":{"@id":"https:\/\/verdadeon.com.br\/portal\/#website"},"primaryImageOfPage":{"@id":"https:\/\/verdadeon.com.br\/portal\/2023\/07\/10\/crea-sp-atua-com-fiscalizacao-na-regiao-de-franca\/#primaryimage"},"image":{"@id":"https:\/\/verdadeon.com.br\/portal\/2023\/07\/10\/crea-sp-atua-com-fiscalizacao-na-regiao-de-franca\/#primaryimage"},"thumbnailUrl":"https:\/\/i0.wp.com\/verdadeon.com.br\/portal\/wp-content\/uploads\/2021\/11\/FISCALIZACAO-DO-CREA-NA-REGIAO-e1637703082657.jpeg?fit=1235%2C838&ssl=1","datePublished":"2023-07-10T17:17:45+00:00","author":{"@id":"https:\/\/verdadeon.com.br\/portal\/#\/schema\/person\/a5060ad1e9ea3df545188fc93ce43d2f"},"breadcrumb":{"@id":"https:\/\/verdadeon.com.br\/portal\/2023\/07\/10\/crea-sp-atua-com-fiscalizacao-na-regiao-de-franca\/#breadcrumb"},"inLanguage":"pt-BR","potentialAction":[{"@type":"ReadAction","target":["https:\/\/verdadeon.com.br\/portal\/2023\/07\/10\/crea-sp-atua-com-fiscalizacao-na-regiao-de-franca\/"]}]},{"@type":"ImageObject","inLanguage":"pt-BR","@id":"https:\/\/verdadeon.com.br\/portal\/2023\/07\/10\/crea-sp-atua-com-fiscalizacao-na-regiao-de-franca\/#primaryimage","url":"https:\/\/i0.wp.com\/verdadeon.com.br\/portal\/wp-content\/uploads\/2021\/11\/FISCALIZACAO-DO-CREA-NA-REGIAO-e1637703082657.jpeg?fit=1235%2C838&ssl=1","contentUrl":"https:\/\/i0.wp.com\/verdadeon.com.br\/portal\/wp-content\/uploads\/2021\/11\/FISCALIZACAO-DO-CREA-NA-REGIAO-e1637703082657.jpeg?fit=1235%2C838&ssl=1","width":1235,"height":838,"caption":"Crea fiscaliza constru\u00e7\u00f5es civis e po\u00e7os artesianos a fim de identificar se instala\u00e7\u00f5es n\u00e3o comprometem o meio-ambiente (\u00a9Divulga\u00e7\u00e3o)"},{"@type":"BreadcrumbList","@id":"https:\/\/verdadeon.com.br\/portal\/2023\/07\/10\/crea-sp-atua-com-fiscalizacao-na-regiao-de-franca\/#breadcrumb","itemListElement":[{"@type":"ListItem","position":1,"name":"In\u00edcio","item":"https:\/\/verdadeon.com.br\/portal\/"},{"@type":"ListItem","position":2,"name":"Crea-SP atua com fiscaliza\u00e7\u00e3o na regi\u00e3o de Franca"}]},{"@type":"WebSite","@id":"https:\/\/verdadeon.com.br\/portal\/#website","url":"https:\/\/verdadeon.com.br\/portal\/","name":"VerdadeOn","description":"Not\u00edcias di\u00e1rias sobre Franca, Regi\u00e3o, Esporte, Cultura, Cotidiano, Colunas. Cobertura nos principais eventos da cidade \u00e9 aqui - Verdadeon Franca","potentialAction":[{"@type":"SearchAction","target":{"@type":"EntryPoint","urlTemplate":"https:\/\/verdadeon.com.br\/portal\/?s={search_term_string}"},"query-input":{"@type":"PropertyValueSpecification","valueRequired":true,"valueName":"search_term_string"}}],"inLanguage":"pt-BR"},{"@type":"Person","@id":"https:\/\/verdadeon.com.br\/portal\/#\/schema\/person\/a5060ad1e9ea3df545188fc93ce43d2f","name":"Redacao VerdadeOn","image":{"@type":"ImageObject","inLanguage":"pt-BR","@id":"https:\/\/verdadeon.com.br\/portal\/#\/schema\/person\/image\/","url":"https:\/\/secure.gravatar.com\/avatar\/459a9613caaaf07f582c3d0841eea68bdd66f533e465e6ba8b9cb45619572cf4?s=96&d=mm&r=g","contentUrl":"https:\/\/secure.gravatar.com\/avatar\/459a9613caaaf07f582c3d0841eea68bdd66f533e465e6ba8b9cb45619572cf4?s=96&d=mm&r=g","caption":"Redacao VerdadeOn"},"url":"https:\/\/verdadeon.com.br\/portal\/author\/redacao\/"}]}},"jetpack_publicize_connections":[],"jetpack_featured_media_url":"https:\/\/i0.wp.com\/verdadeon.com.br\/portal\/wp-content\/uploads\/2021\/11\/FISCALIZACAO-DO-CREA-NA-REGIAO-e1637703082657.jpeg?fit=1235%2C838&ssl=1","jetpack_sharing_enabled":true,"_links":{"self":[{"href":"https:\/\/verdadeon.com.br\/portal\/wp-json\/wp\/v2\/posts\/35773","targetHints":{"allow":["GET"]}}],"collection":[{"href":"https:\/\/verdadeon.com.br\/portal\/wp-json\/wp\/v2\/posts"}],"about":[{"href":"https:\/\/verdadeon.com.br\/portal\/wp-json\/wp\/v2\/types\/post"}],"author":[{"embeddable":true,"href":"https:\/\/verdadeon.com.br\/portal\/wp-json\/wp\/v2\/users\/10"}],"replies":[{"embeddable":true,"href":"https:\/\/verdadeon.com.br\/portal\/wp-json\/wp\/v2\/comments?post=35773"}],"version-history":[{"count":1,"href":"https:\/\/verdadeon.com.br\/portal\/wp-json\/wp\/v2\/posts\/35773\/revisions"}],"predecessor-version":[{"id":35774,"href":"https:\/\/verdadeon.com.br\/portal\/wp-json\/wp\/v2\/posts\/35773\/revisions\/35774"}],"wp:featuredmedia":[{"embeddable":true,"href":"https:\/\/verdadeon.com.br\/portal\/wp-json\/wp\/v2\/media\/21163"}],"wp:attachment":[{"href":"https:\/\/verdadeon.com.br\/portal\/wp-json\/wp\/v2\/media?parent=35773"}],"wp:term":[{"taxonomy":"category","embeddable":true,"href":"https:\/\/verdadeon.com.br\/portal\/wp-json\/wp\/v2\/categories?post=35773"},{"taxonomy":"post_tag","embeddable":true,"href":"https:\/\/verdadeon.com.br\/portal\/wp-json\/wp\/v2\/tags?post=35773"}],"curies":[{"name":"wp","href":"https:\/\/api.w.org\/{rel}","templated":true}]}}