{"id":3566,"date":"2020-02-13T17:44:12","date_gmt":"2020-02-13T20:44:12","guid":{"rendered":"http:\/\/verdadeon.com.br\/portal\/?p=3566"},"modified":"2020-02-13T17:49:33","modified_gmt":"2020-02-13T20:49:33","slug":"relatora-pede-investigacao-da-pgr-sobre-mentiras-em-cpmi-no-congresso","status":"publish","type":"post","link":"https:\/\/verdadeon.com.br\/portal\/2020\/02\/13\/relatora-pede-investigacao-da-pgr-sobre-mentiras-em-cpmi-no-congresso\/","title":{"rendered":"Relatora pede investiga\u00e7\u00e3o da PGR sobre mentiras em CPMI no Congresso"},"content":{"rendered":"\n<h2 class=\"wp-block-heading\">Deputada pede puni\u00e7\u00e3o ao depoente por faltar com a verdade em seu depoimento a CPMI<\/h2>\n\n\n\n<p>A relatora da CPMI das Fake News, deputada L\u00eddice da Mata (PSB-BA), acusa Hans River do Rio Nascimento, ex-funcion\u00e1rio de uma empresa de disparos de mensagens em massa, de ter mentido em seu depoimento \u00e0 comiss\u00e3o parlamentar de inqu\u00e9rito e pede que a Procuradoria-Geral da Rep\u00fablica investigue o caso.<\/p>\n\n\n\n<p>As informa\u00e7\u00f5es est\u00e3o em representa\u00e7\u00e3o protocolada junto ao Minist\u00e9rio P\u00fablico nesta quinta-feira (13). O documento \u00e9 assinado tamb\u00e9m por outros parlamentares, como os deputados federais Alessandro Molon (PSB-RJ), Luizianne Lins (PT-CE), Tulio Gadelha (PDT-PE), Paulo Ramos (PDT-RJ), Nat\u00e1lia Bonavides (PT-RN) e Rui Falc\u00e3o (PT-SP).<\/p>\n\n\n\n<p>No pedido, L\u00eddice afirma que Hans &#8220;apresentou diversas informa\u00e7\u00f5es que, posteriormente, viriam a se mostrar inconsistentes ou inver\u00eddicas&#8221;. Al\u00e9m disso, continua, a testemunha se recusou a prestar informa\u00e7\u00f5es quando questionado pelos membros da comiss\u00e3o.<\/p>\n\n\n\n<p>A deputada lembra que o C\u00f3digo Penal estabelece que \u00e9 crime, pun\u00edvel com reclus\u00e3o de dois a quatro anos e multa, &#8220;fazer afirma\u00e7\u00e3o falsa, ou negar ou calar a verdade como testemunha, perito, contador, tradutor ou int\u00e9rprete em processo judicial, ou administrativo, inqu\u00e9rito policial, ou em ju\u00edzo arbitral&#8221;.<\/p>\n\n\n\n<p>Hans, afirma L\u00eddice, descumpriu a lei ao fazer afirma\u00e7\u00f5es falsas, negar e calar a verdade perante a comiss\u00e3o. &#8220;Isto posto, requeremos o recebimento da presente representa\u00e7\u00e3o, para que, ao final, as medidas legais sejam devidamente tomadas&#8221;, afirma ela.<\/p>\n\n\n\n<p>Na pe\u00e7a, a deputada cita alguns exemplos de informa\u00e7\u00f5es inver\u00eddicas prestadas por Hans durante o depoimento, como a afirma\u00e7\u00e3o de que n\u00e3o encaminhou qualquer documento \u00e0 Folha de S\u00e3o Paulo.<\/p>\n\n\n\n<p>O jornal publicou reportagem contestando ponto a ponto as mentiras ditas pelo ex-funcion\u00e1rio da ag\u00eancia de marketing digital Yacows aos membros da CPMI.<\/p>\n\n\n\n<p>L\u00eddice menciona ainda outras declara\u00e7\u00f5es, como uma em que Hans dizia ter trabalhado para a campanha de um pol\u00edtico em 2018 -Jos\u00e9 Police Neto foi eleito vereador em S\u00e3o Paulo em 2016, conforme dados do TSE (Tribunal Superior Eleitoral).<\/p>\n\n\n\n<p>O presidente da C\u00e2mara, Rodrigo Maia (DEM-RJ), defendeu nesta quarta-feira (12) que Hans seja punido por &#8220;difama\u00e7\u00e3o e sexismo&#8221;.<\/p>\n\n\n\n<p>Outros parlamentares tamb\u00e9m repudiaram o falso testemunho prestado durante a CPMI. O presidente da comiss\u00e3o, senador \u00c2ngelo Coronel (PSD-BA), apresentou um requerimento para reconvoc\u00e1-lo. O pedido ser\u00e1 votado na pr\u00f3xima semana pelo plen\u00e1rio da comiss\u00e3o.<\/p>\n\n\n\n<p>Hans trabalhou para a Yacows durante a campanha eleitoral de 2018.<\/p>\n\n\n\n<p>Em dezembro daquele ano, reportagem da Folha de S\u00e3o Paulo, baseada em documentos da Justi\u00e7a do Trabalho e em relatos de Hans, mostrou que uma rede de empresas, entre elas a Yacows, recorreu ao uso fraudulento de nome e CPFs de idosos para registrar chips de celular e garantir o disparo de lotes de mensagens em benef\u00edcio de pol\u00edticos.<\/p>\n\n\n\n<p>Na ocasi\u00e3o, a Folha de S\u00e3o Paulo falou diversas vezes com Hans, que tamb\u00e9m era autor de uma a\u00e7\u00e3o trabalhista contra a Yacows.<\/p>\n\n\n\n<p>Nas primeiras conversas, ocorridas a partir de 19 de novembro de 2018 e gravadas, ele disse que n\u00e3o sabia quais campanhas se valeram da fraude, mas reafirmou o conte\u00fado dos autos e respondeu a perguntas feitas pela reportagem.<br>\nHans foi at\u00e9 a Reda\u00e7\u00e3o da Folha de S\u00e3o Paulo para uma segunda entrevista com Campos Mello, desta vez acompanhada do rep\u00f3rter Artur Rodrigues. No dia 23 daquele m\u00eas, os dois jornalistas foram at\u00e9 a Yacows pedir um posicionamento da empresa.<\/p>\n\n\n\n<p>Dois dias depois, Hans afirmou em troca de mensagens com a rep\u00f3rter que mudou de ideia e desiste de participar da reportagem. No dia 27, o advogado do ex-funcion\u00e1rio entra com peti\u00e7\u00e3o de acordo trabalhista com a Yacows.<\/p>\n\n\n\n<p>Em seu depoimento \u00e0 CPMI, dar informa\u00e7\u00f5es falsas \u00e0 CPI, Hans insultou Patr\u00edcia.<\/p>\n\n\n\n<p>&#8220;Quando eu cheguei na Folha de S\u00e3o Paulo, quando ela [rep\u00f3rter] escutou a negativa, o distrato que eu dei e deixei claro que n\u00e3o fazia parte do meu interesse, a pessoa querer um determinado tipo de mat\u00e9ria a troco de sexo, que n\u00e3o era a minha inten\u00e7\u00e3o, que a minha inten\u00e7\u00e3o era ser ouvido a respeito do meu livro, entendeu?&#8221;, disse no Congresso.<\/p>\n\n\n\n<p>O deputado Eduardo Bolsonaro (PSL-SP), filho do presidente Jair Bolsonaro, aproveitou a fala de Hans para difundir ofensas e fazer insinua\u00e7\u00f5es contra a rep\u00f3rter da Folha de S\u00e3o Paulo, tanto no Congresso como em suas redes sociais.<\/p>\n\n\n\n<p>&#8220;Eu n\u00e3o duvido que a senhora Patr\u00edcia Campos Mello, jornalista da Folha, possa ter se insinuado sexualmente, como disse o senhor Hans, em troca de informa\u00e7\u00f5es para tentar prejudicar a campanha do presidente Jair Bolsonaro. Ou seja, \u00e9 o que a Dilma Rousseff falava: fazer o diabo pelo poder&#8221;, afirmou Eduardo.<\/p>\n","protected":false},"excerpt":{"rendered":"<p>Deputada pede puni\u00e7\u00e3o ao depoente por faltar com a verdade em seu depoimento a CPMI A relatora da CPMI das Fake News, deputada L\u00eddice da Mata<span class=\"excerpt-hellip\"> [\u2026]<\/span><\/p>\n","protected":false},"author":10,"featured_media":3569,"comment_status":"open","ping_status":"open","sticky":false,"template":"","format":"standard","meta":{"_jetpack_memberships_contains_paid_content":false,"footnotes":"","jetpack_publicize_message":"","jetpack_publicize_feature_enabled":true,"jetpack_social_post_already_shared":false,"jetpack_social_options":{"image_generator_settings":{"template":"highway","default_image_id":0,"enabled":false},"version":2}},"categories":[53,44],"tags":[85],"class_list":["post-3566","post","type-post","status-publish","format-standard","has-post-thumbnail","hentry","category-brasil","category-noticias","tag-brasil"],"yoast_head":"<!-- This site is optimized with the Yoast SEO plugin v25.6 - https:\/\/yoast.com\/wordpress\/plugins\/seo\/ -->\n<title>Relatora pede investiga\u00e7\u00e3o da PGR sobre mentiras em CPMI no Congresso - VerdadeOn<\/title>\n<meta name=\"robots\" content=\"index, follow, max-snippet:-1, max-image-preview:large, max-video-preview:-1\" \/>\n<link rel=\"canonical\" href=\"https:\/\/verdadeon.com.br\/portal\/2020\/02\/13\/relatora-pede-investigacao-da-pgr-sobre-mentiras-em-cpmi-no-congresso\/\" \/>\n<meta property=\"og:locale\" content=\"pt_BR\" \/>\n<meta property=\"og:type\" content=\"article\" \/>\n<meta property=\"og:title\" content=\"Relatora pede investiga\u00e7\u00e3o da PGR sobre mentiras em CPMI no Congresso - VerdadeOn\" \/>\n<meta property=\"og:description\" content=\"Deputada pede puni\u00e7\u00e3o ao depoente por faltar com a verdade em seu depoimento a CPMI A relatora da CPMI das Fake News, deputada L\u00eddice da Mata [\u2026]\" \/>\n<meta property=\"og:url\" content=\"https:\/\/verdadeon.com.br\/portal\/2020\/02\/13\/relatora-pede-investigacao-da-pgr-sobre-mentiras-em-cpmi-no-congresso\/\" \/>\n<meta property=\"og:site_name\" content=\"VerdadeOn\" \/>\n<meta property=\"article:published_time\" content=\"2020-02-13T20:44:12+00:00\" \/>\n<meta property=\"article:modified_time\" content=\"2020-02-13T20:49:33+00:00\" \/>\n<meta property=\"og:image\" content=\"https:\/\/verdadeon.com.br\/portal\/wp-content\/uploads\/2020\/02\/WhatsApp-Image-2020-02-13-at-16.51.30.jpeg\" \/>\n\t<meta property=\"og:image:width\" content=\"1000\" \/>\n\t<meta property=\"og:image:height\" content=\"670\" \/>\n\t<meta property=\"og:image:type\" content=\"image\/jpeg\" \/>\n<meta name=\"author\" content=\"Redacao VerdadeOn\" \/>\n<meta name=\"twitter:card\" content=\"summary_large_image\" \/>\n<meta name=\"twitter:label1\" content=\"Escrito por\" \/>\n\t<meta name=\"twitter:data1\" content=\"Redacao VerdadeOn\" \/>\n\t<meta name=\"twitter:label2\" content=\"Est. tempo de leitura\" \/>\n\t<meta name=\"twitter:data2\" content=\"4 minutos\" \/>\n<script type=\"application\/ld+json\" class=\"yoast-schema-graph\">{\"@context\":\"https:\/\/schema.org\",\"@graph\":[{\"@type\":\"WebPage\",\"@id\":\"https:\/\/verdadeon.com.br\/portal\/2020\/02\/13\/relatora-pede-investigacao-da-pgr-sobre-mentiras-em-cpmi-no-congresso\/\",\"url\":\"https:\/\/verdadeon.com.br\/portal\/2020\/02\/13\/relatora-pede-investigacao-da-pgr-sobre-mentiras-em-cpmi-no-congresso\/\",\"name\":\"Relatora pede investiga\u00e7\u00e3o da PGR sobre mentiras em CPMI no Congresso - VerdadeOn\",\"isPartOf\":{\"@id\":\"https:\/\/verdadeon.com.br\/portal\/#website\"},\"primaryImageOfPage\":{\"@id\":\"https:\/\/verdadeon.com.br\/portal\/2020\/02\/13\/relatora-pede-investigacao-da-pgr-sobre-mentiras-em-cpmi-no-congresso\/#primaryimage\"},\"image\":{\"@id\":\"https:\/\/verdadeon.com.br\/portal\/2020\/02\/13\/relatora-pede-investigacao-da-pgr-sobre-mentiras-em-cpmi-no-congresso\/#primaryimage\"},\"thumbnailUrl\":\"https:\/\/i0.wp.com\/verdadeon.com.br\/portal\/wp-content\/uploads\/2020\/02\/WhatsApp-Image-2020-02-13-at-16.51.30.jpeg?fit=1000%2C670&ssl=1\",\"datePublished\":\"2020-02-13T20:44:12+00:00\",\"dateModified\":\"2020-02-13T20:49:33+00:00\",\"author\":{\"@id\":\"https:\/\/verdadeon.com.br\/portal\/#\/schema\/person\/a5060ad1e9ea3df545188fc93ce43d2f\"},\"breadcrumb\":{\"@id\":\"https:\/\/verdadeon.com.br\/portal\/2020\/02\/13\/relatora-pede-investigacao-da-pgr-sobre-mentiras-em-cpmi-no-congresso\/#breadcrumb\"},\"inLanguage\":\"pt-BR\",\"potentialAction\":[{\"@type\":\"ReadAction\",\"target\":[\"https:\/\/verdadeon.com.br\/portal\/2020\/02\/13\/relatora-pede-investigacao-da-pgr-sobre-mentiras-em-cpmi-no-congresso\/\"]}]},{\"@type\":\"ImageObject\",\"inLanguage\":\"pt-BR\",\"@id\":\"https:\/\/verdadeon.com.br\/portal\/2020\/02\/13\/relatora-pede-investigacao-da-pgr-sobre-mentiras-em-cpmi-no-congresso\/#primaryimage\",\"url\":\"https:\/\/i0.wp.com\/verdadeon.com.br\/portal\/wp-content\/uploads\/2020\/02\/WhatsApp-Image-2020-02-13-at-16.51.30.jpeg?fit=1000%2C670&ssl=1\",\"contentUrl\":\"https:\/\/i0.wp.com\/verdadeon.com.br\/portal\/wp-content\/uploads\/2020\/02\/WhatsApp-Image-2020-02-13-at-16.51.30.jpeg?fit=1000%2C670&ssl=1\",\"width\":1000,\"height\":670,\"caption\":\"Relatora da CPMI das Fake News, deputada L\u00eddice da Mata, senador \u00c2ngelo Coronel e o depoente Hans River do Rio Nascimento. Foto: Jane de Ara\u00fajo\/Ag\u00eancia Senado\"},{\"@type\":\"BreadcrumbList\",\"@id\":\"https:\/\/verdadeon.com.br\/portal\/2020\/02\/13\/relatora-pede-investigacao-da-pgr-sobre-mentiras-em-cpmi-no-congresso\/#breadcrumb\",\"itemListElement\":[{\"@type\":\"ListItem\",\"position\":1,\"name\":\"In\u00edcio\",\"item\":\"https:\/\/verdadeon.com.br\/portal\/\"},{\"@type\":\"ListItem\",\"position\":2,\"name\":\"Relatora pede investiga\u00e7\u00e3o da PGR sobre mentiras em CPMI no Congresso\"}]},{\"@type\":\"WebSite\",\"@id\":\"https:\/\/verdadeon.com.br\/portal\/#website\",\"url\":\"https:\/\/verdadeon.com.br\/portal\/\",\"name\":\"VerdadeOn\",\"description\":\"Not\u00edcias di\u00e1rias sobre Franca, Regi\u00e3o, Esporte, Cultura, Cotidiano, Colunas. Cobertura nos principais eventos da cidade \u00e9 aqui - Verdadeon Franca\",\"potentialAction\":[{\"@type\":\"SearchAction\",\"target\":{\"@type\":\"EntryPoint\",\"urlTemplate\":\"https:\/\/verdadeon.com.br\/portal\/?s={search_term_string}\"},\"query-input\":{\"@type\":\"PropertyValueSpecification\",\"valueRequired\":true,\"valueName\":\"search_term_string\"}}],\"inLanguage\":\"pt-BR\"},{\"@type\":\"Person\",\"@id\":\"https:\/\/verdadeon.com.br\/portal\/#\/schema\/person\/a5060ad1e9ea3df545188fc93ce43d2f\",\"name\":\"Redacao VerdadeOn\",\"image\":{\"@type\":\"ImageObject\",\"inLanguage\":\"pt-BR\",\"@id\":\"https:\/\/verdadeon.com.br\/portal\/#\/schema\/person\/image\/\",\"url\":\"https:\/\/secure.gravatar.com\/avatar\/459a9613caaaf07f582c3d0841eea68bdd66f533e465e6ba8b9cb45619572cf4?s=96&d=mm&r=g\",\"contentUrl\":\"https:\/\/secure.gravatar.com\/avatar\/459a9613caaaf07f582c3d0841eea68bdd66f533e465e6ba8b9cb45619572cf4?s=96&d=mm&r=g\",\"caption\":\"Redacao VerdadeOn\"},\"url\":\"https:\/\/verdadeon.com.br\/portal\/author\/redacao\/\"}]}<\/script>\n<!-- \/ Yoast SEO plugin. -->","yoast_head_json":{"title":"Relatora pede investiga\u00e7\u00e3o da PGR sobre mentiras em CPMI no Congresso - VerdadeOn","robots":{"index":"index","follow":"follow","max-snippet":"max-snippet:-1","max-image-preview":"max-image-preview:large","max-video-preview":"max-video-preview:-1"},"canonical":"https:\/\/verdadeon.com.br\/portal\/2020\/02\/13\/relatora-pede-investigacao-da-pgr-sobre-mentiras-em-cpmi-no-congresso\/","og_locale":"pt_BR","og_type":"article","og_title":"Relatora pede investiga\u00e7\u00e3o da PGR sobre mentiras em CPMI no Congresso - VerdadeOn","og_description":"Deputada pede puni\u00e7\u00e3o ao depoente por faltar com a verdade em seu depoimento a CPMI A relatora da CPMI das Fake News, deputada L\u00eddice da Mata [\u2026]","og_url":"https:\/\/verdadeon.com.br\/portal\/2020\/02\/13\/relatora-pede-investigacao-da-pgr-sobre-mentiras-em-cpmi-no-congresso\/","og_site_name":"VerdadeOn","article_published_time":"2020-02-13T20:44:12+00:00","article_modified_time":"2020-02-13T20:49:33+00:00","og_image":[{"width":1000,"height":670,"url":"https:\/\/verdadeon.com.br\/portal\/wp-content\/uploads\/2020\/02\/WhatsApp-Image-2020-02-13-at-16.51.30.jpeg","type":"image\/jpeg"}],"author":"Redacao VerdadeOn","twitter_card":"summary_large_image","twitter_misc":{"Escrito por":"Redacao VerdadeOn","Est. tempo de leitura":"4 minutos"},"schema":{"@context":"https:\/\/schema.org","@graph":[{"@type":"WebPage","@id":"https:\/\/verdadeon.com.br\/portal\/2020\/02\/13\/relatora-pede-investigacao-da-pgr-sobre-mentiras-em-cpmi-no-congresso\/","url":"https:\/\/verdadeon.com.br\/portal\/2020\/02\/13\/relatora-pede-investigacao-da-pgr-sobre-mentiras-em-cpmi-no-congresso\/","name":"Relatora pede investiga\u00e7\u00e3o da PGR sobre mentiras em CPMI no Congresso - VerdadeOn","isPartOf":{"@id":"https:\/\/verdadeon.com.br\/portal\/#website"},"primaryImageOfPage":{"@id":"https:\/\/verdadeon.com.br\/portal\/2020\/02\/13\/relatora-pede-investigacao-da-pgr-sobre-mentiras-em-cpmi-no-congresso\/#primaryimage"},"image":{"@id":"https:\/\/verdadeon.com.br\/portal\/2020\/02\/13\/relatora-pede-investigacao-da-pgr-sobre-mentiras-em-cpmi-no-congresso\/#primaryimage"},"thumbnailUrl":"https:\/\/i0.wp.com\/verdadeon.com.br\/portal\/wp-content\/uploads\/2020\/02\/WhatsApp-Image-2020-02-13-at-16.51.30.jpeg?fit=1000%2C670&ssl=1","datePublished":"2020-02-13T20:44:12+00:00","dateModified":"2020-02-13T20:49:33+00:00","author":{"@id":"https:\/\/verdadeon.com.br\/portal\/#\/schema\/person\/a5060ad1e9ea3df545188fc93ce43d2f"},"breadcrumb":{"@id":"https:\/\/verdadeon.com.br\/portal\/2020\/02\/13\/relatora-pede-investigacao-da-pgr-sobre-mentiras-em-cpmi-no-congresso\/#breadcrumb"},"inLanguage":"pt-BR","potentialAction":[{"@type":"ReadAction","target":["https:\/\/verdadeon.com.br\/portal\/2020\/02\/13\/relatora-pede-investigacao-da-pgr-sobre-mentiras-em-cpmi-no-congresso\/"]}]},{"@type":"ImageObject","inLanguage":"pt-BR","@id":"https:\/\/verdadeon.com.br\/portal\/2020\/02\/13\/relatora-pede-investigacao-da-pgr-sobre-mentiras-em-cpmi-no-congresso\/#primaryimage","url":"https:\/\/i0.wp.com\/verdadeon.com.br\/portal\/wp-content\/uploads\/2020\/02\/WhatsApp-Image-2020-02-13-at-16.51.30.jpeg?fit=1000%2C670&ssl=1","contentUrl":"https:\/\/i0.wp.com\/verdadeon.com.br\/portal\/wp-content\/uploads\/2020\/02\/WhatsApp-Image-2020-02-13-at-16.51.30.jpeg?fit=1000%2C670&ssl=1","width":1000,"height":670,"caption":"Relatora da CPMI das Fake News, deputada L\u00eddice da Mata, senador \u00c2ngelo Coronel e o depoente Hans River do Rio Nascimento. Foto: Jane de Ara\u00fajo\/Ag\u00eancia Senado"},{"@type":"BreadcrumbList","@id":"https:\/\/verdadeon.com.br\/portal\/2020\/02\/13\/relatora-pede-investigacao-da-pgr-sobre-mentiras-em-cpmi-no-congresso\/#breadcrumb","itemListElement":[{"@type":"ListItem","position":1,"name":"In\u00edcio","item":"https:\/\/verdadeon.com.br\/portal\/"},{"@type":"ListItem","position":2,"name":"Relatora pede investiga\u00e7\u00e3o da PGR sobre mentiras em CPMI no Congresso"}]},{"@type":"WebSite","@id":"https:\/\/verdadeon.com.br\/portal\/#website","url":"https:\/\/verdadeon.com.br\/portal\/","name":"VerdadeOn","description":"Not\u00edcias di\u00e1rias sobre Franca, Regi\u00e3o, Esporte, Cultura, Cotidiano, Colunas. Cobertura nos principais eventos da cidade \u00e9 aqui - Verdadeon Franca","potentialAction":[{"@type":"SearchAction","target":{"@type":"EntryPoint","urlTemplate":"https:\/\/verdadeon.com.br\/portal\/?s={search_term_string}"},"query-input":{"@type":"PropertyValueSpecification","valueRequired":true,"valueName":"search_term_string"}}],"inLanguage":"pt-BR"},{"@type":"Person","@id":"https:\/\/verdadeon.com.br\/portal\/#\/schema\/person\/a5060ad1e9ea3df545188fc93ce43d2f","name":"Redacao VerdadeOn","image":{"@type":"ImageObject","inLanguage":"pt-BR","@id":"https:\/\/verdadeon.com.br\/portal\/#\/schema\/person\/image\/","url":"https:\/\/secure.gravatar.com\/avatar\/459a9613caaaf07f582c3d0841eea68bdd66f533e465e6ba8b9cb45619572cf4?s=96&d=mm&r=g","contentUrl":"https:\/\/secure.gravatar.com\/avatar\/459a9613caaaf07f582c3d0841eea68bdd66f533e465e6ba8b9cb45619572cf4?s=96&d=mm&r=g","caption":"Redacao VerdadeOn"},"url":"https:\/\/verdadeon.com.br\/portal\/author\/redacao\/"}]}},"jetpack_publicize_connections":[],"jetpack_featured_media_url":"https:\/\/i0.wp.com\/verdadeon.com.br\/portal\/wp-content\/uploads\/2020\/02\/WhatsApp-Image-2020-02-13-at-16.51.30.jpeg?fit=1000%2C670&ssl=1","jetpack_sharing_enabled":true,"_links":{"self":[{"href":"https:\/\/verdadeon.com.br\/portal\/wp-json\/wp\/v2\/posts\/3566","targetHints":{"allow":["GET"]}}],"collection":[{"href":"https:\/\/verdadeon.com.br\/portal\/wp-json\/wp\/v2\/posts"}],"about":[{"href":"https:\/\/verdadeon.com.br\/portal\/wp-json\/wp\/v2\/types\/post"}],"author":[{"embeddable":true,"href":"https:\/\/verdadeon.com.br\/portal\/wp-json\/wp\/v2\/users\/10"}],"replies":[{"embeddable":true,"href":"https:\/\/verdadeon.com.br\/portal\/wp-json\/wp\/v2\/comments?post=3566"}],"version-history":[{"count":0,"href":"https:\/\/verdadeon.com.br\/portal\/wp-json\/wp\/v2\/posts\/3566\/revisions"}],"wp:featuredmedia":[{"embeddable":true,"href":"https:\/\/verdadeon.com.br\/portal\/wp-json\/wp\/v2\/media\/3569"}],"wp:attachment":[{"href":"https:\/\/verdadeon.com.br\/portal\/wp-json\/wp\/v2\/media?parent=3566"}],"wp:term":[{"taxonomy":"category","embeddable":true,"href":"https:\/\/verdadeon.com.br\/portal\/wp-json\/wp\/v2\/categories?post=3566"},{"taxonomy":"post_tag","embeddable":true,"href":"https:\/\/verdadeon.com.br\/portal\/wp-json\/wp\/v2\/tags?post=3566"}],"curies":[{"name":"wp","href":"https:\/\/api.w.org\/{rel}","templated":true}]}}