{"id":35346,"date":"2023-06-22T16:57:26","date_gmt":"2023-06-22T19:57:26","guid":{"rendered":"https:\/\/verdadeon.com.br\/portal\/?p=35346"},"modified":"2023-06-22T16:57:26","modified_gmt":"2023-06-22T19:57:26","slug":"sao-jose-pede-tarifa-de-r-740-para-reequilibrar-contrato","status":"publish","type":"post","link":"https:\/\/verdadeon.com.br\/portal\/2023\/06\/22\/sao-jose-pede-tarifa-de-r-740-para-reequilibrar-contrato\/","title":{"rendered":"S\u00e3o Jos\u00e9 pede tarifa de R$ 7,40 para reequilibrar contrato"},"content":{"rendered":"<p>Concession\u00e1ria protocolou estudo t\u00e9cnico para solicitar o valor necess\u00e1rio para manter o transporte com qualidade<\/p>\n<p>A concession\u00e1ria S\u00e3o Jos\u00e9, transportadora que opera o transporte coletivo urbano de Franca entrou\u00a0 com pedido de reajuste de tarifa junto \u00e0 Prefeitura Municipal. A concession\u00e1ria, com base nos aumentos de sal\u00e1rios, encargos trabalhistas e benef\u00edcios, al\u00e9m dos valores dos insumos, entre os quais pneus, chassis e carrocerias, registra desequil\u00edbrio econ\u00f4mico-financeiro no contrato vigente.<\/p>\n<p>Tamb\u00e9m \u00e9 preciso lembrar que a nova gera\u00e7\u00e3o de ve\u00edculos, dotada de motores com a tecnologia Euro VI, tem custo maior que a existente hoje, a Euro V. Dessa forma, para arcar os custos e fazer os investimentos necess\u00e1rios \u00e9 preciso que o valor da tarifa seja de R$ 7,40.<\/p>\n<p>Segundo a empresa, o valor vigente hoje, de R$ 5,00, \u00e9 insuficiente para manter a opera\u00e7\u00e3o com a devida qualidade e para pagar os sal\u00e1rios\u00a0 encargos e benef\u00edcios dos funcion\u00e1rios. \u201cO valor atual \u00e9 insuficiente e, se n\u00e3o houver reajuste, n\u00e3o h\u00e1 como manter a qualidade dos servi\u00e7os e fazer os investimentos necess\u00e1rios em frota e novas tecnologias que se traduzem em mais conforto e efici\u00eancia para o usu\u00e1rio\u201d, pondera Paulo Barddal, diretor de Comunica\u00e7\u00e3o da S\u00e3o Jos\u00e9.<\/p>\n<p>De acordo com o contrato de concess\u00e3o, junho \u00e9 o m\u00eas definido para que haja o realinhamento do valor da tarifa em Franca. Em janeiro deste ano, foi assinado um Termo Aditivo entre a concession\u00e1ria e a Prefeitura. \u201cNa ocasi\u00e3o, quando houve repasse de verba federal para custear as viagens dos idosos, ficou acertado que a tarifa n\u00e3o sofreria reajuste at\u00e9 o dia 15 de junho e, ap\u00f3s essa data, seria apresentado novo estudo t\u00e9cnico com os itens que comp\u00f5em a tarifa\u201d, diz Barddal.<\/p>\n<p>E, para que seja respeitada a cl\u00e1usula de equil\u00edbrio econ\u00f4mico-financeiro \u00a0constante no contrato vigente, o valor t\u00e9cnico de tarifa por passageiro \u00e9 de R$ 7,40. \u00c9 importante salientar que no Termo Aditivo assinado em janeiro j\u00e1 constava o estudo t\u00e9cnico realizado pela Empresa Municipal de Desenvolvimento de Franca (Emdef), o \u00f3rg\u00e3o gestor do sistema de transporte, que calculou o valor da tarifa em R$ 6,02, hoje totalmente defasado.<\/p>\n<p>Outro estudo feito pelo Conselho Municipal de Tr\u00e2nsito e Transporte (CMTT), de agosto de 2021, portanto h\u00e1 quase dois anos, apontou um valor de tarifa de R$ 7,25. \u201cA conclus\u00e3o, hoje com a tarifa de R$ 5,00, a \u00fanica fonte de receita da empresa, fica \u00f3bvia a exist\u00eancia do desequil\u00edbrio contratual, situa\u00e7\u00e3o que dificulta a presta\u00e7\u00e3o de servi\u00e7o com a qualidade que o usu\u00e1rio francano merece\u201d, afirma o diretor.<\/p>\n<p>Ele lembra que muitas cidades brasileiras, inclusive munic\u00edpios pr\u00f3ximos \u00e0 Franca, como Ribeir\u00e3o Preto, adotaram o mecanismo de subs\u00eddio de parte do valor do custo para beneficiar as pessoas que utilizam \u00f4nibus em seus deslocamentos di\u00e1rios.<\/p>\n<p>Esse modelo tarif\u00e1rio, cada vez mais utilizado no Brasil para n\u00e3o onerar os usu\u00e1rios, uma vez que o pr\u00f3prio munic\u00edpio banca um percentual do custo do passageiro transportado, entretanto, \u00e9 ignorado pelas autoridades francanas.<\/p>\n","protected":false},"excerpt":{"rendered":"<p>Concession\u00e1ria protocolou estudo t\u00e9cnico para solicitar o valor necess\u00e1rio para manter o transporte com qualidade A concession\u00e1ria S\u00e3o Jos\u00e9, transportadora que opera o transporte coletivo urbano<span class=\"excerpt-hellip\"> [\u2026]<\/span><\/p>\n","protected":false},"author":4,"featured_media":30247,"comment_status":"open","ping_status":"open","sticky":false,"template":"","format":"standard","meta":{"_jetpack_memberships_contains_paid_content":false,"footnotes":"","jetpack_publicize_message":"","jetpack_publicize_feature_enabled":true,"jetpack_social_post_already_shared":false,"jetpack_social_options":{"image_generator_settings":{"template":"highway","default_image_id":0,"enabled":false},"version":2}},"categories":[28,81],"tags":[],"class_list":["post-35346","post","type-post","status-publish","format-standard","has-post-thumbnail","hentry","category-cotidiano","category-manchete"],"yoast_head":"<!-- This site is optimized with the Yoast SEO plugin v25.6 - https:\/\/yoast.com\/wordpress\/plugins\/seo\/ -->\n<title>S\u00e3o Jos\u00e9 pede tarifa de R$ 7,40 para reequilibrar contrato - VerdadeOn<\/title>\n<meta name=\"robots\" content=\"index, follow, max-snippet:-1, max-image-preview:large, max-video-preview:-1\" \/>\n<link rel=\"canonical\" href=\"https:\/\/verdadeon.com.br\/portal\/2023\/06\/22\/sao-jose-pede-tarifa-de-r-740-para-reequilibrar-contrato\/\" \/>\n<meta property=\"og:locale\" content=\"pt_BR\" \/>\n<meta property=\"og:type\" content=\"article\" \/>\n<meta property=\"og:title\" content=\"S\u00e3o Jos\u00e9 pede tarifa de R$ 7,40 para reequilibrar contrato - VerdadeOn\" \/>\n<meta property=\"og:description\" content=\"Concession\u00e1ria protocolou estudo t\u00e9cnico para solicitar o valor necess\u00e1rio para manter o transporte com qualidade A concession\u00e1ria S\u00e3o Jos\u00e9, transportadora que opera o transporte coletivo urbano [\u2026]\" \/>\n<meta property=\"og:url\" content=\"https:\/\/verdadeon.com.br\/portal\/2023\/06\/22\/sao-jose-pede-tarifa-de-r-740-para-reequilibrar-contrato\/\" \/>\n<meta property=\"og:site_name\" content=\"VerdadeOn\" \/>\n<meta property=\"article:published_time\" content=\"2023-06-22T19:57:26+00:00\" \/>\n<meta property=\"og:image\" content=\"https:\/\/verdadeon.com.br\/portal\/wp-content\/uploads\/2022\/12\/WhatsApp-Image-2022-12-09-at-09.51.56.jpeg\" \/>\n\t<meta property=\"og:image:width\" content=\"1000\" \/>\n\t<meta property=\"og:image:height\" content=\"670\" \/>\n\t<meta property=\"og:image:type\" content=\"image\/jpeg\" \/>\n<meta name=\"author\" content=\"Fernando Calixto\" \/>\n<meta name=\"twitter:card\" content=\"summary_large_image\" \/>\n<meta name=\"twitter:label1\" content=\"Escrito por\" \/>\n\t<meta name=\"twitter:data1\" content=\"Fernando Calixto\" \/>\n\t<meta name=\"twitter:label2\" content=\"Est. tempo de leitura\" \/>\n\t<meta name=\"twitter:data2\" content=\"3 minutos\" \/>\n<script type=\"application\/ld+json\" class=\"yoast-schema-graph\">{\"@context\":\"https:\/\/schema.org\",\"@graph\":[{\"@type\":\"WebPage\",\"@id\":\"https:\/\/verdadeon.com.br\/portal\/2023\/06\/22\/sao-jose-pede-tarifa-de-r-740-para-reequilibrar-contrato\/\",\"url\":\"https:\/\/verdadeon.com.br\/portal\/2023\/06\/22\/sao-jose-pede-tarifa-de-r-740-para-reequilibrar-contrato\/\",\"name\":\"S\u00e3o Jos\u00e9 pede tarifa de R$ 7,40 para reequilibrar contrato - VerdadeOn\",\"isPartOf\":{\"@id\":\"https:\/\/verdadeon.com.br\/portal\/#website\"},\"primaryImageOfPage\":{\"@id\":\"https:\/\/verdadeon.com.br\/portal\/2023\/06\/22\/sao-jose-pede-tarifa-de-r-740-para-reequilibrar-contrato\/#primaryimage\"},\"image\":{\"@id\":\"https:\/\/verdadeon.com.br\/portal\/2023\/06\/22\/sao-jose-pede-tarifa-de-r-740-para-reequilibrar-contrato\/#primaryimage\"},\"thumbnailUrl\":\"https:\/\/i0.wp.com\/verdadeon.com.br\/portal\/wp-content\/uploads\/2022\/12\/WhatsApp-Image-2022-12-09-at-09.51.56.jpeg?fit=1000%2C670&ssl=1\",\"datePublished\":\"2023-06-22T19:57:26+00:00\",\"author\":{\"@id\":\"https:\/\/verdadeon.com.br\/portal\/#\/schema\/person\/8994718f49ee62ba5610471e29ca1f62\"},\"breadcrumb\":{\"@id\":\"https:\/\/verdadeon.com.br\/portal\/2023\/06\/22\/sao-jose-pede-tarifa-de-r-740-para-reequilibrar-contrato\/#breadcrumb\"},\"inLanguage\":\"pt-BR\",\"potentialAction\":[{\"@type\":\"ReadAction\",\"target\":[\"https:\/\/verdadeon.com.br\/portal\/2023\/06\/22\/sao-jose-pede-tarifa-de-r-740-para-reequilibrar-contrato\/\"]}]},{\"@type\":\"ImageObject\",\"inLanguage\":\"pt-BR\",\"@id\":\"https:\/\/verdadeon.com.br\/portal\/2023\/06\/22\/sao-jose-pede-tarifa-de-r-740-para-reequilibrar-contrato\/#primaryimage\",\"url\":\"https:\/\/i0.wp.com\/verdadeon.com.br\/portal\/wp-content\/uploads\/2022\/12\/WhatsApp-Image-2022-12-09-at-09.51.56.jpeg?fit=1000%2C670&ssl=1\",\"contentUrl\":\"https:\/\/i0.wp.com\/verdadeon.com.br\/portal\/wp-content\/uploads\/2022\/12\/WhatsApp-Image-2022-12-09-at-09.51.56.jpeg?fit=1000%2C670&ssl=1\",\"width\":1000,\"height\":670,\"caption\":\"S\u00e3o Jos\u00e9 pede tarifa de R$ 7,40 para reequilibrar contrato\"},{\"@type\":\"BreadcrumbList\",\"@id\":\"https:\/\/verdadeon.com.br\/portal\/2023\/06\/22\/sao-jose-pede-tarifa-de-r-740-para-reequilibrar-contrato\/#breadcrumb\",\"itemListElement\":[{\"@type\":\"ListItem\",\"position\":1,\"name\":\"In\u00edcio\",\"item\":\"https:\/\/verdadeon.com.br\/portal\/\"},{\"@type\":\"ListItem\",\"position\":2,\"name\":\"S\u00e3o Jos\u00e9 pede tarifa de R$ 7,40 para reequilibrar contrato\"}]},{\"@type\":\"WebSite\",\"@id\":\"https:\/\/verdadeon.com.br\/portal\/#website\",\"url\":\"https:\/\/verdadeon.com.br\/portal\/\",\"name\":\"VerdadeOn\",\"description\":\"Not\u00edcias di\u00e1rias sobre Franca, Regi\u00e3o, Esporte, Cultura, Cotidiano, Colunas. Cobertura nos principais eventos da cidade \u00e9 aqui - Verdadeon Franca\",\"potentialAction\":[{\"@type\":\"SearchAction\",\"target\":{\"@type\":\"EntryPoint\",\"urlTemplate\":\"https:\/\/verdadeon.com.br\/portal\/?s={search_term_string}\"},\"query-input\":{\"@type\":\"PropertyValueSpecification\",\"valueRequired\":true,\"valueName\":\"search_term_string\"}}],\"inLanguage\":\"pt-BR\"},{\"@type\":\"Person\",\"@id\":\"https:\/\/verdadeon.com.br\/portal\/#\/schema\/person\/8994718f49ee62ba5610471e29ca1f62\",\"name\":\"Fernando Calixto\",\"image\":{\"@type\":\"ImageObject\",\"inLanguage\":\"pt-BR\",\"@id\":\"https:\/\/verdadeon.com.br\/portal\/#\/schema\/person\/image\/\",\"url\":\"https:\/\/secure.gravatar.com\/avatar\/7578910c24966c0316c340f9dbd601e93ee9f9212e1033968b367af9306bd9fb?s=96&d=mm&r=g\",\"contentUrl\":\"https:\/\/secure.gravatar.com\/avatar\/7578910c24966c0316c340f9dbd601e93ee9f9212e1033968b367af9306bd9fb?s=96&d=mm&r=g\",\"caption\":\"Fernando Calixto\"},\"url\":\"https:\/\/verdadeon.com.br\/portal\/author\/fernando-calixto\/\"}]}<\/script>\n<!-- \/ Yoast SEO plugin. -->","yoast_head_json":{"title":"S\u00e3o Jos\u00e9 pede tarifa de R$ 7,40 para reequilibrar contrato - VerdadeOn","robots":{"index":"index","follow":"follow","max-snippet":"max-snippet:-1","max-image-preview":"max-image-preview:large","max-video-preview":"max-video-preview:-1"},"canonical":"https:\/\/verdadeon.com.br\/portal\/2023\/06\/22\/sao-jose-pede-tarifa-de-r-740-para-reequilibrar-contrato\/","og_locale":"pt_BR","og_type":"article","og_title":"S\u00e3o Jos\u00e9 pede tarifa de R$ 7,40 para reequilibrar contrato - VerdadeOn","og_description":"Concession\u00e1ria protocolou estudo t\u00e9cnico para solicitar o valor necess\u00e1rio para manter o transporte com qualidade A concession\u00e1ria S\u00e3o Jos\u00e9, transportadora que opera o transporte coletivo urbano [\u2026]","og_url":"https:\/\/verdadeon.com.br\/portal\/2023\/06\/22\/sao-jose-pede-tarifa-de-r-740-para-reequilibrar-contrato\/","og_site_name":"VerdadeOn","article_published_time":"2023-06-22T19:57:26+00:00","og_image":[{"width":1000,"height":670,"url":"https:\/\/verdadeon.com.br\/portal\/wp-content\/uploads\/2022\/12\/WhatsApp-Image-2022-12-09-at-09.51.56.jpeg","type":"image\/jpeg"}],"author":"Fernando Calixto","twitter_card":"summary_large_image","twitter_misc":{"Escrito por":"Fernando Calixto","Est. tempo de leitura":"3 minutos"},"schema":{"@context":"https:\/\/schema.org","@graph":[{"@type":"WebPage","@id":"https:\/\/verdadeon.com.br\/portal\/2023\/06\/22\/sao-jose-pede-tarifa-de-r-740-para-reequilibrar-contrato\/","url":"https:\/\/verdadeon.com.br\/portal\/2023\/06\/22\/sao-jose-pede-tarifa-de-r-740-para-reequilibrar-contrato\/","name":"S\u00e3o Jos\u00e9 pede tarifa de R$ 7,40 para reequilibrar contrato - VerdadeOn","isPartOf":{"@id":"https:\/\/verdadeon.com.br\/portal\/#website"},"primaryImageOfPage":{"@id":"https:\/\/verdadeon.com.br\/portal\/2023\/06\/22\/sao-jose-pede-tarifa-de-r-740-para-reequilibrar-contrato\/#primaryimage"},"image":{"@id":"https:\/\/verdadeon.com.br\/portal\/2023\/06\/22\/sao-jose-pede-tarifa-de-r-740-para-reequilibrar-contrato\/#primaryimage"},"thumbnailUrl":"https:\/\/i0.wp.com\/verdadeon.com.br\/portal\/wp-content\/uploads\/2022\/12\/WhatsApp-Image-2022-12-09-at-09.51.56.jpeg?fit=1000%2C670&ssl=1","datePublished":"2023-06-22T19:57:26+00:00","author":{"@id":"https:\/\/verdadeon.com.br\/portal\/#\/schema\/person\/8994718f49ee62ba5610471e29ca1f62"},"breadcrumb":{"@id":"https:\/\/verdadeon.com.br\/portal\/2023\/06\/22\/sao-jose-pede-tarifa-de-r-740-para-reequilibrar-contrato\/#breadcrumb"},"inLanguage":"pt-BR","potentialAction":[{"@type":"ReadAction","target":["https:\/\/verdadeon.com.br\/portal\/2023\/06\/22\/sao-jose-pede-tarifa-de-r-740-para-reequilibrar-contrato\/"]}]},{"@type":"ImageObject","inLanguage":"pt-BR","@id":"https:\/\/verdadeon.com.br\/portal\/2023\/06\/22\/sao-jose-pede-tarifa-de-r-740-para-reequilibrar-contrato\/#primaryimage","url":"https:\/\/i0.wp.com\/verdadeon.com.br\/portal\/wp-content\/uploads\/2022\/12\/WhatsApp-Image-2022-12-09-at-09.51.56.jpeg?fit=1000%2C670&ssl=1","contentUrl":"https:\/\/i0.wp.com\/verdadeon.com.br\/portal\/wp-content\/uploads\/2022\/12\/WhatsApp-Image-2022-12-09-at-09.51.56.jpeg?fit=1000%2C670&ssl=1","width":1000,"height":670,"caption":"S\u00e3o Jos\u00e9 pede tarifa de R$ 7,40 para reequilibrar contrato"},{"@type":"BreadcrumbList","@id":"https:\/\/verdadeon.com.br\/portal\/2023\/06\/22\/sao-jose-pede-tarifa-de-r-740-para-reequilibrar-contrato\/#breadcrumb","itemListElement":[{"@type":"ListItem","position":1,"name":"In\u00edcio","item":"https:\/\/verdadeon.com.br\/portal\/"},{"@type":"ListItem","position":2,"name":"S\u00e3o Jos\u00e9 pede tarifa de R$ 7,40 para reequilibrar contrato"}]},{"@type":"WebSite","@id":"https:\/\/verdadeon.com.br\/portal\/#website","url":"https:\/\/verdadeon.com.br\/portal\/","name":"VerdadeOn","description":"Not\u00edcias di\u00e1rias sobre Franca, Regi\u00e3o, Esporte, Cultura, Cotidiano, Colunas. Cobertura nos principais eventos da cidade \u00e9 aqui - Verdadeon Franca","potentialAction":[{"@type":"SearchAction","target":{"@type":"EntryPoint","urlTemplate":"https:\/\/verdadeon.com.br\/portal\/?s={search_term_string}"},"query-input":{"@type":"PropertyValueSpecification","valueRequired":true,"valueName":"search_term_string"}}],"inLanguage":"pt-BR"},{"@type":"Person","@id":"https:\/\/verdadeon.com.br\/portal\/#\/schema\/person\/8994718f49ee62ba5610471e29ca1f62","name":"Fernando Calixto","image":{"@type":"ImageObject","inLanguage":"pt-BR","@id":"https:\/\/verdadeon.com.br\/portal\/#\/schema\/person\/image\/","url":"https:\/\/secure.gravatar.com\/avatar\/7578910c24966c0316c340f9dbd601e93ee9f9212e1033968b367af9306bd9fb?s=96&d=mm&r=g","contentUrl":"https:\/\/secure.gravatar.com\/avatar\/7578910c24966c0316c340f9dbd601e93ee9f9212e1033968b367af9306bd9fb?s=96&d=mm&r=g","caption":"Fernando Calixto"},"url":"https:\/\/verdadeon.com.br\/portal\/author\/fernando-calixto\/"}]}},"jetpack_publicize_connections":[],"jetpack_featured_media_url":"https:\/\/i0.wp.com\/verdadeon.com.br\/portal\/wp-content\/uploads\/2022\/12\/WhatsApp-Image-2022-12-09-at-09.51.56.jpeg?fit=1000%2C670&ssl=1","jetpack_sharing_enabled":true,"_links":{"self":[{"href":"https:\/\/verdadeon.com.br\/portal\/wp-json\/wp\/v2\/posts\/35346","targetHints":{"allow":["GET"]}}],"collection":[{"href":"https:\/\/verdadeon.com.br\/portal\/wp-json\/wp\/v2\/posts"}],"about":[{"href":"https:\/\/verdadeon.com.br\/portal\/wp-json\/wp\/v2\/types\/post"}],"author":[{"embeddable":true,"href":"https:\/\/verdadeon.com.br\/portal\/wp-json\/wp\/v2\/users\/4"}],"replies":[{"embeddable":true,"href":"https:\/\/verdadeon.com.br\/portal\/wp-json\/wp\/v2\/comments?post=35346"}],"version-history":[{"count":1,"href":"https:\/\/verdadeon.com.br\/portal\/wp-json\/wp\/v2\/posts\/35346\/revisions"}],"predecessor-version":[{"id":35347,"href":"https:\/\/verdadeon.com.br\/portal\/wp-json\/wp\/v2\/posts\/35346\/revisions\/35347"}],"wp:featuredmedia":[{"embeddable":true,"href":"https:\/\/verdadeon.com.br\/portal\/wp-json\/wp\/v2\/media\/30247"}],"wp:attachment":[{"href":"https:\/\/verdadeon.com.br\/portal\/wp-json\/wp\/v2\/media?parent=35346"}],"wp:term":[{"taxonomy":"category","embeddable":true,"href":"https:\/\/verdadeon.com.br\/portal\/wp-json\/wp\/v2\/categories?post=35346"},{"taxonomy":"post_tag","embeddable":true,"href":"https:\/\/verdadeon.com.br\/portal\/wp-json\/wp\/v2\/tags?post=35346"}],"curies":[{"name":"wp","href":"https:\/\/api.w.org\/{rel}","templated":true}]}}