{"id":35281,"date":"2023-06-21T10:44:27","date_gmt":"2023-06-21T13:44:27","guid":{"rendered":"https:\/\/verdadeon.com.br\/portal\/?p=35281"},"modified":"2023-06-21T10:44:27","modified_gmt":"2023-06-21T13:44:27","slug":"acif-abre-inscricoes-para-o-curso-aprenda-a-vender-online","status":"publish","type":"post","link":"https:\/\/verdadeon.com.br\/portal\/2023\/06\/21\/acif-abre-inscricoes-para-o-curso-aprenda-a-vender-online\/","title":{"rendered":"ACIF abre inscri\u00e7\u00f5es para o curso &#8220;Aprenda a Vender Online&#8221;"},"content":{"rendered":"<h2>Atividades pr\u00e1ticas com ferramentas Shopee e Mercado Livre fazem parte do cronograma<\/h2>\n<p>A ACIF (Associa\u00e7\u00e3o do Com\u00e9rcio e Ind\u00fastria de Franca) est\u00e1 com inscri\u00e7\u00f5es abertas para o curso \u201cAprenda a Vender Online\u201d. A qualifica\u00e7\u00e3o ir\u00e1 apresentar aos participantes plataformas vantajosas de marketplace, ensin\u00e1-los a fazerem an\u00e1lise de produtos, otimizar t\u00edtulos de an\u00fancios, escolha de imagem e descri\u00e7\u00e3o, al\u00e9m de precifica\u00e7\u00e3o e atividades pr\u00e1ticas com as ferramentas Shopee e Mercado Livre.<\/p>\n<p>\u201cQuais s\u00e3o os sonhos de quem entra para o mercado online? S\u00e3o muitas as respostas: talvez vender mais, aumentar a visibilidade da sua loja f\u00edsica, vender para outros estados ou at\u00e9 mesmo para outros pa\u00edses\u201d afirma a coordenadora de Desenvolvimento Empresarial da ACIF, Danila Sart\u00f3rio. \u201cParece f\u00e1cil, por\u00e9m, cada vez mais, \u00e9 necess\u00e1rio entender toda a estrutura de venda das principais plataformas. Onde todos querem aparecer, ter boas estrat\u00e9gias e conhecer as principais ferramentas do neg\u00f3cio \u00e9 essencial para obter mais sucesso na hora da venda\u201d, diz.<\/p>\n<p>O curso \u201cAprenda a Vender Online\u201d acontece nos dias 11 e 12 de julho e as vagas s\u00e3o limitadas. Os interessados devem entrar em contato com a ACIF pelos telefones (16) 3711-1711 \/ 9 9187-6239 (WhatsApp).<\/p>\n<p><strong>Servi\u00e7o<\/strong><\/p>\n<p>Aprenda a Vender Online<\/p>\n<p><strong>Datas:<\/strong>\u00a0dias 11 e 12 de julho<\/p>\n<p><strong>Hor\u00e1rio:<\/strong>\u00a0das 19h \u00e0s 21h30<\/p>\n<p><strong>Local:<\/strong>\u00a0Centro de Educa\u00e7\u00e3o Empresarial da ACIF \u2013 Rua Major Claudiano, 1907 \u2013 Centro<\/p>\n<p><strong>Informa\u00e7\u00f5es:<\/strong>\u00a0(16) 3711-1711 \/ 9 9187-6239 (WhatsApp).<\/p>\n","protected":false},"excerpt":{"rendered":"<p>Atividades pr\u00e1ticas com ferramentas Shopee e Mercado Livre fazem parte do cronograma A ACIF (Associa\u00e7\u00e3o do Com\u00e9rcio e Ind\u00fastria de Franca) est\u00e1 com inscri\u00e7\u00f5es abertas para<span class=\"excerpt-hellip\"> [\u2026]<\/span><\/p>\n","protected":false},"author":10,"featured_media":35282,"comment_status":"open","ping_status":"open","sticky":false,"template":"","format":"standard","meta":{"_jetpack_memberships_contains_paid_content":false,"footnotes":"","jetpack_publicize_message":"","jetpack_publicize_feature_enabled":true,"jetpack_social_post_already_shared":false,"jetpack_social_options":{"image_generator_settings":{"template":"highway","default_image_id":0,"enabled":false},"version":2}},"categories":[28,81],"tags":[],"class_list":["post-35281","post","type-post","status-publish","format-standard","has-post-thumbnail","hentry","category-cotidiano","category-manchete"],"yoast_head":"<!-- This site is optimized with the Yoast SEO plugin v25.6 - https:\/\/yoast.com\/wordpress\/plugins\/seo\/ -->\n<title>ACIF abre inscri\u00e7\u00f5es para o curso &quot;Aprenda a Vender Online&quot; - VerdadeOn<\/title>\n<meta name=\"robots\" content=\"index, follow, max-snippet:-1, max-image-preview:large, max-video-preview:-1\" \/>\n<link rel=\"canonical\" href=\"https:\/\/verdadeon.com.br\/portal\/2023\/06\/21\/acif-abre-inscricoes-para-o-curso-aprenda-a-vender-online\/\" \/>\n<meta property=\"og:locale\" content=\"pt_BR\" \/>\n<meta property=\"og:type\" content=\"article\" \/>\n<meta property=\"og:title\" content=\"ACIF abre inscri\u00e7\u00f5es para o curso &quot;Aprenda a Vender Online&quot; - VerdadeOn\" \/>\n<meta property=\"og:description\" content=\"Atividades pr\u00e1ticas com ferramentas Shopee e Mercado Livre fazem parte do cronograma A ACIF (Associa\u00e7\u00e3o do Com\u00e9rcio e Ind\u00fastria de Franca) est\u00e1 com inscri\u00e7\u00f5es abertas para [\u2026]\" \/>\n<meta property=\"og:url\" content=\"https:\/\/verdadeon.com.br\/portal\/2023\/06\/21\/acif-abre-inscricoes-para-o-curso-aprenda-a-vender-online\/\" \/>\n<meta property=\"og:site_name\" content=\"VerdadeOn\" \/>\n<meta property=\"article:published_time\" content=\"2023-06-21T13:44:27+00:00\" \/>\n<meta property=\"og:image\" content=\"https:\/\/verdadeon.com.br\/portal\/wp-content\/uploads\/2023\/06\/Image-by-jcomp-on-Freepik.jpg\" \/>\n\t<meta property=\"og:image:width\" content=\"1000\" \/>\n\t<meta property=\"og:image:height\" content=\"670\" \/>\n\t<meta property=\"og:image:type\" content=\"image\/jpeg\" \/>\n<meta name=\"author\" content=\"Redacao VerdadeOn\" \/>\n<meta name=\"twitter:card\" content=\"summary_large_image\" \/>\n<meta name=\"twitter:label1\" content=\"Escrito por\" \/>\n\t<meta name=\"twitter:data1\" content=\"Redacao VerdadeOn\" \/>\n\t<meta name=\"twitter:label2\" content=\"Est. tempo de leitura\" \/>\n\t<meta name=\"twitter:data2\" content=\"1 minuto\" \/>\n<script type=\"application\/ld+json\" class=\"yoast-schema-graph\">{\"@context\":\"https:\/\/schema.org\",\"@graph\":[{\"@type\":\"WebPage\",\"@id\":\"https:\/\/verdadeon.com.br\/portal\/2023\/06\/21\/acif-abre-inscricoes-para-o-curso-aprenda-a-vender-online\/\",\"url\":\"https:\/\/verdadeon.com.br\/portal\/2023\/06\/21\/acif-abre-inscricoes-para-o-curso-aprenda-a-vender-online\/\",\"name\":\"ACIF abre inscri\u00e7\u00f5es para o curso \\\"Aprenda a Vender Online\\\" - VerdadeOn\",\"isPartOf\":{\"@id\":\"https:\/\/verdadeon.com.br\/portal\/#website\"},\"primaryImageOfPage\":{\"@id\":\"https:\/\/verdadeon.com.br\/portal\/2023\/06\/21\/acif-abre-inscricoes-para-o-curso-aprenda-a-vender-online\/#primaryimage\"},\"image\":{\"@id\":\"https:\/\/verdadeon.com.br\/portal\/2023\/06\/21\/acif-abre-inscricoes-para-o-curso-aprenda-a-vender-online\/#primaryimage\"},\"thumbnailUrl\":\"https:\/\/i0.wp.com\/verdadeon.com.br\/portal\/wp-content\/uploads\/2023\/06\/Image-by-jcomp-on-Freepik.jpg?fit=1000%2C670&ssl=1\",\"datePublished\":\"2023-06-21T13:44:27+00:00\",\"author\":{\"@id\":\"https:\/\/verdadeon.com.br\/portal\/#\/schema\/person\/a5060ad1e9ea3df545188fc93ce43d2f\"},\"breadcrumb\":{\"@id\":\"https:\/\/verdadeon.com.br\/portal\/2023\/06\/21\/acif-abre-inscricoes-para-o-curso-aprenda-a-vender-online\/#breadcrumb\"},\"inLanguage\":\"pt-BR\",\"potentialAction\":[{\"@type\":\"ReadAction\",\"target\":[\"https:\/\/verdadeon.com.br\/portal\/2023\/06\/21\/acif-abre-inscricoes-para-o-curso-aprenda-a-vender-online\/\"]}]},{\"@type\":\"ImageObject\",\"inLanguage\":\"pt-BR\",\"@id\":\"https:\/\/verdadeon.com.br\/portal\/2023\/06\/21\/acif-abre-inscricoes-para-o-curso-aprenda-a-vender-online\/#primaryimage\",\"url\":\"https:\/\/i0.wp.com\/verdadeon.com.br\/portal\/wp-content\/uploads\/2023\/06\/Image-by-jcomp-on-Freepik.jpg?fit=1000%2C670&ssl=1\",\"contentUrl\":\"https:\/\/i0.wp.com\/verdadeon.com.br\/portal\/wp-content\/uploads\/2023\/06\/Image-by-jcomp-on-Freepik.jpg?fit=1000%2C670&ssl=1\",\"width\":1000,\"height\":670,\"caption\":\"Curso \\\"Aprenda a Vender Online\\\" ser\u00e1 ministrado nos dias 11 e 12 de julho (\u00a9Freepik)\"},{\"@type\":\"BreadcrumbList\",\"@id\":\"https:\/\/verdadeon.com.br\/portal\/2023\/06\/21\/acif-abre-inscricoes-para-o-curso-aprenda-a-vender-online\/#breadcrumb\",\"itemListElement\":[{\"@type\":\"ListItem\",\"position\":1,\"name\":\"In\u00edcio\",\"item\":\"https:\/\/verdadeon.com.br\/portal\/\"},{\"@type\":\"ListItem\",\"position\":2,\"name\":\"ACIF abre inscri\u00e7\u00f5es para o curso &#8220;Aprenda a Vender Online&#8221;\"}]},{\"@type\":\"WebSite\",\"@id\":\"https:\/\/verdadeon.com.br\/portal\/#website\",\"url\":\"https:\/\/verdadeon.com.br\/portal\/\",\"name\":\"VerdadeOn\",\"description\":\"Not\u00edcias di\u00e1rias sobre Franca, Regi\u00e3o, Esporte, Cultura, Cotidiano, Colunas. Cobertura nos principais eventos da cidade \u00e9 aqui - Verdadeon Franca\",\"potentialAction\":[{\"@type\":\"SearchAction\",\"target\":{\"@type\":\"EntryPoint\",\"urlTemplate\":\"https:\/\/verdadeon.com.br\/portal\/?s={search_term_string}\"},\"query-input\":{\"@type\":\"PropertyValueSpecification\",\"valueRequired\":true,\"valueName\":\"search_term_string\"}}],\"inLanguage\":\"pt-BR\"},{\"@type\":\"Person\",\"@id\":\"https:\/\/verdadeon.com.br\/portal\/#\/schema\/person\/a5060ad1e9ea3df545188fc93ce43d2f\",\"name\":\"Redacao VerdadeOn\",\"image\":{\"@type\":\"ImageObject\",\"inLanguage\":\"pt-BR\",\"@id\":\"https:\/\/verdadeon.com.br\/portal\/#\/schema\/person\/image\/\",\"url\":\"https:\/\/secure.gravatar.com\/avatar\/459a9613caaaf07f582c3d0841eea68bdd66f533e465e6ba8b9cb45619572cf4?s=96&d=mm&r=g\",\"contentUrl\":\"https:\/\/secure.gravatar.com\/avatar\/459a9613caaaf07f582c3d0841eea68bdd66f533e465e6ba8b9cb45619572cf4?s=96&d=mm&r=g\",\"caption\":\"Redacao VerdadeOn\"},\"url\":\"https:\/\/verdadeon.com.br\/portal\/author\/redacao\/\"}]}<\/script>\n<!-- \/ Yoast SEO plugin. -->","yoast_head_json":{"title":"ACIF abre inscri\u00e7\u00f5es para o curso \"Aprenda a Vender Online\" - VerdadeOn","robots":{"index":"index","follow":"follow","max-snippet":"max-snippet:-1","max-image-preview":"max-image-preview:large","max-video-preview":"max-video-preview:-1"},"canonical":"https:\/\/verdadeon.com.br\/portal\/2023\/06\/21\/acif-abre-inscricoes-para-o-curso-aprenda-a-vender-online\/","og_locale":"pt_BR","og_type":"article","og_title":"ACIF abre inscri\u00e7\u00f5es para o curso \"Aprenda a Vender Online\" - VerdadeOn","og_description":"Atividades pr\u00e1ticas com ferramentas Shopee e Mercado Livre fazem parte do cronograma A ACIF (Associa\u00e7\u00e3o do Com\u00e9rcio e Ind\u00fastria de Franca) est\u00e1 com inscri\u00e7\u00f5es abertas para [\u2026]","og_url":"https:\/\/verdadeon.com.br\/portal\/2023\/06\/21\/acif-abre-inscricoes-para-o-curso-aprenda-a-vender-online\/","og_site_name":"VerdadeOn","article_published_time":"2023-06-21T13:44:27+00:00","og_image":[{"width":1000,"height":670,"url":"https:\/\/verdadeon.com.br\/portal\/wp-content\/uploads\/2023\/06\/Image-by-jcomp-on-Freepik.jpg","type":"image\/jpeg"}],"author":"Redacao VerdadeOn","twitter_card":"summary_large_image","twitter_misc":{"Escrito por":"Redacao VerdadeOn","Est. tempo de leitura":"1 minuto"},"schema":{"@context":"https:\/\/schema.org","@graph":[{"@type":"WebPage","@id":"https:\/\/verdadeon.com.br\/portal\/2023\/06\/21\/acif-abre-inscricoes-para-o-curso-aprenda-a-vender-online\/","url":"https:\/\/verdadeon.com.br\/portal\/2023\/06\/21\/acif-abre-inscricoes-para-o-curso-aprenda-a-vender-online\/","name":"ACIF abre inscri\u00e7\u00f5es para o curso \"Aprenda a Vender Online\" - VerdadeOn","isPartOf":{"@id":"https:\/\/verdadeon.com.br\/portal\/#website"},"primaryImageOfPage":{"@id":"https:\/\/verdadeon.com.br\/portal\/2023\/06\/21\/acif-abre-inscricoes-para-o-curso-aprenda-a-vender-online\/#primaryimage"},"image":{"@id":"https:\/\/verdadeon.com.br\/portal\/2023\/06\/21\/acif-abre-inscricoes-para-o-curso-aprenda-a-vender-online\/#primaryimage"},"thumbnailUrl":"https:\/\/i0.wp.com\/verdadeon.com.br\/portal\/wp-content\/uploads\/2023\/06\/Image-by-jcomp-on-Freepik.jpg?fit=1000%2C670&ssl=1","datePublished":"2023-06-21T13:44:27+00:00","author":{"@id":"https:\/\/verdadeon.com.br\/portal\/#\/schema\/person\/a5060ad1e9ea3df545188fc93ce43d2f"},"breadcrumb":{"@id":"https:\/\/verdadeon.com.br\/portal\/2023\/06\/21\/acif-abre-inscricoes-para-o-curso-aprenda-a-vender-online\/#breadcrumb"},"inLanguage":"pt-BR","potentialAction":[{"@type":"ReadAction","target":["https:\/\/verdadeon.com.br\/portal\/2023\/06\/21\/acif-abre-inscricoes-para-o-curso-aprenda-a-vender-online\/"]}]},{"@type":"ImageObject","inLanguage":"pt-BR","@id":"https:\/\/verdadeon.com.br\/portal\/2023\/06\/21\/acif-abre-inscricoes-para-o-curso-aprenda-a-vender-online\/#primaryimage","url":"https:\/\/i0.wp.com\/verdadeon.com.br\/portal\/wp-content\/uploads\/2023\/06\/Image-by-jcomp-on-Freepik.jpg?fit=1000%2C670&ssl=1","contentUrl":"https:\/\/i0.wp.com\/verdadeon.com.br\/portal\/wp-content\/uploads\/2023\/06\/Image-by-jcomp-on-Freepik.jpg?fit=1000%2C670&ssl=1","width":1000,"height":670,"caption":"Curso \"Aprenda a Vender Online\" ser\u00e1 ministrado nos dias 11 e 12 de julho (\u00a9Freepik)"},{"@type":"BreadcrumbList","@id":"https:\/\/verdadeon.com.br\/portal\/2023\/06\/21\/acif-abre-inscricoes-para-o-curso-aprenda-a-vender-online\/#breadcrumb","itemListElement":[{"@type":"ListItem","position":1,"name":"In\u00edcio","item":"https:\/\/verdadeon.com.br\/portal\/"},{"@type":"ListItem","position":2,"name":"ACIF abre inscri\u00e7\u00f5es para o curso &#8220;Aprenda a Vender Online&#8221;"}]},{"@type":"WebSite","@id":"https:\/\/verdadeon.com.br\/portal\/#website","url":"https:\/\/verdadeon.com.br\/portal\/","name":"VerdadeOn","description":"Not\u00edcias di\u00e1rias sobre Franca, Regi\u00e3o, Esporte, Cultura, Cotidiano, Colunas. Cobertura nos principais eventos da cidade \u00e9 aqui - Verdadeon Franca","potentialAction":[{"@type":"SearchAction","target":{"@type":"EntryPoint","urlTemplate":"https:\/\/verdadeon.com.br\/portal\/?s={search_term_string}"},"query-input":{"@type":"PropertyValueSpecification","valueRequired":true,"valueName":"search_term_string"}}],"inLanguage":"pt-BR"},{"@type":"Person","@id":"https:\/\/verdadeon.com.br\/portal\/#\/schema\/person\/a5060ad1e9ea3df545188fc93ce43d2f","name":"Redacao VerdadeOn","image":{"@type":"ImageObject","inLanguage":"pt-BR","@id":"https:\/\/verdadeon.com.br\/portal\/#\/schema\/person\/image\/","url":"https:\/\/secure.gravatar.com\/avatar\/459a9613caaaf07f582c3d0841eea68bdd66f533e465e6ba8b9cb45619572cf4?s=96&d=mm&r=g","contentUrl":"https:\/\/secure.gravatar.com\/avatar\/459a9613caaaf07f582c3d0841eea68bdd66f533e465e6ba8b9cb45619572cf4?s=96&d=mm&r=g","caption":"Redacao VerdadeOn"},"url":"https:\/\/verdadeon.com.br\/portal\/author\/redacao\/"}]}},"jetpack_publicize_connections":[],"jetpack_featured_media_url":"https:\/\/i0.wp.com\/verdadeon.com.br\/portal\/wp-content\/uploads\/2023\/06\/Image-by-jcomp-on-Freepik.jpg?fit=1000%2C670&ssl=1","jetpack_sharing_enabled":true,"_links":{"self":[{"href":"https:\/\/verdadeon.com.br\/portal\/wp-json\/wp\/v2\/posts\/35281","targetHints":{"allow":["GET"]}}],"collection":[{"href":"https:\/\/verdadeon.com.br\/portal\/wp-json\/wp\/v2\/posts"}],"about":[{"href":"https:\/\/verdadeon.com.br\/portal\/wp-json\/wp\/v2\/types\/post"}],"author":[{"embeddable":true,"href":"https:\/\/verdadeon.com.br\/portal\/wp-json\/wp\/v2\/users\/10"}],"replies":[{"embeddable":true,"href":"https:\/\/verdadeon.com.br\/portal\/wp-json\/wp\/v2\/comments?post=35281"}],"version-history":[{"count":1,"href":"https:\/\/verdadeon.com.br\/portal\/wp-json\/wp\/v2\/posts\/35281\/revisions"}],"predecessor-version":[{"id":35283,"href":"https:\/\/verdadeon.com.br\/portal\/wp-json\/wp\/v2\/posts\/35281\/revisions\/35283"}],"wp:featuredmedia":[{"embeddable":true,"href":"https:\/\/verdadeon.com.br\/portal\/wp-json\/wp\/v2\/media\/35282"}],"wp:attachment":[{"href":"https:\/\/verdadeon.com.br\/portal\/wp-json\/wp\/v2\/media?parent=35281"}],"wp:term":[{"taxonomy":"category","embeddable":true,"href":"https:\/\/verdadeon.com.br\/portal\/wp-json\/wp\/v2\/categories?post=35281"},{"taxonomy":"post_tag","embeddable":true,"href":"https:\/\/verdadeon.com.br\/portal\/wp-json\/wp\/v2\/tags?post=35281"}],"curies":[{"name":"wp","href":"https:\/\/api.w.org\/{rel}","templated":true}]}}