{"id":35271,"date":"2023-06-20T15:39:52","date_gmt":"2023-06-20T18:39:52","guid":{"rendered":"https:\/\/verdadeon.com.br\/portal\/?p=35271"},"modified":"2023-06-20T15:43:14","modified_gmt":"2023-06-20T18:43:14","slug":"sesi-franca-basquete-conhece-adversarios-na-copa-intercontinental-da-fiba","status":"publish","type":"post","link":"https:\/\/verdadeon.com.br\/portal\/2023\/06\/20\/sesi-franca-basquete-conhece-adversarios-na-copa-intercontinental-da-fiba\/","title":{"rendered":"Sesi Franca Basquete conhece advers\u00e1rios na Copa Intercontinental da FIBA"},"content":{"rendered":"<h2>Sorteio foi realizado na madrugada de ter\u00e7a-feira (20\/06)<\/h2>\n<p>Na madrugada de ter\u00e7a-feira (20\/06), \u00e0s 5h30 da manh\u00e3, foi realizado o sorteio da Copa Intercontinental da FIBA, que ser\u00e1 realizada entre os dias 21 e 24 de setembro, em Singapura.<\/p>\n<p>O Sesi Franca Basquete caiu no grupo A, junto com o G-League Ignite, dos Estados Unidos, e o Al Ahly, do Egito. J\u00e1 no grupo B, ficou com Zhejiang Golden Bulls, da China, Al Manama, do Bahrein e o Telekom Baskets Bonn, da Alemanha.<\/p>\n<div id=\"attachment_35273\" style=\"width: 1009px\" class=\"wp-caption alignnone\"><img data-recalc-dims=\"1\" loading=\"lazy\" decoding=\"async\" aria-describedby=\"caption-attachment-35273\" class=\"size-full wp-image-35273\" src=\"https:\/\/i0.wp.com\/verdadeon.com.br\/portal\/wp-content\/uploads\/2023\/06\/WhatsApp-Image-2023-06-20-at-15.34.51.jpeg?resize=999%2C562&#038;ssl=1\" alt=\"\" width=\"999\" height=\"562\" srcset=\"https:\/\/i0.wp.com\/verdadeon.com.br\/portal\/wp-content\/uploads\/2023\/06\/WhatsApp-Image-2023-06-20-at-15.34.51.jpeg?w=999&amp;ssl=1 999w, https:\/\/i0.wp.com\/verdadeon.com.br\/portal\/wp-content\/uploads\/2023\/06\/WhatsApp-Image-2023-06-20-at-15.34.51.jpeg?resize=300%2C169&amp;ssl=1 300w, https:\/\/i0.wp.com\/verdadeon.com.br\/portal\/wp-content\/uploads\/2023\/06\/WhatsApp-Image-2023-06-20-at-15.34.51.jpeg?resize=768%2C432&amp;ssl=1 768w, https:\/\/i0.wp.com\/verdadeon.com.br\/portal\/wp-content\/uploads\/2023\/06\/WhatsApp-Image-2023-06-20-at-15.34.51.jpeg?resize=260%2C146&amp;ssl=1 260w, https:\/\/i0.wp.com\/verdadeon.com.br\/portal\/wp-content\/uploads\/2023\/06\/WhatsApp-Image-2023-06-20-at-15.34.51.jpeg?resize=50%2C28&amp;ssl=1 50w, https:\/\/i0.wp.com\/verdadeon.com.br\/portal\/wp-content\/uploads\/2023\/06\/WhatsApp-Image-2023-06-20-at-15.34.51.jpeg?resize=133%2C75&amp;ssl=1 133w\" sizes=\"auto, (max-width: 999px) 100vw, 999px\" \/><p id=\"caption-attachment-35273\" class=\"wp-caption-text\">Equipes que disputar\u00e3o o torneio mundial da FIBA (\u00a9Divulga\u00e7\u00e3o\/Marcos Limonti)<\/p><\/div>\n<p><strong>Regulamento<\/strong><\/p>\n<p>As seis equipes foram divididas em dois grupos com tr\u00eas participantes. Cada equipe realiza dois jogos na fase de grupos, que acontecem entre os dias 21 e 23 de setembro.<\/p>\n<p>Ao final da fase de grupos, acontece um \u00faltimo dia de competi\u00e7\u00e3o, no dia 24 de setembro, entre as equipes que se classificaram em primeiro lugar dos seus respectivos grupos, realizando, dessa forma, a final da Copa Intercontinental.<\/p>\n<p>Antes da final, ser\u00e1 realizada a disputa entre os \u00faltimos do grupo, para determinar a quinta coloca\u00e7\u00e3o e, posteriormente, acontece a disputa de terceiro lugar, com os segundos colocados de cada grupo.<\/p>\n","protected":false},"excerpt":{"rendered":"<p>Sorteio foi realizado na madrugada de ter\u00e7a-feira (20\/06) Na madrugada de ter\u00e7a-feira (20\/06), \u00e0s 5h30 da manh\u00e3, foi realizado o sorteio da Copa Intercontinental da FIBA,<span class=\"excerpt-hellip\"> [\u2026]<\/span><\/p>\n","protected":false},"author":10,"featured_media":35272,"comment_status":"open","ping_status":"open","sticky":false,"template":"","format":"standard","meta":{"_jetpack_memberships_contains_paid_content":false,"footnotes":"","jetpack_publicize_message":"","jetpack_publicize_feature_enabled":true,"jetpack_social_post_already_shared":false,"jetpack_social_options":{"image_generator_settings":{"template":"highway","default_image_id":0,"enabled":false},"version":2}},"categories":[28,81],"tags":[],"class_list":["post-35271","post","type-post","status-publish","format-standard","has-post-thumbnail","hentry","category-cotidiano","category-manchete"],"yoast_head":"<!-- This site is optimized with the Yoast SEO plugin v25.6 - https:\/\/yoast.com\/wordpress\/plugins\/seo\/ -->\n<title>Sesi Franca Basquete conhece advers\u00e1rios na Copa Intercontinental da FIBA - VerdadeOn<\/title>\n<meta name=\"robots\" content=\"index, follow, max-snippet:-1, max-image-preview:large, max-video-preview:-1\" \/>\n<link rel=\"canonical\" href=\"https:\/\/verdadeon.com.br\/portal\/2023\/06\/20\/sesi-franca-basquete-conhece-adversarios-na-copa-intercontinental-da-fiba\/\" \/>\n<meta property=\"og:locale\" content=\"pt_BR\" \/>\n<meta property=\"og:type\" content=\"article\" \/>\n<meta property=\"og:title\" content=\"Sesi Franca Basquete conhece advers\u00e1rios na Copa Intercontinental da FIBA - VerdadeOn\" \/>\n<meta property=\"og:description\" content=\"Sorteio foi realizado na madrugada de ter\u00e7a-feira (20\/06) Na madrugada de ter\u00e7a-feira (20\/06), \u00e0s 5h30 da manh\u00e3, foi realizado o sorteio da Copa Intercontinental da FIBA, [\u2026]\" \/>\n<meta property=\"og:url\" content=\"https:\/\/verdadeon.com.br\/portal\/2023\/06\/20\/sesi-franca-basquete-conhece-adversarios-na-copa-intercontinental-da-fiba\/\" \/>\n<meta property=\"og:site_name\" content=\"VerdadeOn\" \/>\n<meta property=\"article:published_time\" content=\"2023-06-20T18:39:52+00:00\" \/>\n<meta property=\"article:modified_time\" content=\"2023-06-20T18:43:14+00:00\" \/>\n<meta property=\"og:image\" content=\"https:\/\/verdadeon.com.br\/portal\/wp-content\/uploads\/2023\/06\/WhatsApp-Image-2023-06-20-at-15.34.50.jpeg\" \/>\n\t<meta property=\"og:image:width\" content=\"1000\" \/>\n\t<meta property=\"og:image:height\" content=\"670\" \/>\n\t<meta property=\"og:image:type\" content=\"image\/jpeg\" \/>\n<meta name=\"author\" content=\"Redacao VerdadeOn\" \/>\n<meta name=\"twitter:card\" content=\"summary_large_image\" \/>\n<meta name=\"twitter:label1\" content=\"Escrito por\" \/>\n\t<meta name=\"twitter:data1\" content=\"Redacao VerdadeOn\" \/>\n\t<meta name=\"twitter:label2\" content=\"Est. tempo de leitura\" \/>\n\t<meta name=\"twitter:data2\" content=\"2 minutos\" \/>\n<script type=\"application\/ld+json\" class=\"yoast-schema-graph\">{\"@context\":\"https:\/\/schema.org\",\"@graph\":[{\"@type\":\"WebPage\",\"@id\":\"https:\/\/verdadeon.com.br\/portal\/2023\/06\/20\/sesi-franca-basquete-conhece-adversarios-na-copa-intercontinental-da-fiba\/\",\"url\":\"https:\/\/verdadeon.com.br\/portal\/2023\/06\/20\/sesi-franca-basquete-conhece-adversarios-na-copa-intercontinental-da-fiba\/\",\"name\":\"Sesi Franca Basquete conhece advers\u00e1rios na Copa Intercontinental da FIBA - VerdadeOn\",\"isPartOf\":{\"@id\":\"https:\/\/verdadeon.com.br\/portal\/#website\"},\"primaryImageOfPage\":{\"@id\":\"https:\/\/verdadeon.com.br\/portal\/2023\/06\/20\/sesi-franca-basquete-conhece-adversarios-na-copa-intercontinental-da-fiba\/#primaryimage\"},\"image\":{\"@id\":\"https:\/\/verdadeon.com.br\/portal\/2023\/06\/20\/sesi-franca-basquete-conhece-adversarios-na-copa-intercontinental-da-fiba\/#primaryimage\"},\"thumbnailUrl\":\"https:\/\/i0.wp.com\/verdadeon.com.br\/portal\/wp-content\/uploads\/2023\/06\/WhatsApp-Image-2023-06-20-at-15.34.50.jpeg?fit=1000%2C670&ssl=1\",\"datePublished\":\"2023-06-20T18:39:52+00:00\",\"dateModified\":\"2023-06-20T18:43:14+00:00\",\"author\":{\"@id\":\"https:\/\/verdadeon.com.br\/portal\/#\/schema\/person\/a5060ad1e9ea3df545188fc93ce43d2f\"},\"breadcrumb\":{\"@id\":\"https:\/\/verdadeon.com.br\/portal\/2023\/06\/20\/sesi-franca-basquete-conhece-adversarios-na-copa-intercontinental-da-fiba\/#breadcrumb\"},\"inLanguage\":\"pt-BR\",\"potentialAction\":[{\"@type\":\"ReadAction\",\"target\":[\"https:\/\/verdadeon.com.br\/portal\/2023\/06\/20\/sesi-franca-basquete-conhece-adversarios-na-copa-intercontinental-da-fiba\/\"]}]},{\"@type\":\"ImageObject\",\"inLanguage\":\"pt-BR\",\"@id\":\"https:\/\/verdadeon.com.br\/portal\/2023\/06\/20\/sesi-franca-basquete-conhece-adversarios-na-copa-intercontinental-da-fiba\/#primaryimage\",\"url\":\"https:\/\/i0.wp.com\/verdadeon.com.br\/portal\/wp-content\/uploads\/2023\/06\/WhatsApp-Image-2023-06-20-at-15.34.50.jpeg?fit=1000%2C670&ssl=1\",\"contentUrl\":\"https:\/\/i0.wp.com\/verdadeon.com.br\/portal\/wp-content\/uploads\/2023\/06\/WhatsApp-Image-2023-06-20-at-15.34.50.jpeg?fit=1000%2C670&ssl=1\",\"width\":1000,\"height\":670,\"caption\":\"Sorteio foi realizado na madrugada desta ter\u00e7a-feira (20), em Singapura (\u00a9Marcos Limonti)\"},{\"@type\":\"BreadcrumbList\",\"@id\":\"https:\/\/verdadeon.com.br\/portal\/2023\/06\/20\/sesi-franca-basquete-conhece-adversarios-na-copa-intercontinental-da-fiba\/#breadcrumb\",\"itemListElement\":[{\"@type\":\"ListItem\",\"position\":1,\"name\":\"In\u00edcio\",\"item\":\"https:\/\/verdadeon.com.br\/portal\/\"},{\"@type\":\"ListItem\",\"position\":2,\"name\":\"Sesi Franca Basquete conhece advers\u00e1rios na Copa Intercontinental da FIBA\"}]},{\"@type\":\"WebSite\",\"@id\":\"https:\/\/verdadeon.com.br\/portal\/#website\",\"url\":\"https:\/\/verdadeon.com.br\/portal\/\",\"name\":\"VerdadeOn\",\"description\":\"Not\u00edcias di\u00e1rias sobre Franca, Regi\u00e3o, Esporte, Cultura, Cotidiano, Colunas. Cobertura nos principais eventos da cidade \u00e9 aqui - Verdadeon Franca\",\"potentialAction\":[{\"@type\":\"SearchAction\",\"target\":{\"@type\":\"EntryPoint\",\"urlTemplate\":\"https:\/\/verdadeon.com.br\/portal\/?s={search_term_string}\"},\"query-input\":{\"@type\":\"PropertyValueSpecification\",\"valueRequired\":true,\"valueName\":\"search_term_string\"}}],\"inLanguage\":\"pt-BR\"},{\"@type\":\"Person\",\"@id\":\"https:\/\/verdadeon.com.br\/portal\/#\/schema\/person\/a5060ad1e9ea3df545188fc93ce43d2f\",\"name\":\"Redacao VerdadeOn\",\"image\":{\"@type\":\"ImageObject\",\"inLanguage\":\"pt-BR\",\"@id\":\"https:\/\/verdadeon.com.br\/portal\/#\/schema\/person\/image\/\",\"url\":\"https:\/\/secure.gravatar.com\/avatar\/459a9613caaaf07f582c3d0841eea68bdd66f533e465e6ba8b9cb45619572cf4?s=96&d=mm&r=g\",\"contentUrl\":\"https:\/\/secure.gravatar.com\/avatar\/459a9613caaaf07f582c3d0841eea68bdd66f533e465e6ba8b9cb45619572cf4?s=96&d=mm&r=g\",\"caption\":\"Redacao VerdadeOn\"},\"url\":\"https:\/\/verdadeon.com.br\/portal\/author\/redacao\/\"}]}<\/script>\n<!-- \/ Yoast SEO plugin. -->","yoast_head_json":{"title":"Sesi Franca Basquete conhece advers\u00e1rios na Copa Intercontinental da FIBA - VerdadeOn","robots":{"index":"index","follow":"follow","max-snippet":"max-snippet:-1","max-image-preview":"max-image-preview:large","max-video-preview":"max-video-preview:-1"},"canonical":"https:\/\/verdadeon.com.br\/portal\/2023\/06\/20\/sesi-franca-basquete-conhece-adversarios-na-copa-intercontinental-da-fiba\/","og_locale":"pt_BR","og_type":"article","og_title":"Sesi Franca Basquete conhece advers\u00e1rios na Copa Intercontinental da FIBA - VerdadeOn","og_description":"Sorteio foi realizado na madrugada de ter\u00e7a-feira (20\/06) Na madrugada de ter\u00e7a-feira (20\/06), \u00e0s 5h30 da manh\u00e3, foi realizado o sorteio da Copa Intercontinental da FIBA, [\u2026]","og_url":"https:\/\/verdadeon.com.br\/portal\/2023\/06\/20\/sesi-franca-basquete-conhece-adversarios-na-copa-intercontinental-da-fiba\/","og_site_name":"VerdadeOn","article_published_time":"2023-06-20T18:39:52+00:00","article_modified_time":"2023-06-20T18:43:14+00:00","og_image":[{"width":1000,"height":670,"url":"https:\/\/verdadeon.com.br\/portal\/wp-content\/uploads\/2023\/06\/WhatsApp-Image-2023-06-20-at-15.34.50.jpeg","type":"image\/jpeg"}],"author":"Redacao VerdadeOn","twitter_card":"summary_large_image","twitter_misc":{"Escrito por":"Redacao VerdadeOn","Est. tempo de leitura":"2 minutos"},"schema":{"@context":"https:\/\/schema.org","@graph":[{"@type":"WebPage","@id":"https:\/\/verdadeon.com.br\/portal\/2023\/06\/20\/sesi-franca-basquete-conhece-adversarios-na-copa-intercontinental-da-fiba\/","url":"https:\/\/verdadeon.com.br\/portal\/2023\/06\/20\/sesi-franca-basquete-conhece-adversarios-na-copa-intercontinental-da-fiba\/","name":"Sesi Franca Basquete conhece advers\u00e1rios na Copa Intercontinental da FIBA - VerdadeOn","isPartOf":{"@id":"https:\/\/verdadeon.com.br\/portal\/#website"},"primaryImageOfPage":{"@id":"https:\/\/verdadeon.com.br\/portal\/2023\/06\/20\/sesi-franca-basquete-conhece-adversarios-na-copa-intercontinental-da-fiba\/#primaryimage"},"image":{"@id":"https:\/\/verdadeon.com.br\/portal\/2023\/06\/20\/sesi-franca-basquete-conhece-adversarios-na-copa-intercontinental-da-fiba\/#primaryimage"},"thumbnailUrl":"https:\/\/i0.wp.com\/verdadeon.com.br\/portal\/wp-content\/uploads\/2023\/06\/WhatsApp-Image-2023-06-20-at-15.34.50.jpeg?fit=1000%2C670&ssl=1","datePublished":"2023-06-20T18:39:52+00:00","dateModified":"2023-06-20T18:43:14+00:00","author":{"@id":"https:\/\/verdadeon.com.br\/portal\/#\/schema\/person\/a5060ad1e9ea3df545188fc93ce43d2f"},"breadcrumb":{"@id":"https:\/\/verdadeon.com.br\/portal\/2023\/06\/20\/sesi-franca-basquete-conhece-adversarios-na-copa-intercontinental-da-fiba\/#breadcrumb"},"inLanguage":"pt-BR","potentialAction":[{"@type":"ReadAction","target":["https:\/\/verdadeon.com.br\/portal\/2023\/06\/20\/sesi-franca-basquete-conhece-adversarios-na-copa-intercontinental-da-fiba\/"]}]},{"@type":"ImageObject","inLanguage":"pt-BR","@id":"https:\/\/verdadeon.com.br\/portal\/2023\/06\/20\/sesi-franca-basquete-conhece-adversarios-na-copa-intercontinental-da-fiba\/#primaryimage","url":"https:\/\/i0.wp.com\/verdadeon.com.br\/portal\/wp-content\/uploads\/2023\/06\/WhatsApp-Image-2023-06-20-at-15.34.50.jpeg?fit=1000%2C670&ssl=1","contentUrl":"https:\/\/i0.wp.com\/verdadeon.com.br\/portal\/wp-content\/uploads\/2023\/06\/WhatsApp-Image-2023-06-20-at-15.34.50.jpeg?fit=1000%2C670&ssl=1","width":1000,"height":670,"caption":"Sorteio foi realizado na madrugada desta ter\u00e7a-feira (20), em Singapura (\u00a9Marcos Limonti)"},{"@type":"BreadcrumbList","@id":"https:\/\/verdadeon.com.br\/portal\/2023\/06\/20\/sesi-franca-basquete-conhece-adversarios-na-copa-intercontinental-da-fiba\/#breadcrumb","itemListElement":[{"@type":"ListItem","position":1,"name":"In\u00edcio","item":"https:\/\/verdadeon.com.br\/portal\/"},{"@type":"ListItem","position":2,"name":"Sesi Franca Basquete conhece advers\u00e1rios na Copa Intercontinental da FIBA"}]},{"@type":"WebSite","@id":"https:\/\/verdadeon.com.br\/portal\/#website","url":"https:\/\/verdadeon.com.br\/portal\/","name":"VerdadeOn","description":"Not\u00edcias di\u00e1rias sobre Franca, Regi\u00e3o, Esporte, Cultura, Cotidiano, Colunas. Cobertura nos principais eventos da cidade \u00e9 aqui - Verdadeon Franca","potentialAction":[{"@type":"SearchAction","target":{"@type":"EntryPoint","urlTemplate":"https:\/\/verdadeon.com.br\/portal\/?s={search_term_string}"},"query-input":{"@type":"PropertyValueSpecification","valueRequired":true,"valueName":"search_term_string"}}],"inLanguage":"pt-BR"},{"@type":"Person","@id":"https:\/\/verdadeon.com.br\/portal\/#\/schema\/person\/a5060ad1e9ea3df545188fc93ce43d2f","name":"Redacao VerdadeOn","image":{"@type":"ImageObject","inLanguage":"pt-BR","@id":"https:\/\/verdadeon.com.br\/portal\/#\/schema\/person\/image\/","url":"https:\/\/secure.gravatar.com\/avatar\/459a9613caaaf07f582c3d0841eea68bdd66f533e465e6ba8b9cb45619572cf4?s=96&d=mm&r=g","contentUrl":"https:\/\/secure.gravatar.com\/avatar\/459a9613caaaf07f582c3d0841eea68bdd66f533e465e6ba8b9cb45619572cf4?s=96&d=mm&r=g","caption":"Redacao VerdadeOn"},"url":"https:\/\/verdadeon.com.br\/portal\/author\/redacao\/"}]}},"jetpack_publicize_connections":[],"jetpack_featured_media_url":"https:\/\/i0.wp.com\/verdadeon.com.br\/portal\/wp-content\/uploads\/2023\/06\/WhatsApp-Image-2023-06-20-at-15.34.50.jpeg?fit=1000%2C670&ssl=1","jetpack_sharing_enabled":true,"_links":{"self":[{"href":"https:\/\/verdadeon.com.br\/portal\/wp-json\/wp\/v2\/posts\/35271","targetHints":{"allow":["GET"]}}],"collection":[{"href":"https:\/\/verdadeon.com.br\/portal\/wp-json\/wp\/v2\/posts"}],"about":[{"href":"https:\/\/verdadeon.com.br\/portal\/wp-json\/wp\/v2\/types\/post"}],"author":[{"embeddable":true,"href":"https:\/\/verdadeon.com.br\/portal\/wp-json\/wp\/v2\/users\/10"}],"replies":[{"embeddable":true,"href":"https:\/\/verdadeon.com.br\/portal\/wp-json\/wp\/v2\/comments?post=35271"}],"version-history":[{"count":1,"href":"https:\/\/verdadeon.com.br\/portal\/wp-json\/wp\/v2\/posts\/35271\/revisions"}],"predecessor-version":[{"id":35274,"href":"https:\/\/verdadeon.com.br\/portal\/wp-json\/wp\/v2\/posts\/35271\/revisions\/35274"}],"wp:featuredmedia":[{"embeddable":true,"href":"https:\/\/verdadeon.com.br\/portal\/wp-json\/wp\/v2\/media\/35272"}],"wp:attachment":[{"href":"https:\/\/verdadeon.com.br\/portal\/wp-json\/wp\/v2\/media?parent=35271"}],"wp:term":[{"taxonomy":"category","embeddable":true,"href":"https:\/\/verdadeon.com.br\/portal\/wp-json\/wp\/v2\/categories?post=35271"},{"taxonomy":"post_tag","embeddable":true,"href":"https:\/\/verdadeon.com.br\/portal\/wp-json\/wp\/v2\/tags?post=35271"}],"curies":[{"name":"wp","href":"https:\/\/api.w.org\/{rel}","templated":true}]}}