{"id":35268,"date":"2023-06-20T15:15:11","date_gmt":"2023-06-20T18:15:11","guid":{"rendered":"https:\/\/verdadeon.com.br\/portal\/?p=35268"},"modified":"2023-06-20T15:15:11","modified_gmt":"2023-06-20T18:15:11","slug":"ciesp-convida-industrias-para-a-apresentacao-da-jornada-de-transformacao-digital-em-franca","status":"publish","type":"post","link":"https:\/\/verdadeon.com.br\/portal\/2023\/06\/20\/ciesp-convida-industrias-para-a-apresentacao-da-jornada-de-transformacao-digital-em-franca\/","title":{"rendered":"CIESP convida ind\u00fastrias para a apresenta\u00e7\u00e3o da Jornada de Transforma\u00e7\u00e3o Digital em Franca"},"content":{"rendered":"<h2>Iniciativa do CIESP, FIESP, SENAI-SP E SEBRAE-SP contribui para melhoria da produtividade das ind\u00fastrias<\/h2>\n<p>O CIESP (Centro das Ind\u00fastrias do Estado de S\u00e3o Paulo) convida empres\u00e1rios das regi\u00f5es de Franca, Ribeir\u00e3o Preto e Sert\u00e3ozinho para o Road Show, evento itinerante de apresenta\u00e7\u00e3o da Jornada de Transforma\u00e7\u00e3o Digital, que acontece no pr\u00f3ximo dia 28.<\/p>\n<p>O programa oferece consultorias para a revis\u00e3o do modelo de neg\u00f3cio, a automa\u00e7\u00e3o dos processos produtivos e redu\u00e7\u00e3o do consumo de energia, dentre outras coisas, e j\u00e1 contribuiu para o aumento de produtividade e efici\u00eancia energ\u00e9tica das ind\u00fastrias participantes. Resultados preliminares mostram que o ganho m\u00e9dio, das empresas participantes da iniciativa, tem sido de cerca de 37,9% em produtividade e de cerca de 10,14% de ganho de desempenho energ\u00e9tico global.<\/p>\n<p>A jornada, que \u00e9 uma iniciativa conjunta do CIESP, da FIESP, do SENAI-SP e do SEBRAE-SP, oferece consultorias e treinamentos gratuitos para empresas com faturamento de at\u00e9 R$ 8 milh\u00f5es por ano. Segundo estudos de mercado, a falta de informa\u00e7\u00e3o e de acesso \u00e0s novas tecnologias s\u00e3o uma das \u201cdores\u201d das empresas de pequeno e m\u00e9dio porte no pa\u00eds.<\/p>\n<p>Segundo Rafael Cervone, presidente do CIESP, que far\u00e1 a abertura do evento, a ideia \u00e9 apresentar o programa de forma fluida e descomplicada para empres\u00e1rios e gestores do setor industrial. Cervone ser\u00e1 recebido pelos anfitri\u00f5es Jos\u00e9 Carlos Tavares, diretor regional do CIESP Franca, Andr\u00e9 Francisco Ignacio, diretor regional do CIESP Ribeir\u00e3o, e Luis Carlos J\u00fanior Jorge, diretor regional do CIESP de Sert\u00e3ozinho.<\/p>\n<p>\u201cA idealiza\u00e7\u00e3o do programa \u00e9 fruto de alguns estudos que apontaram a dificuldade das pequenas<br \/>\nempresas de aderir aos processos de digitaliza\u00e7\u00e3o e moderniza\u00e7\u00e3o\u201d, diz Cervone.<\/p>\n<p>De acordo com Ricardo Terra, diretor regional do SENAI-SP, a jornada \u00e9 o maior programa de digitaliza\u00e7\u00e3o de empresas do pa\u00eds e beneficia toda a cadeia produtiva, visto que as micro, pequenas e m\u00e9dias ind\u00fastrias fornecem produtos para as grandes. \u201cQuanto menor a empresa, maior a dificuldade em automatizar os processos de produ\u00e7\u00e3o. Isso acontece principalmente pelo fato de que consultorias e treinamentos tendem a gerar custos. Por isso o foco da jornada \u00e9 as PME\u2019s (Pequenas e M\u00e9dias Empresas), embora o aumento da produtividade seja ben\u00e9fico tamb\u00e9m para as grandes empresas\u201d, diz Terra.<\/p>\n<p>A Jornada acontece em oito etapas: diagn\u00f3stico (melhorias nos processos), estrat\u00e9gia (revis\u00e3o do modelo de neg\u00f3cio), otimiza\u00e7\u00e3o de processos (manufatura enxuta e efici\u00eancia energ\u00e9tica), mapeamento (onde a empresa est\u00e1 e aonde quer chegar?), automa\u00e7\u00e3o (solu\u00e7\u00f5es em hardware e software), digitaliza\u00e7\u00e3o (implanta\u00e7\u00e3o de tecnologias habilitadoras da ind\u00fastria 4.0), integra\u00e7\u00e3o<br \/>\n(vertical e horizontal na cadeia produtiva) e ind\u00fastria inteligente (adaptabilidade do processo produtivo).<\/p>\n<p><strong>Road Show &#8211; Jornada de Transforma\u00e7\u00e3o Digital<\/strong><\/p>\n<p><strong>Data:<\/strong> 28\/6\/2023<br \/>\n<strong>Hor\u00e1rio:<\/strong> 9h00 &#8211; Caf\u00e9 de boas-vindas<br \/>\n10h00 &#8211; Abertura<br \/>\n<strong>Local:<\/strong> SENAI Marcio Bagueira Leal (Av. Presidente Vargas, 2500, Jardim Petraglia, Franca &#8211; SP)<br \/>\nInscri\u00e7\u00f5es gratuitas: senaisp.org\/roadshowfranca<\/p>\n","protected":false},"excerpt":{"rendered":"<p>Iniciativa do CIESP, FIESP, SENAI-SP E SEBRAE-SP contribui para melhoria da produtividade das ind\u00fastrias O CIESP (Centro das Ind\u00fastrias do Estado de S\u00e3o Paulo) convida empres\u00e1rios<span class=\"excerpt-hellip\"> [\u2026]<\/span><\/p>\n","protected":false},"author":10,"featured_media":35269,"comment_status":"open","ping_status":"open","sticky":false,"template":"","format":"standard","meta":{"_jetpack_memberships_contains_paid_content":false,"footnotes":"","jetpack_publicize_message":"","jetpack_publicize_feature_enabled":true,"jetpack_social_post_already_shared":false,"jetpack_social_options":{"image_generator_settings":{"template":"highway","default_image_id":0,"enabled":false},"version":2}},"categories":[28,81],"tags":[],"class_list":["post-35268","post","type-post","status-publish","format-standard","has-post-thumbnail","hentry","category-cotidiano","category-manchete"],"yoast_head":"<!-- This site is optimized with the Yoast SEO plugin v25.6 - https:\/\/yoast.com\/wordpress\/plugins\/seo\/ -->\n<title>CIESP convida ind\u00fastrias para a apresenta\u00e7\u00e3o da Jornada de Transforma\u00e7\u00e3o Digital em Franca - VerdadeOn<\/title>\n<meta name=\"robots\" content=\"index, follow, max-snippet:-1, max-image-preview:large, max-video-preview:-1\" \/>\n<link rel=\"canonical\" href=\"https:\/\/verdadeon.com.br\/portal\/2023\/06\/20\/ciesp-convida-industrias-para-a-apresentacao-da-jornada-de-transformacao-digital-em-franca\/\" \/>\n<meta property=\"og:locale\" content=\"pt_BR\" \/>\n<meta property=\"og:type\" content=\"article\" \/>\n<meta property=\"og:title\" content=\"CIESP convida ind\u00fastrias para a apresenta\u00e7\u00e3o da Jornada de Transforma\u00e7\u00e3o Digital em Franca - VerdadeOn\" \/>\n<meta property=\"og:description\" content=\"Iniciativa do CIESP, FIESP, SENAI-SP E SEBRAE-SP contribui para melhoria da produtividade das ind\u00fastrias O CIESP (Centro das Ind\u00fastrias do Estado de S\u00e3o Paulo) convida empres\u00e1rios [\u2026]\" \/>\n<meta property=\"og:url\" content=\"https:\/\/verdadeon.com.br\/portal\/2023\/06\/20\/ciesp-convida-industrias-para-a-apresentacao-da-jornada-de-transformacao-digital-em-franca\/\" \/>\n<meta property=\"og:site_name\" content=\"VerdadeOn\" \/>\n<meta property=\"article:published_time\" content=\"2023-06-20T18:15:11+00:00\" \/>\n<meta property=\"og:image\" content=\"https:\/\/verdadeon.com.br\/portal\/wp-content\/uploads\/2023\/06\/WhatsApp-Image-2023-06-20-at-15.07.56.jpeg\" \/>\n\t<meta property=\"og:image:width\" content=\"1000\" \/>\n\t<meta property=\"og:image:height\" content=\"670\" \/>\n\t<meta property=\"og:image:type\" content=\"image\/jpeg\" \/>\n<meta name=\"author\" content=\"Redacao VerdadeOn\" \/>\n<meta name=\"twitter:card\" content=\"summary_large_image\" \/>\n<meta name=\"twitter:label1\" content=\"Escrito por\" \/>\n\t<meta name=\"twitter:data1\" content=\"Redacao VerdadeOn\" \/>\n\t<meta name=\"twitter:label2\" content=\"Est. tempo de leitura\" \/>\n\t<meta name=\"twitter:data2\" content=\"3 minutos\" \/>\n<script type=\"application\/ld+json\" class=\"yoast-schema-graph\">{\"@context\":\"https:\/\/schema.org\",\"@graph\":[{\"@type\":\"WebPage\",\"@id\":\"https:\/\/verdadeon.com.br\/portal\/2023\/06\/20\/ciesp-convida-industrias-para-a-apresentacao-da-jornada-de-transformacao-digital-em-franca\/\",\"url\":\"https:\/\/verdadeon.com.br\/portal\/2023\/06\/20\/ciesp-convida-industrias-para-a-apresentacao-da-jornada-de-transformacao-digital-em-franca\/\",\"name\":\"CIESP convida ind\u00fastrias para a apresenta\u00e7\u00e3o da Jornada de Transforma\u00e7\u00e3o Digital em Franca - VerdadeOn\",\"isPartOf\":{\"@id\":\"https:\/\/verdadeon.com.br\/portal\/#website\"},\"primaryImageOfPage\":{\"@id\":\"https:\/\/verdadeon.com.br\/portal\/2023\/06\/20\/ciesp-convida-industrias-para-a-apresentacao-da-jornada-de-transformacao-digital-em-franca\/#primaryimage\"},\"image\":{\"@id\":\"https:\/\/verdadeon.com.br\/portal\/2023\/06\/20\/ciesp-convida-industrias-para-a-apresentacao-da-jornada-de-transformacao-digital-em-franca\/#primaryimage\"},\"thumbnailUrl\":\"https:\/\/i0.wp.com\/verdadeon.com.br\/portal\/wp-content\/uploads\/2023\/06\/WhatsApp-Image-2023-06-20-at-15.07.56.jpeg?fit=1000%2C670&ssl=1\",\"datePublished\":\"2023-06-20T18:15:11+00:00\",\"author\":{\"@id\":\"https:\/\/verdadeon.com.br\/portal\/#\/schema\/person\/a5060ad1e9ea3df545188fc93ce43d2f\"},\"breadcrumb\":{\"@id\":\"https:\/\/verdadeon.com.br\/portal\/2023\/06\/20\/ciesp-convida-industrias-para-a-apresentacao-da-jornada-de-transformacao-digital-em-franca\/#breadcrumb\"},\"inLanguage\":\"pt-BR\",\"potentialAction\":[{\"@type\":\"ReadAction\",\"target\":[\"https:\/\/verdadeon.com.br\/portal\/2023\/06\/20\/ciesp-convida-industrias-para-a-apresentacao-da-jornada-de-transformacao-digital-em-franca\/\"]}]},{\"@type\":\"ImageObject\",\"inLanguage\":\"pt-BR\",\"@id\":\"https:\/\/verdadeon.com.br\/portal\/2023\/06\/20\/ciesp-convida-industrias-para-a-apresentacao-da-jornada-de-transformacao-digital-em-franca\/#primaryimage\",\"url\":\"https:\/\/i0.wp.com\/verdadeon.com.br\/portal\/wp-content\/uploads\/2023\/06\/WhatsApp-Image-2023-06-20-at-15.07.56.jpeg?fit=1000%2C670&ssl=1\",\"contentUrl\":\"https:\/\/i0.wp.com\/verdadeon.com.br\/portal\/wp-content\/uploads\/2023\/06\/WhatsApp-Image-2023-06-20-at-15.07.56.jpeg?fit=1000%2C670&ssl=1\",\"width\":1000,\"height\":670,\"caption\":\"Jornada de Transforma\u00e7\u00e3o Digital em Franca acontece no pr\u00f3ximo dia 28 (\u00a9Divulga\u00e7\u00e3o)\"},{\"@type\":\"BreadcrumbList\",\"@id\":\"https:\/\/verdadeon.com.br\/portal\/2023\/06\/20\/ciesp-convida-industrias-para-a-apresentacao-da-jornada-de-transformacao-digital-em-franca\/#breadcrumb\",\"itemListElement\":[{\"@type\":\"ListItem\",\"position\":1,\"name\":\"In\u00edcio\",\"item\":\"https:\/\/verdadeon.com.br\/portal\/\"},{\"@type\":\"ListItem\",\"position\":2,\"name\":\"CIESP convida ind\u00fastrias para a apresenta\u00e7\u00e3o da Jornada de Transforma\u00e7\u00e3o Digital em Franca\"}]},{\"@type\":\"WebSite\",\"@id\":\"https:\/\/verdadeon.com.br\/portal\/#website\",\"url\":\"https:\/\/verdadeon.com.br\/portal\/\",\"name\":\"VerdadeOn\",\"description\":\"Not\u00edcias di\u00e1rias sobre Franca, Regi\u00e3o, Esporte, Cultura, Cotidiano, Colunas. Cobertura nos principais eventos da cidade \u00e9 aqui - Verdadeon Franca\",\"potentialAction\":[{\"@type\":\"SearchAction\",\"target\":{\"@type\":\"EntryPoint\",\"urlTemplate\":\"https:\/\/verdadeon.com.br\/portal\/?s={search_term_string}\"},\"query-input\":{\"@type\":\"PropertyValueSpecification\",\"valueRequired\":true,\"valueName\":\"search_term_string\"}}],\"inLanguage\":\"pt-BR\"},{\"@type\":\"Person\",\"@id\":\"https:\/\/verdadeon.com.br\/portal\/#\/schema\/person\/a5060ad1e9ea3df545188fc93ce43d2f\",\"name\":\"Redacao VerdadeOn\",\"image\":{\"@type\":\"ImageObject\",\"inLanguage\":\"pt-BR\",\"@id\":\"https:\/\/verdadeon.com.br\/portal\/#\/schema\/person\/image\/\",\"url\":\"https:\/\/secure.gravatar.com\/avatar\/459a9613caaaf07f582c3d0841eea68bdd66f533e465e6ba8b9cb45619572cf4?s=96&d=mm&r=g\",\"contentUrl\":\"https:\/\/secure.gravatar.com\/avatar\/459a9613caaaf07f582c3d0841eea68bdd66f533e465e6ba8b9cb45619572cf4?s=96&d=mm&r=g\",\"caption\":\"Redacao VerdadeOn\"},\"url\":\"https:\/\/verdadeon.com.br\/portal\/author\/redacao\/\"}]}<\/script>\n<!-- \/ Yoast SEO plugin. -->","yoast_head_json":{"title":"CIESP convida ind\u00fastrias para a apresenta\u00e7\u00e3o da Jornada de Transforma\u00e7\u00e3o Digital em Franca - VerdadeOn","robots":{"index":"index","follow":"follow","max-snippet":"max-snippet:-1","max-image-preview":"max-image-preview:large","max-video-preview":"max-video-preview:-1"},"canonical":"https:\/\/verdadeon.com.br\/portal\/2023\/06\/20\/ciesp-convida-industrias-para-a-apresentacao-da-jornada-de-transformacao-digital-em-franca\/","og_locale":"pt_BR","og_type":"article","og_title":"CIESP convida ind\u00fastrias para a apresenta\u00e7\u00e3o da Jornada de Transforma\u00e7\u00e3o Digital em Franca - VerdadeOn","og_description":"Iniciativa do CIESP, FIESP, SENAI-SP E SEBRAE-SP contribui para melhoria da produtividade das ind\u00fastrias O CIESP (Centro das Ind\u00fastrias do Estado de S\u00e3o Paulo) convida empres\u00e1rios [\u2026]","og_url":"https:\/\/verdadeon.com.br\/portal\/2023\/06\/20\/ciesp-convida-industrias-para-a-apresentacao-da-jornada-de-transformacao-digital-em-franca\/","og_site_name":"VerdadeOn","article_published_time":"2023-06-20T18:15:11+00:00","og_image":[{"width":1000,"height":670,"url":"https:\/\/verdadeon.com.br\/portal\/wp-content\/uploads\/2023\/06\/WhatsApp-Image-2023-06-20-at-15.07.56.jpeg","type":"image\/jpeg"}],"author":"Redacao VerdadeOn","twitter_card":"summary_large_image","twitter_misc":{"Escrito por":"Redacao VerdadeOn","Est. tempo de leitura":"3 minutos"},"schema":{"@context":"https:\/\/schema.org","@graph":[{"@type":"WebPage","@id":"https:\/\/verdadeon.com.br\/portal\/2023\/06\/20\/ciesp-convida-industrias-para-a-apresentacao-da-jornada-de-transformacao-digital-em-franca\/","url":"https:\/\/verdadeon.com.br\/portal\/2023\/06\/20\/ciesp-convida-industrias-para-a-apresentacao-da-jornada-de-transformacao-digital-em-franca\/","name":"CIESP convida ind\u00fastrias para a apresenta\u00e7\u00e3o da Jornada de Transforma\u00e7\u00e3o Digital em Franca - VerdadeOn","isPartOf":{"@id":"https:\/\/verdadeon.com.br\/portal\/#website"},"primaryImageOfPage":{"@id":"https:\/\/verdadeon.com.br\/portal\/2023\/06\/20\/ciesp-convida-industrias-para-a-apresentacao-da-jornada-de-transformacao-digital-em-franca\/#primaryimage"},"image":{"@id":"https:\/\/verdadeon.com.br\/portal\/2023\/06\/20\/ciesp-convida-industrias-para-a-apresentacao-da-jornada-de-transformacao-digital-em-franca\/#primaryimage"},"thumbnailUrl":"https:\/\/i0.wp.com\/verdadeon.com.br\/portal\/wp-content\/uploads\/2023\/06\/WhatsApp-Image-2023-06-20-at-15.07.56.jpeg?fit=1000%2C670&ssl=1","datePublished":"2023-06-20T18:15:11+00:00","author":{"@id":"https:\/\/verdadeon.com.br\/portal\/#\/schema\/person\/a5060ad1e9ea3df545188fc93ce43d2f"},"breadcrumb":{"@id":"https:\/\/verdadeon.com.br\/portal\/2023\/06\/20\/ciesp-convida-industrias-para-a-apresentacao-da-jornada-de-transformacao-digital-em-franca\/#breadcrumb"},"inLanguage":"pt-BR","potentialAction":[{"@type":"ReadAction","target":["https:\/\/verdadeon.com.br\/portal\/2023\/06\/20\/ciesp-convida-industrias-para-a-apresentacao-da-jornada-de-transformacao-digital-em-franca\/"]}]},{"@type":"ImageObject","inLanguage":"pt-BR","@id":"https:\/\/verdadeon.com.br\/portal\/2023\/06\/20\/ciesp-convida-industrias-para-a-apresentacao-da-jornada-de-transformacao-digital-em-franca\/#primaryimage","url":"https:\/\/i0.wp.com\/verdadeon.com.br\/portal\/wp-content\/uploads\/2023\/06\/WhatsApp-Image-2023-06-20-at-15.07.56.jpeg?fit=1000%2C670&ssl=1","contentUrl":"https:\/\/i0.wp.com\/verdadeon.com.br\/portal\/wp-content\/uploads\/2023\/06\/WhatsApp-Image-2023-06-20-at-15.07.56.jpeg?fit=1000%2C670&ssl=1","width":1000,"height":670,"caption":"Jornada de Transforma\u00e7\u00e3o Digital em Franca acontece no pr\u00f3ximo dia 28 (\u00a9Divulga\u00e7\u00e3o)"},{"@type":"BreadcrumbList","@id":"https:\/\/verdadeon.com.br\/portal\/2023\/06\/20\/ciesp-convida-industrias-para-a-apresentacao-da-jornada-de-transformacao-digital-em-franca\/#breadcrumb","itemListElement":[{"@type":"ListItem","position":1,"name":"In\u00edcio","item":"https:\/\/verdadeon.com.br\/portal\/"},{"@type":"ListItem","position":2,"name":"CIESP convida ind\u00fastrias para a apresenta\u00e7\u00e3o da Jornada de Transforma\u00e7\u00e3o Digital em Franca"}]},{"@type":"WebSite","@id":"https:\/\/verdadeon.com.br\/portal\/#website","url":"https:\/\/verdadeon.com.br\/portal\/","name":"VerdadeOn","description":"Not\u00edcias di\u00e1rias sobre Franca, Regi\u00e3o, Esporte, Cultura, Cotidiano, Colunas. Cobertura nos principais eventos da cidade \u00e9 aqui - Verdadeon Franca","potentialAction":[{"@type":"SearchAction","target":{"@type":"EntryPoint","urlTemplate":"https:\/\/verdadeon.com.br\/portal\/?s={search_term_string}"},"query-input":{"@type":"PropertyValueSpecification","valueRequired":true,"valueName":"search_term_string"}}],"inLanguage":"pt-BR"},{"@type":"Person","@id":"https:\/\/verdadeon.com.br\/portal\/#\/schema\/person\/a5060ad1e9ea3df545188fc93ce43d2f","name":"Redacao VerdadeOn","image":{"@type":"ImageObject","inLanguage":"pt-BR","@id":"https:\/\/verdadeon.com.br\/portal\/#\/schema\/person\/image\/","url":"https:\/\/secure.gravatar.com\/avatar\/459a9613caaaf07f582c3d0841eea68bdd66f533e465e6ba8b9cb45619572cf4?s=96&d=mm&r=g","contentUrl":"https:\/\/secure.gravatar.com\/avatar\/459a9613caaaf07f582c3d0841eea68bdd66f533e465e6ba8b9cb45619572cf4?s=96&d=mm&r=g","caption":"Redacao VerdadeOn"},"url":"https:\/\/verdadeon.com.br\/portal\/author\/redacao\/"}]}},"jetpack_publicize_connections":[],"jetpack_featured_media_url":"https:\/\/i0.wp.com\/verdadeon.com.br\/portal\/wp-content\/uploads\/2023\/06\/WhatsApp-Image-2023-06-20-at-15.07.56.jpeg?fit=1000%2C670&ssl=1","jetpack_sharing_enabled":true,"_links":{"self":[{"href":"https:\/\/verdadeon.com.br\/portal\/wp-json\/wp\/v2\/posts\/35268","targetHints":{"allow":["GET"]}}],"collection":[{"href":"https:\/\/verdadeon.com.br\/portal\/wp-json\/wp\/v2\/posts"}],"about":[{"href":"https:\/\/verdadeon.com.br\/portal\/wp-json\/wp\/v2\/types\/post"}],"author":[{"embeddable":true,"href":"https:\/\/verdadeon.com.br\/portal\/wp-json\/wp\/v2\/users\/10"}],"replies":[{"embeddable":true,"href":"https:\/\/verdadeon.com.br\/portal\/wp-json\/wp\/v2\/comments?post=35268"}],"version-history":[{"count":1,"href":"https:\/\/verdadeon.com.br\/portal\/wp-json\/wp\/v2\/posts\/35268\/revisions"}],"predecessor-version":[{"id":35270,"href":"https:\/\/verdadeon.com.br\/portal\/wp-json\/wp\/v2\/posts\/35268\/revisions\/35270"}],"wp:featuredmedia":[{"embeddable":true,"href":"https:\/\/verdadeon.com.br\/portal\/wp-json\/wp\/v2\/media\/35269"}],"wp:attachment":[{"href":"https:\/\/verdadeon.com.br\/portal\/wp-json\/wp\/v2\/media?parent=35268"}],"wp:term":[{"taxonomy":"category","embeddable":true,"href":"https:\/\/verdadeon.com.br\/portal\/wp-json\/wp\/v2\/categories?post=35268"},{"taxonomy":"post_tag","embeddable":true,"href":"https:\/\/verdadeon.com.br\/portal\/wp-json\/wp\/v2\/tags?post=35268"}],"curies":[{"name":"wp","href":"https:\/\/api.w.org\/{rel}","templated":true}]}}