{"id":35252,"date":"2023-06-20T11:09:41","date_gmt":"2023-06-20T14:09:41","guid":{"rendered":"https:\/\/verdadeon.com.br\/portal\/?p=35252"},"modified":"2023-06-20T11:09:41","modified_gmt":"2023-06-20T14:09:41","slug":"caixa-comeca-a-cobrar-pix-de-pessoas-juridicas-em-19-de-julho","status":"publish","type":"post","link":"https:\/\/verdadeon.com.br\/portal\/2023\/06\/20\/caixa-comeca-a-cobrar-pix-de-pessoas-juridicas-em-19-de-julho\/","title":{"rendered":"Caixa come\u00e7a a cobrar Pix de pessoas jur\u00eddicas em 19 de julho"},"content":{"rendered":"<div class=\"row\">\n<h2 class=\"col-10 offset-1 animated fadeInDown dealy-900 display-8 display-md-8 alt-font font-italic my-1 text-center\">Banco desmentiu not\u00edcias de que tarifa atingiria pessoas f\u00edsicas<\/h2>\n<p>A partir de 19 de julho, as pessoas jur\u00eddicas clientes da Caixa Econ\u00f4mica Federal come\u00e7ar\u00e3o a pagar para fazer Pix. Autorizada pelo Banco Central (BC), a cobran\u00e7a de tarifas para empres\u00e1rios que usam o sistema de transfer\u00eancias instant\u00e2neas \u00e9 praticada pela maioria dos bancos, mas n\u00e3o era feita pela Caixa.<img data-recalc-dims=\"1\" decoding=\"async\" src=\"https:\/\/i0.wp.com\/agenciabrasil.ebc.com.br\/ebc.png?w=1220&#038;ssl=1\" \/><img data-recalc-dims=\"1\" decoding=\"async\" src=\"https:\/\/i0.wp.com\/agenciabrasil.ebc.com.br\/ebc.gif?w=1220&#038;ssl=1\" \/><\/p>\n<p>Em nota, o banco desmentiu falsas not\u00edcias que circularam nessa\u00a0segunda-feira (18) de que a tarifa\u00e7\u00e3o atingiria outros tipos de clientes. A Caixa destacou que pessoas f\u00edsicas, microempreendedores individuais (MEI) e benefici\u00e1rios de programas sociais continuar\u00e3o a fazer Pix sem cobran\u00e7a.<\/p>\n<p>\u201cA pr\u00e1tica [tarifa\u00e7\u00e3o do Pix para pessoas jur\u00eddicas] j\u00e1 \u00e9 realizada por outras institui\u00e7\u00f5es financeiras e autorizada pelo Arranjo Pix desde novembro de 2020, conforme Resolu\u00e7\u00e3o BCB n\u00ba 30\/2020\u201d, justificou a Caixa em nota.<\/p>\n<p>O comunicado tamb\u00e9m informou que a tarifa a ser aplicada \u00e0s empresas que fazem Pix ser\u00e1 uma das menores do mercado. O banco, informou a nota, mant\u00e9m o compromisso de oferecer aos clientes as melhores condi\u00e7\u00f5es em seus produtos e servi\u00e7os.<\/p>\n<p>Confira as tarifas de envio e recebimento do Pix para pessoa jur\u00eddica privada:<\/p>\n<p><strong>Pix transfer\u00eancia<\/strong><\/p>\n<p>\u2022\u00a0 \u00a0Envio de empresa para pessoa f\u00edsica por chave Pix, inser\u00e7\u00e3o de dados banc\u00e1rios ou inicia\u00e7\u00e3o de pagamento<\/p>\n<p>\u2022\u00a0 \u00a0Envio entre empresas por chave Pix ou\u00a0inser\u00e7\u00e3o de dados banc\u00e1rios<\/p>\n<p>\u2022\u00a0 \u00a00,89% do valor da opera\u00e7\u00e3o, com valor m\u00ednimo de R$ 1 e m\u00e1ximo de R$ 8,50<\/p>\n<p><strong>Pix compra<\/strong><\/p>\n<p>\u2022\u00a0 \u00a0Empresa recebe Pix de pessoa f\u00edsica em opera\u00e7\u00f5es de compra por chave Pix, inser\u00e7\u00e3o de dados banc\u00e1rios, iniciador de pagamento e C\u00f3digo QR est\u00e1tico<\/p>\n<p>\u2022\u00a0 \u00a0Empresa recebe Pix de outra empresa\u00a0por C\u00f3digo QR est\u00e1tico e iniciador de pagamento<\/p>\n<p>\u2022\u00a0 \u00a00,89% do valor da opera\u00e7\u00e3o, com valor m\u00ednimo de R$ 1 e m\u00e1ximo de R$ 130<\/p>\n<p><strong>Pix Checkout<\/strong><\/p>\n<p>\u2022\u00a0 \u00a0Empresa recebe Pix de pessoa f\u00edsica ou de outra empresa por C\u00f3digo QR din\u00e2mico<\/p>\n<p>\u2022\u00a0 \u00a01,20% do valor da opera\u00e7\u00e3o, com valor m\u00ednimo de R$ 1 e m\u00e1ximo de R$ 130<\/p>\n<p>Fonte: Caixa Econ\u00f4mica Federal\/Ag\u00eancia Brasil<\/p>\n<\/div>\n","protected":false},"excerpt":{"rendered":"<p>Banco desmentiu not\u00edcias de que tarifa atingiria pessoas f\u00edsicas A partir de 19 de julho, as pessoas jur\u00eddicas clientes da Caixa Econ\u00f4mica Federal come\u00e7ar\u00e3o a pagar<span class=\"excerpt-hellip\"> [\u2026]<\/span><\/p>\n","protected":false},"author":10,"featured_media":35253,"comment_status":"open","ping_status":"open","sticky":false,"template":"","format":"standard","meta":{"_jetpack_memberships_contains_paid_content":false,"footnotes":"","jetpack_publicize_message":"","jetpack_publicize_feature_enabled":true,"jetpack_social_post_already_shared":false,"jetpack_social_options":{"image_generator_settings":{"template":"highway","default_image_id":0,"enabled":false},"version":2}},"categories":[28,81],"tags":[],"class_list":["post-35252","post","type-post","status-publish","format-standard","has-post-thumbnail","hentry","category-cotidiano","category-manchete"],"yoast_head":"<!-- This site is optimized with the Yoast SEO plugin v25.6 - https:\/\/yoast.com\/wordpress\/plugins\/seo\/ -->\n<title>Caixa come\u00e7a a cobrar Pix de pessoas jur\u00eddicas em 19 de julho - VerdadeOn<\/title>\n<meta name=\"robots\" content=\"index, follow, max-snippet:-1, max-image-preview:large, max-video-preview:-1\" \/>\n<link rel=\"canonical\" href=\"https:\/\/verdadeon.com.br\/portal\/2023\/06\/20\/caixa-comeca-a-cobrar-pix-de-pessoas-juridicas-em-19-de-julho\/\" \/>\n<meta property=\"og:locale\" content=\"pt_BR\" \/>\n<meta property=\"og:type\" content=\"article\" \/>\n<meta property=\"og:title\" content=\"Caixa come\u00e7a a cobrar Pix de pessoas jur\u00eddicas em 19 de julho - VerdadeOn\" \/>\n<meta property=\"og:description\" content=\"Banco desmentiu not\u00edcias de que tarifa atingiria pessoas f\u00edsicas A partir de 19 de julho, as pessoas jur\u00eddicas clientes da Caixa Econ\u00f4mica Federal come\u00e7ar\u00e3o a pagar [\u2026]\" \/>\n<meta property=\"og:url\" content=\"https:\/\/verdadeon.com.br\/portal\/2023\/06\/20\/caixa-comeca-a-cobrar-pix-de-pessoas-juridicas-em-19-de-julho\/\" \/>\n<meta property=\"og:site_name\" content=\"VerdadeOn\" \/>\n<meta property=\"article:published_time\" content=\"2023-06-20T14:09:41+00:00\" \/>\n<meta property=\"og:image\" content=\"https:\/\/verdadeon.com.br\/portal\/wp-content\/uploads\/2023\/06\/pix_0411202554.jpg\" \/>\n\t<meta property=\"og:image:width\" content=\"1000\" \/>\n\t<meta property=\"og:image:height\" content=\"670\" \/>\n\t<meta property=\"og:image:type\" content=\"image\/jpeg\" \/>\n<meta name=\"author\" content=\"Redacao VerdadeOn\" \/>\n<meta name=\"twitter:card\" content=\"summary_large_image\" \/>\n<meta name=\"twitter:label1\" content=\"Escrito por\" \/>\n\t<meta name=\"twitter:data1\" content=\"Redacao VerdadeOn\" \/>\n\t<meta name=\"twitter:label2\" content=\"Est. tempo de leitura\" \/>\n\t<meta name=\"twitter:data2\" content=\"3 minutos\" \/>\n<script type=\"application\/ld+json\" class=\"yoast-schema-graph\">{\"@context\":\"https:\/\/schema.org\",\"@graph\":[{\"@type\":\"WebPage\",\"@id\":\"https:\/\/verdadeon.com.br\/portal\/2023\/06\/20\/caixa-comeca-a-cobrar-pix-de-pessoas-juridicas-em-19-de-julho\/\",\"url\":\"https:\/\/verdadeon.com.br\/portal\/2023\/06\/20\/caixa-comeca-a-cobrar-pix-de-pessoas-juridicas-em-19-de-julho\/\",\"name\":\"Caixa come\u00e7a a cobrar Pix de pessoas jur\u00eddicas em 19 de julho - VerdadeOn\",\"isPartOf\":{\"@id\":\"https:\/\/verdadeon.com.br\/portal\/#website\"},\"primaryImageOfPage\":{\"@id\":\"https:\/\/verdadeon.com.br\/portal\/2023\/06\/20\/caixa-comeca-a-cobrar-pix-de-pessoas-juridicas-em-19-de-julho\/#primaryimage\"},\"image\":{\"@id\":\"https:\/\/verdadeon.com.br\/portal\/2023\/06\/20\/caixa-comeca-a-cobrar-pix-de-pessoas-juridicas-em-19-de-julho\/#primaryimage\"},\"thumbnailUrl\":\"https:\/\/i0.wp.com\/verdadeon.com.br\/portal\/wp-content\/uploads\/2023\/06\/pix_0411202554.jpg?fit=1000%2C670&ssl=1\",\"datePublished\":\"2023-06-20T14:09:41+00:00\",\"author\":{\"@id\":\"https:\/\/verdadeon.com.br\/portal\/#\/schema\/person\/a5060ad1e9ea3df545188fc93ce43d2f\"},\"breadcrumb\":{\"@id\":\"https:\/\/verdadeon.com.br\/portal\/2023\/06\/20\/caixa-comeca-a-cobrar-pix-de-pessoas-juridicas-em-19-de-julho\/#breadcrumb\"},\"inLanguage\":\"pt-BR\",\"potentialAction\":[{\"@type\":\"ReadAction\",\"target\":[\"https:\/\/verdadeon.com.br\/portal\/2023\/06\/20\/caixa-comeca-a-cobrar-pix-de-pessoas-juridicas-em-19-de-julho\/\"]}]},{\"@type\":\"ImageObject\",\"inLanguage\":\"pt-BR\",\"@id\":\"https:\/\/verdadeon.com.br\/portal\/2023\/06\/20\/caixa-comeca-a-cobrar-pix-de-pessoas-juridicas-em-19-de-julho\/#primaryimage\",\"url\":\"https:\/\/i0.wp.com\/verdadeon.com.br\/portal\/wp-content\/uploads\/2023\/06\/pix_0411202554.jpg?fit=1000%2C670&ssl=1\",\"contentUrl\":\"https:\/\/i0.wp.com\/verdadeon.com.br\/portal\/wp-content\/uploads\/2023\/06\/pix_0411202554.jpg?fit=1000%2C670&ssl=1\",\"width\":1000,\"height\":670,\"caption\":\"A partir de 19 de julho, transfer\u00eancias via pix por pessoas jur\u00eddicas passar\u00e3o a ser taxadas (\u00a9Marcelo Casal Jr\/Ag\u00eancia Brasil)\"},{\"@type\":\"BreadcrumbList\",\"@id\":\"https:\/\/verdadeon.com.br\/portal\/2023\/06\/20\/caixa-comeca-a-cobrar-pix-de-pessoas-juridicas-em-19-de-julho\/#breadcrumb\",\"itemListElement\":[{\"@type\":\"ListItem\",\"position\":1,\"name\":\"In\u00edcio\",\"item\":\"https:\/\/verdadeon.com.br\/portal\/\"},{\"@type\":\"ListItem\",\"position\":2,\"name\":\"Caixa come\u00e7a a cobrar Pix de pessoas jur\u00eddicas em 19 de julho\"}]},{\"@type\":\"WebSite\",\"@id\":\"https:\/\/verdadeon.com.br\/portal\/#website\",\"url\":\"https:\/\/verdadeon.com.br\/portal\/\",\"name\":\"VerdadeOn\",\"description\":\"Not\u00edcias di\u00e1rias sobre Franca, Regi\u00e3o, Esporte, Cultura, Cotidiano, Colunas. Cobertura nos principais eventos da cidade \u00e9 aqui - Verdadeon Franca\",\"potentialAction\":[{\"@type\":\"SearchAction\",\"target\":{\"@type\":\"EntryPoint\",\"urlTemplate\":\"https:\/\/verdadeon.com.br\/portal\/?s={search_term_string}\"},\"query-input\":{\"@type\":\"PropertyValueSpecification\",\"valueRequired\":true,\"valueName\":\"search_term_string\"}}],\"inLanguage\":\"pt-BR\"},{\"@type\":\"Person\",\"@id\":\"https:\/\/verdadeon.com.br\/portal\/#\/schema\/person\/a5060ad1e9ea3df545188fc93ce43d2f\",\"name\":\"Redacao VerdadeOn\",\"image\":{\"@type\":\"ImageObject\",\"inLanguage\":\"pt-BR\",\"@id\":\"https:\/\/verdadeon.com.br\/portal\/#\/schema\/person\/image\/\",\"url\":\"https:\/\/secure.gravatar.com\/avatar\/459a9613caaaf07f582c3d0841eea68bdd66f533e465e6ba8b9cb45619572cf4?s=96&d=mm&r=g\",\"contentUrl\":\"https:\/\/secure.gravatar.com\/avatar\/459a9613caaaf07f582c3d0841eea68bdd66f533e465e6ba8b9cb45619572cf4?s=96&d=mm&r=g\",\"caption\":\"Redacao VerdadeOn\"},\"url\":\"https:\/\/verdadeon.com.br\/portal\/author\/redacao\/\"}]}<\/script>\n<!-- \/ Yoast SEO plugin. -->","yoast_head_json":{"title":"Caixa come\u00e7a a cobrar Pix de pessoas jur\u00eddicas em 19 de julho - VerdadeOn","robots":{"index":"index","follow":"follow","max-snippet":"max-snippet:-1","max-image-preview":"max-image-preview:large","max-video-preview":"max-video-preview:-1"},"canonical":"https:\/\/verdadeon.com.br\/portal\/2023\/06\/20\/caixa-comeca-a-cobrar-pix-de-pessoas-juridicas-em-19-de-julho\/","og_locale":"pt_BR","og_type":"article","og_title":"Caixa come\u00e7a a cobrar Pix de pessoas jur\u00eddicas em 19 de julho - VerdadeOn","og_description":"Banco desmentiu not\u00edcias de que tarifa atingiria pessoas f\u00edsicas A partir de 19 de julho, as pessoas jur\u00eddicas clientes da Caixa Econ\u00f4mica Federal come\u00e7ar\u00e3o a pagar [\u2026]","og_url":"https:\/\/verdadeon.com.br\/portal\/2023\/06\/20\/caixa-comeca-a-cobrar-pix-de-pessoas-juridicas-em-19-de-julho\/","og_site_name":"VerdadeOn","article_published_time":"2023-06-20T14:09:41+00:00","og_image":[{"width":1000,"height":670,"url":"https:\/\/verdadeon.com.br\/portal\/wp-content\/uploads\/2023\/06\/pix_0411202554.jpg","type":"image\/jpeg"}],"author":"Redacao VerdadeOn","twitter_card":"summary_large_image","twitter_misc":{"Escrito por":"Redacao VerdadeOn","Est. tempo de leitura":"3 minutos"},"schema":{"@context":"https:\/\/schema.org","@graph":[{"@type":"WebPage","@id":"https:\/\/verdadeon.com.br\/portal\/2023\/06\/20\/caixa-comeca-a-cobrar-pix-de-pessoas-juridicas-em-19-de-julho\/","url":"https:\/\/verdadeon.com.br\/portal\/2023\/06\/20\/caixa-comeca-a-cobrar-pix-de-pessoas-juridicas-em-19-de-julho\/","name":"Caixa come\u00e7a a cobrar Pix de pessoas jur\u00eddicas em 19 de julho - VerdadeOn","isPartOf":{"@id":"https:\/\/verdadeon.com.br\/portal\/#website"},"primaryImageOfPage":{"@id":"https:\/\/verdadeon.com.br\/portal\/2023\/06\/20\/caixa-comeca-a-cobrar-pix-de-pessoas-juridicas-em-19-de-julho\/#primaryimage"},"image":{"@id":"https:\/\/verdadeon.com.br\/portal\/2023\/06\/20\/caixa-comeca-a-cobrar-pix-de-pessoas-juridicas-em-19-de-julho\/#primaryimage"},"thumbnailUrl":"https:\/\/i0.wp.com\/verdadeon.com.br\/portal\/wp-content\/uploads\/2023\/06\/pix_0411202554.jpg?fit=1000%2C670&ssl=1","datePublished":"2023-06-20T14:09:41+00:00","author":{"@id":"https:\/\/verdadeon.com.br\/portal\/#\/schema\/person\/a5060ad1e9ea3df545188fc93ce43d2f"},"breadcrumb":{"@id":"https:\/\/verdadeon.com.br\/portal\/2023\/06\/20\/caixa-comeca-a-cobrar-pix-de-pessoas-juridicas-em-19-de-julho\/#breadcrumb"},"inLanguage":"pt-BR","potentialAction":[{"@type":"ReadAction","target":["https:\/\/verdadeon.com.br\/portal\/2023\/06\/20\/caixa-comeca-a-cobrar-pix-de-pessoas-juridicas-em-19-de-julho\/"]}]},{"@type":"ImageObject","inLanguage":"pt-BR","@id":"https:\/\/verdadeon.com.br\/portal\/2023\/06\/20\/caixa-comeca-a-cobrar-pix-de-pessoas-juridicas-em-19-de-julho\/#primaryimage","url":"https:\/\/i0.wp.com\/verdadeon.com.br\/portal\/wp-content\/uploads\/2023\/06\/pix_0411202554.jpg?fit=1000%2C670&ssl=1","contentUrl":"https:\/\/i0.wp.com\/verdadeon.com.br\/portal\/wp-content\/uploads\/2023\/06\/pix_0411202554.jpg?fit=1000%2C670&ssl=1","width":1000,"height":670,"caption":"A partir de 19 de julho, transfer\u00eancias via pix por pessoas jur\u00eddicas passar\u00e3o a ser taxadas (\u00a9Marcelo Casal Jr\/Ag\u00eancia Brasil)"},{"@type":"BreadcrumbList","@id":"https:\/\/verdadeon.com.br\/portal\/2023\/06\/20\/caixa-comeca-a-cobrar-pix-de-pessoas-juridicas-em-19-de-julho\/#breadcrumb","itemListElement":[{"@type":"ListItem","position":1,"name":"In\u00edcio","item":"https:\/\/verdadeon.com.br\/portal\/"},{"@type":"ListItem","position":2,"name":"Caixa come\u00e7a a cobrar Pix de pessoas jur\u00eddicas em 19 de julho"}]},{"@type":"WebSite","@id":"https:\/\/verdadeon.com.br\/portal\/#website","url":"https:\/\/verdadeon.com.br\/portal\/","name":"VerdadeOn","description":"Not\u00edcias di\u00e1rias sobre Franca, Regi\u00e3o, Esporte, Cultura, Cotidiano, Colunas. Cobertura nos principais eventos da cidade \u00e9 aqui - Verdadeon Franca","potentialAction":[{"@type":"SearchAction","target":{"@type":"EntryPoint","urlTemplate":"https:\/\/verdadeon.com.br\/portal\/?s={search_term_string}"},"query-input":{"@type":"PropertyValueSpecification","valueRequired":true,"valueName":"search_term_string"}}],"inLanguage":"pt-BR"},{"@type":"Person","@id":"https:\/\/verdadeon.com.br\/portal\/#\/schema\/person\/a5060ad1e9ea3df545188fc93ce43d2f","name":"Redacao VerdadeOn","image":{"@type":"ImageObject","inLanguage":"pt-BR","@id":"https:\/\/verdadeon.com.br\/portal\/#\/schema\/person\/image\/","url":"https:\/\/secure.gravatar.com\/avatar\/459a9613caaaf07f582c3d0841eea68bdd66f533e465e6ba8b9cb45619572cf4?s=96&d=mm&r=g","contentUrl":"https:\/\/secure.gravatar.com\/avatar\/459a9613caaaf07f582c3d0841eea68bdd66f533e465e6ba8b9cb45619572cf4?s=96&d=mm&r=g","caption":"Redacao VerdadeOn"},"url":"https:\/\/verdadeon.com.br\/portal\/author\/redacao\/"}]}},"jetpack_publicize_connections":[],"jetpack_featured_media_url":"https:\/\/i0.wp.com\/verdadeon.com.br\/portal\/wp-content\/uploads\/2023\/06\/pix_0411202554.jpg?fit=1000%2C670&ssl=1","jetpack_sharing_enabled":true,"_links":{"self":[{"href":"https:\/\/verdadeon.com.br\/portal\/wp-json\/wp\/v2\/posts\/35252","targetHints":{"allow":["GET"]}}],"collection":[{"href":"https:\/\/verdadeon.com.br\/portal\/wp-json\/wp\/v2\/posts"}],"about":[{"href":"https:\/\/verdadeon.com.br\/portal\/wp-json\/wp\/v2\/types\/post"}],"author":[{"embeddable":true,"href":"https:\/\/verdadeon.com.br\/portal\/wp-json\/wp\/v2\/users\/10"}],"replies":[{"embeddable":true,"href":"https:\/\/verdadeon.com.br\/portal\/wp-json\/wp\/v2\/comments?post=35252"}],"version-history":[{"count":1,"href":"https:\/\/verdadeon.com.br\/portal\/wp-json\/wp\/v2\/posts\/35252\/revisions"}],"predecessor-version":[{"id":35254,"href":"https:\/\/verdadeon.com.br\/portal\/wp-json\/wp\/v2\/posts\/35252\/revisions\/35254"}],"wp:featuredmedia":[{"embeddable":true,"href":"https:\/\/verdadeon.com.br\/portal\/wp-json\/wp\/v2\/media\/35253"}],"wp:attachment":[{"href":"https:\/\/verdadeon.com.br\/portal\/wp-json\/wp\/v2\/media?parent=35252"}],"wp:term":[{"taxonomy":"category","embeddable":true,"href":"https:\/\/verdadeon.com.br\/portal\/wp-json\/wp\/v2\/categories?post=35252"},{"taxonomy":"post_tag","embeddable":true,"href":"https:\/\/verdadeon.com.br\/portal\/wp-json\/wp\/v2\/tags?post=35252"}],"curies":[{"name":"wp","href":"https:\/\/api.w.org\/{rel}","templated":true}]}}