{"id":35249,"date":"2023-06-20T10:56:14","date_gmt":"2023-06-20T13:56:14","guid":{"rendered":"https:\/\/verdadeon.com.br\/portal\/?p=35249"},"modified":"2023-06-20T13:24:34","modified_gmt":"2023-06-20T16:24:34","slug":"prefeitura-de-franca-amplia-servicos-para-combater-violencia-contra-a-mulher","status":"publish","type":"post","link":"https:\/\/verdadeon.com.br\/portal\/2023\/06\/20\/prefeitura-de-franca-amplia-servicos-para-combater-violencia-contra-a-mulher\/","title":{"rendered":"Prefeitura de Franca amplia servi\u00e7os para combater viol\u00eancia contra a mulher"},"content":{"rendered":"<h2>304 mulheres j\u00e1 foram atendidas e acompanhadas pelo CREAS<\/h2>\n<p>Para garantir mais seguran\u00e7a \u00e0s mulheres, a Prefeitura de Franca ampliou o n\u00famero de funcion\u00e1rios dos servi\u00e7os e acompanhamentos feitos pela Secretaria Municipal de A\u00e7\u00e3o Social em dispositivos como os CREAS, CRAS, Acolhimento de Mulheres em Situa\u00e7\u00e3o de Viol\u00eancia e N\u00facleo Reconhecer.<\/p>\n<p>Nos primeiros meses deste ano, 304 mulheres j\u00e1 foram atendidas e acompanhadas pelo CREAS, ap\u00f3s sofrerem viol\u00eancia. O n\u00famero j\u00e1 est\u00e1 perto de superar a marca de todo o ano de 2022, quando foram registrados 390 atendimentos. Isso indica a import\u00e2ncia do servi\u00e7o para tirar essas v\u00edtimas do ciclo de viol\u00eancia.<\/p>\n<p>Os dados crescentes contra as mulheres fizeram com que a secretaria tamb\u00e9m desenvolvesse um trabalho socioeducativo, junto aos homens. Eles est\u00e3o participando de oficinas e a\u00e7\u00f5es reflexivas, que ajudam a romper com a viol\u00eancia, que pode ocorrer de diversas formas. Em 2022, essas a\u00e7\u00f5es atingiram cerca de 600 pessoas, colaborando na transforma\u00e7\u00e3o social para uma vida melhor.<\/p>\n<p>No caso de mulheres que foram v\u00edtimas de viol\u00eancia e corriam risco de morte, a cidade de Franca segue com o Servi\u00e7o para Acolhimento de Mulheres em Situa\u00e7\u00e3o de Viol\u00eancia, implantado desde 2014. Elas e os filhos s\u00e3o acolhidos e passam a residir em uma casa &#8211; cujo endere\u00e7o \u00e9 sigiloso &#8211; para resguardar suas vidas e com acompanhamento constru\u00edrem outras possibilidades. Oficinas, atendimentos e cursos de capacita\u00e7\u00e3o e tratamentos s\u00e3o oferecidos pelo trabalho em articula\u00e7\u00e3o entre as secretarias.<\/p>\n<p>Os cuidados com as crian\u00e7as v\u00e3o al\u00e9m. Neste ano, a Prefeitura implantou o Servi\u00e7o de Conviv\u00eancia para crian\u00e7as de zero a 6 anos, em todas as regi\u00f5es do munic\u00edpio, em um modelo em que as mulheres respons\u00e1veis pelos cuidados \u00e0s crian\u00e7as s\u00e3o atendidas junto aos seus dependentes. Tamb\u00e9m h\u00e1 o Servi\u00e7o para Acolhimento da Pessoa Idosa, quando necess\u00e1rio medida protetiva para mulheres com mais de 60 anos, retirando-a de ambientes violentos, em que a v\u00edtima n\u00e3o conseguia se defender.<\/p>\n<p>A Secretaria de A\u00e7\u00e3o Social tamb\u00e9m criou um dispositivo que amplia a rede protetiva \u00e0s mulheres e \u00e0s pessoas em situa\u00e7\u00e3o de viol\u00eancias relacionadas ao g\u00eanero, ra\u00e7a e orienta\u00e7\u00e3o sexual. No ano passado, foi inaugurado o N\u00facleo Reconhecer, espa\u00e7o que conta com assistente social, psic\u00f3loga, advogada, orientadora social, motorista, administrativo e servi\u00e7os gerais, garantindo trabalhadores que retratam a diversidade e representatividade do p\u00fablico atendido.<\/p>\n<p>No N\u00facleo Reconhecer, que fica na rua General Telles, 842, na Esta\u00e7\u00e3o, a popula\u00e7\u00e3o \u00e9 acolhida ap\u00f3s a viol\u00eancia, em suas variadas formas, e participa de oficinas e outras a\u00e7\u00f5es importantes para uma vida melhor. De acordo com a A\u00e7\u00e3o Social, de agosto de 2022 at\u00e9 agora foram atendidos mais de 420 casos no N\u00facleo, que tamb\u00e9m realiza a\u00e7\u00f5es socioeducativas nas escolas municipais, estaduais, Funda\u00e7\u00e3o Casa e outros espa\u00e7os.<\/p>\n<p>A popula\u00e7\u00e3o em situa\u00e7\u00e3o de rua tamb\u00e9m tem sido amparada. O Programa Dignidade, que cuida dessas pessoas e revitaliza os espa\u00e7os p\u00fablicos, implantou o projeto &#8220;Moradia Primeiro&#8221;, tendo como p\u00fablico priorit\u00e1rio as mulheres e mulheres trans em situa\u00e7\u00e3o de rua. Apenas em maio, 30 mulheres foram acolhidas atrav\u00e9s desse programa, o que refor\u00e7a o compromisso em garantir, cada vez mais, melhorias \u00e0 popula\u00e7\u00e3o.<\/p>\n<p>Diariamente, as mulheres s\u00e3o atendidas na rede municipal e todos os servidores tem passado por capacita\u00e7\u00e3o para qualificar o atendimento p\u00fablico.<\/p>\n","protected":false},"excerpt":{"rendered":"<p>304 mulheres j\u00e1 foram atendidas e acompanhadas pelo CREAS Para garantir mais seguran\u00e7a \u00e0s mulheres, a Prefeitura de Franca ampliou o n\u00famero de funcion\u00e1rios dos servi\u00e7os<span class=\"excerpt-hellip\"> [\u2026]<\/span><\/p>\n","protected":false},"author":10,"featured_media":35250,"comment_status":"open","ping_status":"open","sticky":false,"template":"","format":"standard","meta":{"_jetpack_memberships_contains_paid_content":false,"footnotes":"","jetpack_publicize_message":"","jetpack_publicize_feature_enabled":true,"jetpack_social_post_already_shared":false,"jetpack_social_options":{"image_generator_settings":{"template":"highway","default_image_id":0,"enabled":false},"version":2}},"categories":[28,81],"tags":[],"class_list":["post-35249","post","type-post","status-publish","format-standard","has-post-thumbnail","hentry","category-cotidiano","category-manchete"],"yoast_head":"<!-- This site is optimized with the Yoast SEO plugin v25.6 - https:\/\/yoast.com\/wordpress\/plugins\/seo\/ -->\n<title>Prefeitura de Franca amplia servi\u00e7os para combater viol\u00eancia contra a mulher - VerdadeOn<\/title>\n<meta name=\"robots\" content=\"index, follow, max-snippet:-1, max-image-preview:large, max-video-preview:-1\" \/>\n<link rel=\"canonical\" href=\"https:\/\/verdadeon.com.br\/portal\/2023\/06\/20\/prefeitura-de-franca-amplia-servicos-para-combater-violencia-contra-a-mulher\/\" \/>\n<meta property=\"og:locale\" content=\"pt_BR\" \/>\n<meta property=\"og:type\" content=\"article\" \/>\n<meta property=\"og:title\" content=\"Prefeitura de Franca amplia servi\u00e7os para combater viol\u00eancia contra a mulher - VerdadeOn\" \/>\n<meta property=\"og:description\" content=\"304 mulheres j\u00e1 foram atendidas e acompanhadas pelo CREAS Para garantir mais seguran\u00e7a \u00e0s mulheres, a Prefeitura de Franca ampliou o n\u00famero de funcion\u00e1rios dos servi\u00e7os [\u2026]\" \/>\n<meta property=\"og:url\" content=\"https:\/\/verdadeon.com.br\/portal\/2023\/06\/20\/prefeitura-de-franca-amplia-servicos-para-combater-violencia-contra-a-mulher\/\" \/>\n<meta property=\"og:site_name\" content=\"VerdadeOn\" \/>\n<meta property=\"article:published_time\" content=\"2023-06-20T13:56:14+00:00\" \/>\n<meta property=\"article:modified_time\" content=\"2023-06-20T16:24:34+00:00\" \/>\n<meta property=\"og:image\" content=\"https:\/\/verdadeon.com.br\/portal\/wp-content\/uploads\/2023\/06\/IMG_7634.jpg\" \/>\n\t<meta property=\"og:image:width\" content=\"1000\" \/>\n\t<meta property=\"og:image:height\" content=\"670\" \/>\n\t<meta property=\"og:image:type\" content=\"image\/jpeg\" \/>\n<meta name=\"author\" content=\"Redacao VerdadeOn\" \/>\n<meta name=\"twitter:card\" content=\"summary_large_image\" \/>\n<meta name=\"twitter:label1\" content=\"Escrito por\" \/>\n\t<meta name=\"twitter:data1\" content=\"Redacao VerdadeOn\" \/>\n\t<meta name=\"twitter:label2\" content=\"Est. tempo de leitura\" \/>\n\t<meta name=\"twitter:data2\" content=\"3 minutos\" \/>\n<script type=\"application\/ld+json\" class=\"yoast-schema-graph\">{\"@context\":\"https:\/\/schema.org\",\"@graph\":[{\"@type\":\"WebPage\",\"@id\":\"https:\/\/verdadeon.com.br\/portal\/2023\/06\/20\/prefeitura-de-franca-amplia-servicos-para-combater-violencia-contra-a-mulher\/\",\"url\":\"https:\/\/verdadeon.com.br\/portal\/2023\/06\/20\/prefeitura-de-franca-amplia-servicos-para-combater-violencia-contra-a-mulher\/\",\"name\":\"Prefeitura de Franca amplia servi\u00e7os para combater viol\u00eancia contra a mulher - VerdadeOn\",\"isPartOf\":{\"@id\":\"https:\/\/verdadeon.com.br\/portal\/#website\"},\"primaryImageOfPage\":{\"@id\":\"https:\/\/verdadeon.com.br\/portal\/2023\/06\/20\/prefeitura-de-franca-amplia-servicos-para-combater-violencia-contra-a-mulher\/#primaryimage\"},\"image\":{\"@id\":\"https:\/\/verdadeon.com.br\/portal\/2023\/06\/20\/prefeitura-de-franca-amplia-servicos-para-combater-violencia-contra-a-mulher\/#primaryimage\"},\"thumbnailUrl\":\"https:\/\/i0.wp.com\/verdadeon.com.br\/portal\/wp-content\/uploads\/2023\/06\/IMG_7634.jpg?fit=1000%2C670&ssl=1\",\"datePublished\":\"2023-06-20T13:56:14+00:00\",\"dateModified\":\"2023-06-20T16:24:34+00:00\",\"author\":{\"@id\":\"https:\/\/verdadeon.com.br\/portal\/#\/schema\/person\/a5060ad1e9ea3df545188fc93ce43d2f\"},\"breadcrumb\":{\"@id\":\"https:\/\/verdadeon.com.br\/portal\/2023\/06\/20\/prefeitura-de-franca-amplia-servicos-para-combater-violencia-contra-a-mulher\/#breadcrumb\"},\"inLanguage\":\"pt-BR\",\"potentialAction\":[{\"@type\":\"ReadAction\",\"target\":[\"https:\/\/verdadeon.com.br\/portal\/2023\/06\/20\/prefeitura-de-franca-amplia-servicos-para-combater-violencia-contra-a-mulher\/\"]}]},{\"@type\":\"ImageObject\",\"inLanguage\":\"pt-BR\",\"@id\":\"https:\/\/verdadeon.com.br\/portal\/2023\/06\/20\/prefeitura-de-franca-amplia-servicos-para-combater-violencia-contra-a-mulher\/#primaryimage\",\"url\":\"https:\/\/i0.wp.com\/verdadeon.com.br\/portal\/wp-content\/uploads\/2023\/06\/IMG_7634.jpg?fit=1000%2C670&ssl=1\",\"contentUrl\":\"https:\/\/i0.wp.com\/verdadeon.com.br\/portal\/wp-content\/uploads\/2023\/06\/IMG_7634.jpg?fit=1000%2C670&ssl=1\",\"width\":1000,\"height\":670,\"caption\":\"Prefeitura de Franca amplia n\u00famero de funcion\u00e1rios dos servi\u00e7os de combate \u00e0 viol\u00eancia contra a mulher (\u00a9Divulga\u00e7\u00e3o)\"},{\"@type\":\"BreadcrumbList\",\"@id\":\"https:\/\/verdadeon.com.br\/portal\/2023\/06\/20\/prefeitura-de-franca-amplia-servicos-para-combater-violencia-contra-a-mulher\/#breadcrumb\",\"itemListElement\":[{\"@type\":\"ListItem\",\"position\":1,\"name\":\"In\u00edcio\",\"item\":\"https:\/\/verdadeon.com.br\/portal\/\"},{\"@type\":\"ListItem\",\"position\":2,\"name\":\"Prefeitura de Franca amplia servi\u00e7os para combater viol\u00eancia contra a mulher\"}]},{\"@type\":\"WebSite\",\"@id\":\"https:\/\/verdadeon.com.br\/portal\/#website\",\"url\":\"https:\/\/verdadeon.com.br\/portal\/\",\"name\":\"VerdadeOn\",\"description\":\"Not\u00edcias di\u00e1rias sobre Franca, Regi\u00e3o, Esporte, Cultura, Cotidiano, Colunas. Cobertura nos principais eventos da cidade \u00e9 aqui - Verdadeon Franca\",\"potentialAction\":[{\"@type\":\"SearchAction\",\"target\":{\"@type\":\"EntryPoint\",\"urlTemplate\":\"https:\/\/verdadeon.com.br\/portal\/?s={search_term_string}\"},\"query-input\":{\"@type\":\"PropertyValueSpecification\",\"valueRequired\":true,\"valueName\":\"search_term_string\"}}],\"inLanguage\":\"pt-BR\"},{\"@type\":\"Person\",\"@id\":\"https:\/\/verdadeon.com.br\/portal\/#\/schema\/person\/a5060ad1e9ea3df545188fc93ce43d2f\",\"name\":\"Redacao VerdadeOn\",\"image\":{\"@type\":\"ImageObject\",\"inLanguage\":\"pt-BR\",\"@id\":\"https:\/\/verdadeon.com.br\/portal\/#\/schema\/person\/image\/\",\"url\":\"https:\/\/secure.gravatar.com\/avatar\/459a9613caaaf07f582c3d0841eea68bdd66f533e465e6ba8b9cb45619572cf4?s=96&d=mm&r=g\",\"contentUrl\":\"https:\/\/secure.gravatar.com\/avatar\/459a9613caaaf07f582c3d0841eea68bdd66f533e465e6ba8b9cb45619572cf4?s=96&d=mm&r=g\",\"caption\":\"Redacao VerdadeOn\"},\"url\":\"https:\/\/verdadeon.com.br\/portal\/author\/redacao\/\"}]}<\/script>\n<!-- \/ Yoast SEO plugin. -->","yoast_head_json":{"title":"Prefeitura de Franca amplia servi\u00e7os para combater viol\u00eancia contra a mulher - VerdadeOn","robots":{"index":"index","follow":"follow","max-snippet":"max-snippet:-1","max-image-preview":"max-image-preview:large","max-video-preview":"max-video-preview:-1"},"canonical":"https:\/\/verdadeon.com.br\/portal\/2023\/06\/20\/prefeitura-de-franca-amplia-servicos-para-combater-violencia-contra-a-mulher\/","og_locale":"pt_BR","og_type":"article","og_title":"Prefeitura de Franca amplia servi\u00e7os para combater viol\u00eancia contra a mulher - VerdadeOn","og_description":"304 mulheres j\u00e1 foram atendidas e acompanhadas pelo CREAS Para garantir mais seguran\u00e7a \u00e0s mulheres, a Prefeitura de Franca ampliou o n\u00famero de funcion\u00e1rios dos servi\u00e7os [\u2026]","og_url":"https:\/\/verdadeon.com.br\/portal\/2023\/06\/20\/prefeitura-de-franca-amplia-servicos-para-combater-violencia-contra-a-mulher\/","og_site_name":"VerdadeOn","article_published_time":"2023-06-20T13:56:14+00:00","article_modified_time":"2023-06-20T16:24:34+00:00","og_image":[{"width":1000,"height":670,"url":"https:\/\/verdadeon.com.br\/portal\/wp-content\/uploads\/2023\/06\/IMG_7634.jpg","type":"image\/jpeg"}],"author":"Redacao VerdadeOn","twitter_card":"summary_large_image","twitter_misc":{"Escrito por":"Redacao VerdadeOn","Est. tempo de leitura":"3 minutos"},"schema":{"@context":"https:\/\/schema.org","@graph":[{"@type":"WebPage","@id":"https:\/\/verdadeon.com.br\/portal\/2023\/06\/20\/prefeitura-de-franca-amplia-servicos-para-combater-violencia-contra-a-mulher\/","url":"https:\/\/verdadeon.com.br\/portal\/2023\/06\/20\/prefeitura-de-franca-amplia-servicos-para-combater-violencia-contra-a-mulher\/","name":"Prefeitura de Franca amplia servi\u00e7os para combater viol\u00eancia contra a mulher - VerdadeOn","isPartOf":{"@id":"https:\/\/verdadeon.com.br\/portal\/#website"},"primaryImageOfPage":{"@id":"https:\/\/verdadeon.com.br\/portal\/2023\/06\/20\/prefeitura-de-franca-amplia-servicos-para-combater-violencia-contra-a-mulher\/#primaryimage"},"image":{"@id":"https:\/\/verdadeon.com.br\/portal\/2023\/06\/20\/prefeitura-de-franca-amplia-servicos-para-combater-violencia-contra-a-mulher\/#primaryimage"},"thumbnailUrl":"https:\/\/i0.wp.com\/verdadeon.com.br\/portal\/wp-content\/uploads\/2023\/06\/IMG_7634.jpg?fit=1000%2C670&ssl=1","datePublished":"2023-06-20T13:56:14+00:00","dateModified":"2023-06-20T16:24:34+00:00","author":{"@id":"https:\/\/verdadeon.com.br\/portal\/#\/schema\/person\/a5060ad1e9ea3df545188fc93ce43d2f"},"breadcrumb":{"@id":"https:\/\/verdadeon.com.br\/portal\/2023\/06\/20\/prefeitura-de-franca-amplia-servicos-para-combater-violencia-contra-a-mulher\/#breadcrumb"},"inLanguage":"pt-BR","potentialAction":[{"@type":"ReadAction","target":["https:\/\/verdadeon.com.br\/portal\/2023\/06\/20\/prefeitura-de-franca-amplia-servicos-para-combater-violencia-contra-a-mulher\/"]}]},{"@type":"ImageObject","inLanguage":"pt-BR","@id":"https:\/\/verdadeon.com.br\/portal\/2023\/06\/20\/prefeitura-de-franca-amplia-servicos-para-combater-violencia-contra-a-mulher\/#primaryimage","url":"https:\/\/i0.wp.com\/verdadeon.com.br\/portal\/wp-content\/uploads\/2023\/06\/IMG_7634.jpg?fit=1000%2C670&ssl=1","contentUrl":"https:\/\/i0.wp.com\/verdadeon.com.br\/portal\/wp-content\/uploads\/2023\/06\/IMG_7634.jpg?fit=1000%2C670&ssl=1","width":1000,"height":670,"caption":"Prefeitura de Franca amplia n\u00famero de funcion\u00e1rios dos servi\u00e7os de combate \u00e0 viol\u00eancia contra a mulher (\u00a9Divulga\u00e7\u00e3o)"},{"@type":"BreadcrumbList","@id":"https:\/\/verdadeon.com.br\/portal\/2023\/06\/20\/prefeitura-de-franca-amplia-servicos-para-combater-violencia-contra-a-mulher\/#breadcrumb","itemListElement":[{"@type":"ListItem","position":1,"name":"In\u00edcio","item":"https:\/\/verdadeon.com.br\/portal\/"},{"@type":"ListItem","position":2,"name":"Prefeitura de Franca amplia servi\u00e7os para combater viol\u00eancia contra a mulher"}]},{"@type":"WebSite","@id":"https:\/\/verdadeon.com.br\/portal\/#website","url":"https:\/\/verdadeon.com.br\/portal\/","name":"VerdadeOn","description":"Not\u00edcias di\u00e1rias sobre Franca, Regi\u00e3o, Esporte, Cultura, Cotidiano, Colunas. Cobertura nos principais eventos da cidade \u00e9 aqui - Verdadeon Franca","potentialAction":[{"@type":"SearchAction","target":{"@type":"EntryPoint","urlTemplate":"https:\/\/verdadeon.com.br\/portal\/?s={search_term_string}"},"query-input":{"@type":"PropertyValueSpecification","valueRequired":true,"valueName":"search_term_string"}}],"inLanguage":"pt-BR"},{"@type":"Person","@id":"https:\/\/verdadeon.com.br\/portal\/#\/schema\/person\/a5060ad1e9ea3df545188fc93ce43d2f","name":"Redacao VerdadeOn","image":{"@type":"ImageObject","inLanguage":"pt-BR","@id":"https:\/\/verdadeon.com.br\/portal\/#\/schema\/person\/image\/","url":"https:\/\/secure.gravatar.com\/avatar\/459a9613caaaf07f582c3d0841eea68bdd66f533e465e6ba8b9cb45619572cf4?s=96&d=mm&r=g","contentUrl":"https:\/\/secure.gravatar.com\/avatar\/459a9613caaaf07f582c3d0841eea68bdd66f533e465e6ba8b9cb45619572cf4?s=96&d=mm&r=g","caption":"Redacao VerdadeOn"},"url":"https:\/\/verdadeon.com.br\/portal\/author\/redacao\/"}]}},"jetpack_publicize_connections":[],"jetpack_featured_media_url":"https:\/\/i0.wp.com\/verdadeon.com.br\/portal\/wp-content\/uploads\/2023\/06\/IMG_7634.jpg?fit=1000%2C670&ssl=1","jetpack_sharing_enabled":true,"_links":{"self":[{"href":"https:\/\/verdadeon.com.br\/portal\/wp-json\/wp\/v2\/posts\/35249","targetHints":{"allow":["GET"]}}],"collection":[{"href":"https:\/\/verdadeon.com.br\/portal\/wp-json\/wp\/v2\/posts"}],"about":[{"href":"https:\/\/verdadeon.com.br\/portal\/wp-json\/wp\/v2\/types\/post"}],"author":[{"embeddable":true,"href":"https:\/\/verdadeon.com.br\/portal\/wp-json\/wp\/v2\/users\/10"}],"replies":[{"embeddable":true,"href":"https:\/\/verdadeon.com.br\/portal\/wp-json\/wp\/v2\/comments?post=35249"}],"version-history":[{"count":1,"href":"https:\/\/verdadeon.com.br\/portal\/wp-json\/wp\/v2\/posts\/35249\/revisions"}],"predecessor-version":[{"id":35251,"href":"https:\/\/verdadeon.com.br\/portal\/wp-json\/wp\/v2\/posts\/35249\/revisions\/35251"}],"wp:featuredmedia":[{"embeddable":true,"href":"https:\/\/verdadeon.com.br\/portal\/wp-json\/wp\/v2\/media\/35250"}],"wp:attachment":[{"href":"https:\/\/verdadeon.com.br\/portal\/wp-json\/wp\/v2\/media?parent=35249"}],"wp:term":[{"taxonomy":"category","embeddable":true,"href":"https:\/\/verdadeon.com.br\/portal\/wp-json\/wp\/v2\/categories?post=35249"},{"taxonomy":"post_tag","embeddable":true,"href":"https:\/\/verdadeon.com.br\/portal\/wp-json\/wp\/v2\/tags?post=35249"}],"curies":[{"name":"wp","href":"https:\/\/api.w.org\/{rel}","templated":true}]}}