{"id":34783,"date":"2023-06-01T14:20:55","date_gmt":"2023-06-01T17:20:55","guid":{"rendered":"https:\/\/verdadeon.com.br\/portal\/?p=34783"},"modified":"2023-06-01T14:20:58","modified_gmt":"2023-06-01T17:20:58","slug":"comissoes-analisam-projeto-que-autoriza-repasses-para-apae-e-fundacao-allan-kardec","status":"publish","type":"post","link":"https:\/\/verdadeon.com.br\/portal\/2023\/06\/01\/comissoes-analisam-projeto-que-autoriza-repasses-para-apae-e-fundacao-allan-kardec\/","title":{"rendered":"Comiss\u00f5es analisam projeto que autoriza repasses para APAE e Funda\u00e7\u00e3o Allan Kardec"},"content":{"rendered":"<h2>Repasses \u00e0s entidades chegam a quase R$ 500 mil<\/h2>\n<p>As comiss\u00f5es\u00a0de\u00a0<a href=\"https:\/\/sapl.franca.sp.leg.br\/comissao\/1\" data-saferedirecturl=\"https:\/\/www.google.com\/url?q=https:\/\/sapl.franca.sp.leg.br\/comissao\/1&amp;source=gmail&amp;ust=1685725696324000&amp;usg=AOvVaw3mAhmQxof9mYTNyUbwQrr0\">Legisla\u00e7\u00e3o, Justi\u00e7a e Reda\u00e7\u00e3o<\/a>\u00a0e\u00a0<strong><a href=\"https:\/\/sapl.franca.sp.leg.br\/comissao\/2\" data-saferedirecturl=\"https:\/\/www.google.com\/url?q=https:\/\/sapl.franca.sp.leg.br\/comissao\/2&amp;source=gmail&amp;ust=1685725696324000&amp;usg=AOvVaw2tHIkZvwkSUnyH0I7Lpc5e\">de Finan\u00e7as e Or\u00e7amento<\/a><\/strong>\u00a0se re\u00fanem nesta sexta-feira, 02 de junho, a partir das 9h, no Plen\u00e1rio para an\u00e1lise dos projetos em tramita\u00e7\u00e3o na C\u00e2mara Municipal de Franca.<\/p>\n<p>Ser\u00e1 analisado o\u00a0<strong><a href=\"https:\/\/sapl.franca.sp.leg.br\/materia\/8263\">Projeto de Lei Ordin\u00e1ria 66\/2023<\/a><\/strong>\u00a0de autoria do prefeito Alexandre Ferreira (MDB) que autoriza o Poder Executivo celebrar Termos de Conv\u00eanio com a Associa\u00e7\u00e3o de Pais e Amigos dos Excepcionais de Franca, e com a Funda\u00e7\u00e3o Espirita Allan Kardec, altera a tr\u00edade or\u00e7ament\u00e1ria, e d\u00e1 outras provid\u00eancias.<\/p>\n<p>O prefeito justifica: &#8220;Trata-se de parcerias a serem celebradas, com recursos de origem de transfer\u00eancias da Uni\u00e3o, vinculadas \u00e0 Portaria n\u00ba 443, de 03 de abril de 2023, do Minist\u00e9rio da Sa\u00fade, da seguinte forma:<\/p>\n<p>I &#8211; Associa\u00e7\u00e3o de Pais e Amigos dos Excepcionais de Franca, no valor de R$ 79.626,13 (setenta e nove mil, seiscentos e vinte e seis reais e treze centavos), destinada \u00e0s despesas de custeio dos servi\u00e7os de assist\u00eancia \u00e0 sa\u00fade no Centro Especializado em Reabilita\u00e7\u00e3o &#8211; CER II.<\/p>\n<p>II &#8211; Funda\u00e7\u00e3o Espirita Allan Kardec, no valor de R$ 405.228,28 (quatrocentos e cinco mil, duzentos e vinte e oito reais e vinte e oito centavos), destinada a complementa\u00e7\u00e3o do custeio de unidade de aten\u00e7\u00e3o especializada em sa\u00fade&#8221;.<\/p>\n","protected":false},"excerpt":{"rendered":"<p>Repasses \u00e0s entidades chegam a quase R$ 500 mil As comiss\u00f5es\u00a0de\u00a0Legisla\u00e7\u00e3o, Justi\u00e7a e Reda\u00e7\u00e3o\u00a0e\u00a0de Finan\u00e7as e Or\u00e7amento\u00a0se re\u00fanem nesta sexta-feira, 02 de junho, a partir das<span class=\"excerpt-hellip\"> [\u2026]<\/span><\/p>\n","protected":false},"author":10,"featured_media":34784,"comment_status":"open","ping_status":"open","sticky":false,"template":"","format":"standard","meta":{"_jetpack_memberships_contains_paid_content":false,"footnotes":"","jetpack_publicize_message":"","jetpack_publicize_feature_enabled":true,"jetpack_social_post_already_shared":false,"jetpack_social_options":{"image_generator_settings":{"template":"highway","default_image_id":0,"enabled":false},"version":2}},"categories":[28,81],"tags":[],"class_list":["post-34783","post","type-post","status-publish","format-standard","has-post-thumbnail","hentry","category-cotidiano","category-manchete"],"yoast_head":"<!-- This site is optimized with the Yoast SEO plugin v25.6 - https:\/\/yoast.com\/wordpress\/plugins\/seo\/ -->\n<title>Comiss\u00f5es analisam projeto que autoriza repasses para APAE e Funda\u00e7\u00e3o Allan Kardec - VerdadeOn<\/title>\n<meta name=\"robots\" content=\"index, follow, max-snippet:-1, max-image-preview:large, max-video-preview:-1\" \/>\n<link rel=\"canonical\" href=\"https:\/\/verdadeon.com.br\/portal\/2023\/06\/01\/comissoes-analisam-projeto-que-autoriza-repasses-para-apae-e-fundacao-allan-kardec\/\" \/>\n<meta property=\"og:locale\" content=\"pt_BR\" \/>\n<meta property=\"og:type\" content=\"article\" \/>\n<meta property=\"og:title\" content=\"Comiss\u00f5es analisam projeto que autoriza repasses para APAE e Funda\u00e7\u00e3o Allan Kardec - VerdadeOn\" \/>\n<meta property=\"og:description\" content=\"Repasses \u00e0s entidades chegam a quase R$ 500 mil As comiss\u00f5es\u00a0de\u00a0Legisla\u00e7\u00e3o, Justi\u00e7a e Reda\u00e7\u00e3o\u00a0e\u00a0de Finan\u00e7as e Or\u00e7amento\u00a0se re\u00fanem nesta sexta-feira, 02 de junho, a partir das [\u2026]\" \/>\n<meta property=\"og:url\" content=\"https:\/\/verdadeon.com.br\/portal\/2023\/06\/01\/comissoes-analisam-projeto-que-autoriza-repasses-para-apae-e-fundacao-allan-kardec\/\" \/>\n<meta property=\"og:site_name\" content=\"VerdadeOn\" \/>\n<meta property=\"article:published_time\" content=\"2023-06-01T17:20:55+00:00\" \/>\n<meta property=\"article:modified_time\" content=\"2023-06-01T17:20:58+00:00\" \/>\n<meta property=\"og:image\" content=\"https:\/\/verdadeon.com.br\/portal\/wp-content\/uploads\/2023\/06\/logogabinetes-1.jpeg\" \/>\n\t<meta property=\"og:image:width\" content=\"1000\" \/>\n\t<meta property=\"og:image:height\" content=\"670\" \/>\n\t<meta property=\"og:image:type\" content=\"image\/jpeg\" \/>\n<meta name=\"author\" content=\"Redacao VerdadeOn\" \/>\n<meta name=\"twitter:card\" content=\"summary_large_image\" \/>\n<meta name=\"twitter:label1\" content=\"Escrito por\" \/>\n\t<meta name=\"twitter:data1\" content=\"Redacao VerdadeOn\" \/>\n\t<meta name=\"twitter:label2\" content=\"Est. tempo de leitura\" \/>\n\t<meta name=\"twitter:data2\" content=\"2 minutos\" \/>\n<script type=\"application\/ld+json\" class=\"yoast-schema-graph\">{\"@context\":\"https:\/\/schema.org\",\"@graph\":[{\"@type\":\"WebPage\",\"@id\":\"https:\/\/verdadeon.com.br\/portal\/2023\/06\/01\/comissoes-analisam-projeto-que-autoriza-repasses-para-apae-e-fundacao-allan-kardec\/\",\"url\":\"https:\/\/verdadeon.com.br\/portal\/2023\/06\/01\/comissoes-analisam-projeto-que-autoriza-repasses-para-apae-e-fundacao-allan-kardec\/\",\"name\":\"Comiss\u00f5es analisam projeto que autoriza repasses para APAE e Funda\u00e7\u00e3o Allan Kardec - VerdadeOn\",\"isPartOf\":{\"@id\":\"https:\/\/verdadeon.com.br\/portal\/#website\"},\"primaryImageOfPage\":{\"@id\":\"https:\/\/verdadeon.com.br\/portal\/2023\/06\/01\/comissoes-analisam-projeto-que-autoriza-repasses-para-apae-e-fundacao-allan-kardec\/#primaryimage\"},\"image\":{\"@id\":\"https:\/\/verdadeon.com.br\/portal\/2023\/06\/01\/comissoes-analisam-projeto-que-autoriza-repasses-para-apae-e-fundacao-allan-kardec\/#primaryimage\"},\"thumbnailUrl\":\"https:\/\/i0.wp.com\/verdadeon.com.br\/portal\/wp-content\/uploads\/2023\/06\/logogabinetes-1.jpeg?fit=1000%2C670&ssl=1\",\"datePublished\":\"2023-06-01T17:20:55+00:00\",\"dateModified\":\"2023-06-01T17:20:58+00:00\",\"author\":{\"@id\":\"https:\/\/verdadeon.com.br\/portal\/#\/schema\/person\/a5060ad1e9ea3df545188fc93ce43d2f\"},\"breadcrumb\":{\"@id\":\"https:\/\/verdadeon.com.br\/portal\/2023\/06\/01\/comissoes-analisam-projeto-que-autoriza-repasses-para-apae-e-fundacao-allan-kardec\/#breadcrumb\"},\"inLanguage\":\"pt-BR\",\"potentialAction\":[{\"@type\":\"ReadAction\",\"target\":[\"https:\/\/verdadeon.com.br\/portal\/2023\/06\/01\/comissoes-analisam-projeto-que-autoriza-repasses-para-apae-e-fundacao-allan-kardec\/\"]}]},{\"@type\":\"ImageObject\",\"inLanguage\":\"pt-BR\",\"@id\":\"https:\/\/verdadeon.com.br\/portal\/2023\/06\/01\/comissoes-analisam-projeto-que-autoriza-repasses-para-apae-e-fundacao-allan-kardec\/#primaryimage\",\"url\":\"https:\/\/i0.wp.com\/verdadeon.com.br\/portal\/wp-content\/uploads\/2023\/06\/logogabinetes-1.jpeg?fit=1000%2C670&ssl=1\",\"contentUrl\":\"https:\/\/i0.wp.com\/verdadeon.com.br\/portal\/wp-content\/uploads\/2023\/06\/logogabinetes-1.jpeg?fit=1000%2C670&ssl=1\",\"width\":1000,\"height\":670,\"caption\":\"Projeto que autoriza repasses para APAE e \\\"Allan Kardec\\\" ser\u00e1 analisado nesta sexta-feira, 2 (\u00a9Divulga\u00e7\u00e3o)\"},{\"@type\":\"BreadcrumbList\",\"@id\":\"https:\/\/verdadeon.com.br\/portal\/2023\/06\/01\/comissoes-analisam-projeto-que-autoriza-repasses-para-apae-e-fundacao-allan-kardec\/#breadcrumb\",\"itemListElement\":[{\"@type\":\"ListItem\",\"position\":1,\"name\":\"In\u00edcio\",\"item\":\"https:\/\/verdadeon.com.br\/portal\/\"},{\"@type\":\"ListItem\",\"position\":2,\"name\":\"Comiss\u00f5es analisam projeto que autoriza repasses para APAE e Funda\u00e7\u00e3o Allan Kardec\"}]},{\"@type\":\"WebSite\",\"@id\":\"https:\/\/verdadeon.com.br\/portal\/#website\",\"url\":\"https:\/\/verdadeon.com.br\/portal\/\",\"name\":\"VerdadeOn\",\"description\":\"Not\u00edcias di\u00e1rias sobre Franca, Regi\u00e3o, Esporte, Cultura, Cotidiano, Colunas. Cobertura nos principais eventos da cidade \u00e9 aqui - Verdadeon Franca\",\"potentialAction\":[{\"@type\":\"SearchAction\",\"target\":{\"@type\":\"EntryPoint\",\"urlTemplate\":\"https:\/\/verdadeon.com.br\/portal\/?s={search_term_string}\"},\"query-input\":{\"@type\":\"PropertyValueSpecification\",\"valueRequired\":true,\"valueName\":\"search_term_string\"}}],\"inLanguage\":\"pt-BR\"},{\"@type\":\"Person\",\"@id\":\"https:\/\/verdadeon.com.br\/portal\/#\/schema\/person\/a5060ad1e9ea3df545188fc93ce43d2f\",\"name\":\"Redacao VerdadeOn\",\"image\":{\"@type\":\"ImageObject\",\"inLanguage\":\"pt-BR\",\"@id\":\"https:\/\/verdadeon.com.br\/portal\/#\/schema\/person\/image\/\",\"url\":\"https:\/\/secure.gravatar.com\/avatar\/459a9613caaaf07f582c3d0841eea68bdd66f533e465e6ba8b9cb45619572cf4?s=96&d=mm&r=g\",\"contentUrl\":\"https:\/\/secure.gravatar.com\/avatar\/459a9613caaaf07f582c3d0841eea68bdd66f533e465e6ba8b9cb45619572cf4?s=96&d=mm&r=g\",\"caption\":\"Redacao VerdadeOn\"},\"url\":\"https:\/\/verdadeon.com.br\/portal\/author\/redacao\/\"}]}<\/script>\n<!-- \/ Yoast SEO plugin. -->","yoast_head_json":{"title":"Comiss\u00f5es analisam projeto que autoriza repasses para APAE e Funda\u00e7\u00e3o Allan Kardec - VerdadeOn","robots":{"index":"index","follow":"follow","max-snippet":"max-snippet:-1","max-image-preview":"max-image-preview:large","max-video-preview":"max-video-preview:-1"},"canonical":"https:\/\/verdadeon.com.br\/portal\/2023\/06\/01\/comissoes-analisam-projeto-que-autoriza-repasses-para-apae-e-fundacao-allan-kardec\/","og_locale":"pt_BR","og_type":"article","og_title":"Comiss\u00f5es analisam projeto que autoriza repasses para APAE e Funda\u00e7\u00e3o Allan Kardec - VerdadeOn","og_description":"Repasses \u00e0s entidades chegam a quase R$ 500 mil As comiss\u00f5es\u00a0de\u00a0Legisla\u00e7\u00e3o, Justi\u00e7a e Reda\u00e7\u00e3o\u00a0e\u00a0de Finan\u00e7as e Or\u00e7amento\u00a0se re\u00fanem nesta sexta-feira, 02 de junho, a partir das [\u2026]","og_url":"https:\/\/verdadeon.com.br\/portal\/2023\/06\/01\/comissoes-analisam-projeto-que-autoriza-repasses-para-apae-e-fundacao-allan-kardec\/","og_site_name":"VerdadeOn","article_published_time":"2023-06-01T17:20:55+00:00","article_modified_time":"2023-06-01T17:20:58+00:00","og_image":[{"width":1000,"height":670,"url":"https:\/\/verdadeon.com.br\/portal\/wp-content\/uploads\/2023\/06\/logogabinetes-1.jpeg","type":"image\/jpeg"}],"author":"Redacao VerdadeOn","twitter_card":"summary_large_image","twitter_misc":{"Escrito por":"Redacao VerdadeOn","Est. tempo de leitura":"2 minutos"},"schema":{"@context":"https:\/\/schema.org","@graph":[{"@type":"WebPage","@id":"https:\/\/verdadeon.com.br\/portal\/2023\/06\/01\/comissoes-analisam-projeto-que-autoriza-repasses-para-apae-e-fundacao-allan-kardec\/","url":"https:\/\/verdadeon.com.br\/portal\/2023\/06\/01\/comissoes-analisam-projeto-que-autoriza-repasses-para-apae-e-fundacao-allan-kardec\/","name":"Comiss\u00f5es analisam projeto que autoriza repasses para APAE e Funda\u00e7\u00e3o Allan Kardec - VerdadeOn","isPartOf":{"@id":"https:\/\/verdadeon.com.br\/portal\/#website"},"primaryImageOfPage":{"@id":"https:\/\/verdadeon.com.br\/portal\/2023\/06\/01\/comissoes-analisam-projeto-que-autoriza-repasses-para-apae-e-fundacao-allan-kardec\/#primaryimage"},"image":{"@id":"https:\/\/verdadeon.com.br\/portal\/2023\/06\/01\/comissoes-analisam-projeto-que-autoriza-repasses-para-apae-e-fundacao-allan-kardec\/#primaryimage"},"thumbnailUrl":"https:\/\/i0.wp.com\/verdadeon.com.br\/portal\/wp-content\/uploads\/2023\/06\/logogabinetes-1.jpeg?fit=1000%2C670&ssl=1","datePublished":"2023-06-01T17:20:55+00:00","dateModified":"2023-06-01T17:20:58+00:00","author":{"@id":"https:\/\/verdadeon.com.br\/portal\/#\/schema\/person\/a5060ad1e9ea3df545188fc93ce43d2f"},"breadcrumb":{"@id":"https:\/\/verdadeon.com.br\/portal\/2023\/06\/01\/comissoes-analisam-projeto-que-autoriza-repasses-para-apae-e-fundacao-allan-kardec\/#breadcrumb"},"inLanguage":"pt-BR","potentialAction":[{"@type":"ReadAction","target":["https:\/\/verdadeon.com.br\/portal\/2023\/06\/01\/comissoes-analisam-projeto-que-autoriza-repasses-para-apae-e-fundacao-allan-kardec\/"]}]},{"@type":"ImageObject","inLanguage":"pt-BR","@id":"https:\/\/verdadeon.com.br\/portal\/2023\/06\/01\/comissoes-analisam-projeto-que-autoriza-repasses-para-apae-e-fundacao-allan-kardec\/#primaryimage","url":"https:\/\/i0.wp.com\/verdadeon.com.br\/portal\/wp-content\/uploads\/2023\/06\/logogabinetes-1.jpeg?fit=1000%2C670&ssl=1","contentUrl":"https:\/\/i0.wp.com\/verdadeon.com.br\/portal\/wp-content\/uploads\/2023\/06\/logogabinetes-1.jpeg?fit=1000%2C670&ssl=1","width":1000,"height":670,"caption":"Projeto que autoriza repasses para APAE e \"Allan Kardec\" ser\u00e1 analisado nesta sexta-feira, 2 (\u00a9Divulga\u00e7\u00e3o)"},{"@type":"BreadcrumbList","@id":"https:\/\/verdadeon.com.br\/portal\/2023\/06\/01\/comissoes-analisam-projeto-que-autoriza-repasses-para-apae-e-fundacao-allan-kardec\/#breadcrumb","itemListElement":[{"@type":"ListItem","position":1,"name":"In\u00edcio","item":"https:\/\/verdadeon.com.br\/portal\/"},{"@type":"ListItem","position":2,"name":"Comiss\u00f5es analisam projeto que autoriza repasses para APAE e Funda\u00e7\u00e3o Allan Kardec"}]},{"@type":"WebSite","@id":"https:\/\/verdadeon.com.br\/portal\/#website","url":"https:\/\/verdadeon.com.br\/portal\/","name":"VerdadeOn","description":"Not\u00edcias di\u00e1rias sobre Franca, Regi\u00e3o, Esporte, Cultura, Cotidiano, Colunas. Cobertura nos principais eventos da cidade \u00e9 aqui - Verdadeon Franca","potentialAction":[{"@type":"SearchAction","target":{"@type":"EntryPoint","urlTemplate":"https:\/\/verdadeon.com.br\/portal\/?s={search_term_string}"},"query-input":{"@type":"PropertyValueSpecification","valueRequired":true,"valueName":"search_term_string"}}],"inLanguage":"pt-BR"},{"@type":"Person","@id":"https:\/\/verdadeon.com.br\/portal\/#\/schema\/person\/a5060ad1e9ea3df545188fc93ce43d2f","name":"Redacao VerdadeOn","image":{"@type":"ImageObject","inLanguage":"pt-BR","@id":"https:\/\/verdadeon.com.br\/portal\/#\/schema\/person\/image\/","url":"https:\/\/secure.gravatar.com\/avatar\/459a9613caaaf07f582c3d0841eea68bdd66f533e465e6ba8b9cb45619572cf4?s=96&d=mm&r=g","contentUrl":"https:\/\/secure.gravatar.com\/avatar\/459a9613caaaf07f582c3d0841eea68bdd66f533e465e6ba8b9cb45619572cf4?s=96&d=mm&r=g","caption":"Redacao VerdadeOn"},"url":"https:\/\/verdadeon.com.br\/portal\/author\/redacao\/"}]}},"jetpack_publicize_connections":[],"jetpack_featured_media_url":"https:\/\/i0.wp.com\/verdadeon.com.br\/portal\/wp-content\/uploads\/2023\/06\/logogabinetes-1.jpeg?fit=1000%2C670&ssl=1","jetpack_sharing_enabled":true,"_links":{"self":[{"href":"https:\/\/verdadeon.com.br\/portal\/wp-json\/wp\/v2\/posts\/34783","targetHints":{"allow":["GET"]}}],"collection":[{"href":"https:\/\/verdadeon.com.br\/portal\/wp-json\/wp\/v2\/posts"}],"about":[{"href":"https:\/\/verdadeon.com.br\/portal\/wp-json\/wp\/v2\/types\/post"}],"author":[{"embeddable":true,"href":"https:\/\/verdadeon.com.br\/portal\/wp-json\/wp\/v2\/users\/10"}],"replies":[{"embeddable":true,"href":"https:\/\/verdadeon.com.br\/portal\/wp-json\/wp\/v2\/comments?post=34783"}],"version-history":[{"count":1,"href":"https:\/\/verdadeon.com.br\/portal\/wp-json\/wp\/v2\/posts\/34783\/revisions"}],"predecessor-version":[{"id":34785,"href":"https:\/\/verdadeon.com.br\/portal\/wp-json\/wp\/v2\/posts\/34783\/revisions\/34785"}],"wp:featuredmedia":[{"embeddable":true,"href":"https:\/\/verdadeon.com.br\/portal\/wp-json\/wp\/v2\/media\/34784"}],"wp:attachment":[{"href":"https:\/\/verdadeon.com.br\/portal\/wp-json\/wp\/v2\/media?parent=34783"}],"wp:term":[{"taxonomy":"category","embeddable":true,"href":"https:\/\/verdadeon.com.br\/portal\/wp-json\/wp\/v2\/categories?post=34783"},{"taxonomy":"post_tag","embeddable":true,"href":"https:\/\/verdadeon.com.br\/portal\/wp-json\/wp\/v2\/tags?post=34783"}],"curies":[{"name":"wp","href":"https:\/\/api.w.org\/{rel}","templated":true}]}}